{"id":252403,"date":"2025-10-22T07:55:02","date_gmt":"2025-10-22T04:55:02","guid":{"rendered":"https:\/\/www.tgrthaber.com\/mavikadin\/?p=252403"},"modified":"2025-10-22T21:01:06","modified_gmt":"2025-10-22T18:01:06","slug":"masterchefte-nefes-almadan-yediren-tarif-misafirleriniz-tabagin-dibini-siyiracak-yok-boyle-bir-lezzet","status":"publish","type":"post","link":"https:\/\/www.tgrthaber.com\/mavikadin\/masterchefte-nefes-almadan-yediren-tarif-misafirleriniz-tabagin-dibini-siyiracak-yok-boyle-bir-lezzet\/","title":{"rendered":"MasterChef&#8217;te nefes almadan yediren tarif! Misafirleriniz taba\u011f\u0131n dibini s\u0131y\u0131racak yok b\u00f6yle bir lezzet"},"content":{"rendered":"<p>Ekranlar\u0131n sevilerek seyredilen yar\u0131\u015fma program\u0131 MasterChef&#8217;te yap\u0131ld\u0131ktan sonra tarifi en \u00e7ok merak edilenlerden biri de tirit oldu. Art\u0131k d\u0131\u015far\u0131dan ald\u0131klar\u0131n\u0131za tonlarca para harcaman\u0131za gerek kalmayacak. En g\u00fczel tirit tarifinin yap\u0131l\u0131\u015f\u0131n\u0131 ve p\u00fcf noktalar\u0131n\u0131 sizler i\u00e7in \u00f6\u011frendik. Peki <a href=\"https:\/\/www.tgrthaber.com\/mavikadin\/masterchefte-yapildi-herkes-tarifinin-pesine-dustu-kaynana-catlatan-lezzet-sipsak-hazir\/\">MasterChef<\/a>&#8216;te nefes almadan yediren tarif tirit nas\u0131l yap\u0131l\u0131r? \u0130\u015fte detaylar&#8230;<\/p>\n<h3>MASTERCHEF&#8217;TE NEFES ALMADAN YED\u0130REN TAR\u0130F! M\u0130SAF\u0130RLER TABA\u011eIN D\u0130B\u0130N\u0130 SIYIRACAK<\/h3>\n<h3>T\u0130R\u0130T TAR\u0130F\u0130:<\/h3>\n<p class=\"p1\">Ana malzemeler:<\/p>\n<p class=\"p1\">\u2022 500 g ku\u015fba\u015f\u0131 dana eti (tercihen but veya kuzu eti)<\/p>\n<p class=\"p1\">\u2022 4\u20135 dilim bayat ekmek (lava\u015f, pide veya somun olabilir)<\/p>\n<p class=\"p1\">\u2022 3 su barda\u011f\u0131 et suyu (etin ha\u015flama suyu kullan\u0131lacak)<\/p>\n<p><img loading=\"lazy\" decoding=\"async\" class=\"alignnone wp-image-252404 \" src=\"https:\/\/www.tgrthaber.com\/mavikadin\/wp-content\/uploads\/Ekran-Resmi-2025-10-22-07.45.08-1024x606.png\" alt=\"\" width=\"1614\" height=\"955\" title=\"\" srcset=\"https:\/\/www.tgrthaber.com\/mavikadin\/wp-content\/uploads\/Ekran-Resmi-2025-10-22-07.45.08-1024x606.png 1024w, https:\/\/www.tgrthaber.com\/mavikadin\/wp-content\/uploads\/Ekran-Resmi-2025-10-22-07.45.08-300x178.png 300w, https:\/\/www.tgrthaber.com\/mavikadin\/wp-content\/uploads\/Ekran-Resmi-2025-10-22-07.45.08-768x455.png 768w, https:\/\/www.tgrthaber.com\/mavikadin\/wp-content\/uploads\/Ekran-Resmi-2025-10-22-07.45.08-1536x910.png 1536w, https:\/\/www.tgrthaber.com\/mavikadin\/wp-content\/uploads\/Ekran-Resmi-2025-10-22-07.45.08-2048x1213.png 2048w\" sizes=\"(max-width: 1614px) 100vw, 1614px\" \/><\/p>\n<hr \/>\n<p class=\"p1\">\u2022 2 yemek ka\u015f\u0131\u011f\u0131 tereya\u011f\u0131<\/p>\n<p class=\"p1\">\u2022 1 yemek ka\u015f\u0131\u011f\u0131 s\u0131v\u0131 ya\u011f<\/p>\n<p class=\"p1\">\u2022 Tuz<\/p>\n<p class=\"p1\">Yo\u011furt sosu i\u00e7in:<\/p>\n<p class=\"p1\">\u2022 1,5 su barda\u011f\u0131 yo\u011furt<\/p>\n<p class=\"p1\">\u2022 1 di\u015f sar\u0131msak (ezilmi\u015f)<\/p>\n<p><img loading=\"lazy\" decoding=\"async\" class=\"alignnone wp-image-252405 \" src=\"https:\/\/www.tgrthaber.com\/mavikadin\/wp-content\/uploads\/Ekran-Resmi-2025-10-22-07.45.15-1024x565.png\" alt=\"\" width=\"1591\" height=\"878\" title=\"\" srcset=\"https:\/\/www.tgrthaber.com\/mavikadin\/wp-content\/uploads\/Ekran-Resmi-2025-10-22-07.45.15-1024x565.png 1024w, https:\/\/www.tgrthaber.com\/mavikadin\/wp-content\/uploads\/Ekran-Resmi-2025-10-22-07.45.15-300x166.png 300w, https:\/\/www.tgrthaber.com\/mavikadin\/wp-content\/uploads\/Ekran-Resmi-2025-10-22-07.45.15-768x424.png 768w, https:\/\/www.tgrthaber.com\/mavikadin\/wp-content\/uploads\/Ekran-Resmi-2025-10-22-07.45.15-1536x848.png 1536w, https:\/\/www.tgrthaber.com\/mavikadin\/wp-content\/uploads\/Ekran-Resmi-2025-10-22-07.45.15-2048x1130.png 2048w\" sizes=\"(max-width: 1591px) 100vw, 1591px\" \/><\/p>\n<hr \/>\n<p class=\"p1\">\u2022 Bir tutam tuz<\/p>\n<p class=\"p1\">\u00dczeri i\u00e7in:<\/p>\n<p class=\"p1\">\u2022 2 yemek ka\u015f\u0131\u011f\u0131 tereya\u011f\u0131<\/p>\n<p class=\"p1\">\u2022 1 tatl\u0131 ka\u015f\u0131\u011f\u0131 toz k\u0131rm\u0131z\u0131 biber (veya pul biber)<\/p>\n<p><img loading=\"lazy\" decoding=\"async\" class=\"alignnone wp-image-252406 \" src=\"https:\/\/www.tgrthaber.com\/mavikadin\/wp-content\/uploads\/Ekran-Resmi-2025-10-22-07.45.27-1024x580.png\" alt=\"\" width=\"1667\" height=\"944\" title=\"\" srcset=\"https:\/\/www.tgrthaber.com\/mavikadin\/wp-content\/uploads\/Ekran-Resmi-2025-10-22-07.45.27-1024x580.png 1024w, https:\/\/www.tgrthaber.com\/mavikadin\/wp-content\/uploads\/Ekran-Resmi-2025-10-22-07.45.27-300x170.png 300w, https:\/\/www.tgrthaber.com\/mavikadin\/wp-content\/uploads\/Ekran-Resmi-2025-10-22-07.45.27-768x435.png 768w, https:\/\/www.tgrthaber.com\/mavikadin\/wp-content\/uploads\/Ekran-Resmi-2025-10-22-07.45.27.png 1438w\" sizes=\"(max-width: 1667px) 100vw, 1667px\" \/><\/p>\n<hr \/>\n<p class=\"p1\"><strong>Yap\u0131l\u0131\u015f\u0131<\/strong><\/p>\n<p class=\"p1\">Eti tencereye al\u0131n, \u00fczerini ge\u00e7ecek kadar su ekleyin. Kaynad\u0131ktan sonra k\u00f6p\u00fckleri al\u0131n, tuz ekle ve k\u0131s\u0131k ate\u015fte yumu\u015fayana kadar (yakla\u015f\u0131k 40\u201350 dakika) ha\u015flay\u0131n.<\/p>\n<p class=\"p1\">Etleri s\u00fcz\u00fcn, suyunu ay\u0131r\u0131n(bu suyu ekmekleri \u0131slatmakta kullanaca\u011f\u0131z).<\/p>\n<p><img loading=\"lazy\" decoding=\"async\" class=\"alignnone wp-image-252407 \" src=\"https:\/\/www.tgrthaber.com\/mavikadin\/wp-content\/uploads\/Ekran-Resmi-2025-10-22-07.45.43-1024x554.png\" alt=\"\" width=\"1604\" height=\"868\" title=\"\" srcset=\"https:\/\/www.tgrthaber.com\/mavikadin\/wp-content\/uploads\/Ekran-Resmi-2025-10-22-07.45.43-1024x554.png 1024w, https:\/\/www.tgrthaber.com\/mavikadin\/wp-content\/uploads\/Ekran-Resmi-2025-10-22-07.45.43-300x162.png 300w, https:\/\/www.tgrthaber.com\/mavikadin\/wp-content\/uploads\/Ekran-Resmi-2025-10-22-07.45.43-768x415.png 768w, https:\/\/www.tgrthaber.com\/mavikadin\/wp-content\/uploads\/Ekran-Resmi-2025-10-22-07.45.43-1536x830.png 1536w, https:\/\/www.tgrthaber.com\/mavikadin\/wp-content\/uploads\/Ekran-Resmi-2025-10-22-07.45.43-2048x1107.png 2048w\" sizes=\"(max-width: 1604px) 100vw, 1604px\" \/><\/p>\n<hr \/>\n<p class=\"p1\">Bayat ekmekleri k\u00fc\u00e7\u00fck kare par\u00e7alara (bir lokmal\u0131k) do\u011fray\u0131n.<span class=\"Apple-converted-space\">\u00a0 <\/span>Bir tepsiye veya geni\u015f bir servis taba\u011f\u0131na yay\u0131p hafif\u00e7e kurumas\u0131n\u0131 sa\u011flay\u0131n. (istersen f\u0131r\u0131nda 5\u201310 dakika k\u0131zartabilirsin).<\/p>\n<p class=\"p1\">S\u0131cak et suyunu kep\u00e7e kep\u00e7e ekmeklerin \u00fczerine d\u00f6k\u00fcn. Ekmekler yumu\u015fay\u0131p ama lapa olmayacak \u015fekilde \u0131slanmal\u0131.<\/p>\n<p class=\"p1\">Yo\u011furdu, ezilmi\u015f sar\u0131msa\u011f\u0131 ve biraz tuzu kar\u0131\u015ft\u0131r\u0131n.Servis \u00f6ncesi oda s\u0131cakl\u0131\u011f\u0131nda tutun.(so\u011fuk olmas\u0131n).<\/p>\n<p><img loading=\"lazy\" decoding=\"async\" class=\"alignnone wp-image-252408 \" src=\"https:\/\/www.tgrthaber.com\/mavikadin\/wp-content\/uploads\/Ekran-Resmi-2025-10-22-07.45.34-1024x630.png\" alt=\"\" width=\"1629\" height=\"1002\" title=\"\" srcset=\"https:\/\/www.tgrthaber.com\/mavikadin\/wp-content\/uploads\/Ekran-Resmi-2025-10-22-07.45.34-1024x630.png 1024w, https:\/\/www.tgrthaber.com\/mavikadin\/wp-content\/uploads\/Ekran-Resmi-2025-10-22-07.45.34-300x185.png 300w, https:\/\/www.tgrthaber.com\/mavikadin\/wp-content\/uploads\/Ekran-Resmi-2025-10-22-07.45.34-768x473.png 768w, https:\/\/www.tgrthaber.com\/mavikadin\/wp-content\/uploads\/Ekran-Resmi-2025-10-22-07.45.34-1536x945.png 1536w, https:\/\/www.tgrthaber.com\/mavikadin\/wp-content\/uploads\/Ekran-Resmi-2025-10-22-07.45.34-2048x1260.png 2048w\" sizes=\"(max-width: 1629px) 100vw, 1629px\" \/><\/p>\n<hr \/>\n<p class=\"p1\">Tavada tereya\u011f\u0131 ve s\u0131v\u0131 ya\u011f\u0131 k\u0131zd\u0131r\u0131n.Ha\u015flanm\u0131\u015f etleri i\u00e7ine at\u0131n, birka\u00e7 dakika kavurun, hafif k\u0131zars\u0131n. Islat\u0131lm\u0131\u015f ekmekleri servis taba\u011f\u0131na yay\u0131p \u00fczerine sar\u0131msakl\u0131 yo\u011furdu gezdirin. \u00dczerine kavrulmu\u015f etleri yerle\u015ftirin.<\/p>\n<p class=\"p1\">K\u00fc\u00e7\u00fck bir tavada tereya\u011f\u0131n\u0131 eritip i\u00e7ine k\u0131rm\u0131z\u0131 biber ekleyin. Bu k\u0131zg\u0131n ya\u011f\u0131 tiritin \u00fczerine gezdirin. Yemelere doyamaca\u011f\u0131n\u0131z tirit tarifiniz haz\u0131r.<\/p>\n<h3 class=\"p1\">T\u0130R\u0130T YANINA NE G\u0130DER?<\/h3>\n<p class=\"p1\">Anadolu mutfa\u011f\u0131n\u0131n en \u00f6zel yemeklerinden biri olan Tirit genellikle et suyu ya da tavuk suyu ile \u0131slat\u0131lm\u0131\u015f ekmeklerin \u00fczerine et tavuk ya da bazen k\u00f6fte eklenerek haz\u0131rlan\u0131r. Olduk\u00e7a ya\u011fl\u0131 bir yemek olan tiritin yan\u0131na yanc\u0131 olarak se\u00e7ece\u011finiz yemeklerin ferahlat\u0131c\u0131 ve hazm\u0131 kolayla\u015ft\u0131r\u0131c\u0131 se\u00e7enekler olmas\u0131 da olduk\u00e7a \u00f6nemli. Tiritin yan\u0131na ne \u00e7ok yak\u0131\u015fan se\u00e7eneklerin ba\u015f\u0131nda hi\u00e7 ku\u015fkusuz mevsim salata yer al\u0131r.<span class=\"Apple-converted-space\">\u00a0 <\/span>\u00d6zellikle bol limonlu, nar ek\u015fili ve zeytinya\u011fl\u0131 bir \u00e7oban salatas\u0131, tiridin a\u011f\u0131rl\u0131\u011f\u0131n\u0131 hafifletir. Bunun yan\u0131 s\u0131ra tiritin<span class=\"Apple-converted-space\">\u00a0 <\/span>yan\u0131na yo\u011furtlu semizotu salatas\u0131 ve cac\u0131kta tercih edebilirsiniz.<\/p>\n<p><img loading=\"lazy\" decoding=\"async\" class=\"alignnone wp-image-252409 \" src=\"https:\/\/www.tgrthaber.com\/mavikadin\/wp-content\/uploads\/Ekran-Resmi-2025-10-22-07.45.55-1024x717.png\" alt=\"\" width=\"1622\" height=\"1136\" title=\"\" srcset=\"https:\/\/www.tgrthaber.com\/mavikadin\/wp-content\/uploads\/Ekran-Resmi-2025-10-22-07.45.55-1024x717.png 1024w, https:\/\/www.tgrthaber.com\/mavikadin\/wp-content\/uploads\/Ekran-Resmi-2025-10-22-07.45.55-300x210.png 300w, https:\/\/www.tgrthaber.com\/mavikadin\/wp-content\/uploads\/Ekran-Resmi-2025-10-22-07.45.55-768x538.png 768w, https:\/\/www.tgrthaber.com\/mavikadin\/wp-content\/uploads\/Ekran-Resmi-2025-10-22-07.45.55-1536x1076.png 1536w, https:\/\/www.tgrthaber.com\/mavikadin\/wp-content\/uploads\/Ekran-Resmi-2025-10-22-07.45.55.png 1562w\" sizes=\"(max-width: 1622px) 100vw, 1622px\" \/><\/p>\n<hr \/>\n<h3 class=\"p1\">MASTERCHEF 2025 ANA KADRO L\u0130STES\u0130<\/h3>\n<p class=\"p1\">MasterChef T\u00fcrkiye 2025 ana kadro g\u00fcncel listesi:<\/p>\n<p class=\"p1\">MasterChef T\u00fcrkiye Ana Kadroya Giren 1. Yar\u0131\u015fmac\u0131: Furkan<\/p>\n<p class=\"p1\">MasterChef T\u00fcrkiye Ana Kadroya Giren 2. Yar\u0131\u015fmac\u0131: Eyl\u00fcl<\/p>\n<p class=\"p1\">MasterChef T\u00fcrkiye Ana Kadroya Giren 3. Yar\u0131\u015fmac\u0131: \u00c7a\u011fatay<\/p>\n<p class=\"p1\">MasterChef T\u00fcrkiye Ana Kadroya Giren 4. Yar\u0131\u015fmac\u0131: Onur<\/p>\n<p class=\"p1\">MasterChef T\u00fcrkiye Ana kadroya giren 5. Yar\u0131\u015fmac\u0131: Nisa Nur ( yedeklerden dahil oldu)<\/p>\n<p class=\"p1\">MasterChef T\u00fcrkiye Ana kadroya giren 6. Yar\u0131\u015fmac\u0131: Sercan(elendi)<\/p>\n<p><img loading=\"lazy\" decoding=\"async\" class=\"alignnone wp-image-252393 \" src=\"https:\/\/www.tgrthaber.com\/mavikadin\/wp-content\/uploads\/Ekran-Resmi-2025-10-22-05.52.12-1-1024x671.png\" alt=\"\" width=\"1639\" height=\"1074\" title=\"\" srcset=\"https:\/\/www.tgrthaber.com\/mavikadin\/wp-content\/uploads\/Ekran-Resmi-2025-10-22-05.52.12-1-1024x671.png 1024w, https:\/\/www.tgrthaber.com\/mavikadin\/wp-content\/uploads\/Ekran-Resmi-2025-10-22-05.52.12-1-300x197.png 300w, https:\/\/www.tgrthaber.com\/mavikadin\/wp-content\/uploads\/Ekran-Resmi-2025-10-22-05.52.12-1-768x503.png 768w, https:\/\/www.tgrthaber.com\/mavikadin\/wp-content\/uploads\/Ekran-Resmi-2025-10-22-05.52.12-1.png 1374w\" sizes=\"(max-width: 1639px) 100vw, 1639px\" \/><\/p>\n<hr \/>\n<p class=\"p1\">MasterChef T\u00fcrkiye Ana kadroya giren 7. Yar\u0131\u015fmac\u0131: Ayla<\/p>\n<p class=\"p1\">MasterChef T\u00fcrkiye Ana kadroya giren 8. Yar\u0131\u015fmac\u0131: \u0130hsan(elend\u015f)<\/p>\n<p class=\"p1\">MasterChef T\u00fcrkiye Ana kadroya giren 9. Yar\u0131\u015fmac\u0131: Ayten<\/p>\n<p class=\"p1\">MasterChef T\u00fcrkiye Ana kadroya giren 10. Yar\u0131\u015fmac\u0131: \u00c7a\u011flar<\/p>\n<p class=\"p1\">MasterChef T\u00fcrkiye Ana kadroya giren 11. Yar\u0131\u015fmac\u0131: Sezer<\/p>\n<p class=\"p1\">MasterChef T\u00fcrkiye Ana kadroya giren 12. Yar\u0131\u015fmac\u0131: Cansu(elendi)<\/p>\n<p class=\"p1\">MasterChef T\u00fcrkiye Ana kadroya giren 13. Yar\u0131\u015fmac\u0131: \u00d6zkan<\/p>\n<p><img loading=\"lazy\" decoding=\"async\" class=\"alignnone wp-image-252383 \" src=\"https:\/\/www.tgrthaber.com\/mavikadin\/wp-content\/uploads\/Ekran-Resmi-2025-10-22-05.52.22-1024x693.png\" alt=\"\" width=\"1606\" height=\"1087\" title=\"\" srcset=\"https:\/\/www.tgrthaber.com\/mavikadin\/wp-content\/uploads\/Ekran-Resmi-2025-10-22-05.52.22-1024x693.png 1024w, https:\/\/www.tgrthaber.com\/mavikadin\/wp-content\/uploads\/Ekran-Resmi-2025-10-22-05.52.22-300x203.png 300w, https:\/\/www.tgrthaber.com\/mavikadin\/wp-content\/uploads\/Ekran-Resmi-2025-10-22-05.52.22-768x520.png 768w, https:\/\/www.tgrthaber.com\/mavikadin\/wp-content\/uploads\/Ekran-Resmi-2025-10-22-05.52.22.png 1380w\" sizes=\"(max-width: 1606px) 100vw, 1606px\" \/><\/p>\n<hr \/>\n<p class=\"p1\">MasterChef T\u00fcrkiye Ana kadroya giren 14. yar\u0131\u015fmac\u0131: Gizem<\/p>\n<p class=\"p1\">MasterChef T\u00fcrkiye Ana kadroya giren 15. yar\u0131\u015fmac\u0131: \u0130rem (elendi)<\/p>\n<p class=\"p1\">MasterChef T\u00fcrkiye Ana kadroya giren 16. yar\u0131\u015fmac\u0131: Hakan<\/p>\n<p class=\"p1\">MasterChef T\u00fcrkiye Ana kadroya giren 17. yar\u0131\u015fmac\u0131: Mert ( yedeklerden dahil oldu)<\/p>\n<p class=\"p1\">MasterChef T\u00fcrkiye Ana kadroya giren 18. yar\u0131\u015fmac\u0131: S\u00fcmeyye<\/p>\n<p class=\"p1\">MasterChef T\u00fcrkiye Ana kadroya giren 19. yar\u0131\u015fmac\u0131: Bar\u0131\u015f Kaya ( yedeklerden dahil oldu)<\/p>\n<p class=\"p1\">\n","protected":false},"excerpt":{"rendered":"<p>MasterChef T\u00fcrkiye&#8217;nin en dikkat \u00e7eken tariflerinden biri olan Tirit, yap\u0131l\u0131\u015f\u0131 ile merak edilen lezzetler aras\u0131nda yerini ald\u0131. Olduk\u00e7a kolay ve pratik bir \u015fekilde haz\u0131rlanan bu tarifi sundu\u011funuz misafirleriniz nefes almadan yiyecek.  Lezzeti ile enfes, g\u00f6r\u00fcnt\u00fcs\u00fc ile pes dedirten tiritin yap\u0131l\u0131\u015f\u0131n\u0131 gelin hep birlikte \u00f6\u011frenelim.<\/p>\n","protected":false},"author":16,"featured_media":252410,"comment_status":"closed","ping_status":"closed","sticky":false,"template":"","format":"standard","meta":{"rank_math_lock_modified_date":false,"footnotes":""},"categories":[191],"tags":[64922,64921,2842,3411],"class_list":["post-252403","post","type-post","status-publish","format-standard","has-post-thumbnail","hentry","category-yemek-tarifleri","tag-masterchef-tirit-nasil-yapilir","tag-masterchef-tirit-tarifi","tag-masterchef-yemek-tarifleri","tag-yemek-tarifleri"],"_links":{"self":[{"href":"https:\/\/www.tgrthaber.com\/mavikadin\/wp-json\/wp\/v2\/posts\/252403"}],"collection":[{"href":"https:\/\/www.tgrthaber.com\/mavikadin\/wp-json\/wp\/v2\/posts"}],"about":[{"href":"https:\/\/www.tgrthaber.com\/mavikadin\/wp-json\/wp\/v2\/types\/post"}],"author":[{"embeddable":true,"href":"https:\/\/www.tgrthaber.com\/mavikadin\/wp-json\/wp\/v2\/users\/16"}],"replies":[{"embeddable":true,"href":"https:\/\/www.tgrthaber.com\/mavikadin\/wp-json\/wp\/v2\/comments?post=252403"}],"version-history":[{"count":1,"href":"https:\/\/www.tgrthaber.com\/mavikadin\/wp-json\/wp\/v2\/posts\/252403\/revisions"}],"predecessor-version":[{"id":252411,"href":"https:\/\/www.tgrthaber.com\/mavikadin\/wp-json\/wp\/v2\/posts\/252403\/revisions\/252411"}],"wp:featuredmedia":[{"embeddable":true,"href":"https:\/\/www.tgrthaber.com\/mavikadin\/wp-json\/wp\/v2\/media\/252410"}],"wp:attachment":[{"href":"https:\/\/www.tgrthaber.com\/mavikadin\/wp-json\/wp\/v2\/media?parent=252403"}],"wp:term":[{"taxonomy":"category","embeddable":true,"href":"https:\/\/www.tgrthaber.com\/mavikadin\/wp-json\/wp\/v2\/categories?post=252403"},{"taxonomy":"post_tag","embeddable":true,"href":"https:\/\/www.tgrthaber.com\/mavikadin\/wp-json\/wp\/v2\/tags?post=252403"}],"curies":[{"name":"wp","href":"https:\/\/api.w.org\/{rel}","templated":true}]}}