{"id":252412,"date":"2025-10-22T08:21:40","date_gmt":"2025-10-22T05:21:40","guid":{"rendered":"https:\/\/www.tgrthaber.com\/mavikadin\/?p=252412"},"modified":"2025-10-22T08:21:40","modified_gmt":"2025-10-22T05:21:40","slug":"masterchef-beyinli-patlican-kebabi-tarifi-bunu-cogu-kisi-bilmiyor-hem-kolay-yapiliyor-hem-sik-bir-sunumu-var","status":"publish","type":"post","link":"https:\/\/www.tgrthaber.com\/mavikadin\/masterchef-beyinli-patlican-kebabi-tarifi-bunu-cogu-kisi-bilmiyor-hem-kolay-yapiliyor-hem-sik-bir-sunumu-var\/","title":{"rendered":"MasterChef beyinli patl\u0131can kebab\u0131 tarifi! Bunu \u00e7o\u011fu ki\u015fi bilmiyor hem kolay yap\u0131l\u0131yor hem \u015f\u0131k bir sunumu var"},"content":{"rendered":"<p>Ekranlar\u0131n sevilen program\u0131 MasterChef T\u00fcrkiye&#8217;de yap\u0131ld\u0131ktan sonra dikkatleri \u00fczerine \u00e7eken tariflerden biri de beyinli patl\u0131can kebab\u0131 tarifi oldu. Hem kolayca haz\u0131rlanan hem de g\u00f6rseli ile sofralar\u0131n\u0131za \u015f\u0131kl\u0131k katacak olan <a href=\"https:\/\/www.tgrthaber.com\/mavikadin\/masterchef-2025-nisa-ile-sevgilisi-ayrildi-mi-masterchef-nisa-ile-ilgili-bomba-iddia-sosyal-medyayi-salladi\/\">MasterChef<\/a> beyinli patl\u0131can kebab\u0131n\u0131 sizler de merak ederseniz i\u00e7eri\u011fimize g\u00f6z atabilirsiniz.<\/p>\n<h3>MASTERCHEF BEY\u0130NL\u0130 PATLICAN KEBABI TAR\u0130F\u0130:<\/h3>\n<p><strong>Malzemeler<\/strong>:<\/p>\n<p class=\"p1\">Malzemeler (4 ki\u015filik)<\/p>\n<p class=\"p1\">\u2022 4 adet orta boy patl\u0131can<\/p>\n<p class=\"p1\">\u2022 500 g kuzu ku\u015fba\u015f\u0131 (but ya da kol k\u0131sm\u0131ndan)<\/p>\n<p class=\"p1\">\u2022 2 adet kuzu beyni<\/p>\n<p><img loading=\"lazy\" decoding=\"async\" class=\"alignnone wp-image-252413 \" src=\"https:\/\/www.tgrthaber.com\/mavikadin\/wp-content\/uploads\/Ekran-Resmi-2025-10-22-08.12.07-1024x607.png\" alt=\"\" width=\"1598\" height=\"947\" title=\"\" srcset=\"https:\/\/www.tgrthaber.com\/mavikadin\/wp-content\/uploads\/Ekran-Resmi-2025-10-22-08.12.07-1024x607.png 1024w, https:\/\/www.tgrthaber.com\/mavikadin\/wp-content\/uploads\/Ekran-Resmi-2025-10-22-08.12.07-300x178.png 300w, https:\/\/www.tgrthaber.com\/mavikadin\/wp-content\/uploads\/Ekran-Resmi-2025-10-22-08.12.07-768x455.png 768w, https:\/\/www.tgrthaber.com\/mavikadin\/wp-content\/uploads\/Ekran-Resmi-2025-10-22-08.12.07-1536x910.png 1536w, https:\/\/www.tgrthaber.com\/mavikadin\/wp-content\/uploads\/Ekran-Resmi-2025-10-22-08.12.07-2048x1213.png 2048w\" sizes=\"(max-width: 1598px) 100vw, 1598px\" \/><\/p>\n<hr \/>\n<p class=\"p1\">\u2022 1 adet kuru so\u011fan<\/p>\n<p class=\"p1\">\u2022 2 di\u015f sar\u0131msak<\/p>\n<p class=\"p1\">\u2022 2 yemek ka\u015f\u0131\u011f\u0131 tereya\u011f\u0131 veya sade ya\u011f<\/p>\n<p class=\"p1\">\u2022 1 su barda\u011f\u0131 domates rendesi (veya 1 yemek ka\u015f\u0131\u011f\u0131 sal\u00e7a)<\/p>\n<p class=\"p1\">\u2022 1 \u00e7ay ka\u015f\u0131\u011f\u0131 karabiber<\/p>\n<p><img loading=\"lazy\" decoding=\"async\" class=\"alignnone wp-image-252414 \" src=\"https:\/\/www.tgrthaber.com\/mavikadin\/wp-content\/uploads\/Ekran-Resmi-2025-10-22-08.11.59-1024x578.png\" alt=\"\" width=\"1612\" height=\"910\" title=\"\" srcset=\"https:\/\/www.tgrthaber.com\/mavikadin\/wp-content\/uploads\/Ekran-Resmi-2025-10-22-08.11.59-1024x578.png 1024w, https:\/\/www.tgrthaber.com\/mavikadin\/wp-content\/uploads\/Ekran-Resmi-2025-10-22-08.11.59-300x169.png 300w, https:\/\/www.tgrthaber.com\/mavikadin\/wp-content\/uploads\/Ekran-Resmi-2025-10-22-08.11.59-768x434.png 768w, https:\/\/www.tgrthaber.com\/mavikadin\/wp-content\/uploads\/Ekran-Resmi-2025-10-22-08.11.59-1536x867.png 1536w, https:\/\/www.tgrthaber.com\/mavikadin\/wp-content\/uploads\/Ekran-Resmi-2025-10-22-08.11.59-2048x1156.png 2048w\" sizes=\"(max-width: 1612px) 100vw, 1612px\" \/><\/p>\n<hr \/>\n<p class=\"p1\">\u2022 1 \u00e7ay ka\u015f\u0131\u011f\u0131 tuz<\/p>\n<p class=\"p1\">\u2022 1 \u00e7ay ka\u015f\u0131\u011f\u0131 k\u0131rm\u0131z\u0131 toz biber<\/p>\n<p class=\"p1\">\u2022 1 \u00e7ay barda\u011f\u0131 s\u0131cak su<\/p>\n<p class=\"p1\">\u2022 K\u0131zartmak i\u00e7in ay\u00e7i\u00e7ek ya\u011f\u0131<\/p>\n<p><img loading=\"lazy\" decoding=\"async\" class=\"alignnone wp-image-252415 \" src=\"https:\/\/www.tgrthaber.com\/mavikadin\/wp-content\/uploads\/Ekran-Resmi-2025-10-22-08.11.53-1024x543.png\" alt=\"\" width=\"1644\" height=\"872\" title=\"\" srcset=\"https:\/\/www.tgrthaber.com\/mavikadin\/wp-content\/uploads\/Ekran-Resmi-2025-10-22-08.11.53-1024x543.png 1024w, https:\/\/www.tgrthaber.com\/mavikadin\/wp-content\/uploads\/Ekran-Resmi-2025-10-22-08.11.53-300x159.png 300w, https:\/\/www.tgrthaber.com\/mavikadin\/wp-content\/uploads\/Ekran-Resmi-2025-10-22-08.11.53-768x408.png 768w, https:\/\/www.tgrthaber.com\/mavikadin\/wp-content\/uploads\/Ekran-Resmi-2025-10-22-08.11.53-1536x815.png 1536w, https:\/\/www.tgrthaber.com\/mavikadin\/wp-content\/uploads\/Ekran-Resmi-2025-10-22-08.11.53-2048x1087.png 2048w\" sizes=\"(max-width: 1644px) 100vw, 1644px\" \/><\/p>\n<hr \/>\n<p class=\"p1\">Sos i\u00e7in<\/p>\n<p class=\"p1\">\u2022 1 yemek ka\u015f\u0131\u011f\u0131 tereya\u011f\u0131<\/p>\n<p class=\"p1\">\u2022 1 tatl\u0131 ka\u015f\u0131\u011f\u0131 domates sal\u00e7as\u0131<\/p>\n<p class=\"p1\">\u2022 \u00bd su barda\u011f\u0131 s\u0131cak su<\/p>\n<h3>Haz\u0131rlan\u0131\u015f\u0131:<\/h3>\n<p class=\"p1\">Patl\u0131canlar\u0131 alacal\u0131 soyun, uzunlamas\u0131na 4 dilim halinde kesinin. Tuzlu suda 15 dk bekletip kurulay\u0131n. Az ya\u011fda her iki taraf\u0131n\u0131 hafif\u00e7e k\u0131zart\u0131n. Kuzu etini ku\u015fba\u015f\u0131 do\u011fray\u0131n, tereya\u011f\u0131nda kavuruSuyunu sal\u0131p \u00e7ekince do\u011franm\u0131\u015f so\u011fan ve sar\u0131msa\u011f\u0131 ekleyin. Tuz, karabiber, k\u0131rm\u0131z\u0131 toz biberi kat\u0131n.<\/p>\n<p><img loading=\"lazy\" decoding=\"async\" class=\"alignnone wp-image-252416 \" src=\"https:\/\/www.tgrthaber.com\/mavikadin\/wp-content\/uploads\/Ekran-Resmi-2025-10-22-08.11.21-1024x579.png\" alt=\"\" width=\"1601\" height=\"905\" title=\"\" srcset=\"https:\/\/www.tgrthaber.com\/mavikadin\/wp-content\/uploads\/Ekran-Resmi-2025-10-22-08.11.21-1024x579.png 1024w, https:\/\/www.tgrthaber.com\/mavikadin\/wp-content\/uploads\/Ekran-Resmi-2025-10-22-08.11.21-300x170.png 300w, https:\/\/www.tgrthaber.com\/mavikadin\/wp-content\/uploads\/Ekran-Resmi-2025-10-22-08.11.21-768x434.png 768w, https:\/\/www.tgrthaber.com\/mavikadin\/wp-content\/uploads\/Ekran-Resmi-2025-10-22-08.11.21-1536x868.png 1536w, https:\/\/www.tgrthaber.com\/mavikadin\/wp-content\/uploads\/Ekran-Resmi-2025-10-22-08.11.21-2048x1158.png 2048w\" sizes=\"(max-width: 1601px) 100vw, 1601px\" \/><\/p>\n<hr \/>\n<p class=\"p1\">Sonra domates rendesi veya sal\u00e7ay\u0131 ekleyin. 1 \u00e7ay barda\u011f\u0131 s\u0131cak su ilave edin, k\u0131s\u0131k ate\u015fte yumu\u015fayana kadar pi\u015firin (yakla\u015f\u0131k 25 dk)<\/p>\n<p class=\"p1\">Beyinleri sirkeli suda 10 dk bekletip zarlar\u0131n\u0131 temizleyin. Ayr\u0131 suda 5\u20136 dk ha\u015flay\u0131n, s\u00fcz\u00fcn ve k\u00fc\u00e7\u00fck par\u00e7alara do\u011fray\u0131n. Et harc\u0131 pi\u015ftikten sonra i\u00e7ine kar\u0131\u015ft\u0131r\u0131n. 5 dk birlikte soteleyin.<\/p>\n<p class=\"p1\">D\u00f6rt dilim patl\u0131can\u0131 art\u0131 (+) \u015feklinde \u00fcst \u00fcste yerle\u015ftirin.Ortas\u0131na etli-beyinli kar\u0131\u015f\u0131mdan 2 yemek ka\u015f\u0131\u011f\u0131 koyun.<\/p>\n<p><img loading=\"lazy\" decoding=\"async\" class=\"alignnone wp-image-252417 \" src=\"https:\/\/www.tgrthaber.com\/mavikadin\/wp-content\/uploads\/Ekran-Resmi-2025-10-22-08.11.28-1024x655.png\" alt=\"\" width=\"1606\" height=\"1027\" title=\"\" srcset=\"https:\/\/www.tgrthaber.com\/mavikadin\/wp-content\/uploads\/Ekran-Resmi-2025-10-22-08.11.28-1024x655.png 1024w, https:\/\/www.tgrthaber.com\/mavikadin\/wp-content\/uploads\/Ekran-Resmi-2025-10-22-08.11.28-300x192.png 300w, https:\/\/www.tgrthaber.com\/mavikadin\/wp-content\/uploads\/Ekran-Resmi-2025-10-22-08.11.28-768x491.png 768w, https:\/\/www.tgrthaber.com\/mavikadin\/wp-content\/uploads\/Ekran-Resmi-2025-10-22-08.11.28-1536x982.png 1536w, https:\/\/www.tgrthaber.com\/mavikadin\/wp-content\/uploads\/Ekran-Resmi-2025-10-22-08.11.28.png 1908w\" sizes=\"(max-width: 1606px) 100vw, 1606px\" \/><\/p>\n<hr \/>\n<p class=\"p1\">Patl\u0131canlar\u0131 boh\u00e7a \u015feklinde kapat\u0131n. Ters \u00e7evirip f\u0131r\u0131n kab\u0131na yerle\u015ftirin.<\/p>\n<p class=\"p1\">Tereya\u011f\u0131nda sal\u00e7ay\u0131 kavurun, s\u0131cak suyu ekleyin. Bu sosu patl\u0131can boh\u00e7alar\u0131n\u0131n \u00fczerine gezdirin. 180 \u00b0C f\u0131r\u0131nda yakla\u015f\u0131k 20\u201325 dk kadar pi\u015firin.<\/p>\n<p class=\"p1\">\u00dczeri hafif k\u0131zar\u0131nca \u00e7\u0131kar\u0131n.\u00dczerine tereya\u011f\u0131 gezdirip ka\u015f\u0131kla bast\u0131r\u0131lm\u0131\u015f patates p\u00fcresi veya sade pilavla servis edilir. Yan\u0131na yo\u011furt ya da cac\u0131k \u00e7ok yak\u0131\u015f\u0131r.<\/p>\n<p class=\"p1\">P\u00fcf Noktalar<\/p>\n<p><img loading=\"lazy\" decoding=\"async\" class=\"alignnone wp-image-252418 \" src=\"https:\/\/www.tgrthaber.com\/mavikadin\/wp-content\/uploads\/Ekran-Resmi-2025-10-22-08.16.35-1024x606.png\" alt=\"\" width=\"1637\" height=\"969\" title=\"\" srcset=\"https:\/\/www.tgrthaber.com\/mavikadin\/wp-content\/uploads\/Ekran-Resmi-2025-10-22-08.16.35-1024x606.png 1024w, https:\/\/www.tgrthaber.com\/mavikadin\/wp-content\/uploads\/Ekran-Resmi-2025-10-22-08.16.35-300x178.png 300w, https:\/\/www.tgrthaber.com\/mavikadin\/wp-content\/uploads\/Ekran-Resmi-2025-10-22-08.16.35-768x455.png 768w, https:\/\/www.tgrthaber.com\/mavikadin\/wp-content\/uploads\/Ekran-Resmi-2025-10-22-08.16.35-1536x910.png 1536w, https:\/\/www.tgrthaber.com\/mavikadin\/wp-content\/uploads\/Ekran-Resmi-2025-10-22-08.16.35.png 1692w\" sizes=\"(max-width: 1637px) 100vw, 1637px\" \/><\/p>\n<hr \/>\n<p class=\"p1\">\u00a0Patl\u0131canlar\u0131 \u00e7ok ince kesmeyin. \u00d6\u00c7ok ince olursa pi\u015ferken da\u011f\u0131lmas\u0131na neden olacakt\u0131r.<\/p>\n<p class=\"p1\">Beyni fazla ha\u015flamay\u0131n, da\u011f\u0131l\u0131r. 5\u20136 dk yeterli.\u00a0Et harc\u0131 \u00e7ok sulu kal\u0131rsa sarmalar a\u00e7\u0131labilir; suyunu \u00e7ektirip haz\u0131rlay\u0131n<\/p>\n<p class=\"p1\">Bazen f\u0131r\u0131n yerine tencerede, \u00fczerine sos d\u00f6k\u00fclerek de pi\u015firilir. Afiyetler olsun.<\/p>\n<h3 class=\"p1\">MASTERCHEF 2025 ANA KADRO L\u0130STES\u0130<\/h3>\n<p class=\"p1\">MasterChef T\u00fcrkiye 2025 ana kadro g\u00fcncel listesi:<\/p>\n<p class=\"p1\">MasterChef T\u00fcrkiye Ana Kadroya Giren 1. Yar\u0131\u015fmac\u0131: Furkan<\/p>\n<p class=\"p1\">MasterChef T\u00fcrkiye Ana Kadroya Giren 2. Yar\u0131\u015fmac\u0131: Eyl\u00fcl<\/p>\n<p class=\"p1\">MasterChef T\u00fcrkiye Ana Kadroya Giren 3. Yar\u0131\u015fmac\u0131: \u00c7a\u011fatay<\/p>\n<p class=\"p1\">MasterChef T\u00fcrkiye Ana Kadroya Giren 4. Yar\u0131\u015fmac\u0131: Onur<\/p>\n<p class=\"p1\">MasterChef T\u00fcrkiye Ana kadroya giren 5. Yar\u0131\u015fmac\u0131: Nisa Nur ( yedeklerden dahil oldu)<\/p>\n<p><img loading=\"lazy\" decoding=\"async\" class=\"alignnone wp-image-252390 \" src=\"https:\/\/www.tgrthaber.com\/mavikadin\/wp-content\/uploads\/Ekran-Resmi-2025-10-22-05.52.38-1024x703.png\" alt=\"\" width=\"1615\" height=\"1109\" title=\"\" srcset=\"https:\/\/www.tgrthaber.com\/mavikadin\/wp-content\/uploads\/Ekran-Resmi-2025-10-22-05.52.38-1024x703.png 1024w, https:\/\/www.tgrthaber.com\/mavikadin\/wp-content\/uploads\/Ekran-Resmi-2025-10-22-05.52.38-300x206.png 300w, https:\/\/www.tgrthaber.com\/mavikadin\/wp-content\/uploads\/Ekran-Resmi-2025-10-22-05.52.38-768x527.png 768w, https:\/\/www.tgrthaber.com\/mavikadin\/wp-content\/uploads\/Ekran-Resmi-2025-10-22-05.52.38.png 1370w\" sizes=\"(max-width: 1615px) 100vw, 1615px\" \/><\/p>\n<hr \/>\n<p class=\"p1\">MasterChef T\u00fcrkiye Ana kadroya giren 6. Yar\u0131\u015fmac\u0131: Sercan(elendi)<\/p>\n<p class=\"p1\">MasterChef T\u00fcrkiye Ana kadroya giren 7. Yar\u0131\u015fmac\u0131: Ayla<\/p>\n<p class=\"p1\">MasterChef T\u00fcrkiye Ana kadroya giren 8. Yar\u0131\u015fmac\u0131: \u0130hsan(elendi)<\/p>\n<p class=\"p1\">MasterChef T\u00fcrkiye Ana kadroya giren 9. Yar\u0131\u015fmac\u0131: Ayten<\/p>\n<p class=\"p1\">MasterChef T\u00fcrkiye Ana kadroya giren 10. Yar\u0131\u015fmac\u0131: \u00c7a\u011flar<\/p>\n<p class=\"p1\">MasterChef T\u00fcrkiye Ana kadroya giren 11. Yar\u0131\u015fmac\u0131: Sezer<\/p>\n<p><img loading=\"lazy\" decoding=\"async\" class=\"alignnone wp-image-252382 \" src=\"https:\/\/www.tgrthaber.com\/mavikadin\/wp-content\/uploads\/Ekran-Resmi-2025-10-22-05.51.42-1024x551.png\" alt=\"\" width=\"1626\" height=\"875\" title=\"\" srcset=\"https:\/\/www.tgrthaber.com\/mavikadin\/wp-content\/uploads\/Ekran-Resmi-2025-10-22-05.51.42-1024x551.png 1024w, https:\/\/www.tgrthaber.com\/mavikadin\/wp-content\/uploads\/Ekran-Resmi-2025-10-22-05.51.42-300x161.png 300w, https:\/\/www.tgrthaber.com\/mavikadin\/wp-content\/uploads\/Ekran-Resmi-2025-10-22-05.51.42-768x413.png 768w, https:\/\/www.tgrthaber.com\/mavikadin\/wp-content\/uploads\/Ekran-Resmi-2025-10-22-05.51.42.png 1450w\" sizes=\"(max-width: 1626px) 100vw, 1626px\" \/><\/p>\n<hr \/>\n<p class=\"p1\">MasterChef T\u00fcrkiye Ana kadroya giren 12. Yar\u0131\u015fmac\u0131: Cansu(elendi)<\/p>\n<p class=\"p1\">MasterChef T\u00fcrkiye Ana kadroya giren 13. Yar\u0131\u015fmac\u0131: \u00d6zkan<\/p>\n<p class=\"p1\">MasterChef T\u00fcrkiye Ana kadroya giren 14. yar\u0131\u015fmac\u0131: Gizem<\/p>\n<p class=\"p1\">MasterChef T\u00fcrkiye Ana kadroya giren 15. yar\u0131\u015fmac\u0131: \u0130rem (elendi)<\/p>\n<p class=\"p1\">MasterChef T\u00fcrkiye Ana kadroya giren 16. yar\u0131\u015fmac\u0131: Hakan<\/p>\n<p class=\"p1\">MasterChef T\u00fcrkiye Ana kadroya giren 17. yar\u0131\u015fmac\u0131: Mert ( yedeklerden dahil oldu)<\/p>\n<p class=\"p1\">MasterChef T\u00fcrkiye Ana kadroya giren 18. yar\u0131\u015fmac\u0131: S\u00fcmeyye<\/p>\n<p class=\"p1\">MasterChef T\u00fcrkiye Ana kadroya giren 19. yar\u0131\u015fmac\u0131: Bar\u0131\u015f Kaya ( yedeklerden dahil oldu)<\/p>\n<p class=\"p1\">\n","protected":false},"excerpt":{"rendered":"<p>TV8&#8217;in sevilen program\u0131 MasterChef T\u00fcrkiye&#8217;ye bu hafta beyinli patl\u0131can kebab\u0131 tarifi damga vurdu. Programda yap\u0131ld\u0131ktan sonra herkesin tarifini ara\u015ft\u0131rmaya ba\u015flad\u0131\u011f\u0131 bu lezzet hem tad\u0131yla hem de g\u00f6r\u00fcnt\u00fcs\u00fcyle dikkat \u00e7ekiyor. Peki MasterChef beyinli patl\u0131can kebab\u0131 nas\u0131l yap\u0131l\u0131r? \u0130\u015fte tarifi&#8230; <\/p>\n","protected":false},"author":16,"featured_media":252419,"comment_status":"closed","ping_status":"closed","sticky":false,"template":"","format":"standard","meta":{"rank_math_lock_modified_date":false,"footnotes":""},"categories":[191],"tags":[64924,64923,355,3411],"class_list":["post-252412","post","type-post","status-publish","format-standard","has-post-thumbnail","hentry","category-yemek-tarifleri","tag-masterchef-beyinli-patlican-kebabi-nasil-yapilir","tag-masterchef-beyinli-patlican-kebabi-tarifi","tag-yemek","tag-yemek-tarifleri"],"_links":{"self":[{"href":"https:\/\/www.tgrthaber.com\/mavikadin\/wp-json\/wp\/v2\/posts\/252412"}],"collection":[{"href":"https:\/\/www.tgrthaber.com\/mavikadin\/wp-json\/wp\/v2\/posts"}],"about":[{"href":"https:\/\/www.tgrthaber.com\/mavikadin\/wp-json\/wp\/v2\/types\/post"}],"author":[{"embeddable":true,"href":"https:\/\/www.tgrthaber.com\/mavikadin\/wp-json\/wp\/v2\/users\/16"}],"replies":[{"embeddable":true,"href":"https:\/\/www.tgrthaber.com\/mavikadin\/wp-json\/wp\/v2\/comments?post=252412"}],"version-history":[{"count":1,"href":"https:\/\/www.tgrthaber.com\/mavikadin\/wp-json\/wp\/v2\/posts\/252412\/revisions"}],"predecessor-version":[{"id":252420,"href":"https:\/\/www.tgrthaber.com\/mavikadin\/wp-json\/wp\/v2\/posts\/252412\/revisions\/252420"}],"wp:featuredmedia":[{"embeddable":true,"href":"https:\/\/www.tgrthaber.com\/mavikadin\/wp-json\/wp\/v2\/media\/252419"}],"wp:attachment":[{"href":"https:\/\/www.tgrthaber.com\/mavikadin\/wp-json\/wp\/v2\/media?parent=252412"}],"wp:term":[{"taxonomy":"category","embeddable":true,"href":"https:\/\/www.tgrthaber.com\/mavikadin\/wp-json\/wp\/v2\/categories?post=252412"},{"taxonomy":"post_tag","embeddable":true,"href":"https:\/\/www.tgrthaber.com\/mavikadin\/wp-json\/wp\/v2\/tags?post=252412"}],"curies":[{"name":"wp","href":"https:\/\/api.w.org\/{rel}","templated":true}]}}