{"id":252421,"date":"2025-10-22T09:02:44","date_gmt":"2025-10-22T06:02:44","guid":{"rendered":"https:\/\/www.tgrthaber.com\/mavikadin\/?p=252421"},"modified":"2025-10-22T09:02:44","modified_gmt":"2025-10-22T06:02:44","slug":"ibrahim-tatlises-ve-orhan-gencebay-oldu-mu-sosyal-medya-dijital-mezar-soygunculugu-yapiyor","status":"publish","type":"post","link":"https:\/\/www.tgrthaber.com\/mavikadin\/ibrahim-tatlises-ve-orhan-gencebay-oldu-mu-sosyal-medya-dijital-mezar-soygunculugu-yapiyor\/","title":{"rendered":"\u0130brahim Tatl\u0131ses ve Orhan Gencebay \u00f6ld\u00fc m\u00fc? Sosyal medya dijital mezar soygunculu\u011fu yap\u0131yor"},"content":{"rendered":"<p>Orhan Gencebay ve <a href=\"https:\/\/www.tgrthaber.com\/mavikadin\/ibrahim-tatlises-oldu-mu-ibrahim-tatlises-yasiyor-mu-saglik-durumu-nasil\/\">\u0130brahim Tatl\u0131ses<\/a> \u00f6ld\u00fc m\u00fc sosyal medyada ara\u015ft\u0131r\u0131lmaya ba\u015fland\u0131. Binlerce ki\u015finin okudu\u011fu haberlerin asl\u0131 var m\u0131 merak edildi. K\u0131sa s\u00fcrede binlerce ki\u015fiye ula\u015fan bu payla\u015f\u0131mlar uzmanlar\u0131n &#8220;dijital mezar soygunculu\u011fu&#8221; dedi\u011fi yeni bir sorunu g\u00fcndeme ta\u015f\u0131d\u0131.<\/p>\n<h3>\u0130BRAH\u0130M TATLISES VE ORHAN GENCEBAY \u00d6LD\u00dc M\u00dc?<\/h3>\n<p>Sabah Gazetesi yazarlar\u0131ndan Y\u00fcksel Aytu\u011f bu as\u0131ls\u0131z \u00f6l\u00fcm iddialar\u0131 \u00e7er\u00e7evesinde bir yaz\u0131 kaleme ald\u0131. Aytu\u011f\u2019un yaz\u0131s\u0131 konunun derinden anla\u015f\u0131lmas\u0131 i\u00e7in olduk\u00e7a dikkat \u00e7ekiciydi:<\/p>\n<p>Ge\u00e7en hafta birileri yine as\u0131ls\u0131z haberlerle sosyal medyada Orhan Gencebay ve <a href=\"https:\/\/www.tgrthaber.com\/mavikadin\/ibrahim-tatlisesin-kizi-dilan-citak-en-buyuk-hayalini-acikladi-ortaligi-yikacaktik\/\">\u0130brahim Tatl\u0131ses<\/a>&#8216;i \u00f6ld\u00fcrd\u00fc. (!)<br \/>\nBir insan neden ba\u015fka biri hayattayken onun \u00f6ld\u00fc\u011f\u00fc haberini yayar ki? &#8220;Reyting ve t\u0131k&#8217;lanma i\u00e7in&#8221; diyeceksiniz de\u011fil mi? \u0130yi de bunu sadece bir kez yapabilir. Sonras\u0131 &#8220;Yalanc\u0131 \u00c7oban&#8221; hikayesi&#8230;<\/p>\n<p><img loading=\"lazy\" decoding=\"async\" class=\"aligncenter size-full wp-image-252422\" src=\"https:\/\/www.tgrthaber.com\/mavikadin\/wp-content\/uploads\/orhan-gencebay-1-1.webp\" alt=\"\" width=\"731\" height=\"410\" title=\"\" srcset=\"https:\/\/www.tgrthaber.com\/mavikadin\/wp-content\/uploads\/orhan-gencebay-1-1.webp 731w, https:\/\/www.tgrthaber.com\/mavikadin\/wp-content\/uploads\/orhan-gencebay-1-1-300x168.webp 300w\" sizes=\"(max-width: 731px) 100vw, 731px\" \/><\/p>\n<hr \/>\n<p>Bence bu i\u015fin ad\u0131 olsa olsa &#8220;dijital mezar soygunculu\u011fu&#8221; olur. Zira sosyal medya \u00fczerinden insanlar\u0131 diri diri mezara koyup, daha sonra da \u00fczerlerinden maddi menfaat sa\u011flamaya \u00e7al\u0131\u015fmay\u0131 ba\u015fka t\u00fcrl\u00fc a\u00e7\u0131klayam\u0131yorum.<br \/>\n\u0130\u00e7lerinden pek \u00e7o\u011funun da sadist psikopatlar oldu\u011funa inan\u0131yorum. Sevilen bir insan\u0131n sahte \u00f6l\u00fcm haberini yayarak hayranlar\u0131n\u0131 \u00fczmekten vah\u015fi bir haz ald\u0131klar\u0131 kanaatindeyim. T\u0131pk\u0131 \u015faka olsun diye mahalle camiinden arkada\u015f\u0131n\u0131n selas\u0131n\u0131 okutanlar gibi&#8230;<\/p>\n<p>\u0130yi de bu eylemin yasalarda bir kar\u015f\u0131l\u0131\u011f\u0131, yapt\u0131r\u0131m\u0131 filan yok mu? Bu &#8220;dijital mezar soygunculu\u011fu&#8221; ne zaman bili\u015fim su\u00e7lar\u0131 aras\u0131na al\u0131nacak?<\/p>\n<p><img loading=\"lazy\" decoding=\"async\" class=\"aligncenter size-full wp-image-252423\" src=\"https:\/\/www.tgrthaber.com\/mavikadin\/wp-content\/uploads\/ibrahim-tatlises.webp\" alt=\"\" width=\"820\" height=\"461\" title=\"\" srcset=\"https:\/\/www.tgrthaber.com\/mavikadin\/wp-content\/uploads\/ibrahim-tatlises.webp 820w, https:\/\/www.tgrthaber.com\/mavikadin\/wp-content\/uploads\/ibrahim-tatlises-300x169.webp 300w, https:\/\/www.tgrthaber.com\/mavikadin\/wp-content\/uploads\/ibrahim-tatlises-768x432.webp 768w\" sizes=\"(max-width: 820px) 100vw, 820px\" \/><\/p>\n<hr \/>\n<h3>\u0130BRAH\u0130M TATLISES K\u0130MD\u0130R?<\/h3>\n<p>\u0130brahim Tatl\u0131ses, 1952 y\u0131l\u0131nda \u015eanl\u0131urfa&#8217;da, yedi \u00e7ocuklu fakir bir ailenin en b\u00fcy\u00fck \u00e7ocu\u011fu olarak d\u00fcnyaya geldi. Annesi K\u00fcrt, babas\u0131 ise Arap k\u00f6kenlidir. Babas\u0131 Ahmet Tatl\u0131 cezaevindeyken do\u011fdu. Do\u011fdu\u011fu yerle ilgili &#8220;ma\u011farada do\u011fdum&#8221; ifadesini kullanarak zor ge\u00e7en \u00e7ocuklu\u011funu s\u0131k\u00e7a dile getirmi\u015ftir.<\/p>\n<p><img loading=\"lazy\" decoding=\"async\" class=\"aligncenter size-full wp-image-252424\" src=\"https:\/\/www.tgrthaber.com\/mavikadin\/wp-content\/uploads\/ibrahim-tatlises-10.jpg\" alt=\"\" width=\"750\" height=\"422\" title=\"\" srcset=\"https:\/\/www.tgrthaber.com\/mavikadin\/wp-content\/uploads\/ibrahim-tatlises-10.jpg 750w, https:\/\/www.tgrthaber.com\/mavikadin\/wp-content\/uploads\/ibrahim-tatlises-10-300x169.jpg 300w\" sizes=\"(max-width: 750px) 100vw, 750px\" \/><\/p>\n<hr \/>\n<p>Okula hi\u00e7 gitmeyen Tatl\u0131ses, neden okuyamad\u0131\u011f\u0131 soruldu\u011funda \u201cUrfa&#8217;da sanki Oxford vard\u0131 da biz mi gitmedik?\u201d diyerek \u00e7ocuk ya\u015flarda \u00e7al\u0131\u015fmak zorunda kald\u0131\u011f\u0131n\u0131 belirtmi\u015ftir. K\u00fc\u00e7\u00fck ya\u015flarda su sat\u0131c\u0131l\u0131\u011f\u0131 ve \u00e7\u0131\u011f\u0131rtkanl\u0131k gibi i\u015fler yapm\u0131\u015f, gen\u00e7li\u011finde in\u015faatlarda so\u011fuk demir ustas\u0131 olarak \u00e7al\u0131\u015fm\u0131\u015ft\u0131r.<\/p>\n<h3>Etnik Kimli\u011fi \u00dczerine A\u00e7\u0131klamalar\u0131<\/h3>\n<p>Tatl\u0131ses, etnik k\u00f6keni hakk\u0131nda zaman zaman farkl\u0131 a\u00e7\u0131klamalarda bulunmu\u015ftur. Kanal D\u2019de kat\u0131ld\u0131\u011f\u0131 bir programda &#8220;Babam Arap, anam K\u00fcrt, ben T\u00fcrk&#8217;\u00fcm&#8221; derken; 2005 y\u0131l\u0131nda Erbil&#8217;deki konserinde ise &#8220;Babam T\u00fcrk, annem K\u00fcrt, ben T\u00fcrk o\u011flu T\u00fcrk&#8217;\u00fcm&#8221; ifadelerini kullanm\u0131\u015ft\u0131r.<\/p>\n<p><img loading=\"lazy\" decoding=\"async\" class=\"aligncenter size-full wp-image-252426\" src=\"https:\/\/www.tgrthaber.com\/mavikadin\/wp-content\/uploads\/orhan-gencebay-2-1.webp\" alt=\"\" width=\"1060\" height=\"795\" title=\"\" srcset=\"https:\/\/www.tgrthaber.com\/mavikadin\/wp-content\/uploads\/orhan-gencebay-2-1.webp 1060w, https:\/\/www.tgrthaber.com\/mavikadin\/wp-content\/uploads\/orhan-gencebay-2-1-300x225.webp 300w, https:\/\/www.tgrthaber.com\/mavikadin\/wp-content\/uploads\/orhan-gencebay-2-1-1024x768.webp 1024w, https:\/\/www.tgrthaber.com\/mavikadin\/wp-content\/uploads\/orhan-gencebay-2-1-768x576.webp 768w\" sizes=\"(max-width: 1060px) 100vw, 1060px\" \/><\/p>\n<hr \/>\n<h3>Sanat Hayat\u0131n\u0131n Ba\u015flang\u0131c\u0131<\/h3>\n<p>\u0130brahim Tatl\u0131ses, in\u015faatta t\u00fcrk\u00fc s\u00f6ylerken Adanal\u0131 bir yap\u0131mc\u0131 taraf\u0131ndan ke\u015ffedildi. \u00d6nce Adana\u2019da, ard\u0131ndan Ankara\u2019da gazinolarda sahne ald\u0131. 1974 y\u0131l\u0131nda Ankara K\u0131nal\u0131 Pavyon&#8217;da seslendirdi\u011fi \u201cAya\u011f\u0131nda Kundura\u201d adl\u0131 t\u00fcrk\u00fcyle b\u00fcy\u00fck \u00e7\u0131k\u0131\u015f yakalayarak Ankara Radyosu\u2019na ve y\u0131lba\u015f\u0131 gecesi televizyona \u00e7\u0131kt\u0131.<\/p>\n<p>1970\u2019li y\u0131llar\u0131n ortalar\u0131nda \u0130stanbul\u2019a ta\u015f\u0131narak sahne \u00e7al\u0131\u015fmalar\u0131n\u0131 burada s\u00fcrd\u00fcrd\u00fc. Bu d\u00f6nemde kendisine \u201cTatl\u0131ses\u201d soyad\u0131n\u0131 \u00f6neren m\u00fczisyen Y\u0131lmaz Tatl\u0131ses ile tan\u0131\u015ft\u0131 ve &#8220;Tatl\u0131&#8221; olan soyad\u0131n\u0131 resmen &#8220;Tatl\u0131ses&#8221; olarak de\u011fi\u015ftirdi.<\/p>\n<p><img loading=\"lazy\" decoding=\"async\" class=\"aligncenter size-full wp-image-249243\" src=\"https:\/\/www.tgrthaber.com\/mavikadin\/wp-content\/uploads\/ARZU-69-16.jpg\" alt=\"\u0130brahim Tatl\u0131ses \u00f6ld\u00fc m\u00fc? \u0130brahim Tatl\u0131ses ya\u015f\u0131yor mu, sa\u011fl\u0131k durumu nas\u0131l?\" width=\"1208\" height=\"680\" title=\"\" srcset=\"https:\/\/www.tgrthaber.com\/mavikadin\/wp-content\/uploads\/ARZU-69-16.jpg 1208w, https:\/\/www.tgrthaber.com\/mavikadin\/wp-content\/uploads\/ARZU-69-16-300x169.jpg 300w, https:\/\/www.tgrthaber.com\/mavikadin\/wp-content\/uploads\/ARZU-69-16-1024x576.jpg 1024w, https:\/\/www.tgrthaber.com\/mavikadin\/wp-content\/uploads\/ARZU-69-16-768x432.jpg 768w\" sizes=\"(max-width: 1208px) 100vw, 1208px\" \/><\/p>\n<hr \/>\n<h3>M\u00fczik Kariyeri<\/h3>\n<p>Tatl\u0131ses\u2019in m\u00fczik kariyeri 1970&#8217;lerde \u00e7\u0131kard\u0131\u011f\u0131 45\u2019lik plaklarla ba\u015flad\u0131. \u0130lk \u00e7\u0131k\u0131\u015f \u015fark\u0131lar\u0131 aras\u0131nda \u201cKara K\u0131z\u201d ve \u201cBeni Yakma Gel Sevdi\u011fim\u201d yer ald\u0131. Kariyeri boyunca 40\u2019tan fazla alb\u00fcm yay\u0131nlad\u0131. En bilinen eserleri aras\u0131nda Mavi Mavi, Aya\u011f\u0131nda Kundura, Benim Hayat\u0131m, Haydi S\u00f6yle, Allah Allah, Yaln\u0131z\u0131m ve Aramam gibi par\u00e7alar bulunur.<\/p>\n<p>1987\u2019de Tatl\u0131ses M\u00fczik\u2019i, 1997\u2019de ise \u0130dobay M\u00fczik \u015firketini kurarak yap\u0131mc\u0131l\u0131\u011fa da ad\u0131m att\u0131. 1990\u2019l\u0131 y\u0131llarda \u00fcn\u00fc Yunanistan ve Orta Do\u011fu\u2019ya kadar ula\u015ft\u0131. 2008\u2019de \u00e7\u0131kan Neden alb\u00fcm\u00fcnde yer alan K\u00fcrt\u00e7e \u201c\u015eemmame\u201d adl\u0131 par\u00e7a, o d\u00f6nem olduk\u00e7a ses getirdi.<\/p>\n<h3>Se\u00e7me Alb\u00fcmleri:<\/h3>\n<p>1985: Mavi Mavi<\/p>\n<p>1994: Haydi S\u00f6yle<\/p>\n<p>2003: Tek Tek<\/p>\n<p>2005: Sizler \u0130\u00e7in<\/p>\n<p>2008: Neden<\/p>\n<p>2010: Hani Gelecektin<\/p>\n<p><img loading=\"lazy\" decoding=\"async\" class=\"aligncenter wp-image-249239 size-full\" src=\"https:\/\/www.tgrthaber.com\/mavikadin\/wp-content\/uploads\/ARZU-73-15.jpg\" alt=\"\" width=\"1208\" height=\"680\" title=\"\" srcset=\"https:\/\/www.tgrthaber.com\/mavikadin\/wp-content\/uploads\/ARZU-73-15.jpg 1208w, https:\/\/www.tgrthaber.com\/mavikadin\/wp-content\/uploads\/ARZU-73-15-300x169.jpg 300w, https:\/\/www.tgrthaber.com\/mavikadin\/wp-content\/uploads\/ARZU-73-15-1024x576.jpg 1024w, https:\/\/www.tgrthaber.com\/mavikadin\/wp-content\/uploads\/ARZU-73-15-768x432.jpg 768w\" sizes=\"(max-width: 1208px) 100vw, 1208px\" \/><\/p>\n<hr \/>\n<h3>Sinema Kariyeri<\/h3>\n<p>Tatl\u0131ses, 1978\u2019de Aya\u011f\u0131nda Kundura ve Ceylan filmleriyle sinemaya ad\u0131m att\u0131. 1980\u2019li y\u0131llarda hem ba\u015frol oynad\u0131 hem de filmlerinin m\u00fcziklerini yapt\u0131. 1983\u2019te Derya Tuna ile ba\u015frol\u00fcn\u00fc payla\u015ft\u0131\u011f\u0131 G\u00fcnah filmi b\u00fcy\u00fck ilgi g\u00f6rd\u00fc.<\/p>\n<h3>\u00d6ne \u00c7\u0131kan Filmleri:<\/h3>\n<p>Kara Yazma (1979)<\/p>\n<p>Mavi Mavi (1985)<\/p>\n<p>G\u00fcl\u00fcm Benim (1987)<\/p>\n<p>Fosforlu Cevriyem (1988)<\/p>\n<p>Tetik\u00e7i Kemal (1993)<\/p>\n<p>F\u0131rat (1997)<\/p>\n<p>\u0130\u015f Hayat\u0131<\/p>\n<p>\u0130brahim Tatl\u0131ses, m\u00fczi\u011fin d\u0131\u015f\u0131nda bir\u00e7ok sekt\u00f6rde de faaliyet g\u00f6sterdi.<br \/>\nKurucusu oldu\u011fu Tatl\u0131ses Turizm, Tatl\u0131ses G\u0131da, Tatl\u0131ses \u00c7i\u011fk\u00f6fte, Tatl\u0131ses TV gibi \u015firketlerle; g\u0131da, medya, turizm ve in\u015faat sekt\u00f6rlerinde yat\u0131r\u0131mlar yapt\u0131.<\/p>\n<h3><img loading=\"lazy\" decoding=\"async\" class=\"aligncenter size-full wp-image-222094\" src=\"https:\/\/www.tgrthaber.com\/mavikadin\/wp-content\/uploads\/s-9877a405e416c03ef5d2ea0650ed6e3e208c6fdf.jpg\" alt=\"\" width=\"1200\" height=\"675\" title=\"\" srcset=\"https:\/\/www.tgrthaber.com\/mavikadin\/wp-content\/uploads\/s-9877a405e416c03ef5d2ea0650ed6e3e208c6fdf.jpg 1200w, https:\/\/www.tgrthaber.com\/mavikadin\/wp-content\/uploads\/s-9877a405e416c03ef5d2ea0650ed6e3e208c6fdf-300x169.jpg 300w, https:\/\/www.tgrthaber.com\/mavikadin\/wp-content\/uploads\/s-9877a405e416c03ef5d2ea0650ed6e3e208c6fdf-1024x576.jpg 1024w, https:\/\/www.tgrthaber.com\/mavikadin\/wp-content\/uploads\/s-9877a405e416c03ef5d2ea0650ed6e3e208c6fdf-768x432.jpg 768w\" sizes=\"(max-width: 1200px) 100vw, 1200px\" \/><\/h3>\n<hr \/>\n<h3>\u00d6zel Hayat\u0131<\/h3>\n<p>Tatl\u0131ses, ilk evlili\u011fini Urfa\u2019da Adalet Durak ile yapt\u0131 ve bu evlilikten \u00fc\u00e7 \u00e7ocu\u011fu oldu. 1979\u2019da Kara Yazma filminde tan\u0131\u015ft\u0131\u011f\u0131 Perihan Sava\u015f ile birlikteli\u011finden Melek Z\u00fcbeyde adl\u0131 bir k\u0131z\u0131 d\u00fcnyaya geldi. Ancak ili\u015fkileri \u015fiddet iddialar\u0131yla son buldu.<\/p>\n<p>1983\u2019te G\u00fcnah filminin \u00e7ekimleri s\u0131ras\u0131nda tan\u0131\u015ft\u0131\u011f\u0131 Derya Tuna ile ili\u015fkisinden \u0130do Tatl\u0131ses (\u0130brahim) ad\u0131nda bir o\u011flu oldu.<\/p>\n<p>2011 y\u0131l\u0131nda Ay\u015feg\u00fcl Y\u0131ld\u0131z ile evlendi. Bu evlilikten Elif Ada adl\u0131 bir k\u0131z \u00e7ocu\u011fu oldu. \u00c7ift 2013 y\u0131l\u0131nda bo\u015fand\u0131.<\/p>\n","protected":false},"excerpt":{"rendered":"<p>\u0130brahim Tatl\u0131ses ve Orhan Gencebay \u00f6ld\u00fc m\u00fc? ara\u015ft\u0131r\u0131lmaya ba\u015fland\u0131. Ge\u00e7en hafta sosyal medyay\u0131 saran haberler \u00fcnl\u00fc sanat\u00e7\u0131lar\u0131n \u00f6ld\u00fc\u011f\u00fc y\u00f6n\u00fcnde geni\u015f yank\u0131 uyand\u0131rd\u0131. K\u0131sa s\u00fcrede binlerce ki\u015fiye ula\u015fan payla\u015f\u0131mlar &#8220;dijital mezar soygunculu\u011fu&#8221; konusunu g\u00fcndeme getirdi.<\/p>\n","protected":false},"author":5,"featured_media":252427,"comment_status":"closed","ping_status":"closed","sticky":false,"template":"","format":"standard","meta":{"rank_math_lock_modified_date":false,"footnotes":""},"categories":[76],"tags":[2640,133,2314],"class_list":["post-252421","post","type-post","status-publish","format-standard","has-post-thumbnail","hentry","category-magazin","tag-ibrahim-tatlises","tag-magazin","tag-orhan-gencebay"],"_links":{"self":[{"href":"https:\/\/www.tgrthaber.com\/mavikadin\/wp-json\/wp\/v2\/posts\/252421"}],"collection":[{"href":"https:\/\/www.tgrthaber.com\/mavikadin\/wp-json\/wp\/v2\/posts"}],"about":[{"href":"https:\/\/www.tgrthaber.com\/mavikadin\/wp-json\/wp\/v2\/types\/post"}],"author":[{"embeddable":true,"href":"https:\/\/www.tgrthaber.com\/mavikadin\/wp-json\/wp\/v2\/users\/5"}],"replies":[{"embeddable":true,"href":"https:\/\/www.tgrthaber.com\/mavikadin\/wp-json\/wp\/v2\/comments?post=252421"}],"version-history":[{"count":2,"href":"https:\/\/www.tgrthaber.com\/mavikadin\/wp-json\/wp\/v2\/posts\/252421\/revisions"}],"predecessor-version":[{"id":252429,"href":"https:\/\/www.tgrthaber.com\/mavikadin\/wp-json\/wp\/v2\/posts\/252421\/revisions\/252429"}],"wp:featuredmedia":[{"embeddable":true,"href":"https:\/\/www.tgrthaber.com\/mavikadin\/wp-json\/wp\/v2\/media\/252427"}],"wp:attachment":[{"href":"https:\/\/www.tgrthaber.com\/mavikadin\/wp-json\/wp\/v2\/media?parent=252421"}],"wp:term":[{"taxonomy":"category","embeddable":true,"href":"https:\/\/www.tgrthaber.com\/mavikadin\/wp-json\/wp\/v2\/categories?post=252421"},{"taxonomy":"post_tag","embeddable":true,"href":"https:\/\/www.tgrthaber.com\/mavikadin\/wp-json\/wp\/v2\/tags?post=252421"}],"curies":[{"name":"wp","href":"https:\/\/api.w.org\/{rel}","templated":true}]}}