{"id":252430,"date":"2025-10-22T10:00:09","date_gmt":"2025-10-22T07:00:09","guid":{"rendered":"https:\/\/www.tgrthaber.com\/mavikadin\/?p=252430"},"modified":"2025-10-22T10:00:09","modified_gmt":"2025-10-22T07:00:09","slug":"selena-dizisinin-kivilcimi-hazal-senel-son-hali-soke-etti-oyunculugu-birakan-oyuncu-bakin-ne-is-yapiyor","status":"publish","type":"post","link":"https:\/\/www.tgrthaber.com\/mavikadin\/selena-dizisinin-kivilcimi-hazal-senel-son-hali-soke-etti-oyunculugu-birakan-oyuncu-bakin-ne-is-yapiyor\/","title":{"rendered":"Selena dizisinin K\u0131v\u0131lc\u0131m\u2019\u0131 Hazal \u015eenel son hali \u015foke etti! Oyunculu\u011fu b\u0131rakan oyuncu bak\u0131n ne i\u015f yap\u0131yor"},"content":{"rendered":"<p>Hazal \u015eenel son haliyle herkesi \u015foke etti. \u00d6zellikle yay\u0131nland\u0131\u011f\u0131 d\u00f6neme damga vuran Selena dizisinde K\u0131v\u0131lc\u0131m karakteriyle \u00f6n plana \u00e7\u0131kan oyuncu, uzun bir aran\u0131n ard\u0131ndan kameralara yans\u0131d\u0131. Oyunculu\u011fu b\u0131rakt\u0131\u011f\u0131 s\u00f6ylenen Hazal \u015eenel, yeni mesle\u011fiyle \u015fa\u015fk\u0131na \u00e7evirdi. \u00dcnl\u00fc oyuncu bak\u0131n ne i\u015f yapmaya ba\u015flad\u0131\u2026<\/p>\n<h3>SELENA D\u0130Z\u0130S\u0130N\u0130N KIVILCIM\u2019I HAZAL \u015eENEL SON HAL\u0130 \u015eOKE ETT\u0130!<\/h3>\n<p>Hazal \u015eenel, <a href=\"https:\/\/www.tgrthaber.com\/mavikadin\/selena-gomezin-benny-blancoya-aldigi-dugun-hediyesi-sosyal-medyayi-salladi-yuksek-guvenlikli-gece-dikkat-cekti\/\">Selena<\/a> dizisindeki \u2018K\u0131v\u0131lc\u0131m\u2019 karakteriyle pop\u00fclerlik kazanm\u0131\u015ft\u0131. K\u0131v\u0131lc\u0131m karakteriyle ad\u0131n\u0131 geni\u015f kitlelere duyuran \u015eenel, \u015fimdilerde son haliyle herkesi \u015foke etti. \u00d6zellikle dizideki k\u00f6t\u00fc karakteriyle haf\u0131zalara kaz\u0131nan \u015eenel, uzun bir zamand\u0131r televizyon d\u00fcnyas\u0131nda yer alm\u0131yor.<\/p>\n<p><img loading=\"lazy\" decoding=\"async\" class=\"size-full wp-image-252440\" src=\"https:\/\/www.tgrthaber.com\/mavikadin\/wp-content\/uploads\/Hazal-Senel-9.jpg\" alt=\"Selena dizisinin K\u0131v\u0131lc\u0131m\u2019\u0131 Hazal \u015eenel son hali \u015foke etti! Oyunculu\u011fu b\u0131rakan oyuncu bak\u0131n ne i\u015f yap\u0131yor\" width=\"1208\" height=\"680\" title=\"\" srcset=\"https:\/\/www.tgrthaber.com\/mavikadin\/wp-content\/uploads\/Hazal-Senel-9.jpg 1208w, https:\/\/www.tgrthaber.com\/mavikadin\/wp-content\/uploads\/Hazal-Senel-9-300x169.jpg 300w, https:\/\/www.tgrthaber.com\/mavikadin\/wp-content\/uploads\/Hazal-Senel-9-1024x576.jpg 1024w, https:\/\/www.tgrthaber.com\/mavikadin\/wp-content\/uploads\/Hazal-Senel-9-768x432.jpg 768w\" sizes=\"(max-width: 1208px) 100vw, 1208px\" \/><\/p>\n<hr \/>\n<p>Son olarak televizyon ekranlar\u0131nda 2022-2023 y\u0131llar\u0131 aras\u0131nda izleyici kar\u015f\u0131s\u0131na \u00e7\u0131kan \u2018Gecenin Ucunda\u2019 dizisiyle boy g\u00f6steren Hazal \u015eenel, son haliyle \u015fa\u015f\u0131rt\u0131yor. Yay\u0131nland\u0131\u011f\u0131 d\u00f6neme damga vuran ve g\u00fcn\u00fcm\u00fczde hala s\u0131k\u00e7a takip edilen <a href=\"https:\/\/www.tgrthaber.com\/mavikadin\/selena-gomez-benny-blanco-ile-evlendi-dugun-detaylariyla-sasirtti-gelinligi-ile-goz-kamastirdi\/\">Selena<\/a> dizisinde \u2018K\u0131v\u0131lc\u0131m\u2019 karakterini oynayan \u015eenel, 2011-2014 y\u0131llar\u0131 aras\u0131nda yay\u0131nlanan \u2018Pis Yedili\u2019 dizisindeki \u2018Sal\u00e7a\u2019 karakteriyle de dikkatleri \u00fczerine \u00e7ekmi\u015fti.<\/p>\n<p><img loading=\"lazy\" decoding=\"async\" class=\"size-full wp-image-252441\" src=\"https:\/\/www.tgrthaber.com\/mavikadin\/wp-content\/uploads\/Hazal-Senel-1.jpg\" alt=\"Selena dizisinin K\u0131v\u0131lc\u0131m\u2019\u0131 Hazal \u015eenel son hali \u015foke etti! Oyunculu\u011fu b\u0131rakan oyuncu bak\u0131n ne i\u015f yap\u0131yor\" width=\"1208\" height=\"680\" title=\"\" srcset=\"https:\/\/www.tgrthaber.com\/mavikadin\/wp-content\/uploads\/Hazal-Senel-1.jpg 1208w, https:\/\/www.tgrthaber.com\/mavikadin\/wp-content\/uploads\/Hazal-Senel-1-300x169.jpg 300w, https:\/\/www.tgrthaber.com\/mavikadin\/wp-content\/uploads\/Hazal-Senel-1-1024x576.jpg 1024w, https:\/\/www.tgrthaber.com\/mavikadin\/wp-content\/uploads\/Hazal-Senel-1-768x432.jpg 768w\" sizes=\"(max-width: 1208px) 100vw, 1208px\" \/><\/p>\n<hr \/>\n<p>Uzun bir s\u00fcredir televizyon ekranlar\u0131ndan uzak kalan Hazal \u015eenel, sokak foto\u011fraf\u00e7\u0131s\u0131 \u00dcmit K\u0131\u015flak\u2019\u0131n objektiflerine tak\u0131ld\u0131. Fark\u0131nda olmadan <a href=\"https:\/\/www.tgrthaber.com\/mavikadin\/gokhan-keser-yillar-sonra-itiraf-etti-selena-ve-survivor-pismanligi-gundem-oldu\/\">Selana<\/a> dizisinin K\u0131v\u0131lc\u0131m\u2019\u0131 Hazal \u015eenel\u2019i foto\u011fraflayan K\u0131\u015flak, o anlar\u0131 sosyal medya hesab\u0131ndan payla\u015ft\u0131. \u015eenel\u2019in herkesi \u015foke eden de\u011fi\u015fimi ise g\u00fcndem oldu.<\/p>\n<p><img loading=\"lazy\" decoding=\"async\" class=\"size-full wp-image-252439\" src=\"https:\/\/www.tgrthaber.com\/mavikadin\/wp-content\/uploads\/Hazal-Senel-8.jpg\" alt=\"Selena dizisinin K\u0131v\u0131lc\u0131m\u2019\u0131 Hazal \u015eenel son hali \u015foke etti! Oyunculu\u011fu b\u0131rakan oyuncu bak\u0131n ne i\u015f yap\u0131yor\" width=\"1208\" height=\"680\" title=\"\" srcset=\"https:\/\/www.tgrthaber.com\/mavikadin\/wp-content\/uploads\/Hazal-Senel-8.jpg 1208w, https:\/\/www.tgrthaber.com\/mavikadin\/wp-content\/uploads\/Hazal-Senel-8-300x169.jpg 300w, https:\/\/www.tgrthaber.com\/mavikadin\/wp-content\/uploads\/Hazal-Senel-8-1024x576.jpg 1024w, https:\/\/www.tgrthaber.com\/mavikadin\/wp-content\/uploads\/Hazal-Senel-8-768x432.jpg 768w\" sizes=\"(max-width: 1208px) 100vw, 1208px\" \/><\/p>\n<hr \/>\n<p>\u0130\u015fte \u00dcmit K\u0131\u015flak\u2019\u0131n Hazal \u015eenel&#8217;i \u00e7ekti\u011fi anlar&#8230;<\/p>\n<div style=\"width: 640px;\" class=\"wp-video\"><!--[if lt IE 9]><script>document.createElement('video');<\/script><![endif]-->\n<video class=\"wp-video-shortcode\" id=\"video-252430-1\" width=\"640\" height=\"640\" preload=\"metadata\" controls=\"controls\"><source type=\"video\/mp4\" src=\"https:\/\/www.tgrthaber.com\/mavikadin\/wp-content\/uploads\/video-birlestirme-1-31.mp4?_=1\" \/><a href=\"https:\/\/www.tgrthaber.com\/mavikadin\/wp-content\/uploads\/video-birlestirme-1-31.mp4\">https:\/\/www.tgrthaber.com\/mavikadin\/wp-content\/uploads\/video-birlestirme-1-31.mp4<\/a><\/video><\/div>\n<hr \/>\n<h3>OYUNCULU\u011eU BIRAKAN HAZAL \u015eENEL BAKIN NE \u0130\u015e YAPIYOR!<\/h3>\n<p>Oyunculu\u011fu b\u0131rakt\u0131\u011f\u0131 bilinen Hazal \u015eenel, \u00dcsk\u00fcdar\/Kuzguncuk\u2019ta sokak foto\u011fraf\u00e7\u0131s\u0131 \u00dcmit K\u0131\u015flak\u2019\u0131n objektiflerine tak\u0131ld\u0131. \u2018Yofi\u2019s adl\u0131 bir kafenin i\u015fletmecili\u011fini yapt\u0131\u011f\u0131 g\u00f6r\u00fcnt\u00fclenen \u015eenel, herkesi \u015fa\u015fk\u0131na \u00e7evirdi.<\/p>\n<p><img loading=\"lazy\" decoding=\"async\" class=\"size-full wp-image-252437\" src=\"https:\/\/www.tgrthaber.com\/mavikadin\/wp-content\/uploads\/Hazal-Senel-6.jpg\" alt=\"Selena dizisinin K\u0131v\u0131lc\u0131m\u2019\u0131 Hazal \u015eenel son hali \u015foke etti! Oyunculu\u011fu b\u0131rakan oyuncu bak\u0131n ne i\u015f yap\u0131yor\" width=\"1208\" height=\"680\" title=\"\" srcset=\"https:\/\/www.tgrthaber.com\/mavikadin\/wp-content\/uploads\/Hazal-Senel-6.jpg 1208w, https:\/\/www.tgrthaber.com\/mavikadin\/wp-content\/uploads\/Hazal-Senel-6-300x169.jpg 300w, https:\/\/www.tgrthaber.com\/mavikadin\/wp-content\/uploads\/Hazal-Senel-6-1024x576.jpg 1024w, https:\/\/www.tgrthaber.com\/mavikadin\/wp-content\/uploads\/Hazal-Senel-6-768x432.jpg 768w\" sizes=\"(max-width: 1208px) 100vw, 1208px\" \/><\/p>\n<hr \/>\n<p>Hazal \u015eenel, YofiCafe ad\u0131n\u0131 verdi\u011fi i\u015fletmesinin a\u00e7\u0131l\u0131\u015f\u0131n\u0131 \u015fu s\u00f6zlerle duyurmu\u015ftu: \u201cHer zaman yeni bir \u015feylerin pe\u015finde olan ikizler burcu bir birey olarak, eski bir hayaldi ama yeni ger\u00e7ekle\u015fti. Bana \u015fans getir. Dar\u0131s\u0131 di\u011fer hayallerimin ve hayal etmekten vazge\u00e7meyenlerin ba\u015f\u0131na.\u201d<\/p>\n<p><img loading=\"lazy\" decoding=\"async\" class=\"size-full wp-image-252436\" src=\"https:\/\/www.tgrthaber.com\/mavikadin\/wp-content\/uploads\/Hazal-Senel-5.jpg\" alt=\"Selena dizisinin K\u0131v\u0131lc\u0131m\u2019\u0131 Hazal \u015eenel son hali \u015foke etti! Oyunculu\u011fu b\u0131rakan oyuncu bak\u0131n ne i\u015f yap\u0131yor\" width=\"1208\" height=\"680\" title=\"\" srcset=\"https:\/\/www.tgrthaber.com\/mavikadin\/wp-content\/uploads\/Hazal-Senel-5.jpg 1208w, https:\/\/www.tgrthaber.com\/mavikadin\/wp-content\/uploads\/Hazal-Senel-5-300x169.jpg 300w, https:\/\/www.tgrthaber.com\/mavikadin\/wp-content\/uploads\/Hazal-Senel-5-1024x576.jpg 1024w, https:\/\/www.tgrthaber.com\/mavikadin\/wp-content\/uploads\/Hazal-Senel-5-768x432.jpg 768w\" sizes=\"(max-width: 1208px) 100vw, 1208px\" \/><\/p>\n<hr \/>\n<p>\u015eimdilerde oyunculu\u011fu b\u0131rakarak butik bir kafenin i\u015fletmecili\u011fini yapan Hazal \u015eenel, sokak foto\u011fraf\u00e7\u0131s\u0131 \u00dcmit K\u0131\u015flak taraf\u0131ndan g\u00fcndeme getirildi. \u00dcnl\u00fc oyuncunun i\u015fletmesini yapt\u0131\u011f\u0131 kafe ise merak konusu oldu.<\/p>\n","protected":false},"excerpt":{"rendered":"<p>Selena dizisinde K\u0131v\u0131lc\u0131m karakteriyle dikkatleri \u00fczerine \u00e7eken oyuncu Hazal \u015eenel\u2019in son hali herkesi \u015fa\u015fk\u0131na \u00e7evirdi. Oyunculu\u011fu b\u0131rakan Hazal \u015eenel\u2019in yeni mesle\u011fi \u015foke etti. \u0130\u015fte detaylar\u2026<\/p>\n","protected":false},"author":26,"featured_media":252442,"comment_status":"closed","ping_status":"closed","sticky":false,"template":"","format":"standard","meta":{"rank_math_lock_modified_date":false,"footnotes":""},"categories":[76],"tags":[49907,133,2218,64925,64926],"class_list":["post-252430","post","type-post","status-publish","format-standard","has-post-thumbnail","hentry","category-magazin","tag-hazal-senel","tag-magazin","tag-magazin-haberleri","tag-selena-kivilcim","tag-yoficafe"],"_links":{"self":[{"href":"https:\/\/www.tgrthaber.com\/mavikadin\/wp-json\/wp\/v2\/posts\/252430"}],"collection":[{"href":"https:\/\/www.tgrthaber.com\/mavikadin\/wp-json\/wp\/v2\/posts"}],"about":[{"href":"https:\/\/www.tgrthaber.com\/mavikadin\/wp-json\/wp\/v2\/types\/post"}],"author":[{"embeddable":true,"href":"https:\/\/www.tgrthaber.com\/mavikadin\/wp-json\/wp\/v2\/users\/26"}],"replies":[{"embeddable":true,"href":"https:\/\/www.tgrthaber.com\/mavikadin\/wp-json\/wp\/v2\/comments?post=252430"}],"version-history":[{"count":2,"href":"https:\/\/www.tgrthaber.com\/mavikadin\/wp-json\/wp\/v2\/posts\/252430\/revisions"}],"predecessor-version":[{"id":252445,"href":"https:\/\/www.tgrthaber.com\/mavikadin\/wp-json\/wp\/v2\/posts\/252430\/revisions\/252445"}],"wp:featuredmedia":[{"embeddable":true,"href":"https:\/\/www.tgrthaber.com\/mavikadin\/wp-json\/wp\/v2\/media\/252442"}],"wp:attachment":[{"href":"https:\/\/www.tgrthaber.com\/mavikadin\/wp-json\/wp\/v2\/media?parent=252430"}],"wp:term":[{"taxonomy":"category","embeddable":true,"href":"https:\/\/www.tgrthaber.com\/mavikadin\/wp-json\/wp\/v2\/categories?post=252430"},{"taxonomy":"post_tag","embeddable":true,"href":"https:\/\/www.tgrthaber.com\/mavikadin\/wp-json\/wp\/v2\/tags?post=252430"}],"curies":[{"name":"wp","href":"https:\/\/api.w.org\/{rel}","templated":true}]}}