{"id":252431,"date":"2025-10-22T10:02:15","date_gmt":"2025-10-22T07:02:15","guid":{"rendered":"https:\/\/www.tgrthaber.com\/mavikadin\/?p=252431"},"modified":"2025-10-22T10:02:15","modified_gmt":"2025-10-22T07:02:15","slug":"tasacak-bu-deniz-dizisinde-seyircinin-fark-ettigi-hata-kavga-sirasinda-bakin-ne-olmus","status":"publish","type":"post","link":"https:\/\/www.tgrthaber.com\/mavikadin\/tasacak-bu-deniz-dizisinde-seyircinin-fark-ettigi-hata-kavga-sirasinda-bakin-ne-olmus\/","title":{"rendered":"Ta\u015facak Bu Deniz dizisinde seyircinin fark etti\u011fi hata! Kavga s\u0131ras\u0131nda bak\u0131n ne olmu\u015f"},"content":{"rendered":"<p>Ekranlar\u0131n yeni dizisi Ta\u015facak Bu Deniz, fenomen diziler aras\u0131nda yer almaya devam ediyor. Yeni olmas\u0131na ra\u011fmen b\u00fcy\u00fck bir ilgi ile izlenen Ta\u015facak Bu Deniz, seyircinin fark etti\u011fi hata ile dikkatleri \u00fczerine \u00e7ekti. Dizinin kavga sahnesi s\u0131ras\u0131nda bak\u0131n ne olmu\u015f\u2026<\/p>\n<h3>TA\u015eACAK BU DEN\u0130Z D\u0130Z\u0130S\u0130NDE SEY\u0130RC\u0130N\u0130N FARK ETT\u0130\u011e\u0130 HATA!<\/h3>\n<p>TRT 1\u2019in yeni dizisi <a href=\"https:\/\/www.tgrthaber.com\/mavikadin\/tasacak-bu-deniz-3-bolum-yeni-fragmani-yayinlandi-adil-ve-esme-yillar-sonra-ayni-yerde\/\">Ta\u015facak Bu Deniz<\/a>, ikinci b\u00f6l\u00fcm\u00fcyle adeta f\u0131rt\u0131na gibi esti. Cuma ak\u015famlar\u0131n\u0131 ekrana gelen Ta\u015facak Bu Deniz, ilk yay\u0131nland\u0131\u011f\u0131 andan beri tansiyon hi\u00e7 eksik olmad\u0131. \u0130kinci b\u00f6l\u00fcm\u00fcyle heyecan\u0131 zirve yapan Ta\u015facak Bu Deniz, Adil ve Eleni\u2019nin \u00f6l\u00fcm ve kal\u0131m sava\u015f\u0131ndaki dengeleri de\u011fi\u015ftirdi.<\/p>\n<p><img loading=\"lazy\" decoding=\"async\" class=\"alignnone size-full wp-image-252452\" src=\"https:\/\/www.tgrthaber.com\/mavikadin\/wp-content\/uploads\/ARZU-2025-10-22T095925.751.jpg\" alt=\"Ta\u015facak Bu Deniz dizisinde seyircinin fark etti\u011fi hata! Kavga s\u0131ras\u0131nda bak\u0131n ne olmu\u015f\" width=\"1208\" height=\"680\" title=\"\" srcset=\"https:\/\/www.tgrthaber.com\/mavikadin\/wp-content\/uploads\/ARZU-2025-10-22T095925.751.jpg 1208w, https:\/\/www.tgrthaber.com\/mavikadin\/wp-content\/uploads\/ARZU-2025-10-22T095925.751-300x169.jpg 300w, https:\/\/www.tgrthaber.com\/mavikadin\/wp-content\/uploads\/ARZU-2025-10-22T095925.751-1024x576.jpg 1024w, https:\/\/www.tgrthaber.com\/mavikadin\/wp-content\/uploads\/ARZU-2025-10-22T095925.751-768x432.jpg 768w\" sizes=\"(max-width: 1208px) 100vw, 1208px\" \/><\/p>\n<hr \/>\n<p>Adil ve Eleni, kendilerine yap\u0131lan pusudan son anda kurtuldular. Ancak daha b\u00fcy\u00fck bir tehlike ile y\u00fczle\u015fecek olan ikili, \u015eerif\u2019in Eleni hakk\u0131nda yerdi\u011fi \u00f6l\u00fcm emri ile daha da merak konusu oldu. K\u00f6yde b\u00fcy\u00fck bir dedikodu fulyas\u0131 ba\u015flat\u0131lm\u0131\u015fken, Yunan Doktor Eleni ile Ko\u00e7ari\u2019nin birlikte oldu\u011fu dedikodusu alm\u0131\u015f ba\u015f\u0131n\u0131 gidiyor.<\/p>\n<p><img loading=\"lazy\" decoding=\"async\" class=\"alignnone size-full wp-image-252451\" src=\"https:\/\/www.tgrthaber.com\/mavikadin\/wp-content\/uploads\/ARZU-2025-10-22T095932.877.jpg\" alt=\"Ta\u015facak Bu Deniz dizisinde seyircinin fark etti\u011fi hata! Kavga s\u0131ras\u0131nda bak\u0131n ne olmu\u015f\" width=\"1208\" height=\"680\" title=\"\" srcset=\"https:\/\/www.tgrthaber.com\/mavikadin\/wp-content\/uploads\/ARZU-2025-10-22T095932.877.jpg 1208w, https:\/\/www.tgrthaber.com\/mavikadin\/wp-content\/uploads\/ARZU-2025-10-22T095932.877-300x169.jpg 300w, https:\/\/www.tgrthaber.com\/mavikadin\/wp-content\/uploads\/ARZU-2025-10-22T095932.877-1024x576.jpg 1024w, https:\/\/www.tgrthaber.com\/mavikadin\/wp-content\/uploads\/ARZU-2025-10-22T095932.877-768x432.jpg 768w\" sizes=\"(max-width: 1208px) 100vw, 1208px\" \/><\/p>\n<hr \/>\n<p>Oru\u00e7 ve Sevcan\u2019\u0131n ni\u015fan haz\u0131rl\u0131klar\u0131 devam ederken ni\u015fanda meydana gelen kavga dikkatleri \u00fczerine \u00e7ekiyor. Adil, \u015eirinim\u2019den ald\u0131\u011f\u0131 arazi de ni\u015fan yap\u0131lmas\u0131n\u0131 istemiyor. Bunun i\u00e7inde b\u00fct\u00fcn Ko\u00e7ari\u2019leri topluyor ve bask\u0131na gidiyor.<\/p>\n<p><img loading=\"lazy\" decoding=\"async\" class=\"alignnone size-full wp-image-252450\" src=\"https:\/\/www.tgrthaber.com\/mavikadin\/wp-content\/uploads\/ARZU-2025-10-22T095938.453.jpg\" alt=\"Ta\u015facak Bu Deniz dizisinde seyircinin fark etti\u011fi hata! Kavga s\u0131ras\u0131nda bak\u0131n ne olmu\u015f\" width=\"1208\" height=\"680\" title=\"\" srcset=\"https:\/\/www.tgrthaber.com\/mavikadin\/wp-content\/uploads\/ARZU-2025-10-22T095938.453.jpg 1208w, https:\/\/www.tgrthaber.com\/mavikadin\/wp-content\/uploads\/ARZU-2025-10-22T095938.453-300x169.jpg 300w, https:\/\/www.tgrthaber.com\/mavikadin\/wp-content\/uploads\/ARZU-2025-10-22T095938.453-1024x576.jpg 1024w, https:\/\/www.tgrthaber.com\/mavikadin\/wp-content\/uploads\/ARZU-2025-10-22T095938.453-768x432.jpg 768w\" sizes=\"(max-width: 1208px) 100vw, 1208px\" \/><\/p>\n<hr \/>\n<p>Adil\u2019in yapt\u0131\u011f\u0131 bask\u0131nda tapunun da kendisinde oldu\u011funu g\u00f6stermesi ve Ko\u00e7ari\u2019ler ile horon etmesi, dizi de kavgaya sahne oluyor. Furtuna\u2019l\u0131lar ve Ko\u00e7ari\u2019lerin kavga sahnesi adeta sosyal medyada binlerce kez izlendi.<\/p>\n<p><img loading=\"lazy\" decoding=\"async\" class=\"alignnone size-full wp-image-252449\" src=\"https:\/\/www.tgrthaber.com\/mavikadin\/wp-content\/uploads\/ARZU-2025-10-22T095943.661.jpg\" alt=\"Ta\u015facak Bu Deniz dizisinde seyircinin fark etti\u011fi hata! Kavga s\u0131ras\u0131nda bak\u0131n ne olmu\u015f\" width=\"1208\" height=\"680\" title=\"\" srcset=\"https:\/\/www.tgrthaber.com\/mavikadin\/wp-content\/uploads\/ARZU-2025-10-22T095943.661.jpg 1208w, https:\/\/www.tgrthaber.com\/mavikadin\/wp-content\/uploads\/ARZU-2025-10-22T095943.661-300x169.jpg 300w, https:\/\/www.tgrthaber.com\/mavikadin\/wp-content\/uploads\/ARZU-2025-10-22T095943.661-1024x576.jpg 1024w, https:\/\/www.tgrthaber.com\/mavikadin\/wp-content\/uploads\/ARZU-2025-10-22T095943.661-768x432.jpg 768w\" sizes=\"(max-width: 1208px) 100vw, 1208px\" \/><\/p>\n<hr \/>\n<p>Ancak Ta\u015facak Bu Deniz dizisinde seyircinin fark etti\u011fi hata, g\u00fcndem oldu. Kavga sahnesi adeta ger\u00e7ek gibi ekranlara gelirken, o sahne de meydana gelenler g\u00fcndem oldu. Kavga s\u0131ras\u0131nda bak\u0131n neler oldu.<\/p>\n<h3><img loading=\"lazy\" decoding=\"async\" class=\"alignnone size-full wp-image-252447\" src=\"https:\/\/www.tgrthaber.com\/mavikadin\/wp-content\/uploads\/ARZU-2025-10-22T095954.249.jpg\" alt=\"Ta\u015facak Bu Deniz dizisinde seyircinin fark etti\u011fi hata! Kavga s\u0131ras\u0131nda bak\u0131n ne olmu\u015f\" width=\"1208\" height=\"680\" title=\"\" srcset=\"https:\/\/www.tgrthaber.com\/mavikadin\/wp-content\/uploads\/ARZU-2025-10-22T095954.249.jpg 1208w, https:\/\/www.tgrthaber.com\/mavikadin\/wp-content\/uploads\/ARZU-2025-10-22T095954.249-300x169.jpg 300w, https:\/\/www.tgrthaber.com\/mavikadin\/wp-content\/uploads\/ARZU-2025-10-22T095954.249-1024x576.jpg 1024w, https:\/\/www.tgrthaber.com\/mavikadin\/wp-content\/uploads\/ARZU-2025-10-22T095954.249-768x432.jpg 768w\" sizes=\"(max-width: 1208px) 100vw, 1208px\" \/><\/h3>\n<hr \/>\n<h3>KAVGA SIRASINDA BAKIN NE OLMU\u015e<\/h3>\n<p>Adil\u2019in Esme\u2019nin yerinde tapusu oldu\u011funun haberini ni\u015fan da vermesiyle o alan bir anda kavga mahaline d\u00f6n\u00fcyor. Ko\u00e7ari ile Furtuna\u2019l\u0131lar aras\u0131nda yap\u0131lan kavga sosyal medyan\u0131n da g\u00fcndemine bomba gibi d\u00fc\u015ft\u00fc.<\/p>\n<p><img loading=\"lazy\" decoding=\"async\" class=\"alignnone size-full wp-image-252448\" src=\"https:\/\/www.tgrthaber.com\/mavikadin\/wp-content\/uploads\/ARZU-2025-10-22T095948.982.jpg\" alt=\"Ta\u015facak Bu Deniz dizisinde seyircinin fark etti\u011fi hata! Kavga s\u0131ras\u0131nda bak\u0131n ne olmu\u015f\" width=\"1208\" height=\"680\" title=\"\" srcset=\"https:\/\/www.tgrthaber.com\/mavikadin\/wp-content\/uploads\/ARZU-2025-10-22T095948.982.jpg 1208w, https:\/\/www.tgrthaber.com\/mavikadin\/wp-content\/uploads\/ARZU-2025-10-22T095948.982-300x169.jpg 300w, https:\/\/www.tgrthaber.com\/mavikadin\/wp-content\/uploads\/ARZU-2025-10-22T095948.982-1024x576.jpg 1024w, https:\/\/www.tgrthaber.com\/mavikadin\/wp-content\/uploads\/ARZU-2025-10-22T095948.982-768x432.jpg 768w\" sizes=\"(max-width: 1208px) 100vw, 1208px\" \/><\/p>\n<hr \/>\n<p>Kavga sahnesinin kamera arkas\u0131 yay\u0131nlanan g\u00f6r\u00fcnt\u00fcler ile dikkat \u00e7ekerken, kameramanlardan birinin de kavgaya dahil olmas\u0131 \u00e7ok konu\u015fuldu. O g\u00f6r\u00fcnt\u00fcler sosyal medyada dikkat \u00e7ekti. Bir di\u011fer yandan oyuncu Burcu Cavrar\u2019\u0131n o kavga esnas\u0131nda burnunun da zedelendi\u011fi iddia edilen konular aras\u0131nda yer ald\u0131.<\/p>\n","protected":false},"excerpt":{"rendered":"<p>TRT 1 ekranlar\u0131n\u0131n fenomen dizisi Ta\u015facak Bu Deniz, izleyici kar\u015f\u0131s\u0131na \u00e7\u0131kmaya devam ediyor. Birbirinden ba\u015far\u0131l\u0131 isimlerin yer ald\u0131\u011f\u0131 Ta\u015facak Bu Deniz dizisinde seyircinin fark etti\u011fi hata g\u00fcndem oldu. Kavga sahnesinde bak\u0131n neler olmu\u015f\u2026<\/p>\n","protected":false},"author":34,"featured_media":252446,"comment_status":"closed","ping_status":"closed","sticky":false,"template":"","format":"standard","meta":{"rank_math_lock_modified_date":false,"footnotes":""},"categories":[602],"tags":[32159,2628,61052,64927],"class_list":["post-252431","post","type-post","status-publish","format-standard","has-post-thumbnail","hentry","category-diziler","tag-dizi","tag-dizi-haberleri","tag-tasacak-bu-deniz","tag-tasacak-bu-deniz-kavga-sahnesi"],"_links":{"self":[{"href":"https:\/\/www.tgrthaber.com\/mavikadin\/wp-json\/wp\/v2\/posts\/252431"}],"collection":[{"href":"https:\/\/www.tgrthaber.com\/mavikadin\/wp-json\/wp\/v2\/posts"}],"about":[{"href":"https:\/\/www.tgrthaber.com\/mavikadin\/wp-json\/wp\/v2\/types\/post"}],"author":[{"embeddable":true,"href":"https:\/\/www.tgrthaber.com\/mavikadin\/wp-json\/wp\/v2\/users\/34"}],"replies":[{"embeddable":true,"href":"https:\/\/www.tgrthaber.com\/mavikadin\/wp-json\/wp\/v2\/comments?post=252431"}],"version-history":[{"count":2,"href":"https:\/\/www.tgrthaber.com\/mavikadin\/wp-json\/wp\/v2\/posts\/252431\/revisions"}],"predecessor-version":[{"id":252454,"href":"https:\/\/www.tgrthaber.com\/mavikadin\/wp-json\/wp\/v2\/posts\/252431\/revisions\/252454"}],"wp:featuredmedia":[{"embeddable":true,"href":"https:\/\/www.tgrthaber.com\/mavikadin\/wp-json\/wp\/v2\/media\/252446"}],"wp:attachment":[{"href":"https:\/\/www.tgrthaber.com\/mavikadin\/wp-json\/wp\/v2\/media?parent=252431"}],"wp:term":[{"taxonomy":"category","embeddable":true,"href":"https:\/\/www.tgrthaber.com\/mavikadin\/wp-json\/wp\/v2\/categories?post=252431"},{"taxonomy":"post_tag","embeddable":true,"href":"https:\/\/www.tgrthaber.com\/mavikadin\/wp-json\/wp\/v2\/tags?post=252431"}],"curies":[{"name":"wp","href":"https:\/\/api.w.org\/{rel}","templated":true}]}}