{"id":252472,"date":"2025-10-22T10:44:27","date_gmt":"2025-10-22T07:44:27","guid":{"rendered":"https:\/\/www.tgrthaber.com\/mavikadin\/?p=252472"},"modified":"2025-10-22T10:44:27","modified_gmt":"2025-10-22T07:44:27","slug":"sahtekarlar-dizisinin-onderi-ugur-aslandan-yeni-proje-atagi-ketenpere-dalavere-filmiyle-geliyor","status":"publish","type":"post","link":"https:\/\/www.tgrthaber.com\/mavikadin\/sahtekarlar-dizisinin-onderi-ugur-aslandan-yeni-proje-atagi-ketenpere-dalavere-filmiyle-geliyor\/","title":{"rendered":"Sahtekarlar dizisinin \u00d6nder\u2019i U\u011fur Aslan\u2019dan yeni proje ata\u011f\u0131! Ketenpere Dalavere filmiyle geliyor"},"content":{"rendered":"<p>U\u011fur Aslan, \u015fimdilerde NOW TV\u2019nin yeni iddial\u0131 dizisi Sahtekarlar\u2019da \u00d6nder karakteriyle ekranlara geliyor. Ba\u015far\u0131l\u0131 oyunculu\u011fuyla dikkat \u00e7eken U\u011fur Aslan\u2019dan yeni proje ata\u011f\u0131 geldi. \u00d6zellikle Yarg\u0131 dizisiyle b\u00fcy\u00fck bir hayran kitlesine sahip olan U\u011fur Aslan, Ketenpere Dalavere filmine dahil oldu. U\u011fur Aslan\u2019\u0131n filmdeki rol\u00fc ise \u015fimdiden merak konusu oldu.<\/p>\n<h3>SAHTEKARLAR D\u0130Z\u0130S\u0130N\u0130N \u00d6NDER\u2019\u0130 U\u011eUR ASLAN\u2019DAN YEN\u0130 PROJE ATA\u011eI!<\/h3>\n<p><a href=\"https:\/\/www.tgrthaber.com\/mavikadin\/berna-lacinden-sahtekarlar-dizisine-elestiri-hilal-altinbileke-sert-sozler\/\">Sahtekarlar<\/a> dizisinde \u00d6nder karakteriyle ekranlara gelen U\u011fur Aslan\u2019dan yeni proje ata\u011f\u0131 geldi. NOW TV ekranlar\u0131n\u0131n yeni iddial\u0131 dizisinde performans\u0131yla seyircinin dikkatini \u00e7eken Aslan, birbirinden ba\u015far\u0131l\u0131 projelere imza atmaya devam ediyor.<\/p>\n<p><img loading=\"lazy\" decoding=\"async\" class=\"size-full wp-image-252476\" src=\"https:\/\/www.tgrthaber.com\/mavikadin\/wp-content\/uploads\/Ugur-Aslan-17.jpg\" alt=\"Sahtekarlar dizisinin \u00d6nder\u2019i U\u011fur Aslan\u2019dan yeni proje ata\u011f\u0131! Ketenpere Dalavere filmiyle geliyor\" width=\"1208\" height=\"680\" title=\"\" srcset=\"https:\/\/www.tgrthaber.com\/mavikadin\/wp-content\/uploads\/Ugur-Aslan-17.jpg 1208w, https:\/\/www.tgrthaber.com\/mavikadin\/wp-content\/uploads\/Ugur-Aslan-17-300x169.jpg 300w, https:\/\/www.tgrthaber.com\/mavikadin\/wp-content\/uploads\/Ugur-Aslan-17-1024x576.jpg 1024w, https:\/\/www.tgrthaber.com\/mavikadin\/wp-content\/uploads\/Ugur-Aslan-17-768x432.jpg 768w\" sizes=\"(max-width: 1208px) 100vw, 1208px\" \/><\/p>\n<hr \/>\n<p>Kanal D ekranlar\u0131nda yay\u0131nland\u0131\u011f\u0131 d\u00f6neme damga vuran Yarg\u0131 dizisinde \u2018Eren\u2019 rol\u00fcyle haf\u0131zalara kaz\u0131nan U\u011fur Aslan, ba\u015far\u0131l\u0131 oyunculuk performans\u0131yla ad\u0131ndan s\u00f6z ettiriyor. Ekranlar\u0131n yeni iddial\u0131 dizisi <a href=\"https:\/\/www.tgrthaber.com\/mavikadin\/sahtekarlar-2-bolumde-neler-oldu-sahtekarlar-3-bolum-fragmani-yayinlandi-mi\/\">Sahtekarlar\u2019da<\/a> boy g\u00f6steren Aslan, yeni projeleriyle g\u00fcndem oluyor.<\/p>\n<p><img loading=\"lazy\" decoding=\"async\" class=\"size-full wp-image-252480\" src=\"https:\/\/www.tgrthaber.com\/mavikadin\/wp-content\/uploads\/Ugur-Aslan-21.jpg\" alt=\"Sahtekarlar dizisinin \u00d6nder\u2019i U\u011fur Aslan\u2019dan yeni proje ata\u011f\u0131! Ketenpere Dalavere filmiyle geliyor\" width=\"1208\" height=\"680\" title=\"\" srcset=\"https:\/\/www.tgrthaber.com\/mavikadin\/wp-content\/uploads\/Ugur-Aslan-21.jpg 1208w, https:\/\/www.tgrthaber.com\/mavikadin\/wp-content\/uploads\/Ugur-Aslan-21-300x169.jpg 300w, https:\/\/www.tgrthaber.com\/mavikadin\/wp-content\/uploads\/Ugur-Aslan-21-1024x576.jpg 1024w, https:\/\/www.tgrthaber.com\/mavikadin\/wp-content\/uploads\/Ugur-Aslan-21-768x432.jpg 768w\" sizes=\"(max-width: 1208px) 100vw, 1208px\" \/><\/p>\n<hr \/>\n<p>\u00d6zellikle Yarg\u0131 dizisinde Eren komiser karakteriyle dikkatleri \u00fczerine \u00e7eken U\u011fur Aslan, e\u015fi Sema Ergenekon\u2019un kaleme ald\u0131\u011f\u0131 <a href=\"https:\/\/www.tgrthaber.com\/mavikadin\/sahtekarlar-dizisi-hangi-gun-oynuyor-sahtekarlar-dizisi-hangi-kanalda\/\">Sahtekarlar<\/a> dizisinde \u2018\u00d6nder\u2019 karakteriyle oyunculuk kariyerine devam ediyor. \u015eimdilerde yeni proje ata\u011f\u0131yla ad\u0131ndan s\u00f6z ettiren Aslan, Ketenpere Dalavere filmiyle ekranlara geliyor.<\/p>\n<p><img loading=\"lazy\" decoding=\"async\" class=\"size-full wp-image-252478\" src=\"https:\/\/www.tgrthaber.com\/mavikadin\/wp-content\/uploads\/Ugur-Aslan-19.jpg\" alt=\"Sahtekarlar dizisinin \u00d6nder\u2019i U\u011fur Aslan\u2019dan yeni proje ata\u011f\u0131! Ketenpere Dalavere filmiyle geliyor\" width=\"1208\" height=\"680\" title=\"\" srcset=\"https:\/\/www.tgrthaber.com\/mavikadin\/wp-content\/uploads\/Ugur-Aslan-19.jpg 1208w, https:\/\/www.tgrthaber.com\/mavikadin\/wp-content\/uploads\/Ugur-Aslan-19-300x169.jpg 300w, https:\/\/www.tgrthaber.com\/mavikadin\/wp-content\/uploads\/Ugur-Aslan-19-1024x576.jpg 1024w, https:\/\/www.tgrthaber.com\/mavikadin\/wp-content\/uploads\/Ugur-Aslan-19-768x432.jpg 768w\" sizes=\"(max-width: 1208px) 100vw, 1208px\" \/><\/p>\n<hr \/>\n<h3>U\u011eUR ASLAN KETENPERE DALAVERE F\u0130LM\u0130YLE GEL\u0130YOR!<\/h3>\n<p>G\u00fc\u00e7l\u00fc sesi ve ba\u015far\u0131l\u0131 oyunculuk performans\u0131yla ad\u0131ndan s\u00f6z ettiren U\u011fur Aslan, sezonun yeni dizileri aras\u0131nda yer alan <a href=\"https:\/\/www.tgrthaber.com\/mavikadin\/sahtekarlar-2-bolumde-asya-hidayeti-kizi-olduguna-ikna-edebilecek-mi-koray-ertanin-oyununu-ortaya-mi-cikaracak\/\">Sahtekarlar\u2019da<\/a> \u00d6nder karakteriyle izleyici kar\u015f\u0131s\u0131na \u00e7\u0131k\u0131yor.<\/p>\n<p><img loading=\"lazy\" decoding=\"async\" class=\"size-full wp-image-252474\" src=\"https:\/\/www.tgrthaber.com\/mavikadin\/wp-content\/uploads\/Ugur-Aslan-15.jpg\" alt=\"Sahtekarlar dizisinin \u00d6nder\u2019i U\u011fur Aslan\u2019dan yeni proje ata\u011f\u0131! Ketenpere Dalavere filmiyle geliyor\" width=\"1208\" height=\"680\" title=\"\" srcset=\"https:\/\/www.tgrthaber.com\/mavikadin\/wp-content\/uploads\/Ugur-Aslan-15.jpg 1208w, https:\/\/www.tgrthaber.com\/mavikadin\/wp-content\/uploads\/Ugur-Aslan-15-300x169.jpg 300w, https:\/\/www.tgrthaber.com\/mavikadin\/wp-content\/uploads\/Ugur-Aslan-15-1024x576.jpg 1024w, https:\/\/www.tgrthaber.com\/mavikadin\/wp-content\/uploads\/Ugur-Aslan-15-768x432.jpg 768w\" sizes=\"(max-width: 1208px) 100vw, 1208px\" \/><\/p>\n<hr \/>\n<p>Gazeteci Birsen Altunta\u015f\u2019\u0131n haberine g\u00f6re; <a href=\"https:\/\/www.tgrthaber.com\/mavikadin\/sahtekarlar-dizisinin-onderi-ugur-aslan-kimdir-ugur-aslan-kiminle-evli-kac-cocugu-var\/?p=2\">U\u011fur Aslan<\/a>, \u00fcnl\u00fc komedyen \u015eafak Sezer\u2019in \u201cKetenpere\u201d serisinin yeni filmi \u201cKetenpere Dalavere\u201dyle geliyor. Sezer\u2019in Poll Films by Polat Ya\u011fc\u0131 imzal\u0131 yeni filminde Aslan, uzayl\u0131lar\u0131n varl\u0131\u011f\u0131na inanan zengin bilim insan\u0131 \u2018Feza\u2019 karakterini oynad\u0131. Feza karakteriyle filme renk katan Aslan\u2019\u0131n performans\u0131 \u015fimdiden merak edildi.<\/p>\n<p><img loading=\"lazy\" decoding=\"async\" class=\"size-full wp-image-252475\" src=\"https:\/\/www.tgrthaber.com\/mavikadin\/wp-content\/uploads\/Ugur-Aslan-16.jpg\" alt=\"Sahtekarlar dizisinin \u00d6nder\u2019i U\u011fur Aslan\u2019dan yeni proje ata\u011f\u0131! Ketenpere Dalavere filmiyle geliyor\" width=\"1208\" height=\"680\" title=\"\" srcset=\"https:\/\/www.tgrthaber.com\/mavikadin\/wp-content\/uploads\/Ugur-Aslan-16.jpg 1208w, https:\/\/www.tgrthaber.com\/mavikadin\/wp-content\/uploads\/Ugur-Aslan-16-300x169.jpg 300w, https:\/\/www.tgrthaber.com\/mavikadin\/wp-content\/uploads\/Ugur-Aslan-16-1024x576.jpg 1024w, https:\/\/www.tgrthaber.com\/mavikadin\/wp-content\/uploads\/Ugur-Aslan-16-768x432.jpg 768w\" sizes=\"(max-width: 1208px) 100vw, 1208px\" \/><\/p>\n<hr \/>\n<p>Di\u011fer yandan bir\u00e7ok ba\u015far\u0131l\u0131 sinema projesine imza atan \u015eafak Sezer, pe\u015f pe\u015fe \u00e7ekti\u011fi filmlerle beyaz perdeye hareket kat\u0131yor. \u015eafak Sezer\u2019in \u201cKetenpere Dalavere\u201d filmi 16 Ocak\u2019ta g\u00f6sterime giriyor.<\/p>\n<p><img loading=\"lazy\" decoding=\"async\" class=\"size-full wp-image-252481\" src=\"https:\/\/www.tgrthaber.com\/mavikadin\/wp-content\/uploads\/Ugur-Aslan-13.jpg\" alt=\"Sahtekarlar dizisinin \u00d6nder\u2019i U\u011fur Aslan\u2019dan yeni proje ata\u011f\u0131! Ketenpere Dalavere filmiyle geliyor\" width=\"1208\" height=\"680\" title=\"\" srcset=\"https:\/\/www.tgrthaber.com\/mavikadin\/wp-content\/uploads\/Ugur-Aslan-13.jpg 1208w, https:\/\/www.tgrthaber.com\/mavikadin\/wp-content\/uploads\/Ugur-Aslan-13-300x169.jpg 300w, https:\/\/www.tgrthaber.com\/mavikadin\/wp-content\/uploads\/Ugur-Aslan-13-1024x576.jpg 1024w, https:\/\/www.tgrthaber.com\/mavikadin\/wp-content\/uploads\/Ugur-Aslan-13-768x432.jpg 768w\" sizes=\"(max-width: 1208px) 100vw, 1208px\" \/><\/p>\n<hr \/>\n<h3>U\u011eUR ASLAN K\u0130MD\u0130R?<\/h3>\n<p>U\u011fur Aslan, T\u00fcrk dizi, sinema, tiyatro oyuncusu ve m\u00fczisyendir. Aslan, 9 \u015eubat 1972\u2019de Hatay\u2019\u0131n Reyhanl\u0131 il\u00e7esine ba\u011fl\u0131 Melekli k\u00f6y\u00fcnde d\u00fcnyaya geldi. Dokuz \u00e7ocuklu bir ailenin en k\u00fc\u00e7\u00fck \u00e7ocu\u011fu alan Aslan, ilkokul ve ortaokul e\u011fitimini Reyhanl\u0131 Devlet Paras\u0131z Yat\u0131l\u0131 Okulu\u2019nda sonras\u0131nda lise e\u011fitimini ise Antakya Ticaret Lisesi\u2019nde tamamlad\u0131.<\/p>\n<p><img loading=\"lazy\" decoding=\"async\" class=\"size-full wp-image-252479\" src=\"https:\/\/www.tgrthaber.com\/mavikadin\/wp-content\/uploads\/Ugur-Aslan-20.jpg\" alt=\"Sahtekarlar dizisinin \u00d6nder\u2019i U\u011fur Aslan\u2019dan yeni proje ata\u011f\u0131! Ketenpere Dalavere filmiyle geliyor\" width=\"1208\" height=\"680\" title=\"\" srcset=\"https:\/\/www.tgrthaber.com\/mavikadin\/wp-content\/uploads\/Ugur-Aslan-20.jpg 1208w, https:\/\/www.tgrthaber.com\/mavikadin\/wp-content\/uploads\/Ugur-Aslan-20-300x169.jpg 300w, https:\/\/www.tgrthaber.com\/mavikadin\/wp-content\/uploads\/Ugur-Aslan-20-1024x576.jpg 1024w, https:\/\/www.tgrthaber.com\/mavikadin\/wp-content\/uploads\/Ugur-Aslan-20-768x432.jpg 768w\" sizes=\"(max-width: 1208px) 100vw, 1208px\" \/><\/p>\n<hr \/>\n<p>Oyunculu\u011fa olan ilgisi tiyatro ile ba\u015flayan U\u011fur Aslan, lise y\u0131llar\u0131nda tiyatroyla ilgilendi. Lise e\u011fitimi s\u0131ras\u0131nda 20\u2019den fazla tiyatro oyununda yer alan U\u011fur Aslan, \u00fcniversite e\u011fitimi i\u00e7in Ankara\u2019ya gitti. Aslan, Ankara \u00dcniversitesi Dil ve Tarih-Co\u011frafya Fak\u00fcltesi Tiyatro B\u00f6l\u00fcm\u00fc\u2019nde oyunculuk alan\u0131nda y\u00fcksek\u00f6\u011frenimini tamamlad\u0131.<\/p>\n<p><img loading=\"lazy\" decoding=\"async\" class=\"size-full wp-image-252477\" src=\"https:\/\/www.tgrthaber.com\/mavikadin\/wp-content\/uploads\/Ugur-Aslan-18.jpg\" alt=\"Sahtekarlar dizisinin \u00d6nder\u2019i U\u011fur Aslan\u2019dan yeni proje ata\u011f\u0131! Ketenpere Dalavere filmiyle geliyor\" width=\"1208\" height=\"680\" title=\"\" srcset=\"https:\/\/www.tgrthaber.com\/mavikadin\/wp-content\/uploads\/Ugur-Aslan-18.jpg 1208w, https:\/\/www.tgrthaber.com\/mavikadin\/wp-content\/uploads\/Ugur-Aslan-18-300x169.jpg 300w, https:\/\/www.tgrthaber.com\/mavikadin\/wp-content\/uploads\/Ugur-Aslan-18-1024x576.jpg 1024w, https:\/\/www.tgrthaber.com\/mavikadin\/wp-content\/uploads\/Ugur-Aslan-18-768x432.jpg 768w\" sizes=\"(max-width: 1208px) 100vw, 1208px\" \/><\/p>\n<hr \/>\n<p>\u015eimdilerde 53 ya\u015f\u0131nda olan U\u011fur Aslan, ba\u015far\u0131l\u0131 oyunculuk kariyerinin yan\u0131 s\u0131ra g\u00fc\u00e7l\u00fc sesiyle de dikkatleri \u00fczerine \u00e7ekmeye devam ediyor. \u00dcnl\u00fc oyuncu birbirinden ba\u015far\u0131l\u0131 projelerde boy g\u00f6stermeye devam ediyor.<\/p>\n","protected":false},"excerpt":{"rendered":"<p>Sahtekarlar dizisinde \u00d6nder karakterini oynayan U\u011fur Aslan, yeni projesiyle dikkat \u00e7ekti. Ba\u015far\u0131l\u0131 oyunculu\u011fuyla ad\u0131ndan s\u00f6z ettiren \u00fcnl\u00fc oyuncu, Ketenpere Dalavere filminde boy g\u00f6sterdi. \u0130\u015fte detaylar\u2026<\/p>\n","protected":false},"author":26,"featured_media":252473,"comment_status":"closed","ping_status":"closed","sticky":false,"template":"","format":"standard","meta":{"rank_math_lock_modified_date":false,"footnotes":""},"categories":[602],"tags":[2628,3602,64929,2332,64928],"class_list":["post-252472","post","type-post","status-publish","format-standard","has-post-thumbnail","hentry","category-diziler","tag-dizi-haberleri","tag-diziler","tag-ketenpere-dalavere-filmi","tag-ugur-aslan","tag-ugur-aslan-ketenpere-dalavere"],"_links":{"self":[{"href":"https:\/\/www.tgrthaber.com\/mavikadin\/wp-json\/wp\/v2\/posts\/252472"}],"collection":[{"href":"https:\/\/www.tgrthaber.com\/mavikadin\/wp-json\/wp\/v2\/posts"}],"about":[{"href":"https:\/\/www.tgrthaber.com\/mavikadin\/wp-json\/wp\/v2\/types\/post"}],"author":[{"embeddable":true,"href":"https:\/\/www.tgrthaber.com\/mavikadin\/wp-json\/wp\/v2\/users\/26"}],"replies":[{"embeddable":true,"href":"https:\/\/www.tgrthaber.com\/mavikadin\/wp-json\/wp\/v2\/comments?post=252472"}],"version-history":[{"count":1,"href":"https:\/\/www.tgrthaber.com\/mavikadin\/wp-json\/wp\/v2\/posts\/252472\/revisions"}],"predecessor-version":[{"id":252482,"href":"https:\/\/www.tgrthaber.com\/mavikadin\/wp-json\/wp\/v2\/posts\/252472\/revisions\/252482"}],"wp:featuredmedia":[{"embeddable":true,"href":"https:\/\/www.tgrthaber.com\/mavikadin\/wp-json\/wp\/v2\/media\/252473"}],"wp:attachment":[{"href":"https:\/\/www.tgrthaber.com\/mavikadin\/wp-json\/wp\/v2\/media?parent=252472"}],"wp:term":[{"taxonomy":"category","embeddable":true,"href":"https:\/\/www.tgrthaber.com\/mavikadin\/wp-json\/wp\/v2\/categories?post=252472"},{"taxonomy":"post_tag","embeddable":true,"href":"https:\/\/www.tgrthaber.com\/mavikadin\/wp-json\/wp\/v2\/tags?post=252472"}],"curies":[{"name":"wp","href":"https:\/\/api.w.org\/{rel}","templated":true}]}}