{"id":252517,"date":"2025-10-22T12:24:43","date_gmt":"2025-10-22T09:24:43","guid":{"rendered":"https:\/\/www.tgrthaber.com\/mavikadin\/?p=252517"},"modified":"2025-10-22T12:24:43","modified_gmt":"2025-10-22T09:24:43","slug":"black-books-konusu-nedir-black-books-ne-zaman-yayinlandi-nereden-izlenir","status":"publish","type":"post","link":"https:\/\/www.tgrthaber.com\/mavikadin\/black-books-konusu-nedir-black-books-ne-zaman-yayinlandi-nereden-izlenir\/","title":{"rendered":"Black Books konusu nedir? Black Books ne zaman yay\u0131nland\u0131 nereden izlenir?"},"content":{"rendered":"<p>Bir d\u00f6nemlerin en pop\u00fcler dizilerinden biri olan Black Books, tekrardan g\u00fcndem oluyor. Sosyal medyan\u0131n da merakla takip etti\u011fi bu dizi ara\u015ft\u0131r\u0131lmaya ba\u015fland\u0131. Peki, Black Books konusu nedir? Black Books ne zaman yay\u0131nland\u0131 nereden izlenir? sorular\u0131n\u0131 sizin i\u00e7in ara\u015ft\u0131rd\u0131k. \u0130\u015fte detaylar\u2026<\/p>\n<h3>BLACK BOOKS KONUSU NED\u0130R?<\/h3>\n<p>2000\u2019li y\u0131llar\u0131n en \u00e7ok izlenen yap\u0131mlar\u0131 aras\u0131nda yer alan Black Books, \u015fimdilerde tekrardan g\u00fcndem oldu. Bir\u00e7ok sosyal medya kullan\u0131c\u0131s\u0131n\u0131n payla\u015ft\u0131\u011f\u0131 Black Books, k\u0131sa s\u00fcre de izleme rekorlar\u0131na yakla\u015ft\u0131.<\/p>\n<p><img loading=\"lazy\" decoding=\"async\" class=\"alignnone size-full wp-image-252536\" src=\"https:\/\/www.tgrthaber.com\/mavikadin\/wp-content\/uploads\/ARZU-2025-10-22T122121.977.jpg\" alt=\"Black Books konusu nedir? Black Books ne zaman yay\u0131nland\u0131 nereden izlenir?\" width=\"1208\" height=\"680\" title=\"\" srcset=\"https:\/\/www.tgrthaber.com\/mavikadin\/wp-content\/uploads\/ARZU-2025-10-22T122121.977.jpg 1208w, https:\/\/www.tgrthaber.com\/mavikadin\/wp-content\/uploads\/ARZU-2025-10-22T122121.977-300x169.jpg 300w, https:\/\/www.tgrthaber.com\/mavikadin\/wp-content\/uploads\/ARZU-2025-10-22T122121.977-1024x576.jpg 1024w, https:\/\/www.tgrthaber.com\/mavikadin\/wp-content\/uploads\/ARZU-2025-10-22T122121.977-768x432.jpg 768w\" sizes=\"(max-width: 1208px) 100vw, 1208px\" \/><\/p>\n<hr \/>\n<p>Dylan Maron ve Graham Linehan taraf\u0131ndan \u00e7ekilen Black Books, Kevin Cecil, Andy Riley, Linehan ve Arthur Mathews taraf\u0131ndan kaleme al\u0131nm\u0131\u015ft\u0131r. Dizi 2000 y\u0131l\u0131ndan 2004 y\u0131l\u0131na kadar \u00fc\u00e7 sezon ekranlarda yer alm\u0131\u015ft\u0131r. O d\u00f6nemler de Channel 4 kanal\u0131nda yay\u0131nlanan Black Bokks, Londra kitap\u00e7\u0131s\u0131nda ge\u00e7iyor.<\/p>\n<p><img loading=\"lazy\" decoding=\"async\" class=\"alignnone size-full wp-image-252533\" src=\"https:\/\/www.tgrthaber.com\/mavikadin\/wp-content\/uploads\/ARZU-2025-10-22T122127.307.jpg\" alt=\"Black Books konusu nedir? Black Books ne zaman yay\u0131nland\u0131 nereden izlenir?\" width=\"1208\" height=\"680\" title=\"\" srcset=\"https:\/\/www.tgrthaber.com\/mavikadin\/wp-content\/uploads\/ARZU-2025-10-22T122127.307.jpg 1208w, https:\/\/www.tgrthaber.com\/mavikadin\/wp-content\/uploads\/ARZU-2025-10-22T122127.307-300x169.jpg 300w, https:\/\/www.tgrthaber.com\/mavikadin\/wp-content\/uploads\/ARZU-2025-10-22T122127.307-1024x576.jpg 1024w, https:\/\/www.tgrthaber.com\/mavikadin\/wp-content\/uploads\/ARZU-2025-10-22T122127.307-768x432.jpg 768w\" sizes=\"(max-width: 1208px) 100vw, 1208px\" \/><\/p>\n<hr \/>\n<p>Dizi de kitap\u00e7\u0131n\u0131n sahibi, asistan\u0131 ve arkada\u015flar\u0131n\u0131n hayatlar\u0131 ele al\u0131n\u0131yor. Bernard Black, Londra\u2019da k\u00fc\u00e7\u00fck bir kitap\u00e7\u0131 olarak kar\u015f\u0131m\u0131za \u00e7\u0131kmaktad\u0131r. Dizi de Bernard, Manny ve Fran\u2019in hayatlar\u0131 konu alan bu dizi, Bernard&#8217;\u0131n huysuz ve insanlardan nefret eden bir d\u00fckk\u00e2n sahibi ki\u015fili\u011fi \u00f6n plana \u00e7\u0131kar.<\/p>\n<p><img loading=\"lazy\" decoding=\"async\" class=\"alignnone size-full wp-image-252526\" src=\"https:\/\/www.tgrthaber.com\/mavikadin\/wp-content\/uploads\/ARZU-2025-10-22T122222.993.jpg\" alt=\"Black Books konusu nedir? Black Books ne zaman yay\u0131nland\u0131 nereden izlenir?\" width=\"1208\" height=\"680\" title=\"\" srcset=\"https:\/\/www.tgrthaber.com\/mavikadin\/wp-content\/uploads\/ARZU-2025-10-22T122222.993.jpg 1208w, https:\/\/www.tgrthaber.com\/mavikadin\/wp-content\/uploads\/ARZU-2025-10-22T122222.993-300x169.jpg 300w, https:\/\/www.tgrthaber.com\/mavikadin\/wp-content\/uploads\/ARZU-2025-10-22T122222.993-1024x576.jpg 1024w, https:\/\/www.tgrthaber.com\/mavikadin\/wp-content\/uploads\/ARZU-2025-10-22T122222.993-768x432.jpg 768w\" sizes=\"(max-width: 1208px) 100vw, 1208px\" \/><\/p>\n<hr \/>\n<p>Bir di\u011fer yandan en yak\u0131n arkada\u015f\u0131 Fran ve kitap\u00e7\u0131n\u0131n yan\u0131ndaki \u015f\u0131k hediyelik tasan e\u015fya d\u00fckk\u00e2n\u0131 olan Nifty Gifty\u2019yi i\u015fletir. Bernard kitap\u00e7\u0131s\u0131na \u00e7ok az ilgi ve bilgi g\u00f6steriyor. Ayr\u0131ca d\u00fckk\u00e2n\u0131n i\u00e7inde etkile\u015fimde bulunmak zorunda da kalm\u0131yor. \u00c7\u00fcnk\u00fc bunu bilerek yap\u0131yor.<\/p>\n<h3><img loading=\"lazy\" decoding=\"async\" class=\"alignnone size-full wp-image-252531\" src=\"https:\/\/www.tgrthaber.com\/mavikadin\/wp-content\/uploads\/ARZU-2025-10-22T122137.632.jpg\" alt=\"Black Books konusu nedir? Black Books ne zaman yay\u0131nland\u0131 nereden izlenir?\" width=\"1208\" height=\"680\" title=\"\" srcset=\"https:\/\/www.tgrthaber.com\/mavikadin\/wp-content\/uploads\/ARZU-2025-10-22T122137.632.jpg 1208w, https:\/\/www.tgrthaber.com\/mavikadin\/wp-content\/uploads\/ARZU-2025-10-22T122137.632-300x169.jpg 300w, https:\/\/www.tgrthaber.com\/mavikadin\/wp-content\/uploads\/ARZU-2025-10-22T122137.632-1024x576.jpg 1024w, https:\/\/www.tgrthaber.com\/mavikadin\/wp-content\/uploads\/ARZU-2025-10-22T122137.632-768x432.jpg 768w\" sizes=\"(max-width: 1208px) 100vw, 1208px\" \/><\/h3>\n<hr \/>\n<h3>BLACK BOOKS NE ZAMAN YAYINLANDI?<\/h3>\n<p>Son zamanlarda sosyal medyada da g\u00fcndem olan Black Books, pilot b\u00f6l\u00fcm\u00fc ile 1998\u2019de yay\u0131nlanm\u0131\u015ft\u0131r.\u00a0 Black Books Riverside St\u00fcdyolar\u0131&#8217;ndaki Channel 4 sitcom festivalinde yay\u0131nland\u0131. Daha sonra pilot b\u00f6l\u00fcm\u00fc ile geli\u015ftirilerek 2000 y\u0131l\u0131nda yay\u0131nlanmaya ba\u015flad\u0131.<\/p>\n<p><img loading=\"lazy\" decoding=\"async\" class=\"alignnone size-full wp-image-252530\" src=\"https:\/\/www.tgrthaber.com\/mavikadin\/wp-content\/uploads\/ARZU-2025-10-22T122144.674.jpg\" alt=\"Black Books konusu nedir? Black Books ne zaman yay\u0131nland\u0131 nereden izlenir?\" width=\"1208\" height=\"680\" title=\"\" srcset=\"https:\/\/www.tgrthaber.com\/mavikadin\/wp-content\/uploads\/ARZU-2025-10-22T122144.674.jpg 1208w, https:\/\/www.tgrthaber.com\/mavikadin\/wp-content\/uploads\/ARZU-2025-10-22T122144.674-300x169.jpg 300w, https:\/\/www.tgrthaber.com\/mavikadin\/wp-content\/uploads\/ARZU-2025-10-22T122144.674-1024x576.jpg 1024w, https:\/\/www.tgrthaber.com\/mavikadin\/wp-content\/uploads\/ARZU-2025-10-22T122144.674-768x432.jpg 768w\" sizes=\"(max-width: 1208px) 100vw, 1208px\" \/><\/p>\n<hr \/>\n<p>Dizinin pilot b\u00f6l\u00fcm\u00fcn\u00fcn ard\u0131ndan \u00e7ok say\u0131da deneme yap\u0131lm\u0131\u015f ancak \u00f6zg\u00fcn bir eser yolunda kalmas\u0131 istendi\u011fi de iddia ediliyor. \u00a0Ancak Father Ted adl\u0131 sitcom\u2019un ortak yazar\u0131 olan Linehan, pilot b\u00f6l\u00fcm\u00fc izlemesiyle yay\u0131nlamas\u0131n\u0131 istemi\u015f.<\/p>\n<h3><img loading=\"lazy\" decoding=\"async\" class=\"alignnone size-full wp-image-252529\" src=\"https:\/\/www.tgrthaber.com\/mavikadin\/wp-content\/uploads\/ARZU-2025-10-22T122200.320.jpg\" alt=\"Black Books konusu nedir? Black Books ne zaman yay\u0131nland\u0131 nereden izlenir?\" width=\"1208\" height=\"680\" title=\"\" srcset=\"https:\/\/www.tgrthaber.com\/mavikadin\/wp-content\/uploads\/ARZU-2025-10-22T122200.320.jpg 1208w, https:\/\/www.tgrthaber.com\/mavikadin\/wp-content\/uploads\/ARZU-2025-10-22T122200.320-300x169.jpg 300w, https:\/\/www.tgrthaber.com\/mavikadin\/wp-content\/uploads\/ARZU-2025-10-22T122200.320-1024x576.jpg 1024w, https:\/\/www.tgrthaber.com\/mavikadin\/wp-content\/uploads\/ARZU-2025-10-22T122200.320-768x432.jpg 768w\" sizes=\"(max-width: 1208px) 100vw, 1208px\" \/><\/h3>\n<hr \/>\n<h3>BLACK BOOKS NEREDEN \u0130ZLEN\u0130R?<\/h3>\n<p>Birbirinden ba\u015far\u0131l\u0131 isimlerin yer ald\u0131\u011f\u0131 Black Books, sosyal medya da son g\u00fcnlerde merakla izlenmeye ve ara\u015ft\u0131r\u0131lmaya ba\u015fland\u0131. 2000\u2019li yap\u0131m olan Black Books, ilk olarak ekranlarda Channel 4\u2019te yay\u0131nlanarak ekranlara geliyordu.<\/p>\n<p><img loading=\"lazy\" decoding=\"async\" class=\"alignnone size-full wp-image-252528\" src=\"https:\/\/www.tgrthaber.com\/mavikadin\/wp-content\/uploads\/ARZU-2025-10-22T122208.546.jpg\" alt=\"Black Books konusu nedir? Black Books ne zaman yay\u0131nland\u0131 nereden izlenir?\" width=\"1208\" height=\"680\" title=\"\" srcset=\"https:\/\/www.tgrthaber.com\/mavikadin\/wp-content\/uploads\/ARZU-2025-10-22T122208.546.jpg 1208w, https:\/\/www.tgrthaber.com\/mavikadin\/wp-content\/uploads\/ARZU-2025-10-22T122208.546-300x169.jpg 300w, https:\/\/www.tgrthaber.com\/mavikadin\/wp-content\/uploads\/ARZU-2025-10-22T122208.546-1024x576.jpg 1024w, https:\/\/www.tgrthaber.com\/mavikadin\/wp-content\/uploads\/ARZU-2025-10-22T122208.546-768x432.jpg 768w\" sizes=\"(max-width: 1208px) 100vw, 1208px\" \/><\/p>\n<hr \/>\n<p>\u015eimdilerde tekrardan \u00fcnl\u00fc olan bu<a href=\"https:\/\/www.tgrthaber.com\/mavikadin\/tasacak-bu-deniz-dizisinde-seyircinin-fark-ettigi-hata-kavga-sirasinda-bakin-ne-olmus\/\"> dizi,<\/a> internet arama motorlar\u0131n\u0131n hemen hemen hepsinde yer al\u0131yor. Anca Prime videoda da yer alan Black Books, sitcom tarz\u0131 ile o s\u0131cakl\u0131\u011f\u0131 izleyiciye aktar\u0131yor. Her b\u00f6l\u00fcm e\u011flenceli olmas\u0131yla dikkatleri \u00fczerine \u00e7eken dizi uzun s\u00fcre konu\u015fulacak gibi g\u00f6r\u00fcn\u00fcyor.<\/p>\n","protected":false},"excerpt":{"rendered":"<p>Son d\u00f6nem de sosyal medyan\u0131n da g\u00fcndeminde yer alan Black Books dizisi, merak edilerek ara\u015ft\u0131r\u0131lmaya ba\u015fland\u0131. Peki, Black Books konusu nedir? Black Books ne zaman yay\u0131nland\u0131 nereden izlenir? \u0130\u015fte detaylar\u2026<\/p>\n","protected":false},"author":34,"featured_media":252527,"comment_status":"closed","ping_status":"closed","sticky":false,"template":"","format":"standard","meta":{"rank_math_lock_modified_date":false,"footnotes":""},"categories":[602],"tags":[64932,64933,64934,32159,2628],"class_list":["post-252517","post","type-post","status-publish","format-standard","has-post-thumbnail","hentry","category-diziler","tag-black-books","tag-black-books-konusu","tag-black-books-nerede-yayinlandi","tag-dizi","tag-dizi-haberleri"],"_links":{"self":[{"href":"https:\/\/www.tgrthaber.com\/mavikadin\/wp-json\/wp\/v2\/posts\/252517"}],"collection":[{"href":"https:\/\/www.tgrthaber.com\/mavikadin\/wp-json\/wp\/v2\/posts"}],"about":[{"href":"https:\/\/www.tgrthaber.com\/mavikadin\/wp-json\/wp\/v2\/types\/post"}],"author":[{"embeddable":true,"href":"https:\/\/www.tgrthaber.com\/mavikadin\/wp-json\/wp\/v2\/users\/34"}],"replies":[{"embeddable":true,"href":"https:\/\/www.tgrthaber.com\/mavikadin\/wp-json\/wp\/v2\/comments?post=252517"}],"version-history":[{"count":1,"href":"https:\/\/www.tgrthaber.com\/mavikadin\/wp-json\/wp\/v2\/posts\/252517\/revisions"}],"predecessor-version":[{"id":252546,"href":"https:\/\/www.tgrthaber.com\/mavikadin\/wp-json\/wp\/v2\/posts\/252517\/revisions\/252546"}],"wp:featuredmedia":[{"embeddable":true,"href":"https:\/\/www.tgrthaber.com\/mavikadin\/wp-json\/wp\/v2\/media\/252527"}],"wp:attachment":[{"href":"https:\/\/www.tgrthaber.com\/mavikadin\/wp-json\/wp\/v2\/media?parent=252517"}],"wp:term":[{"taxonomy":"category","embeddable":true,"href":"https:\/\/www.tgrthaber.com\/mavikadin\/wp-json\/wp\/v2\/categories?post=252517"},{"taxonomy":"post_tag","embeddable":true,"href":"https:\/\/www.tgrthaber.com\/mavikadin\/wp-json\/wp\/v2\/tags?post=252517"}],"curies":[{"name":"wp","href":"https:\/\/api.w.org\/{rel}","templated":true}]}}