{"id":252519,"date":"2025-10-22T12:26:10","date_gmt":"2025-10-22T09:26:10","guid":{"rendered":"https:\/\/www.tgrthaber.com\/mavikadin\/?p=252519"},"modified":"2025-10-22T12:26:11","modified_gmt":"2025-10-22T09:26:11","slug":"sinem-yildiz-kimdir-kac-yasinda-sinem-yildiza-ne-oldu","status":"publish","type":"post","link":"https:\/\/www.tgrthaber.com\/mavikadin\/sinem-yildiz-kimdir-kac-yasinda-sinem-yildiza-ne-oldu\/","title":{"rendered":"Sinem Y\u0131ld\u0131z kimdir, ka\u00e7 ya\u015f\u0131nda? Sinem Y\u0131ld\u0131z\u2019a ne oldu?"},"content":{"rendered":"<p>Sinem Y\u0131ld\u0131z, son zamanlarda kamuoyunda dikkat \u00e7eken isimler aras\u0131nda yer al\u0131yor. \u00d6zellikle ba\u015far\u0131l\u0131 sunuculuk kariyeriyle ad\u0131ndan s\u00f6z ettiren Sinem Y\u0131ld\u0131z, sosyal medyada ve arama motorlar\u0131nda s\u0131k\u00e7a ara\u015ft\u0131r\u0131l\u0131yor. Sinem Y\u0131ld\u0131z\u2019\u0131n kim oldu\u011fu da merak ediliyor. Peki, Sinem Y\u0131ld\u0131z <a href=\"https:\/\/www.tgrthaber.com\/mavikadin\/hasan-bayar-kimdir-kac-yasinda-hasan-bayarin-sarkilari-nedir\/\">kimdir?<\/a> Sinem Y\u0131ld\u0131z ka\u00e7 ya\u015f\u0131nda? Sinem Y\u0131ld\u0131z\u2019a ne oldu? Sinem Y\u0131ld\u0131z hakk\u0131nda merak edilenleri sizin i\u00e7in ara\u015ft\u0131rd\u0131k. \u0130\u015fte Sinem Y\u0131ld\u0131z\u2019a dair bilinmeyenler\u2026<\/p>\n<h3>S\u0130NEM YILDIZ K\u0130MD\u0130R?<\/h3>\n<p>Sinem Y\u0131ld\u0131z, televizyon sunucusudur. Y\u0131ld\u0131z, 3 Mart 1980 tarihinde \u0130stanbul Bak\u0131rk\u00f6y\u2019de d\u00fcnyaya geldi. Ba\u015far\u0131l\u0131 sunuculuk kariyeriyle ad\u0131ndan s\u00f6z ettiren Y\u0131ld\u0131z, k\u00fc\u00e7\u00fck ya\u015flarda sanat d\u00fcnyas\u0131na ad\u0131m att\u0131. Erken ya\u015flarda bale ve tiyatro e\u011fitimi alan Y\u0131ld\u0131z, sahne sanatlar\u0131na ilk ad\u0131m\u0131n\u0131 bu \u015fekilde att\u0131. \u0130lkokul, ortaokul ve lise e\u011fitim s\u00fcrecini K\u00fclt\u00fcr Koleji, Ar-El Koleji ve Yenid\u00fcnya Koleji gibi ba\u015far\u0131l\u0131 okullarda tamamlayan Y\u0131ld\u0131z, daha sonra \u00fcniversite e\u011fitimiyle kendini geli\u015ftirdi.<\/p>\n<p><img loading=\"lazy\" decoding=\"async\" class=\"size-full wp-image-252538\" src=\"https:\/\/www.tgrthaber.com\/mavikadin\/wp-content\/uploads\/Sinem-yildiz-6.jpg\" alt=\"Sinem Y\u0131ld\u0131z kimdir, ka\u00e7 ya\u015f\u0131nda? Sinem Y\u0131ld\u0131z\u2019a ne oldu?\" width=\"1208\" height=\"680\" title=\"\" srcset=\"https:\/\/www.tgrthaber.com\/mavikadin\/wp-content\/uploads\/Sinem-yildiz-6.jpg 1208w, https:\/\/www.tgrthaber.com\/mavikadin\/wp-content\/uploads\/Sinem-yildiz-6-300x169.jpg 300w, https:\/\/www.tgrthaber.com\/mavikadin\/wp-content\/uploads\/Sinem-yildiz-6-1024x576.jpg 1024w, https:\/\/www.tgrthaber.com\/mavikadin\/wp-content\/uploads\/Sinem-yildiz-6-768x432.jpg 768w\" sizes=\"(max-width: 1208px) 100vw, 1208px\" \/><\/p>\n<hr \/>\n<p>Sinem Y\u0131ld\u0131z, \u00fcniversite e\u011fitimini Maltepe \u00dcniversitesi G\u00f6rsel \u0130leti\u015fim Tasar\u0131m\u0131 B\u00f6l\u00fcm\u00fc\u2019nde tamamlad\u0131. Medya sekt\u00f6r\u00fcne ilk ad\u0131m\u0131n\u0131 Show TV ekranlar\u0131nda staj yaparak atan Y\u0131ld\u0131z, \u2018Pazar S\u00fcrprizi\u2019 program\u0131nda boy g\u00f6sterdi. Kariyeri boyunca bir\u00e7ok ba\u015far\u0131l\u0131 programda sunuculuk yapan Y\u0131ld\u0131z, Kanal T&#8217;de \u2018Sabah Sefas\u0131\u2019 ve \u2018Still\u2019 adl\u0131 programlar\u0131 sundu.<\/p>\n<p><img loading=\"lazy\" decoding=\"async\" class=\"size-full wp-image-252537\" src=\"https:\/\/www.tgrthaber.com\/mavikadin\/wp-content\/uploads\/Sinem-yildiz-5.jpg\" alt=\"Sinem Y\u0131ld\u0131z kimdir, ka\u00e7 ya\u015f\u0131nda? Sinem Y\u0131ld\u0131z\u2019a ne oldu?\" width=\"1208\" height=\"680\" title=\"\" srcset=\"https:\/\/www.tgrthaber.com\/mavikadin\/wp-content\/uploads\/Sinem-yildiz-5.jpg 1208w, https:\/\/www.tgrthaber.com\/mavikadin\/wp-content\/uploads\/Sinem-yildiz-5-300x169.jpg 300w, https:\/\/www.tgrthaber.com\/mavikadin\/wp-content\/uploads\/Sinem-yildiz-5-1024x576.jpg 1024w, https:\/\/www.tgrthaber.com\/mavikadin\/wp-content\/uploads\/Sinem-yildiz-5-768x432.jpg 768w\" sizes=\"(max-width: 1208px) 100vw, 1208px\" \/><\/p>\n<hr \/>\n<p>Sinem Y\u0131ld\u0131z, bir d\u00f6nem Tempo TV ekranlar\u0131nda \u2018G\u00fcng\u00f6r &amp; Sinem Show\u2019 isimli sabah program\u0131yla izleyici kar\u015f\u0131s\u0131na \u00e7\u0131kt\u0131. Y\u0131ld\u0131z, as\u0131l pop\u00fclerli\u011fini ise \u2018S\u00f6ylemezsem Olmaz\u2019 <a href=\"https:\/\/www.tgrthaber.com\/mavikadin\/magazin-tarihine-gecen-kusluk-sona-erdi-ibrahim-tatlises-ve-yildiz-tilbe-15-yil-sonra-ayni-projede\/\">magazin<\/a> program\u0131yla ger\u00e7ekle\u015ftirdi. \u015eimdilerde ba\u015far\u0131l\u0131 sunuculuk kariyerini t\u00fcm h\u0131z\u0131yla ilerleten Y\u0131ld\u0131z, Seda Sayan\u2019\u0131n yak\u0131n arkada\u015f\u0131 olarak da tan\u0131n\u0131yor.<\/p>\n<p><img loading=\"lazy\" decoding=\"async\" class=\"size-full wp-image-252541\" src=\"https:\/\/www.tgrthaber.com\/mavikadin\/wp-content\/uploads\/Sinem-yildiz-8.jpg\" alt=\"Sinem Y\u0131ld\u0131z kimdir, ka\u00e7 ya\u015f\u0131nda? Sinem Y\u0131ld\u0131z\u2019a ne oldu?\" width=\"1208\" height=\"680\" title=\"\" srcset=\"https:\/\/www.tgrthaber.com\/mavikadin\/wp-content\/uploads\/Sinem-yildiz-8.jpg 1208w, https:\/\/www.tgrthaber.com\/mavikadin\/wp-content\/uploads\/Sinem-yildiz-8-300x169.jpg 300w, https:\/\/www.tgrthaber.com\/mavikadin\/wp-content\/uploads\/Sinem-yildiz-8-1024x576.jpg 1024w, https:\/\/www.tgrthaber.com\/mavikadin\/wp-content\/uploads\/Sinem-yildiz-8-768x432.jpg 768w\" sizes=\"(max-width: 1208px) 100vw, 1208px\" \/><\/p>\n<hr \/>\n<h3>S\u0130NEM YILDIZ KA\u00c7 YA\u015eINDA?<\/h3>\n<p>1980 do\u011fumlu oldu\u011fu bilinen Sinem Y\u0131ld\u0131z, 2025 y\u0131l\u0131 itibar\u0131yla 45 ya\u015f\u0131ndad\u0131r. Kariyerinde uzun y\u0131llar boyunca televizyon ekranlar\u0131nda sunuculuk yapan Y\u0131ld\u0131z, bir\u00e7ok farkl\u0131 programla seyirci kar\u015f\u0131s\u0131na \u00e7\u0131kt\u0131.<\/p>\n<p><img loading=\"lazy\" decoding=\"async\" class=\"size-full wp-image-252540\" src=\"https:\/\/www.tgrthaber.com\/mavikadin\/wp-content\/uploads\/Sinem-yildiz-7.jpg\" alt=\"Sinem Y\u0131ld\u0131z kimdir, ka\u00e7 ya\u015f\u0131nda? Sinem Y\u0131ld\u0131z\u2019a ne oldu?\" width=\"1208\" height=\"680\" title=\"\" srcset=\"https:\/\/www.tgrthaber.com\/mavikadin\/wp-content\/uploads\/Sinem-yildiz-7.jpg 1208w, https:\/\/www.tgrthaber.com\/mavikadin\/wp-content\/uploads\/Sinem-yildiz-7-300x169.jpg 300w, https:\/\/www.tgrthaber.com\/mavikadin\/wp-content\/uploads\/Sinem-yildiz-7-1024x576.jpg 1024w, https:\/\/www.tgrthaber.com\/mavikadin\/wp-content\/uploads\/Sinem-yildiz-7-768x432.jpg 768w\" sizes=\"(max-width: 1208px) 100vw, 1208px\" \/><\/p>\n<hr \/>\n<p>Kariyeri boyunca \u00e7e\u015fitli kanallarda farkl\u0131 programlar\u0131n sunuculu\u011funu yapan Sinem Y\u0131ld\u0131z, ba\u015far\u0131l\u0131 kariyeri ve enerjisiyle dikkatleri \u00fczerine \u00e7ekiyor. Aslen \u0130stanbullu oldu\u011fu bilinen Y\u0131ld\u0131z, do\u011fma b\u00fcy\u00fcme \u0130stanbul\u2019da hayat\u0131n\u0131 devam ettirmektedir.<\/p>\n<h3>S\u0130NEM YILDIZ\u2019A NE OLDU?<\/h3>\n<p>\u015eimdilerde Beyaz TV ekranlar\u0131nda \u2018Beyaz Magazin\u2019in sunuculu\u011funu yapan Sinem Y\u0131ld\u0131z, sa\u011fl\u0131k sorunuyla g\u00fcndeme geldi. Beyaz Magazin program\u0131yla ad\u0131n\u0131 geni\u015f kitlelere duyuran Y\u0131ld\u0131z, 22 Ekim 2025 tarihinde canl\u0131 yay\u0131n esnas\u0131nda aniden fenala\u015ft\u0131.<\/p>\n<p><img loading=\"lazy\" decoding=\"async\" class=\"size-full wp-image-252534\" src=\"https:\/\/www.tgrthaber.com\/mavikadin\/wp-content\/uploads\/Sinem-yildiz-3.jpg\" alt=\"Sinem Y\u0131ld\u0131z kimdir, ka\u00e7 ya\u015f\u0131nda? Sinem Y\u0131ld\u0131z\u2019a ne oldu?\" width=\"1208\" height=\"680\" title=\"\" srcset=\"https:\/\/www.tgrthaber.com\/mavikadin\/wp-content\/uploads\/Sinem-yildiz-3.jpg 1208w, https:\/\/www.tgrthaber.com\/mavikadin\/wp-content\/uploads\/Sinem-yildiz-3-300x169.jpg 300w, https:\/\/www.tgrthaber.com\/mavikadin\/wp-content\/uploads\/Sinem-yildiz-3-1024x576.jpg 1024w, https:\/\/www.tgrthaber.com\/mavikadin\/wp-content\/uploads\/Sinem-yildiz-3-768x432.jpg 768w\" sizes=\"(max-width: 1208px) 100vw, 1208px\" \/><\/p>\n<hr \/>\n<p>\u201c\u00c7ok k\u00f6t\u00fc bir \u015fey oluyor bana, v\u00fccudumda enteresan bir uyu\u015fma oldu. Beni hemen al\u0131n.\u201d \u015feklinde konu\u015fan Sinem Y\u0131ld\u0131z, sunucu arkada\u015f\u0131 Arto taraf\u0131ndan sakinle\u015ftirmeye \u00e7al\u0131\u015f\u0131l\u0131rken yay\u0131n duraklat\u0131ld\u0131. Apar topar hastaneye kald\u0131r\u0131lan \u00fcnl\u00fc sunucu,<a href=\"https:\/\/www.tgrthaber.com\/mavikadin\/afra-saracoglu-ve-okan-buruk-ask-mi-yasiyor-ikili-magazin-gundemini-salladi\/\"> magazin<\/a> g\u00fcndemine bomba gibi d\u00fc\u015ft\u00fc.<\/p>\n<p><img loading=\"lazy\" decoding=\"async\" class=\"size-full wp-image-252535\" src=\"https:\/\/www.tgrthaber.com\/mavikadin\/wp-content\/uploads\/Sinem-yildiz-4.jpg\" alt=\"Sinem Y\u0131ld\u0131z kimdir, ka\u00e7 ya\u015f\u0131nda? Sinem Y\u0131ld\u0131z\u2019a ne oldu?\" width=\"1208\" height=\"680\" title=\"\" srcset=\"https:\/\/www.tgrthaber.com\/mavikadin\/wp-content\/uploads\/Sinem-yildiz-4.jpg 1208w, https:\/\/www.tgrthaber.com\/mavikadin\/wp-content\/uploads\/Sinem-yildiz-4-300x169.jpg 300w, https:\/\/www.tgrthaber.com\/mavikadin\/wp-content\/uploads\/Sinem-yildiz-4-1024x576.jpg 1024w, https:\/\/www.tgrthaber.com\/mavikadin\/wp-content\/uploads\/Sinem-yildiz-4-768x432.jpg 768w\" sizes=\"(max-width: 1208px) 100vw, 1208px\" \/><\/p>\n<hr \/>\n<p>Beyaz Magazin program\u0131nda Sinem Y\u0131ld\u0131z ile sunuculu\u011fu payla\u015fan Arto ise sosyal medya hesab\u0131ndan yapt\u0131\u011f\u0131 a\u00e7\u0131klamayla izleyicileri bilgilendirdi. Arto, Y\u0131ld\u0131z&#8217;\u0131n sa\u011fl\u0131k durumunun iyi oldu\u011funu ve bir s\u00fcre g\u00f6zetim alt\u0131nda tutulduktan sonra evinde istirahate \u00e7ekildi\u011fini belirtti.<\/p>\n<p><img loading=\"lazy\" decoding=\"async\" class=\"size-full wp-image-252542\" src=\"https:\/\/www.tgrthaber.com\/mavikadin\/wp-content\/uploads\/Sinem-yildiz-1.jpg\" alt=\"Sinem Y\u0131ld\u0131z kimdir, ka\u00e7 ya\u015f\u0131nda? Sinem Y\u0131ld\u0131z\u2019a ne oldu?\" width=\"1208\" height=\"680\" title=\"\" srcset=\"https:\/\/www.tgrthaber.com\/mavikadin\/wp-content\/uploads\/Sinem-yildiz-1.jpg 1208w, https:\/\/www.tgrthaber.com\/mavikadin\/wp-content\/uploads\/Sinem-yildiz-1-300x169.jpg 300w, https:\/\/www.tgrthaber.com\/mavikadin\/wp-content\/uploads\/Sinem-yildiz-1-1024x576.jpg 1024w, https:\/\/www.tgrthaber.com\/mavikadin\/wp-content\/uploads\/Sinem-yildiz-1-768x432.jpg 768w\" sizes=\"(max-width: 1208px) 100vw, 1208px\" \/><\/p>\n<hr \/>\n<p>Ayr\u0131ca, Sinem Y\u0131ld\u0131z&#8217;\u0131n zaman zaman tansiyon sorunu ya\u015fad\u0131\u011f\u0131 da gelen bilgiler aras\u0131nda yer ald\u0131. Y\u0131ld\u0131z\u2019\u0131n genel sa\u011fl\u0131k durumunun stabil oldu\u011fu ve evinde dinlenmeye devam etti\u011fi de edinilen bilgiler aras\u0131nda yer ald\u0131.<\/p>\n","protected":false},"excerpt":{"rendered":"<p>Son zamanlarda ba\u015far\u0131l\u0131 sunuculuk kariyeriyle dikkat \u00e7eken Sinem Y\u0131ld\u0131z\u2019\u0131n kim oldu\u011fu merak ediliyor. Peki, Sinem Y\u0131ld\u0131z kimdir, ka\u00e7 ya\u015f\u0131nda? Sinem Y\u0131ld\u0131z\u2019a ne oldu? \u0130\u015fte detaylar\u2026<\/p>\n","protected":false},"author":26,"featured_media":252532,"comment_status":"closed","ping_status":"closed","sticky":false,"template":"","format":"standard","meta":{"rank_math_lock_modified_date":false,"footnotes":""},"categories":[491],"tags":[64937,3374,16521,64935,64936],"class_list":["post-252519","post","type-post","status-publish","format-standard","has-post-thumbnail","hentry","category-biyografi","tag-beyaz-magazin","tag-biyografi","tag-biyografi-haberleri","tag-sinem-yildiz","tag-sinem-yildiz-kimdir"],"_links":{"self":[{"href":"https:\/\/www.tgrthaber.com\/mavikadin\/wp-json\/wp\/v2\/posts\/252519"}],"collection":[{"href":"https:\/\/www.tgrthaber.com\/mavikadin\/wp-json\/wp\/v2\/posts"}],"about":[{"href":"https:\/\/www.tgrthaber.com\/mavikadin\/wp-json\/wp\/v2\/types\/post"}],"author":[{"embeddable":true,"href":"https:\/\/www.tgrthaber.com\/mavikadin\/wp-json\/wp\/v2\/users\/26"}],"replies":[{"embeddable":true,"href":"https:\/\/www.tgrthaber.com\/mavikadin\/wp-json\/wp\/v2\/comments?post=252519"}],"version-history":[{"count":2,"href":"https:\/\/www.tgrthaber.com\/mavikadin\/wp-json\/wp\/v2\/posts\/252519\/revisions"}],"predecessor-version":[{"id":252549,"href":"https:\/\/www.tgrthaber.com\/mavikadin\/wp-json\/wp\/v2\/posts\/252519\/revisions\/252549"}],"wp:featuredmedia":[{"embeddable":true,"href":"https:\/\/www.tgrthaber.com\/mavikadin\/wp-json\/wp\/v2\/media\/252532"}],"wp:attachment":[{"href":"https:\/\/www.tgrthaber.com\/mavikadin\/wp-json\/wp\/v2\/media?parent=252519"}],"wp:term":[{"taxonomy":"category","embeddable":true,"href":"https:\/\/www.tgrthaber.com\/mavikadin\/wp-json\/wp\/v2\/categories?post=252519"},{"taxonomy":"post_tag","embeddable":true,"href":"https:\/\/www.tgrthaber.com\/mavikadin\/wp-json\/wp\/v2\/tags?post=252519"}],"curies":[{"name":"wp","href":"https:\/\/api.w.org\/{rel}","templated":true}]}}