{"id":252555,"date":"2025-10-22T13:04:49","date_gmt":"2025-10-22T10:04:49","guid":{"rendered":"https:\/\/www.tgrthaber.com\/mavikadin\/?p=252555"},"modified":"2025-10-22T13:04:49","modified_gmt":"2025-10-22T10:04:49","slug":"cagatay-ulusoy-kivanc-tatlituga-komsu-oldu-unlu-isim-koy-hayatina-geciyor","status":"publish","type":"post","link":"https:\/\/www.tgrthaber.com\/mavikadin\/cagatay-ulusoy-kivanc-tatlituga-komsu-oldu-unlu-isim-koy-hayatina-geciyor\/","title":{"rendered":"\u00c7a\u011fatay Ulusoy K\u0131van\u00e7 Tatl\u0131tu\u011f\u2019a kom\u015fu oldu! \u00dcnl\u00fc isim k\u00f6y hayat\u0131na ge\u00e7iyor"},"content":{"rendered":"<p>E\u015fref R\u00fcya dizisi ile ekranlara damga vuran \u00c7a\u011fatay Ulusoy, diziden kazand\u0131\u011f\u0131 para ile ev ald\u0131. Kendisi gibi oyuncu olan K\u0131van\u00e7 Tatl\u0131tu\u011f\u2019a kom\u015fu olan \u00c7a\u011fatay Ulusoy, k\u00f6y hayat\u0131na ge\u00e7i\u015f yap\u0131yor. \u0130\u015fte detaylar\u2026<\/p>\n<h3>\u00c7A\u011eATAY ULUSOY, KIVAN\u00c7 TATLITU\u011e\u2019A KOM\u015eU OLDU!<\/h3>\n<p>E\u015fref R\u00fcya dizisi ile ekranla gelen \u00c7a\u011fatay Ulusoy, kazand\u0131\u011f\u0131 paray\u0131 ile gayrimenkule yat\u0131r\u0131yor. Dizinin ba\u015frol\u00fcnde yer alan \u00c7a\u011fatay Ulusoy, yak\u0131n arkada\u015f\u0131 olan K\u0131van\u00e7 Tatl\u0131tu\u011f ile ayn\u0131 yerde oturacak.<\/p>\n<p><img loading=\"lazy\" decoding=\"async\" class=\"alignnone size-full wp-image-252561\" src=\"https:\/\/www.tgrthaber.com\/mavikadin\/wp-content\/uploads\/ARZU-2025-10-22T130049.926.jpg\" alt=\"\u00c7a\u011fatay Ulusoy, K\u0131van\u00e7 Tatl\u0131tu\u011f\u2019a kom\u015fu oldu! \u00dcnl\u00fc isim k\u00f6y hayat\u0131na ge\u00e7iyor \" width=\"1208\" height=\"680\" title=\"\" srcset=\"https:\/\/www.tgrthaber.com\/mavikadin\/wp-content\/uploads\/ARZU-2025-10-22T130049.926.jpg 1208w, https:\/\/www.tgrthaber.com\/mavikadin\/wp-content\/uploads\/ARZU-2025-10-22T130049.926-300x169.jpg 300w, https:\/\/www.tgrthaber.com\/mavikadin\/wp-content\/uploads\/ARZU-2025-10-22T130049.926-1024x576.jpg 1024w, https:\/\/www.tgrthaber.com\/mavikadin\/wp-content\/uploads\/ARZU-2025-10-22T130049.926-768x432.jpg 768w\" sizes=\"(max-width: 1208px) 100vw, 1208px\" \/><\/p>\n<hr \/>\n<p>Ak\u015fam Gazetesi\u2019nden Recep Aslan\u2019\u0131n haberine g\u00f6re, \u00c7a\u011fatay Ulusoy, L\u00fcleburgaz\u2019da m\u00fctevazi bir k\u00f6y evi sat\u0131n alm\u0131\u015ft\u0131r. Yak\u0131n arkada\u015f olduklar\u0131 bilinen \u00c7a\u011fatay Ulusoy ve K\u0131van\u00e7 Tatl\u0131tu\u011f kom\u015fu da oldular. Ba\u015far\u0131l\u0131 isim, K\u0131van\u00e7 Tatl\u0131tu\u011f\u2019nun ve bir\u00e7ok \u00fcnl\u00fc ismin evinin bulundu\u011fu yerden ev ald\u0131.<\/p>\n<p><img loading=\"lazy\" decoding=\"async\" class=\"alignnone size-full wp-image-252566\" src=\"https:\/\/www.tgrthaber.com\/mavikadin\/wp-content\/uploads\/ARZU-2025-10-22T130007.061.jpg\" alt=\"\u00c7a\u011fatay Ulusoy, K\u0131van\u00e7 Tatl\u0131tu\u011f\u2019a kom\u015fu oldu! \u00dcnl\u00fc isim k\u00f6y hayat\u0131na ge\u00e7iyor \" width=\"1208\" height=\"680\" title=\"\" srcset=\"https:\/\/www.tgrthaber.com\/mavikadin\/wp-content\/uploads\/ARZU-2025-10-22T130007.061.jpg 1208w, https:\/\/www.tgrthaber.com\/mavikadin\/wp-content\/uploads\/ARZU-2025-10-22T130007.061-300x169.jpg 300w, https:\/\/www.tgrthaber.com\/mavikadin\/wp-content\/uploads\/ARZU-2025-10-22T130007.061-1024x576.jpg 1024w, https:\/\/www.tgrthaber.com\/mavikadin\/wp-content\/uploads\/ARZU-2025-10-22T130007.061-768x432.jpg 768w\" sizes=\"(max-width: 1208px) 100vw, 1208px\" \/><\/p>\n<hr \/>\n<p>Demet \u00d6zdemir ile ba\u015frol oynad\u0131klar\u0131 E\u015fref R\u00fcya dizisinden b\u00f6l\u00fcm ba\u015f\u0131 kazand\u0131\u011f\u0131 para ile g\u00fcndem olan \u00c7a\u011fatay Ulusoy, yat\u0131r\u0131mlar\u0131 ile de dikkat \u00e7ekiyor. B\u00f6l\u00fcm ba\u015f\u0131 3 milyon 500 bin lira kazana \u00c7a\u011fatay Ulusoy, yak\u0131n arkada\u015f\u0131 K\u0131van\u00e7 Tatl\u0131tu\u011f gibi L\u00fcleburgaz\u2019dan kendine ev sat\u0131n al\u0131\u011f\u0131 iddia edildi.<\/p>\n<h3><img loading=\"lazy\" decoding=\"async\" class=\"alignnone size-full wp-image-252564\" src=\"https:\/\/www.tgrthaber.com\/mavikadin\/wp-content\/uploads\/ARZU-2025-10-22T130029.799.jpg\" alt=\"\u00c7a\u011fatay Ulusoy, K\u0131van\u00e7 Tatl\u0131tu\u011f\u2019a kom\u015fu oldu! \u00dcnl\u00fc isim k\u00f6y hayat\u0131na ge\u00e7iyor \" width=\"1208\" height=\"680\" title=\"\" srcset=\"https:\/\/www.tgrthaber.com\/mavikadin\/wp-content\/uploads\/ARZU-2025-10-22T130029.799.jpg 1208w, https:\/\/www.tgrthaber.com\/mavikadin\/wp-content\/uploads\/ARZU-2025-10-22T130029.799-300x169.jpg 300w, https:\/\/www.tgrthaber.com\/mavikadin\/wp-content\/uploads\/ARZU-2025-10-22T130029.799-1024x576.jpg 1024w, https:\/\/www.tgrthaber.com\/mavikadin\/wp-content\/uploads\/ARZU-2025-10-22T130029.799-768x432.jpg 768w\" sizes=\"(max-width: 1208px) 100vw, 1208px\" \/><\/h3>\n<hr \/>\n<h3>\u00dcNL\u00dc \u0130S\u0130M K\u00d6Y HAYATINA GE\u00c7\u0130YOR<\/h3>\n<p>\u00dcnl\u00fc oyuncu \u00c7a\u011fatay Ulusoy, E\u015fref R\u00fcya dizisinden kazand\u0131\u011f\u0131 paralar\u0131 gayrimenkule yat\u0131r\u0131yor. Ba\u015far\u0131l\u0131 oyuncunun kendisi gibi oyuncu olan K\u0131van\u00e7 Tatl\u0131tu\u011f ile kom\u015fu oldu\u011fu ise dikkat \u00e7ekti. L\u00fcleburgaz\u2019dan kendin ev ald\u0131\u011f\u0131 iddia edilen \u00c7a\u011fatay Ulusoy, <a href=\"https:\/\/www.tgrthaber.com\/mavikadin\/selena-dizisinin-kivilcimi-hazal-senel-son-hali-soke-etti-oyunculugu-birakan-oyuncu-bakin-ne-is-yapiyor\/\">magazin g\u00fcndemi<\/a>ne bomba gibi d\u00fc\u015ft\u00fc.<\/p>\n<p><img loading=\"lazy\" decoding=\"async\" class=\"alignnone size-full wp-image-252563\" src=\"https:\/\/www.tgrthaber.com\/mavikadin\/wp-content\/uploads\/ARZU-2025-10-22T130036.623.jpg\" alt=\"\u00c7a\u011fatay Ulusoy, K\u0131van\u00e7 Tatl\u0131tu\u011f\u2019a kom\u015fu oldu! \u00dcnl\u00fc isim k\u00f6y hayat\u0131na ge\u00e7iyor \" width=\"1208\" height=\"680\" title=\"\" srcset=\"https:\/\/www.tgrthaber.com\/mavikadin\/wp-content\/uploads\/ARZU-2025-10-22T130036.623.jpg 1208w, https:\/\/www.tgrthaber.com\/mavikadin\/wp-content\/uploads\/ARZU-2025-10-22T130036.623-300x169.jpg 300w, https:\/\/www.tgrthaber.com\/mavikadin\/wp-content\/uploads\/ARZU-2025-10-22T130036.623-1024x576.jpg 1024w, https:\/\/www.tgrthaber.com\/mavikadin\/wp-content\/uploads\/ARZU-2025-10-22T130036.623-768x432.jpg 768w\" sizes=\"(max-width: 1208px) 100vw, 1208px\" \/><\/p>\n<hr \/>\n<p>L\u00fcleburgaz\u2019da bir k\u00f6y evi sat\u0131n ald\u0131\u011f\u0131 iddia edilen \u00c7a\u011fatay Ulusoy, iki katl\u0131 evinin i\u00e7ini de kendisi dizayn ettirmi\u015f. 35 ya\u015f\u0131nda olan \u00c7a\u011fatay Ulusoy, zaman zaman da \u00f6zel hayat\u0131yla da dikkatleri \u00fczerine \u00e7ekiyor.<\/p>\n<p><img loading=\"lazy\" decoding=\"async\" class=\"alignnone size-full wp-image-252562\" src=\"https:\/\/www.tgrthaber.com\/mavikadin\/wp-content\/uploads\/ARZU-2025-10-22T130040.581.jpg\" alt=\"\u00c7a\u011fatay Ulusoy, K\u0131van\u00e7 Tatl\u0131tu\u011f\u2019a kom\u015fu oldu! \u00dcnl\u00fc isim k\u00f6y hayat\u0131na ge\u00e7iyor \" width=\"1208\" height=\"680\" title=\"\" srcset=\"https:\/\/www.tgrthaber.com\/mavikadin\/wp-content\/uploads\/ARZU-2025-10-22T130040.581.jpg 1208w, https:\/\/www.tgrthaber.com\/mavikadin\/wp-content\/uploads\/ARZU-2025-10-22T130040.581-300x169.jpg 300w, https:\/\/www.tgrthaber.com\/mavikadin\/wp-content\/uploads\/ARZU-2025-10-22T130040.581-1024x576.jpg 1024w, https:\/\/www.tgrthaber.com\/mavikadin\/wp-content\/uploads\/ARZU-2025-10-22T130040.581-768x432.jpg 768w\" sizes=\"(max-width: 1208px) 100vw, 1208px\" \/><\/p>\n<hr \/>\n<p>Ba\u015far\u0131l\u0131 oyuncu kendisi gibi oyuncu olan Asl\u0131han Malbora ile dizi \u00e7ekimlerinden arta kalan zamanlarda yeni ald\u0131\u011f\u0131 evinde zaman ge\u00e7iriyor. Arkada\u015flar\u0131 ile do\u011fa y\u00fcr\u00fcy\u00fc\u015fleri yapan \u00c7a\u011fatay Ulusoy, adeta k\u00f6y hayat\u0131 ya\u015f\u0131yor.<\/p>\n<p><img loading=\"lazy\" decoding=\"async\" class=\"alignnone size-full wp-image-252565\" src=\"https:\/\/www.tgrthaber.com\/mavikadin\/wp-content\/uploads\/ARZU-2025-10-22T130017.534.jpg\" alt=\"\u00c7a\u011fatay Ulusoy, K\u0131van\u00e7 Tatl\u0131tu\u011f\u2019a kom\u015fu oldu! \u00dcnl\u00fc isim k\u00f6y hayat\u0131na ge\u00e7iyor \" width=\"1208\" height=\"680\" title=\"\" srcset=\"https:\/\/www.tgrthaber.com\/mavikadin\/wp-content\/uploads\/ARZU-2025-10-22T130017.534.jpg 1208w, https:\/\/www.tgrthaber.com\/mavikadin\/wp-content\/uploads\/ARZU-2025-10-22T130017.534-300x169.jpg 300w, https:\/\/www.tgrthaber.com\/mavikadin\/wp-content\/uploads\/ARZU-2025-10-22T130017.534-1024x576.jpg 1024w, https:\/\/www.tgrthaber.com\/mavikadin\/wp-content\/uploads\/ARZU-2025-10-22T130017.534-768x432.jpg 768w\" sizes=\"(max-width: 1208px) 100vw, 1208px\" \/><\/p>\n<hr \/>\n<p>Pizzaya d\u00fc\u015fk\u00fcnl\u00fc\u011f\u00fc ile dikkatleri \u00fczerine \u00e7eken \u00c7a\u011fatay Ulusoy, evinin bah\u00e7esine de bir ta\u015f ocak yapt\u0131rd\u0131. Oyuncunun kendi elleri ile arkada\u015flar\u0131na pizza yapt\u0131\u011f\u0131 da \u00f6\u011frenilen konular aras\u0131nda yer ald\u0131. \u00dcnl\u00fc isim \u00c7a\u011fatay Ulusoy, bir d\u00f6nem de K\u0131van\u00e7 Tatl\u0131tu\u011f ile Trakya\u2019da 10\u2019ar d\u00f6n\u00fcm \u00fcz\u00fcm ba\u011f\u0131 sat\u0131n alm\u0131\u015ft\u0131.<\/p>\n","protected":false},"excerpt":{"rendered":"<p>\u00dcnl\u00fc oyuncu \u00c7a\u011fatay Ulusoy, yak\u0131n arkada\u015f\u0131 K\u0131van\u00e7 Tatl\u0131tu\u011f ile kom\u015fu oldu. E\u015fref R\u00fcya dizisi ile ekranlara gelen \u00c7a\u011fatay Ulusoy, k\u00f6y hayat\u0131na ge\u00e7i\u015f yap\u0131yor. \u0130\u015fte detaylar\u2026<\/p>\n","protected":false},"author":34,"featured_media":252560,"comment_status":"closed","ping_status":"closed","sticky":false,"template":"","format":"standard","meta":{"rank_math_lock_modified_date":false,"footnotes":""},"categories":[76],"tags":[2765,64939,2498,2218],"class_list":["post-252555","post","type-post","status-publish","format-standard","has-post-thumbnail","hentry","category-magazin","tag-cagatay-ulusoy","tag-cagatay-ulusoy-yeni-ev","tag-kivanc-tatlitug","tag-magazin-haberleri"],"_links":{"self":[{"href":"https:\/\/www.tgrthaber.com\/mavikadin\/wp-json\/wp\/v2\/posts\/252555"}],"collection":[{"href":"https:\/\/www.tgrthaber.com\/mavikadin\/wp-json\/wp\/v2\/posts"}],"about":[{"href":"https:\/\/www.tgrthaber.com\/mavikadin\/wp-json\/wp\/v2\/types\/post"}],"author":[{"embeddable":true,"href":"https:\/\/www.tgrthaber.com\/mavikadin\/wp-json\/wp\/v2\/users\/34"}],"replies":[{"embeddable":true,"href":"https:\/\/www.tgrthaber.com\/mavikadin\/wp-json\/wp\/v2\/comments?post=252555"}],"version-history":[{"count":2,"href":"https:\/\/www.tgrthaber.com\/mavikadin\/wp-json\/wp\/v2\/posts\/252555\/revisions"}],"predecessor-version":[{"id":252569,"href":"https:\/\/www.tgrthaber.com\/mavikadin\/wp-json\/wp\/v2\/posts\/252555\/revisions\/252569"}],"wp:featuredmedia":[{"embeddable":true,"href":"https:\/\/www.tgrthaber.com\/mavikadin\/wp-json\/wp\/v2\/media\/252560"}],"wp:attachment":[{"href":"https:\/\/www.tgrthaber.com\/mavikadin\/wp-json\/wp\/v2\/media?parent=252555"}],"wp:term":[{"taxonomy":"category","embeddable":true,"href":"https:\/\/www.tgrthaber.com\/mavikadin\/wp-json\/wp\/v2\/categories?post=252555"},{"taxonomy":"post_tag","embeddable":true,"href":"https:\/\/www.tgrthaber.com\/mavikadin\/wp-json\/wp\/v2\/tags?post=252555"}],"curies":[{"name":"wp","href":"https:\/\/api.w.org\/{rel}","templated":true}]}}