{"id":252557,"date":"2025-10-22T13:39:46","date_gmt":"2025-10-22T10:39:46","guid":{"rendered":"https:\/\/www.tgrthaber.com\/mavikadin\/?p=252557"},"modified":"2025-10-22T13:39:47","modified_gmt":"2025-10-22T10:39:47","slug":"dilan-citakin-ahmet-tatlises-paylasimi-sosyal-medyada-gundem-oldu-yazdigi-not-dikkat-cekti-ibrahim-tatlises-kuplere-binecek","status":"publish","type":"post","link":"https:\/\/www.tgrthaber.com\/mavikadin\/dilan-citakin-ahmet-tatlises-paylasimi-sosyal-medyada-gundem-oldu-yazdigi-not-dikkat-cekti-ibrahim-tatlises-kuplere-binecek\/","title":{"rendered":"Dilan \u00c7\u0131tak&#8217;\u0131n Ahmet Tatl\u0131ses payla\u015f\u0131m\u0131 sosyal medyada g\u00fcndem oldu! Yazd\u0131\u011f\u0131 not dikkat \u00e7ekti, \u0130brahim Tatl\u0131ses k\u00fcplere binecek"},"content":{"rendered":"<p class=\"p1\">Magazin g\u00fcndeminde bir s\u00fcre s\u00fcrekli olarak yer alan Dilan \u00c7\u0131tak ve \u0130brahim Tatl\u0131ses aras\u0131ndaki tart\u0131\u015fmalar nihayet sona erdi derken Dilan \u00c7\u0131tak\u2019\u0131n yapt\u0131\u011f\u0131 bir payla\u015f\u0131m sosyal medyan\u0131n g\u00fcndemine oturdu. Babas\u0131 \u0130brahim Tatl\u0131ses\u2019le ya\u015fad\u0131\u011f\u0131 sorunlarla s\u0131k s\u0131k g\u00fcndeme gelen Dilan \u00c7\u0131tak, abisi Ahmet Tatl\u0131ses\u2019le olan foto\u011fraf\u0131n\u0131 payla\u015f\u0131nca sosyal medya kullan\u0131c\u0131lar\u0131, \u2018\u0130brahim Tatl\u0131ses\u2019e g\u00f6nderme mi yap\u0131yor?\u2019 sorular\u0131n\u0131n cevab\u0131n\u0131 aramaya ba\u015flad\u0131. Dilan \u00c7\u0131tak\u2019\u0131n abisiyle olan payla\u015f\u0131m\u0131na d\u00fc\u015ft\u00fc\u011f\u00fc not ise dikkat \u00e7ekti.<\/p>\n<h3>D\u0130LAN \u00c7ITAK&#8217;IN AHMET TATLISES PAYLA\u015eIMI SOSYAL MEDYADA G\u00dcNDEM OLDU! YAZDI\u011eI NOT \u0130BRAH\u0130M TATLISES&#8217;\u0130 KIZDIRACAK<\/h3>\n<p class=\"p1\"><a href=\"https:\/\/www.tgrthaber.com\/mavikadin\/dilan-citak-babasi-ibrahim-tatlisese-kumanda-firlatti-baba-kiz-arasindaki-gerginlik-mahkemeye-tasindi\/\">Dilan \u00c7\u0131tak<\/a> ve \u0130brahim Tatl\u0131ses bir s\u00fcre \u00f6nce aile i\u00e7i sorunlar\u0131yla magazin g\u00fcndeminin dikkat \u00e7eken isimleri aras\u0131nda yer al\u0131yordu. Son d\u00f6nemde yapt\u0131\u011f\u0131 \u00e7\u0131k\u0131\u015flarla ad\u0131ndan s\u00f6z ettiren Dilan \u00c7\u0131tak bu kez abisi Ahmet Tatl\u0131ses ile yapt\u0131\u011f\u0131 payla\u015f\u0131mla g\u00fcndem oldu. Abisi Ahmet \u00c7\u0131tak\u2019la \u00e7ekilen bir foto\u011fraf\u0131n\u0131 sosyal medya hesab\u0131ndan payla\u015fan Dilan \u00c7\u0131tak i\u00e7in babas\u0131na m\u0131 g\u00f6nderme yap\u0131yor? sorular\u0131 g\u00fcndeme geldi.<\/p>\n<p><img loading=\"lazy\" decoding=\"async\" class=\"alignnone wp-image-252585 \" src=\"https:\/\/www.tgrthaber.com\/mavikadin\/wp-content\/uploads\/Ekran-Resmi-2025-10-22-13.23.51-1024x566.png\" alt=\"\" width=\"1619\" height=\"895\" title=\"\" srcset=\"https:\/\/www.tgrthaber.com\/mavikadin\/wp-content\/uploads\/Ekran-Resmi-2025-10-22-13.23.51-1024x566.png 1024w, https:\/\/www.tgrthaber.com\/mavikadin\/wp-content\/uploads\/Ekran-Resmi-2025-10-22-13.23.51-300x166.png 300w, https:\/\/www.tgrthaber.com\/mavikadin\/wp-content\/uploads\/Ekran-Resmi-2025-10-22-13.23.51-768x425.png 768w, https:\/\/www.tgrthaber.com\/mavikadin\/wp-content\/uploads\/Ekran-Resmi-2025-10-22-13.23.51-1536x849.png 1536w, https:\/\/www.tgrthaber.com\/mavikadin\/wp-content\/uploads\/Ekran-Resmi-2025-10-22-13.23.51.png 1700w\" sizes=\"(max-width: 1619px) 100vw, 1619px\" \/><\/p>\n<hr \/>\n<p class=\"p1\">Abisiyle foto\u011fraf\u0131n\u0131 payla\u015fan Dilan \u00c7\u0131tak foto\u011fraf\u0131n alt\u0131na \u2018Abim var benim\u2019 notunu d\u00fc\u015f\u00fcnce dikkat \u00e7ekti. Sosyal medya kullan\u0131c\u0131lar\u0131 payla\u015f\u0131ma be\u011feni ve yorum ya\u011fd\u0131r\u0131rken baz\u0131\u0131 kullan\u0131c\u0131lar, \u2018 \u0130\u015fte karde\u015f dayan\u0131\u015fmas\u0131\u2019, \u2018 Kesin \u0130bo\u2019ya bir g\u00f6nderme bu\u2019, \u2019Ne al\u0131p veremedikleri var bunlar\u0131n\u2019 \u015feklinde yorumlar ya\u011fd\u0131rd\u0131.<\/p>\n<p><img loading=\"lazy\" decoding=\"async\" class=\"alignnone wp-image-252586 \" src=\"https:\/\/www.tgrthaber.com\/mavikadin\/wp-content\/uploads\/Ekran-Resmi-2025-10-22-13.24.20.png\" alt=\"\" width=\"1654\" height=\"952\" title=\"\" srcset=\"https:\/\/www.tgrthaber.com\/mavikadin\/wp-content\/uploads\/Ekran-Resmi-2025-10-22-13.24.20.png 1334w, https:\/\/www.tgrthaber.com\/mavikadin\/wp-content\/uploads\/Ekran-Resmi-2025-10-22-13.24.20-300x173.png 300w, https:\/\/www.tgrthaber.com\/mavikadin\/wp-content\/uploads\/Ekran-Resmi-2025-10-22-13.24.20-1024x590.png 1024w, https:\/\/www.tgrthaber.com\/mavikadin\/wp-content\/uploads\/Ekran-Resmi-2025-10-22-13.24.20-768x442.png 768w\" sizes=\"(max-width: 1654px) 100vw, 1654px\" \/><\/p>\n<hr \/>\n<h3 class=\"p1\">D\u0130LAN \u00c7ITAK VE \u0130BRAH\u0130M TATLISES ARASINDA NE OLMU\u015eTU?<\/h3>\n<p class=\"p1\">\u00dcnl\u00fc t\u00fcrk\u00fcc\u00fc \u0130brahim Tatl\u0131ses Dilan \u00c7\u0131tak\u2019\u0131 23 y\u0131l sonra kabul etmi\u015fti. Sanat\u00e7\u0131n\u0131n kabul etti\u011fi k\u0131z\u0131 ile aras\u0131ndaki buzlar tamamen erimi\u015f, ikili aras\u0131ndaki ili\u015fki tam bir baba k\u0131z ili\u015fkisine d\u00f6n\u00fc\u015fm\u00fc\u015ft\u00fc. Baba k\u0131z\u0131n bar\u0131\u015fm\u0131\u015f olmas\u0131 tam herkesi sevindirmi\u015fti ki Dilan \u00c7\u0131tak\u2019\u0131n ortaya att\u0131\u011f\u0131 iddialar sonras\u0131 yine ortal\u0131k kar\u0131\u015ft\u0131.<\/p>\n<p><img loading=\"lazy\" decoding=\"async\" class=\"alignnone wp-image-252590 \" src=\"https:\/\/www.tgrthaber.com\/mavikadin\/wp-content\/uploads\/Ekran-Resmi-2025-10-22-13.28.01-1024x597.png\" alt=\"\" width=\"1659\" height=\"967\" title=\"\" srcset=\"https:\/\/www.tgrthaber.com\/mavikadin\/wp-content\/uploads\/Ekran-Resmi-2025-10-22-13.28.01-1024x597.png 1024w, https:\/\/www.tgrthaber.com\/mavikadin\/wp-content\/uploads\/Ekran-Resmi-2025-10-22-13.28.01-300x175.png 300w, https:\/\/www.tgrthaber.com\/mavikadin\/wp-content\/uploads\/Ekran-Resmi-2025-10-22-13.28.01-768x448.png 768w, https:\/\/www.tgrthaber.com\/mavikadin\/wp-content\/uploads\/Ekran-Resmi-2025-10-22-13.28.01.png 1366w\" sizes=\"(max-width: 1659px) 100vw, 1659px\" \/><\/p>\n<hr \/>\n<p class=\"p1\">Dilan \u00c7\u0131tak &#8220;Bir k\u0131z \u00e7ocu\u011funa yap\u0131lan \u015fiddeti, psikolojik bask\u0131y\u0131, psikolojik tacizi herkes bilmeli ve g\u00f6rmeli. Anlatacaklar\u0131mdan sonra b\u00fct\u00fcn d\u00fcnya bir \u015fiddet yanl\u0131s\u0131n\u0131 sevmeye devam edebilir ama art\u0131k herkes ger\u00e7e\u011fi bilmeli ki ben ait olmad\u0131\u011f\u0131m bu k\u0131yafeti huzurla \u00e7\u0131karay\u0131m!&#8221; ifadelerini kullanm\u0131\u015ft\u0131.<\/p>\n<p><img loading=\"lazy\" decoding=\"async\" class=\"alignnone wp-image-252587 \" src=\"https:\/\/www.tgrthaber.com\/mavikadin\/wp-content\/uploads\/Ekran-Resmi-2025-10-22-13.24.11-1024x639.png\" alt=\"\" width=\"1599\" height=\"998\" title=\"\" srcset=\"https:\/\/www.tgrthaber.com\/mavikadin\/wp-content\/uploads\/Ekran-Resmi-2025-10-22-13.24.11-1024x639.png 1024w, https:\/\/www.tgrthaber.com\/mavikadin\/wp-content\/uploads\/Ekran-Resmi-2025-10-22-13.24.11-300x187.png 300w, https:\/\/www.tgrthaber.com\/mavikadin\/wp-content\/uploads\/Ekran-Resmi-2025-10-22-13.24.11-768x479.png 768w, https:\/\/www.tgrthaber.com\/mavikadin\/wp-content\/uploads\/Ekran-Resmi-2025-10-22-13.24.11.png 1350w\" sizes=\"(max-width: 1599px) 100vw, 1599px\" \/><\/p>\n<hr \/>\n<h3 class=\"p1\">\u0130BRAH\u0130M TATLISES\u2019TEN D\u0130LAN \u00c7ITAK\u2019A VETO!<\/h3>\n<p class=\"p1\">\u0130brahim Tatl\u0131ses Dilan \u00c7\u0131tak\u2019\u0131n t\u00fcm bu a\u00e7\u0131klamalar\u0131ndan sonra &#8220;Benim soyad\u0131m\u0131 kullanmas\u0131n! Dilan \u00c7\u0131tak&#8217;\u0131n tek derdi \u0130do (Tatl\u0131ses) Bey&#8217;dir&#8221; demi\u015fti.<\/p>\n<p><img loading=\"lazy\" decoding=\"async\" class=\"alignnone wp-image-252588 \" src=\"https:\/\/www.tgrthaber.com\/mavikadin\/wp-content\/uploads\/Ekran-Resmi-2025-10-22-13.26.49-1024x632.png\" alt=\"\" width=\"1599\" height=\"987\" title=\"\" srcset=\"https:\/\/www.tgrthaber.com\/mavikadin\/wp-content\/uploads\/Ekran-Resmi-2025-10-22-13.26.49-1024x632.png 1024w, https:\/\/www.tgrthaber.com\/mavikadin\/wp-content\/uploads\/Ekran-Resmi-2025-10-22-13.26.49-300x185.png 300w, https:\/\/www.tgrthaber.com\/mavikadin\/wp-content\/uploads\/Ekran-Resmi-2025-10-22-13.26.49-768x474.png 768w, https:\/\/www.tgrthaber.com\/mavikadin\/wp-content\/uploads\/Ekran-Resmi-2025-10-22-13.26.49.png 1332w\" sizes=\"(max-width: 1599px) 100vw, 1599px\" \/><\/p>\n<hr \/>\n<h3>D\u0130LAN \u00c7ITAK K\u0130MD\u0130R?<\/h3>\n<p class=\"p1\">Dilan \u00c7\u0131tak 1989 y\u0131l\u0131nda d\u00fcnyaya gelmi\u015ftir. \u00dcnl\u00fc T\u00fcrk\u00fcc\u00fc \u0130brahim Tatl\u0131ses ile I\u015f\u0131l \u00c7\u0131tak\u2019\u0131n k\u0131z\u0131d\u0131r. M\u00fczik kariyerine erken ya\u015flarda ba\u015flayan isim liseyi Pera G\u00fczel Sanatlar Lisesi\u2019nde tamamlam\u0131\u015ft\u0131r.<\/p>\n<p><img loading=\"lazy\" decoding=\"async\" class=\"alignnone wp-image-252591 \" src=\"https:\/\/www.tgrthaber.com\/mavikadin\/wp-content\/uploads\/Ekran-Resmi-2025-10-22-13.29.02-1024x623.png\" alt=\"\" width=\"1631\" height=\"992\" title=\"\" srcset=\"https:\/\/www.tgrthaber.com\/mavikadin\/wp-content\/uploads\/Ekran-Resmi-2025-10-22-13.29.02-1024x623.png 1024w, https:\/\/www.tgrthaber.com\/mavikadin\/wp-content\/uploads\/Ekran-Resmi-2025-10-22-13.29.02-300x182.png 300w, https:\/\/www.tgrthaber.com\/mavikadin\/wp-content\/uploads\/Ekran-Resmi-2025-10-22-13.29.02-768x467.png 768w, https:\/\/www.tgrthaber.com\/mavikadin\/wp-content\/uploads\/Ekran-Resmi-2025-10-22-13.29.02.png 1348w\" sizes=\"(max-width: 1631px) 100vw, 1631px\" \/><\/p>\n<hr \/>\n<p class=\"p1\">Burada ald\u0131\u011f\u0131 e\u011fitimle m\u00fczik alan\u0131ndaki yeteneklerini geli\u015ftiren Dilan \u00c7\u0131tak, keman, piyano ve \u015fan e\u011fitimleri alm\u0131\u015ft\u0131r. \u00c7e\u015fitli korolarda ve caz orkestralar\u0131nda solistlik yapan \u00c7\u0131tak,\u00dcniversite e\u011fitimini \u0130stanbul Teknik \u00dcniversitesi (\u0130T\u00dc) T\u00fcrk Musikisi Devlet Konservatuvar\u0131&#8217;nda tamamlam\u0131\u015ft\u0131r.<\/p>\n<h3 class=\"p1\">D\u0130LAN \u00c7ITAK \u015eARKILARI<\/h3>\n<p class=\"p1\">Kal Benim \u0130\u00e7in (Babamdan Kalma Alb\u00fcm\u00fc)<\/p>\n<p class=\"p1\">Kasko<\/p>\n<p class=\"p1\">\u00c7\u0131k D\u0131\u015far\u0131<\/p>\n<p class=\"p1\">Dom Dom Kur\u015funu (Babamdan Kalma Alb\u00fcm\u00fc)<\/p>\n<p><img loading=\"lazy\" decoding=\"async\" class=\"alignnone wp-image-252592 \" src=\"https:\/\/www.tgrthaber.com\/mavikadin\/wp-content\/uploads\/Ekran-Resmi-2025-10-22-13.30.37-1024x596.png\" alt=\"\" width=\"1625\" height=\"946\" title=\"\" srcset=\"https:\/\/www.tgrthaber.com\/mavikadin\/wp-content\/uploads\/Ekran-Resmi-2025-10-22-13.30.37-1024x596.png 1024w, https:\/\/www.tgrthaber.com\/mavikadin\/wp-content\/uploads\/Ekran-Resmi-2025-10-22-13.30.37-300x175.png 300w, https:\/\/www.tgrthaber.com\/mavikadin\/wp-content\/uploads\/Ekran-Resmi-2025-10-22-13.30.37-768x447.png 768w, https:\/\/www.tgrthaber.com\/mavikadin\/wp-content\/uploads\/Ekran-Resmi-2025-10-22-13.30.37.png 1330w\" sizes=\"(max-width: 1625px) 100vw, 1625px\" \/><\/p>\n<hr \/>\n<p class=\"p1\">Haydi S\u00f6yle (Babamdan Kalma Alb\u00fcm\u00fc)<\/p>\n<p class=\"p1\">Bir Kulunu \u00c7ok Sevdim (Babamdan Kalma Alb\u00fcm\u00fc)<\/p>\n<p class=\"p1\">Maalesef (Babamdan Kalma Alb\u00fcm\u00fc)<\/p>\n","protected":false},"excerpt":{"rendered":"<p>Sosyal medyada yapt\u0131\u011f\u0131 \u00e7\u0131k\u0131\u015flarla s\u0131k s\u0131k g\u00fcndem olan \u0130brahim Tatl\u0131ses&#8217;in k\u0131z\u0131 Dilan \u00c7\u0131tak son payla\u015f\u0131m\u0131 ile dikkatleri \u00fczerine \u00e7ekti. Abisi Ahmet Tatl\u0131ses&#8217;le \u00e7ekilen bir foto\u011fraf\u0131n\u0131 payla\u015fan Dilan \u00c7\u0131tak, &#8216;\u0130brahim Tatl\u0131ses&#8217;e g\u00f6nderme mi yap\u0131yor&#8217; sorular\u0131n\u0131n g\u00fcndeme gelmesine neden oldu. Dilan \u00c7\u0131tak&#8217;\u0131n payla\u015f\u0131m\u0131na be\u011feni ya\u011farken notu dikkat \u00e7ekti. <\/p>\n","protected":false},"author":16,"featured_media":252599,"comment_status":"closed","ping_status":"closed","sticky":false,"template":"","format":"standard","meta":{"rank_math_lock_modified_date":false,"footnotes":""},"categories":[76],"tags":[64944,64943,12442,133,2218],"class_list":["post-252557","post","type-post","status-publish","format-standard","has-post-thumbnail","hentry","category-magazin","tag-dilan-citak-ahmet-tatlises","tag-dilan-citak-ahmet-tatlises-paylasimi","tag-dilan-citak-kimdir","tag-magazin","tag-magazin-haberleri"],"_links":{"self":[{"href":"https:\/\/www.tgrthaber.com\/mavikadin\/wp-json\/wp\/v2\/posts\/252557"}],"collection":[{"href":"https:\/\/www.tgrthaber.com\/mavikadin\/wp-json\/wp\/v2\/posts"}],"about":[{"href":"https:\/\/www.tgrthaber.com\/mavikadin\/wp-json\/wp\/v2\/types\/post"}],"author":[{"embeddable":true,"href":"https:\/\/www.tgrthaber.com\/mavikadin\/wp-json\/wp\/v2\/users\/16"}],"replies":[{"embeddable":true,"href":"https:\/\/www.tgrthaber.com\/mavikadin\/wp-json\/wp\/v2\/comments?post=252557"}],"version-history":[{"count":1,"href":"https:\/\/www.tgrthaber.com\/mavikadin\/wp-json\/wp\/v2\/posts\/252557\/revisions"}],"predecessor-version":[{"id":252600,"href":"https:\/\/www.tgrthaber.com\/mavikadin\/wp-json\/wp\/v2\/posts\/252557\/revisions\/252600"}],"wp:featuredmedia":[{"embeddable":true,"href":"https:\/\/www.tgrthaber.com\/mavikadin\/wp-json\/wp\/v2\/media\/252599"}],"wp:attachment":[{"href":"https:\/\/www.tgrthaber.com\/mavikadin\/wp-json\/wp\/v2\/media?parent=252557"}],"wp:term":[{"taxonomy":"category","embeddable":true,"href":"https:\/\/www.tgrthaber.com\/mavikadin\/wp-json\/wp\/v2\/categories?post=252557"},{"taxonomy":"post_tag","embeddable":true,"href":"https:\/\/www.tgrthaber.com\/mavikadin\/wp-json\/wp\/v2\/tags?post=252557"}],"curies":[{"name":"wp","href":"https:\/\/api.w.org\/{rel}","templated":true}]}}