{"id":252593,"date":"2025-10-22T13:41:50","date_gmt":"2025-10-22T10:41:50","guid":{"rendered":"https:\/\/www.tgrthaber.com\/mavikadin\/?p=252593"},"modified":"2025-10-22T13:41:50","modified_gmt":"2025-10-22T10:41:50","slug":"kivanc-tatlitugun-kardesi-melisa-dilara-tatlitug-kimdir-kac-yasinda-melisa-dilara-tatlitug-neden-tutuklandi","status":"publish","type":"post","link":"https:\/\/www.tgrthaber.com\/mavikadin\/kivanc-tatlitugun-kardesi-melisa-dilara-tatlitug-kimdir-kac-yasinda-melisa-dilara-tatlitug-neden-tutuklandi\/","title":{"rendered":"K\u0131van\u00e7 Tatl\u0131tu\u011f\u2019un karde\u015fi Melisa Dilara Tatl\u0131tu\u011f kimdir ka\u00e7 ya\u015f\u0131nda? Melisa Dilara Tatl\u0131tu\u011f neden tutukland\u0131?"},"content":{"rendered":"<p>K\u0131van\u00e7 Tatl\u0131tu\u011f\u2019un karde\u015fi <a href=\"https:\/\/www.tgrthaber.com\/mavikadin\/cagatay-ulusoy-kivanc-tatlituga-komsu-oldu-unlu-isim-koy-hayatina-geciyor\/\">Melisa Dilara Tatl\u0131tu\u011f<\/a> kimdir ka\u00e7 ya\u015f\u0131nda? ara\u015ft\u0131r\u0131l\u0131yor. \u00dcnl\u00fc oyuncu K\u0131van\u00e7 Tatl\u0131tu\u011f&#8217;un karde\u015fi Melisa Dilara Tatl\u0131tu\u011f, hukuki bir s\u00fcre\u00e7le g\u00fcndeme geldi. \u0130\u015fte Melisa Tatl\u0131tu\u011f hakk\u0131nda merak edilenler.<\/p>\n<h3>MEL\u0130SA D\u0130LARA TATLITU\u011e K\u0130MD\u0130R?<\/h3>\n<p><a href=\"https:\/\/www.tgrthaber.com\/mavikadin\/kivanc-tatlitug-survivor-2026ya-mi-katiliyor-aciklamalari-kafalari-karistirdi\/\">Melisa Dilara Tatl\u0131tu\u011f<\/a>, \u00fcnl\u00fc oyuncu K\u0131van\u00e7\u202fTatl\u0131tu\u011f\u2019un k\u0131z karde\u015fidir. 1986 do\u011fumlu oldu\u011fu bilinen Melisa Tatl\u0131tu\u011f\u2019un annesi Edirne k\u00f6kenlidir, babas\u0131 ise Adana\u2019da Yugoslav k\u00f6kenli bir aileye mensuptur. K\u0131van\u00e7 Tatl\u0131tu\u011f\u2019un karde\u015fi olan Melisa Tatl\u0131tu\u011f\u2019un 2007 y\u0131l\u0131nda evlendi\u011fi biliniyor. Bu evlili\u011finden 2 erkek \u00e7ocu\u011fu olan Melisa Tatl\u0131tu\u011f oyunculuk alan\u0131nda e\u011fitim alm\u0131\u015ft\u0131r.<\/p>\n<p><img loading=\"lazy\" decoding=\"async\" class=\"aligncenter size-full wp-image-252594\" src=\"https:\/\/www.tgrthaber.com\/mavikadin\/wp-content\/uploads\/melisa-tatlitug-1.jpg\" alt=\"\" width=\"649\" height=\"365\" title=\"\" srcset=\"https:\/\/www.tgrthaber.com\/mavikadin\/wp-content\/uploads\/melisa-tatlitug-1.jpg 649w, https:\/\/www.tgrthaber.com\/mavikadin\/wp-content\/uploads\/melisa-tatlitug-1-300x169.jpg 300w\" sizes=\"(max-width: 649px) 100vw, 649px\" \/><\/p>\n<hr \/>\n<h3>MEL\u0130SA D\u0130LARA TATLITU\u011e NEDEN TUTUKLANDI?<\/h3>\n<p>Sunucu \u0130lknur \u00d6zku\u015f&#8217;un haberine g\u00f6re, Melisa&#8217;n\u0131n eski e\u015finin sevgilisine uygulad\u0131\u011f\u0131 \u015fiddet olay\u0131na kar\u0131\u015fmas\u0131 sonras\u0131 tutukland\u0131\u011f\u0131 \u00f6\u011frenildi.<\/p>\n<p>Bir s\u00fcre Hendek Cezaevi&#8217;nde kalan Melisa&#8217;n\u0131n, aile kaynaklar\u0131n\u0131n verdi\u011fi bilgiye g\u00f6re d\u00fcn tahliye edildi\u011fi bilgisi geldi.<br \/>\n\u00dcnl\u00fc oyuncu K\u0131van\u00e7 Tatl\u0131tu\u011f&#8217;un karde\u015fi Melisa Dilara Tatl\u0131tu\u011f, son g\u00fcnlerde ortaya at\u0131lan \u015fok iddialarla g\u00fcndem oldu.<\/p>\n<p><img loading=\"lazy\" decoding=\"async\" class=\"aligncenter size-full wp-image-252596\" src=\"https:\/\/www.tgrthaber.com\/mavikadin\/wp-content\/uploads\/melisa-tatlitug-2.webp\" alt=\"\" width=\"752\" height=\"413\" title=\"\" srcset=\"https:\/\/www.tgrthaber.com\/mavikadin\/wp-content\/uploads\/melisa-tatlitug-2.webp 752w, https:\/\/www.tgrthaber.com\/mavikadin\/wp-content\/uploads\/melisa-tatlitug-2-300x165.webp 300w\" sizes=\"(max-width: 752px) 100vw, 752px\" \/><\/p>\n<hr \/>\n<p>Sunucu \u0130lknur \u00d6zku\u015f, sosyal medya sayfas\u0131ndan payla\u015ft\u0131\u011f\u0131 g\u00f6nderide dikkat \u00e7eken bir iddia konu\u015fuldu. \u00d6zku\u015f, Melisa Dilara Tatl\u0131tu\u011f&#8217;un Hendek Cezaevi&#8217;nde tutuklu oldu\u011funu, bu bilgiyi ise ayn\u0131 ko\u011fu\u015fta yatan bir ki\u015finin kendisini arayarak verdi\u011fini \u00f6ne s\u00fcrd\u00fc. \u00d6zku\u015f, &#8220;Beni cezaevinden biri arad\u0131 ve Melisa Tatl\u0131tu\u011f&#8217;un ayn\u0131 ko\u011fu\u015fta kald\u0131\u011f\u0131n\u0131 s\u00f6yledi,&#8221; ifadelerini kulland\u0131.<\/p>\n<p><img loading=\"lazy\" decoding=\"async\" class=\"aligncenter size-full wp-image-252597\" src=\"https:\/\/www.tgrthaber.com\/mavikadin\/wp-content\/uploads\/melisa-tatlitug-1.webp\" alt=\"\" width=\"615\" height=\"640\" title=\"\" srcset=\"https:\/\/www.tgrthaber.com\/mavikadin\/wp-content\/uploads\/melisa-tatlitug-1.webp 615w, https:\/\/www.tgrthaber.com\/mavikadin\/wp-content\/uploads\/melisa-tatlitug-1-288x300.webp 288w\" sizes=\"(max-width: 615px) 100vw, 615px\" \/><\/p>\n<hr \/>\n<h3>TAHL\u0130YE OLDU \u0130DD\u0130ASI<\/h3>\n<p>G\u00fcndemi sarsan bu olay\u0131n ard\u0131ndan 2. Sayfa&#8217;n\u0131n edindi\u011fi bilgiye g\u00f6re, aileye yak\u0131n bir kaynak, Melisa Dilara Tatl\u0131tu\u011f&#8217;un hapse girdi\u011fini do\u011frular nitelikte bir a\u00e7\u0131klama yapt\u0131. Ard\u0131ndan da d\u00fcn tahliye oldu\u011fu \u00f6ne s\u00fcrd\u00fc.<\/p>\n<p><img loading=\"lazy\" decoding=\"async\" class=\"aligncenter size-full wp-image-252598\" src=\"https:\/\/www.tgrthaber.com\/mavikadin\/wp-content\/uploads\/melisa-tatlitug-2.jpg\" alt=\"\" width=\"504\" height=\"466\" title=\"\" srcset=\"https:\/\/www.tgrthaber.com\/mavikadin\/wp-content\/uploads\/melisa-tatlitug-2.jpg 504w, https:\/\/www.tgrthaber.com\/mavikadin\/wp-content\/uploads\/melisa-tatlitug-2-300x277.jpg 300w\" sizes=\"(max-width: 504px) 100vw, 504px\" \/><\/p>\n<hr \/>\n<h3>TATLITU\u011e A\u0130LES\u0130NDEN RESM\u0130 A\u00c7IKLAMA GELMED\u0130<\/h3>\n<p>Tatl\u0131tu\u011f ailesinden konuya ili\u015fkin resm\u00ee bir a\u00e7\u0131klama gelmedi. \u00dcnl\u00fc oyuncu K\u0131van\u00e7 Tatl\u0131tu\u011f ve e\u015fi Ba\u015fak Dizer cephesinden de sessizlik devam ediyor.<\/p>\n","protected":false},"excerpt":{"rendered":"<p>K\u0131van\u00e7 Tatl\u0131tu\u011f\u2019un karde\u015fi Melisa Dilara Tatl\u0131tu\u011f kimdir ka\u00e7 ya\u015f\u0131nda merak ediliyor. Ekranlar\u0131n sevilen ismi K\u0131van\u00e7 Tatl\u0131tu\u011f, ailesiyle g\u00fcndem oldu. K\u0131z karde\u015fi Melisa Dilara Tatl\u0131tu\u011f, eski e\u015finin sevgilisine \u015fiddet uygulad\u0131\u011f\u0131 iddias\u0131yla cezaevine g\u00f6nderildi\u011fi ileri s\u00fcr\u00fcld\u00fc.<\/p>\n","protected":false},"author":5,"featured_media":252595,"comment_status":"closed","ping_status":"closed","sticky":false,"template":"","format":"standard","meta":{"rank_math_lock_modified_date":false,"footnotes":""},"categories":[491],"tags":[2498,41742,64945],"class_list":["post-252593","post","type-post","status-publish","format-standard","has-post-thumbnail","hentry","category-biyografi","tag-kivanc-tatlitug","tag-melisa-tatlitug","tag-tatlitug-ailesi"],"_links":{"self":[{"href":"https:\/\/www.tgrthaber.com\/mavikadin\/wp-json\/wp\/v2\/posts\/252593"}],"collection":[{"href":"https:\/\/www.tgrthaber.com\/mavikadin\/wp-json\/wp\/v2\/posts"}],"about":[{"href":"https:\/\/www.tgrthaber.com\/mavikadin\/wp-json\/wp\/v2\/types\/post"}],"author":[{"embeddable":true,"href":"https:\/\/www.tgrthaber.com\/mavikadin\/wp-json\/wp\/v2\/users\/5"}],"replies":[{"embeddable":true,"href":"https:\/\/www.tgrthaber.com\/mavikadin\/wp-json\/wp\/v2\/comments?post=252593"}],"version-history":[{"count":1,"href":"https:\/\/www.tgrthaber.com\/mavikadin\/wp-json\/wp\/v2\/posts\/252593\/revisions"}],"predecessor-version":[{"id":252601,"href":"https:\/\/www.tgrthaber.com\/mavikadin\/wp-json\/wp\/v2\/posts\/252593\/revisions\/252601"}],"wp:featuredmedia":[{"embeddable":true,"href":"https:\/\/www.tgrthaber.com\/mavikadin\/wp-json\/wp\/v2\/media\/252595"}],"wp:attachment":[{"href":"https:\/\/www.tgrthaber.com\/mavikadin\/wp-json\/wp\/v2\/media?parent=252593"}],"wp:term":[{"taxonomy":"category","embeddable":true,"href":"https:\/\/www.tgrthaber.com\/mavikadin\/wp-json\/wp\/v2\/categories?post=252593"},{"taxonomy":"post_tag","embeddable":true,"href":"https:\/\/www.tgrthaber.com\/mavikadin\/wp-json\/wp\/v2\/tags?post=252593"}],"curies":[{"name":"wp","href":"https:\/\/api.w.org\/{rel}","templated":true}]}}