{"id":252602,"date":"2025-10-22T14:18:13","date_gmt":"2025-10-22T11:18:13","guid":{"rendered":"https:\/\/www.tgrthaber.com\/mavikadin\/?p=252602"},"modified":"2025-10-22T14:18:14","modified_gmt":"2025-10-22T11:18:14","slug":"tarkanin-ilk-sevgilisi-bilge-ozturkun-son-halini-gorenler-tekrar-tekrar-bakti-sosyal-medyadan-yorum-yagiyor","status":"publish","type":"post","link":"https:\/\/www.tgrthaber.com\/mavikadin\/tarkanin-ilk-sevgilisi-bilge-ozturkun-son-halini-gorenler-tekrar-tekrar-bakti-sosyal-medyadan-yorum-yagiyor\/","title":{"rendered":"Tarkan&#8217;\u0131n ilk sevgilisi Bilge \u00d6zt\u00fcrk&#8217;\u00fcn son halini g\u00f6renler tekrar tekrar bakt\u0131! Sosyal medyadan yorum ya\u011f\u0131yor"},"content":{"rendered":"<p class=\"p1\">Megastar Tarkan\u2019\u0131n bir d\u00f6nem dillerden d\u00fc\u015fmeyen sevgilisi ve ilk a\u015fk\u0131 olarak bilinen avukat ve sporcu Bilge \u00d6zt\u00fcrk y\u0131llar sonraki g\u00f6r\u00fcnt\u00fcs\u00fc ile herkesi \u015fa\u015f\u0131rtt\u0131. Y\u0131llara meydan okuyan hali ile dikkatlerden ka\u00e7mayan Bilge \u00d6zt\u00fcrk\u2019\u00fcn yeni imaj\u0131na sevenlerinden be\u011feni ya\u011fd\u0131.<\/p>\n<h3 class=\"p1\">TARKAN\u2019IN \u0130LK SEVG\u0130L\u0130S\u0130 B\u0130LGE \u00d6ZT\u00dcRK\u2019\u00dcN SON HAL\u0130N\u0130 G\u00d6RENLER TEKRAR TEKRAR BAKTI<\/h3>\n<p class=\"p1\">Megastar <a href=\"https:\/\/www.tgrthaber.com\/mavikadin\/megastar-tarkandan-esi-pinar-tevetogluna-romantik-dogum-gunu-kutlamasi-fena-aska-geldi\/\">Tarkan\u2019<\/a>\u0131n hayat\u0131na ald\u0131\u011f\u0131 ve bir d\u00f6nem uzun s\u00fcreli ili\u015fki ya\u015fad\u0131\u011f\u0131 Bilge \u00d6zt\u00fcrk\u2019\u00fcn son hali g\u00f6renleri \u015fa\u015f\u0131rtt\u0131. Tarkan ile 8 y\u0131ll\u0131k bir ili\u015fki ya\u015fayan ard\u0131ndan evlilik d\u00fc\u015f\u00fcncesi \u00fczerine anla\u015famad\u0131klar\u0131 i\u00e7in ayr\u0131ld\u0131klar\u0131 iddia edilen Bilge \u00d6zt\u00fcrk uzun bir aradan sonra k\u0131rm\u0131z\u0131 hal\u0131da g\u00f6r\u00fcnt\u00fclendi.<\/p>\n<p><img loading=\"lazy\" decoding=\"async\" class=\"alignnone wp-image-252628 \" src=\"https:\/\/www.tgrthaber.com\/mavikadin\/wp-content\/uploads\/Ekran-Resmi-2025-10-22-14.10.53-1024x612.png\" alt=\"\" width=\"1595\" height=\"953\" title=\"\" srcset=\"https:\/\/www.tgrthaber.com\/mavikadin\/wp-content\/uploads\/Ekran-Resmi-2025-10-22-14.10.53-1024x612.png 1024w, https:\/\/www.tgrthaber.com\/mavikadin\/wp-content\/uploads\/Ekran-Resmi-2025-10-22-14.10.53-300x179.png 300w, https:\/\/www.tgrthaber.com\/mavikadin\/wp-content\/uploads\/Ekran-Resmi-2025-10-22-14.10.53-768x459.png 768w, https:\/\/www.tgrthaber.com\/mavikadin\/wp-content\/uploads\/Ekran-Resmi-2025-10-22-14.10.53.png 1078w\" sizes=\"(max-width: 1595px) 100vw, 1595px\" \/><\/p>\n<hr \/>\n<p class=\"p1\">O d\u00f6nem sanat d\u00fcnyas\u0131n\u0131n en \u00e7ok dikkat \u00e7eken isimlerinden biri olan Bilge \u00d6zt\u00fcrk y\u0131llara meydan okuyan g\u00f6r\u00fcnt\u00fcs\u00fc ile g\u00f6renleri mest etti. Verdi\u011fi kilolar, yeniledi\u011fi sa\u00e7 rengi ve ufak tefek yapt\u0131rd\u0131\u011f\u0131 estetik dokunu\u015flarla bamba\u015fka bir hale b\u00fcr\u00fcnen Bilge \u00d6zt\u00fcrk\u2019\u00fcn yeni imaj\u0131na be\u011feni ve yorum ya\u011fd\u0131.<\/p>\n<p><img loading=\"lazy\" decoding=\"async\" class=\"alignnone wp-image-252633 \" src=\"https:\/\/www.tgrthaber.com\/mavikadin\/wp-content\/uploads\/Ekran-Resmi-2025-10-22-14.14.33-1024x637.png\" alt=\"\" width=\"1612\" height=\"1003\" title=\"\" srcset=\"https:\/\/www.tgrthaber.com\/mavikadin\/wp-content\/uploads\/Ekran-Resmi-2025-10-22-14.14.33-1024x637.png 1024w, https:\/\/www.tgrthaber.com\/mavikadin\/wp-content\/uploads\/Ekran-Resmi-2025-10-22-14.14.33-300x187.png 300w, https:\/\/www.tgrthaber.com\/mavikadin\/wp-content\/uploads\/Ekran-Resmi-2025-10-22-14.14.33-768x478.png 768w, https:\/\/www.tgrthaber.com\/mavikadin\/wp-content\/uploads\/Ekran-Resmi-2025-10-22-14.14.33-1536x955.png 1536w, https:\/\/www.tgrthaber.com\/mavikadin\/wp-content\/uploads\/Ekran-Resmi-2025-10-22-14.14.33.png 1634w\" sizes=\"(max-width: 1612px) 100vw, 1612px\" \/><\/p>\n<hr \/>\n<p class=\"p1\">Sosyal medya kullan\u0131c\u0131lar\u0131, \u2018Ya\u015f ald\u0131k\u00e7a g\u00fczelle\u015fen kad\u0131nlardan\u2019, \u2018Zaman\u0131 m\u0131 durdurdun\u2019,\u2019 Eski halinden bile g\u00fczelsin\u2019 \u015feklinde yorumlar ya\u011fd\u0131rd\u0131.<\/p>\n<p><img loading=\"lazy\" decoding=\"async\" class=\"alignnone wp-image-252629 \" src=\"https:\/\/www.tgrthaber.com\/mavikadin\/wp-content\/uploads\/Ekran-Resmi-2025-10-22-14.10.57-1024x650.png\" alt=\"\" width=\"1590\" height=\"1009\" title=\"\" srcset=\"https:\/\/www.tgrthaber.com\/mavikadin\/wp-content\/uploads\/Ekran-Resmi-2025-10-22-14.10.57-1024x650.png 1024w, https:\/\/www.tgrthaber.com\/mavikadin\/wp-content\/uploads\/Ekran-Resmi-2025-10-22-14.10.57-300x190.png 300w, https:\/\/www.tgrthaber.com\/mavikadin\/wp-content\/uploads\/Ekran-Resmi-2025-10-22-14.10.57-768x487.png 768w, https:\/\/www.tgrthaber.com\/mavikadin\/wp-content\/uploads\/Ekran-Resmi-2025-10-22-14.10.57.png 1242w\" sizes=\"(max-width: 1590px) 100vw, 1590px\" \/><\/p>\n<hr \/>\n<h3>TARKAN&#8217;IN \u0130LK A\u015eKI B\u0130LGE \u00d6ZT\u00dcRK K\u0130MD\u0130R EVL\u0130 M\u0130 ?<\/h3>\n<p class=\"p1\">Bilge \u00d6zt\u00fcrk 1978 y\u0131l\u0131nda \u0130stanbul\u2019da d\u00fcnyaya gelmi\u015ftir. As\u0131l mesle\u011fi avukatl\u0131k olan \u00d6zt\u00fcrk spora olan ilgisiyle bilinmektedir. \u00d6zellikle s\u00f6rf yapmay\u0131 \u00e7ok seven Bilge \u00d6zt\u00fcrk\u2019\u00fcn bu tutkusu onun okul a\u00e7mas\u0131na vesile olmu\u015ftur. 3 karde\u015fi olan Bilge \u00d6zt\u00fcrk\u2019\u00fcn babas\u0131 da eski g\u00fcre\u015f\u00e7ilerdendir.<\/p>\n<p><img loading=\"lazy\" decoding=\"async\" class=\"alignnone wp-image-252630 \" src=\"https:\/\/www.tgrthaber.com\/mavikadin\/wp-content\/uploads\/Ekran-Resmi-2025-10-22-14.11.08.png\" alt=\"\" width=\"1599\" height=\"1129\" title=\"\" srcset=\"https:\/\/www.tgrthaber.com\/mavikadin\/wp-content\/uploads\/Ekran-Resmi-2025-10-22-14.11.08.png 898w, https:\/\/www.tgrthaber.com\/mavikadin\/wp-content\/uploads\/Ekran-Resmi-2025-10-22-14.11.08-300x212.png 300w, https:\/\/www.tgrthaber.com\/mavikadin\/wp-content\/uploads\/Ekran-Resmi-2025-10-22-14.11.08-768x542.png 768w\" sizes=\"(max-width: 1599px) 100vw, 1599px\" \/><\/p>\n<hr \/>\n<p class=\"p1\">2001 y\u0131l\u0131nda Marmara \u00dcniversitesi Hukuk Fak\u00fcltesi\u2019nden mezun olan Bilge \u00d6zt\u00fcrk\u2019\u00fcn evli olmad\u0131\u011f\u0131 bilinmektedir. Bir d\u00f6nem hakk\u0131nda \u00e7\u0131kan evlilik iddialar\u0131na cevap veren Bilge \u00d6zt\u00fcrk konuyla ilgili yapt\u0131\u011f\u0131,<span class=\"Apple-converted-space\">\u00a0 <\/span>\u201cZaman aman \u00e7e\u015fitli teklifler oldu ama ben g\u00f6n\u00fclden ba\u011flanmaya sevmeye inan\u0131yorum.<\/p>\n<p><img loading=\"lazy\" decoding=\"async\" class=\"alignnone wp-image-252631 \" src=\"https:\/\/www.tgrthaber.com\/mavikadin\/wp-content\/uploads\/Ekran-Resmi-2025-10-22-14.11.13.png\" alt=\"\" width=\"1596\" height=\"1225\" title=\"\" srcset=\"https:\/\/www.tgrthaber.com\/mavikadin\/wp-content\/uploads\/Ekran-Resmi-2025-10-22-14.11.13.png 990w, https:\/\/www.tgrthaber.com\/mavikadin\/wp-content\/uploads\/Ekran-Resmi-2025-10-22-14.11.13-300x230.png 300w, https:\/\/www.tgrthaber.com\/mavikadin\/wp-content\/uploads\/Ekran-Resmi-2025-10-22-14.11.13-768x590.png 768w\" sizes=\"(max-width: 1596px) 100vw, 1596px\" \/><\/p>\n<hr \/>\n<p class=\"p1\">Bunun i\u00e7in illa y\u00fcz\u00fck ya da bir s\u00f6zle\u015fmeye ba\u011flamak buna kar\u015f\u0131 da de\u011filim, \u015fart da g\u00f6rm\u00fcyorum. Ak\u0131\u015f\u0131nda olursa olur, olmazsa olmaz.<\/p>\n<p><img loading=\"lazy\" decoding=\"async\" class=\"alignnone wp-image-252632 \" src=\"https:\/\/www.tgrthaber.com\/mavikadin\/wp-content\/uploads\/Ekran-Resmi-2025-10-22-14.11.18.png\" alt=\"\" width=\"1676\" height=\"1073\" title=\"\" srcset=\"https:\/\/www.tgrthaber.com\/mavikadin\/wp-content\/uploads\/Ekran-Resmi-2025-10-22-14.11.18.png 828w, https:\/\/www.tgrthaber.com\/mavikadin\/wp-content\/uploads\/Ekran-Resmi-2025-10-22-14.11.18-300x192.png 300w, https:\/\/www.tgrthaber.com\/mavikadin\/wp-content\/uploads\/Ekran-Resmi-2025-10-22-14.11.18-768x492.png 768w\" sizes=\"(max-width: 1676px) 100vw, 1676px\" \/><\/p>\n<hr \/>\n<p class=\"p1\">Yanl\u0131\u015fl\u0131kla \u00f6yle bir \u015fey yaparsam davullu zurnal\u0131, sazl\u0131 s\u00f6zl\u00fc olur\u201d Bilge \u00d6zt\u00fcrk, evlili\u011fe kapal\u0131 olmad\u0131\u011f\u0131n\u0131 s\u00f6yleyip \u201cBu zamana kadar hi\u00e7 evlenmek istemedim, \u00e7ocuk sahibi olmak istemedim hala ayn\u0131 noktaday\u0131m, bu bir \u00f6zg\u00fcrl\u00fck hissi. S\u00f6rf de r\u00fczgar da deniz de bunun devam\u0131, se\u00e7me \u015fans\u0131m oldu\u011funda ben bu \u00f6zg\u00fcrl\u00fc\u011f\u00fc se\u00e7erim\u201d a\u00e7\u0131klamalar\u0131yla dikkat \u00e7ekmi\u015ftir.<\/p>\n<p>&nbsp;<\/p>\n","protected":false},"excerpt":{"rendered":"<p>Megastar Tarkan\u2019\u0131n ilk a\u015fk\u0131 olarak bilinen ve bir d\u00f6nem ya\u015fad\u0131klar\u0131 a\u015fkla magazin g\u00fcndeminden d\u00fc\u015fmeyen Bilge \u00d6zt\u00fcrk\u2019\u00fcn son hali g\u00f6renleri \u015fa\u015f\u0131rtt\u0131. Yeni imaj\u0131 ile bamba\u015fka biri olan Bilge \u00d6zt\u00fcrk\u2019\u00fcn sosyal medyadaki payla\u015f\u0131mlar\u0131na be\u011feni ve yorum ya\u011fd\u0131. <\/p>\n","protected":false},"author":16,"featured_media":252635,"comment_status":"closed","ping_status":"closed","sticky":false,"template":"","format":"standard","meta":{"rank_math_lock_modified_date":false,"footnotes":""},"categories":[76],"tags":[64950,133,2218,64948,64949],"class_list":["post-252602","post","type-post","status-publish","format-standard","has-post-thumbnail","hentry","category-magazin","tag-bilge-ozturk-kimdir","tag-magazin","tag-magazin-haberleri","tag-tarkan-sevgilisi-bilge-ozturk-son-hali","tag-tarkanin-ilk-aski-bilge-ozturk-son-hali"],"_links":{"self":[{"href":"https:\/\/www.tgrthaber.com\/mavikadin\/wp-json\/wp\/v2\/posts\/252602"}],"collection":[{"href":"https:\/\/www.tgrthaber.com\/mavikadin\/wp-json\/wp\/v2\/posts"}],"about":[{"href":"https:\/\/www.tgrthaber.com\/mavikadin\/wp-json\/wp\/v2\/types\/post"}],"author":[{"embeddable":true,"href":"https:\/\/www.tgrthaber.com\/mavikadin\/wp-json\/wp\/v2\/users\/16"}],"replies":[{"embeddable":true,"href":"https:\/\/www.tgrthaber.com\/mavikadin\/wp-json\/wp\/v2\/comments?post=252602"}],"version-history":[{"count":1,"href":"https:\/\/www.tgrthaber.com\/mavikadin\/wp-json\/wp\/v2\/posts\/252602\/revisions"}],"predecessor-version":[{"id":252636,"href":"https:\/\/www.tgrthaber.com\/mavikadin\/wp-json\/wp\/v2\/posts\/252602\/revisions\/252636"}],"wp:featuredmedia":[{"embeddable":true,"href":"https:\/\/www.tgrthaber.com\/mavikadin\/wp-json\/wp\/v2\/media\/252635"}],"wp:attachment":[{"href":"https:\/\/www.tgrthaber.com\/mavikadin\/wp-json\/wp\/v2\/media?parent=252602"}],"wp:term":[{"taxonomy":"category","embeddable":true,"href":"https:\/\/www.tgrthaber.com\/mavikadin\/wp-json\/wp\/v2\/categories?post=252602"},{"taxonomy":"post_tag","embeddable":true,"href":"https:\/\/www.tgrthaber.com\/mavikadin\/wp-json\/wp\/v2\/tags?post=252602"}],"curies":[{"name":"wp","href":"https:\/\/api.w.org\/{rel}","templated":true}]}}