{"id":252687,"date":"2025-10-22T16:25:08","date_gmt":"2025-10-22T13:25:08","guid":{"rendered":"https:\/\/www.tgrthaber.com\/mavikadin\/?p=252687"},"modified":"2025-10-22T16:25:08","modified_gmt":"2025-10-22T13:25:08","slug":"kivanc-tatlitugun-kac-kardesi-var-kivanc-tatlitug-anne-babasi-kim","status":"publish","type":"post","link":"https:\/\/www.tgrthaber.com\/mavikadin\/kivanc-tatlitugun-kac-kardesi-var-kivanc-tatlitug-anne-babasi-kim\/","title":{"rendered":"K\u0131van\u00e7 Tatl\u0131tu\u011f\u2019un ka\u00e7 karde\u015fi var? K\u0131van\u00e7 Tatl\u0131tu\u011f anne babas\u0131 kim?"},"content":{"rendered":"<p>T\u00fcrk televizyonlar\u0131n\u0131n en be\u011fenilen oyuncular\u0131ndan biri olan K\u0131van\u00e7 Tatl\u0131tu\u011f, son zamanlarda ailesi ile g\u00fcndem oldu. \u00d6zellikle ailesinden karde\u015fleri merak edilerek ara\u015ft\u0131r\u0131lmaya ba\u015fland\u0131. Peki, K\u0131van\u00e7 Tatl\u0131tu\u011f\u2019un ka\u00e7 karde\u015fi var? K\u0131van\u00e7 Tatl\u0131tu\u011f anne babas\u0131 kim? sorular\u0131n\u0131 sizin i\u00e7in ara\u015ft\u0131rd\u0131k. \u0130\u015fte detaylar\u2026<\/p>\n<h3>KIVAN\u00c7 TATLITU\u011e\u2019UN KA\u00c7 KARDE\u015e\u0130 VAR?<\/h3>\n<p>\u00dcnl\u00fc oyuncu K\u0131van\u00e7 Tatl\u0131tu\u011f\u2019un ailesi merak edildi. Son zamanlarda g\u00fcndeme gelen ailesi ile arama motorlar\u0131nda K\u0131van\u00e7 Tatl\u0131tu\u011f\u2019un ailesi hakk\u0131nda ara\u015ft\u0131rmalar yap\u0131ld\u0131. Kendisi 27 Ekim 1983\u2019te d\u00fcnyaya gelmi\u015f. Adana\u2019da do\u011fan K\u0131van\u00e7 Tatl\u0131tu\u011f, baba taraf\u0131ndan Arnavut ve Bo\u015fnak k\u00f6kenli olup anne taraf\u0131ndan ise Edirnelidir.<\/p>\n<p><img loading=\"lazy\" decoding=\"async\" class=\"alignnone size-full wp-image-252695\" src=\"https:\/\/www.tgrthaber.com\/mavikadin\/wp-content\/uploads\/ARZU-2025-10-22T162155.908.jpg\" alt=\"K\u0131van\u00e7 Tatl\u0131tu\u011f\u2019un ka\u00e7 karde\u015fi var? K\u0131van\u00e7 Tatl\u0131tu\u011f anne babas\u0131 kim?\" width=\"1208\" height=\"680\" title=\"\" srcset=\"https:\/\/www.tgrthaber.com\/mavikadin\/wp-content\/uploads\/ARZU-2025-10-22T162155.908.jpg 1208w, https:\/\/www.tgrthaber.com\/mavikadin\/wp-content\/uploads\/ARZU-2025-10-22T162155.908-300x169.jpg 300w, https:\/\/www.tgrthaber.com\/mavikadin\/wp-content\/uploads\/ARZU-2025-10-22T162155.908-1024x576.jpg 1024w, https:\/\/www.tgrthaber.com\/mavikadin\/wp-content\/uploads\/ARZU-2025-10-22T162155.908-768x432.jpg 768w\" sizes=\"(max-width: 1208px) 100vw, 1208px\" \/><\/p>\n<hr \/>\n<p>K\u00fc\u00e7\u00fck ya\u015flarda basketbol sporu ile ilgilenen K\u0131van\u00e7 Tatl\u0131tu\u011f, ya\u015fad\u0131\u011f\u0131 bir sakatl\u0131k nedeniyle basketbol kariyeri son buldu. Daha sonra mankenlik kariyerine ba\u015flayan K\u0131van\u00e7 Tatl\u0131tu\u011f, iki y\u0131l ajanslarda mankenlik yapm\u0131\u015f daha sonda 2002 Best Model of Turkey manken yar\u0131\u015fmas\u0131na kat\u0131lm\u0131\u015f ve birinci olmu\u015ftur.<\/p>\n<p><img loading=\"lazy\" decoding=\"async\" class=\"alignnone size-full wp-image-252701\" src=\"https:\/\/www.tgrthaber.com\/mavikadin\/wp-content\/uploads\/ARZU-2025-10-22T162123.449.jpg\" alt=\"K\u0131van\u00e7 Tatl\u0131tu\u011f\u2019un ka\u00e7 karde\u015fi var? K\u0131van\u00e7 Tatl\u0131tu\u011f anne babas\u0131 kim?\" width=\"1208\" height=\"680\" title=\"\" srcset=\"https:\/\/www.tgrthaber.com\/mavikadin\/wp-content\/uploads\/ARZU-2025-10-22T162123.449.jpg 1208w, https:\/\/www.tgrthaber.com\/mavikadin\/wp-content\/uploads\/ARZU-2025-10-22T162123.449-300x169.jpg 300w, https:\/\/www.tgrthaber.com\/mavikadin\/wp-content\/uploads\/ARZU-2025-10-22T162123.449-1024x576.jpg 1024w, https:\/\/www.tgrthaber.com\/mavikadin\/wp-content\/uploads\/ARZU-2025-10-22T162123.449-768x432.jpg 768w\" sizes=\"(max-width: 1208px) 100vw, 1208px\" \/><\/p>\n<hr \/>\n<p>Birinci olduktan sonra Paris\u2019e giden K\u0131van\u00e7 Tatl\u0131tu\u011f orada e\u011fitimler ald\u0131ktan sonra hayali olan oyunculu\u011fu y\u00f6nelmi\u015ftir. Bu alanda Okan Bay\u00fclgen\u2019den ve La\u00e7in Ceylan\u2019dan dersler alm\u0131\u015ft\u0131r. Oyunculu\u011fa ilk ad\u0131m\u0131n\u0131 ise G\u00fcm\u00fc\u015f dizisi ile atm\u0131\u015ft\u0131r.<\/p>\n<p><img loading=\"lazy\" decoding=\"async\" class=\"alignnone size-full wp-image-252699\" src=\"https:\/\/www.tgrthaber.com\/mavikadin\/wp-content\/uploads\/ARZU-2025-10-22T162136.744.jpg\" alt=\"K\u0131van\u00e7 Tatl\u0131tu\u011f\u2019un ka\u00e7 karde\u015fi var? K\u0131van\u00e7 Tatl\u0131tu\u011f anne babas\u0131 kim?\" width=\"1208\" height=\"680\" title=\"\" srcset=\"https:\/\/www.tgrthaber.com\/mavikadin\/wp-content\/uploads\/ARZU-2025-10-22T162136.744.jpg 1208w, https:\/\/www.tgrthaber.com\/mavikadin\/wp-content\/uploads\/ARZU-2025-10-22T162136.744-300x169.jpg 300w, https:\/\/www.tgrthaber.com\/mavikadin\/wp-content\/uploads\/ARZU-2025-10-22T162136.744-1024x576.jpg 1024w, https:\/\/www.tgrthaber.com\/mavikadin\/wp-content\/uploads\/ARZU-2025-10-22T162136.744-768x432.jpg 768w\" sizes=\"(max-width: 1208px) 100vw, 1208px\" \/><\/p>\n<hr \/>\n<p>\u015eimdilerde projelerin aranan y\u00fcz\u00fc olan K\u0131van\u00e7 Tatl\u0131tu\u011f, ailesi ile de dikkatleri \u00fczerine \u00e7ekiyor. \u00dcnl\u00fc oyuncunun karde\u015fleri ve ailesi merak edilen konular aras\u0131nda yer al\u0131yor. K\u0131van\u00e7 Tatl\u0131tu\u011f\u2019un 4 karde\u015fi vard\u0131r. Bunlar Cem Tatl\u0131tu\u011f, \u0130pek Tatl\u0131tu\u011f, <a href=\"https:\/\/www.tgrthaber.com\/mavikadin\/kivanc-tatlitugun-kardesi-melisa-dilara-tatlitug-kimdir-kac-yasinda-melisa-dilara-tatlitug-neden-tutuklandi\/\">Melisa Tatl\u0131tu\u011f<\/a> ve Tugay Tatl\u0131tu\u011f\u2019dur.<\/p>\n<h3><img loading=\"lazy\" decoding=\"async\" class=\"alignnone size-full wp-image-252692\" src=\"https:\/\/www.tgrthaber.com\/mavikadin\/wp-content\/uploads\/ARZU-2025-10-22T162210.783.jpg\" alt=\"K\u0131van\u00e7 Tatl\u0131tu\u011f\u2019un ka\u00e7 karde\u015fi var? K\u0131van\u00e7 Tatl\u0131tu\u011f anne babas\u0131 kim?\" width=\"1208\" height=\"680\" title=\"\" srcset=\"https:\/\/www.tgrthaber.com\/mavikadin\/wp-content\/uploads\/ARZU-2025-10-22T162210.783.jpg 1208w, https:\/\/www.tgrthaber.com\/mavikadin\/wp-content\/uploads\/ARZU-2025-10-22T162210.783-300x169.jpg 300w, https:\/\/www.tgrthaber.com\/mavikadin\/wp-content\/uploads\/ARZU-2025-10-22T162210.783-1024x576.jpg 1024w, https:\/\/www.tgrthaber.com\/mavikadin\/wp-content\/uploads\/ARZU-2025-10-22T162210.783-768x432.jpg 768w\" sizes=\"(max-width: 1208px) 100vw, 1208px\" \/><\/h3>\n<hr \/>\n<h3>KIVAN\u00c7 TATLITU\u011e ANNE BABASI K\u0130M?<\/h3>\n<p>Ba\u015far\u0131l\u0131 oyuncu K\u0131van\u00e7 Tatl\u0131tu\u011f, kariyerinde emin ad\u0131mlar ile ilerlerken ailesi de merak edilerek ara\u015ft\u0131r\u0131lmaya ba\u015fland\u0131. \u00d6zellikle de K\u0131van\u00e7 Tatl\u0131tu\u011f\u2019un annesi ve babas\u0131 merak edilen ki\u015filer aras\u0131nda yer ald\u0131.<\/p>\n<p><img loading=\"lazy\" decoding=\"async\" class=\"alignnone size-full wp-image-252689\" src=\"https:\/\/www.tgrthaber.com\/mavikadin\/wp-content\/uploads\/ARZU-2025-10-22T162246.158.jpg\" alt=\"K\u0131van\u00e7 Tatl\u0131tu\u011f\u2019un ka\u00e7 karde\u015fi var? K\u0131van\u00e7 Tatl\u0131tu\u011f anne babas\u0131 kim?\" width=\"1208\" height=\"680\" title=\"\" srcset=\"https:\/\/www.tgrthaber.com\/mavikadin\/wp-content\/uploads\/ARZU-2025-10-22T162246.158.jpg 1208w, https:\/\/www.tgrthaber.com\/mavikadin\/wp-content\/uploads\/ARZU-2025-10-22T162246.158-300x169.jpg 300w, https:\/\/www.tgrthaber.com\/mavikadin\/wp-content\/uploads\/ARZU-2025-10-22T162246.158-1024x576.jpg 1024w, https:\/\/www.tgrthaber.com\/mavikadin\/wp-content\/uploads\/ARZU-2025-10-22T162246.158-768x432.jpg 768w\" sizes=\"(max-width: 1208px) 100vw, 1208px\" \/><\/p>\n<hr \/>\n<p>A\u015fk-\u0131 Memnu dizisi ile geni\u015f kitlelerce tan\u0131nan K\u0131van\u00e7 Tatl\u0131tu\u011f\u2019un babas\u0131 Erdem Tatl\u0131tu\u011f ve annesi Nurten Tatl\u0131tu\u011f\u2019dur. Adana\u2019da do\u011fup b\u00fcy\u00fcyen K\u0131van\u00e7 Tatl\u0131tu\u011f, baba taraf\u0131ndan Bo\u015fnak k\u00f6kenli olup annesi taraf\u0131ndan da Edirnelidir.<\/p>\n<p><img loading=\"lazy\" decoding=\"async\" class=\"alignnone size-full wp-image-252691\" src=\"https:\/\/www.tgrthaber.com\/mavikadin\/wp-content\/uploads\/ARZU-2025-10-22T162234.157.jpg\" alt=\"K\u0131van\u00e7 Tatl\u0131tu\u011f\u2019un ka\u00e7 karde\u015fi var? K\u0131van\u00e7 Tatl\u0131tu\u011f anne babas\u0131 kim?\" width=\"1208\" height=\"680\" title=\"\" srcset=\"https:\/\/www.tgrthaber.com\/mavikadin\/wp-content\/uploads\/ARZU-2025-10-22T162234.157.jpg 1208w, https:\/\/www.tgrthaber.com\/mavikadin\/wp-content\/uploads\/ARZU-2025-10-22T162234.157-300x169.jpg 300w, https:\/\/www.tgrthaber.com\/mavikadin\/wp-content\/uploads\/ARZU-2025-10-22T162234.157-1024x576.jpg 1024w, https:\/\/www.tgrthaber.com\/mavikadin\/wp-content\/uploads\/ARZU-2025-10-22T162234.157-768x432.jpg 768w\" sizes=\"(max-width: 1208px) 100vw, 1208px\" \/><\/p>\n<hr \/>\n<p>Babas\u0131 Erdem Tatl\u0131tu\u011f, Adana\u2019da pastane i\u015fletmecili\u011fi yapan ve be\u015f \u00e7ocuk babas\u0131 olarak bilinmektedir. 1997 y\u0131l\u0131nda ge\u00e7irdi\u011fi ciddi kalp ameliyat\u0131 sonras\u0131 ailesi ile Adana\u2019dan \u0130stanbul\u2019a ta\u015f\u0131nm\u0131\u015ft\u0131r. Annesi hakk\u0131nda detayl\u0131 bilgiler kamuoyunda bir \u015fekilde bulunamam\u0131\u015ft\u0131r.<\/p>\n","protected":false},"excerpt":{"rendered":"<p>\u00dcnl\u00fc oyuncu K\u0131van\u00e7 Tatl\u0131tu\u011f, ailesi ile merak edilerek ara\u015ft\u0131r\u0131lmaya ba\u015fland\u0131. Peki, K\u0131van\u00e7 Tatl\u0131tu\u011f\u2019un ka\u00e7 karde\u015fi var? K\u0131van\u00e7 Tatl\u0131tu\u011f anne babas\u0131 kim? \u0130\u015fte detaylar\u2026<\/p>\n","protected":false},"author":34,"featured_media":252696,"comment_status":"closed","ping_status":"closed","sticky":false,"template":"","format":"standard","meta":{"rank_math_lock_modified_date":false,"footnotes":""},"categories":[76],"tags":[16521,2498,64959,64958,2218],"class_list":["post-252687","post","type-post","status-publish","format-standard","has-post-thumbnail","hentry","category-magazin","tag-biyografi-haberleri","tag-kivanc-tatlitug","tag-kivanc-tatlitug-anne-babasi","tag-kivanc-tatlitug-kardesleri","tag-magazin-haberleri"],"_links":{"self":[{"href":"https:\/\/www.tgrthaber.com\/mavikadin\/wp-json\/wp\/v2\/posts\/252687"}],"collection":[{"href":"https:\/\/www.tgrthaber.com\/mavikadin\/wp-json\/wp\/v2\/posts"}],"about":[{"href":"https:\/\/www.tgrthaber.com\/mavikadin\/wp-json\/wp\/v2\/types\/post"}],"author":[{"embeddable":true,"href":"https:\/\/www.tgrthaber.com\/mavikadin\/wp-json\/wp\/v2\/users\/34"}],"replies":[{"embeddable":true,"href":"https:\/\/www.tgrthaber.com\/mavikadin\/wp-json\/wp\/v2\/comments?post=252687"}],"version-history":[{"count":1,"href":"https:\/\/www.tgrthaber.com\/mavikadin\/wp-json\/wp\/v2\/posts\/252687\/revisions"}],"predecessor-version":[{"id":252710,"href":"https:\/\/www.tgrthaber.com\/mavikadin\/wp-json\/wp\/v2\/posts\/252687\/revisions\/252710"}],"wp:featuredmedia":[{"embeddable":true,"href":"https:\/\/www.tgrthaber.com\/mavikadin\/wp-json\/wp\/v2\/media\/252696"}],"wp:attachment":[{"href":"https:\/\/www.tgrthaber.com\/mavikadin\/wp-json\/wp\/v2\/media?parent=252687"}],"wp:term":[{"taxonomy":"category","embeddable":true,"href":"https:\/\/www.tgrthaber.com\/mavikadin\/wp-json\/wp\/v2\/categories?post=252687"},{"taxonomy":"post_tag","embeddable":true,"href":"https:\/\/www.tgrthaber.com\/mavikadin\/wp-json\/wp\/v2\/tags?post=252687"}],"curies":[{"name":"wp","href":"https:\/\/api.w.org\/{rel}","templated":true}]}}