{"id":252718,"date":"2025-10-22T17:24:31","date_gmt":"2025-10-22T14:24:31","guid":{"rendered":"https:\/\/www.tgrthaber.com\/mavikadin\/?p=252718"},"modified":"2025-10-22T17:30:31","modified_gmt":"2025-10-22T14:30:31","slug":"hasan-abi-kimdir-kac-yasinda-sosyal-medya-fenomeni-hasan-abi-neden-oldu","status":"publish","type":"post","link":"https:\/\/www.tgrthaber.com\/mavikadin\/hasan-abi-kimdir-kac-yasinda-sosyal-medya-fenomeni-hasan-abi-neden-oldu\/","title":{"rendered":"Hasan Abi kimdir, ka\u00e7 ya\u015f\u0131nda? Sosyal medya fenomeni Hasan Abi neden \u00f6ld\u00fc?"},"content":{"rendered":"<p>Bir zamanlar sosyal medyada milyonlarca ki\u015finin y\u00fcz\u00fcn\u00fc g\u00fcld\u00fcren &#8216;Okumu\u015f kad\u0131n, incinmi\u015fssin dedi&#8217; videosuyla herkese ad\u0131n\u0131 duyuran Hasan Abi hayata g\u00f6zlerini yumdu. Ac\u0131 haberin ard\u0131ndan sosyal medyada &#8216;Hasan Abi kimdir, ka\u00e7 ya\u015f\u0131nda?&#8217;,\u00a0 &#8216;Sosyal medya fenomeni Hasan Abi neden \u00f6ld\u00fc&#8217; sorular\u0131 cevaplanmay\u0131 bekliyor. Peki ger\u00e7ek ad\u0131 Hasan Fehmi Kara olan Hasan Abi kimdir? Hasan Abi ka\u00e7 ya\u015f\u0131ndayd\u0131 ve neden \u00f6ld\u00fc? \u0130\u015fte detaylar&#8230;<\/p>\n<h3>HASAN AB\u0130 K\u0130MD\u0130R, KA\u00c7 YA\u015eINDA?<\/h3>\n<p>As\u0131l ad\u0131 Hasan Fehmi Kara olan &#8216;\u0130ncinmi\u015fsin Hasan Abi&#8217;, Konya\u2019n\u0131n Cihanbeyli il\u00e7esinde ya\u015f\u0131yordu. Nam\u0131di\u011fer Hasan Abi 42 ya\u015f\u0131nda bir esnaf olarak tan\u0131n\u0131yordu. Yakla\u015f\u0131k d\u00f6rt y\u0131l \u00f6nce sosyal medyada payla\u015ft\u0131\u011f\u0131 bir video ile, &#8216;Okumu\u015f kad\u0131n, incinmi\u015fsin dedi&#8217; payla\u015f\u0131m\u0131yla herkesin ilgisini \u00e7ekmi\u015fti.<\/p>\n<p><img loading=\"lazy\" decoding=\"async\" class=\"alignnone wp-image-252743\" src=\"https:\/\/www.tgrthaber.com\/mavikadin\/wp-content\/uploads\/images-36.jpeg\" alt=\"\" width=\"1208\" height=\"676\" title=\"\"><\/p>\n<hr \/>\n<p>O g\u00fcnden sonra sade konu\u015fmas\u0131, i\u00e7ten g\u00fcl\u00fc\u015f\u00fc ve Anadolu\u2019nun insan\u0131n\u0131n s\u0131cak tav\u0131rlar\u0131yla k\u0131sa s\u00fcrede milyonlar\u0131 kalbinde taht kurdu. \u0130nsanlar\u0131n bizden biri olarak g\u00f6rd\u00fc\u011f\u00fc Hasan Abi, sosyal medyada fenomen olmadan \u00f6nce \u00f6nce s\u0131radan bir esnaf olarak ya\u015fam\u0131n\u0131 s\u00fcrd\u00fcr\u00fcyordu. Ancak payla\u015f\u0131lan incinmi\u015fsin videosu, hayat\u0131n\u0131 ve \u00e7evresini bir anda de\u011fi\u015ftirdi.<\/p>\n<p><img loading=\"lazy\" decoding=\"async\" class=\"alignnone wp-image-252744\" src=\"https:\/\/www.tgrthaber.com\/mavikadin\/wp-content\/uploads\/Adsiz-tasarim-11-61-300x169.png\" alt=\"\" width=\"1208\" height=\"680\" title=\"\" srcset=\"https:\/\/www.tgrthaber.com\/mavikadin\/wp-content\/uploads\/Adsiz-tasarim-11-61-300x169.png 300w, https:\/\/www.tgrthaber.com\/mavikadin\/wp-content\/uploads\/Adsiz-tasarim-11-61-1024x576.png 1024w, https:\/\/www.tgrthaber.com\/mavikadin\/wp-content\/uploads\/Adsiz-tasarim-11-61-768x432.png 768w, https:\/\/www.tgrthaber.com\/mavikadin\/wp-content\/uploads\/Adsiz-tasarim-11-61-1536x864.png 1536w, https:\/\/www.tgrthaber.com\/mavikadin\/wp-content\/uploads\/Adsiz-tasarim-11-61.png 1920w\" sizes=\"(max-width: 1208px) 100vw, 1208px\" \/><\/p>\n<hr \/>\n<h3>SOSYAL MEDYA FENOMEN\u0130 HASAN AB\u0130 NEDEN \u00d6LD\u00dc?<\/h3>\n<p>Hasan Abi olarak tan\u0131nan Hasan Fehmi Kara, Konya 6. Organize Sanayi B\u00f6lgesi&#8217;nde park halindeki bir kamyonun i\u00e7inde hareketsiz \u015fekilde bulundu. Sa\u011fl\u0131k ekipleri ihbar \u00fczerine olay yerine gitti, daha sonra ise Hasan Abi\u2019nin hayat\u0131n\u0131 kaybetti\u011fi belirledi.<\/p>\n<p><img loading=\"lazy\" decoding=\"async\" class=\"alignnone wp-image-252750\" src=\"https:\/\/www.tgrthaber.com\/mavikadin\/wp-content\/uploads\/Adsiz-tasarim-15-48-300x169.png\" alt=\"\" width=\"1208\" height=\"680\" title=\"\" srcset=\"https:\/\/www.tgrthaber.com\/mavikadin\/wp-content\/uploads\/Adsiz-tasarim-15-48-300x169.png 300w, https:\/\/www.tgrthaber.com\/mavikadin\/wp-content\/uploads\/Adsiz-tasarim-15-48-1024x576.png 1024w, https:\/\/www.tgrthaber.com\/mavikadin\/wp-content\/uploads\/Adsiz-tasarim-15-48-768x432.png 768w, https:\/\/www.tgrthaber.com\/mavikadin\/wp-content\/uploads\/Adsiz-tasarim-15-48-1536x864.png 1536w, https:\/\/www.tgrthaber.com\/mavikadin\/wp-content\/uploads\/Adsiz-tasarim-15-48.png 1920w\" sizes=\"(max-width: 1208px) 100vw, 1208px\" \/><\/p>\n<hr \/>\n<p>Yap\u0131lan ilk incelemede v\u00fccudunda herhangi bir darp veya kesici alet izi tespit edilmedi. Ancak talihsiz olay, \u015f\u00fcpheli \u00f6l\u00fcm olarak de\u011ferlendirildi ve Kara\u2019n\u0131n cans\u0131z bedeni otopsi i\u00e7in Konya \u015eehir Hastanesi morguna kald\u0131r\u0131ld\u0131.<\/p>\n<p><img loading=\"lazy\" decoding=\"async\" class=\"alignnone wp-image-252745\" src=\"https:\/\/www.tgrthaber.com\/mavikadin\/wp-content\/uploads\/Adsiz-tasarim-13-56-300x169.png\" alt=\"\" width=\"1208\" height=\"680\" title=\"\" srcset=\"https:\/\/www.tgrthaber.com\/mavikadin\/wp-content\/uploads\/Adsiz-tasarim-13-56-300x169.png 300w, https:\/\/www.tgrthaber.com\/mavikadin\/wp-content\/uploads\/Adsiz-tasarim-13-56-1024x576.png 1024w, https:\/\/www.tgrthaber.com\/mavikadin\/wp-content\/uploads\/Adsiz-tasarim-13-56-768x432.png 768w, https:\/\/www.tgrthaber.com\/mavikadin\/wp-content\/uploads\/Adsiz-tasarim-13-56-1536x864.png 1536w, https:\/\/www.tgrthaber.com\/mavikadin\/wp-content\/uploads\/Adsiz-tasarim-13-56.png 1920w\" sizes=\"(max-width: 1208px) 100vw, 1208px\" \/><\/p>\n<hr \/>\n<p>Gelen iddialara g\u00f6re Kara\u2019n\u0131n diyabet rahats\u0131zl\u0131\u011f\u0131 bulundu\u011fu s\u00f6yleniyor.nAncak bu konuyla ilgili herhangi bir resmi bir a\u00e7\u0131klama yap\u0131lmad\u0131. Savc\u0131l\u0131k, kesin \u00f6l\u00fcm nedenini belirlemek i\u00e7in adli soru\u015fturma ba\u015flatt\u0131.<\/p>\n<p><img loading=\"lazy\" decoding=\"async\" class=\"alignnone wp-image-252749\" src=\"https:\/\/www.tgrthaber.com\/mavikadin\/wp-content\/uploads\/Adsiz-tasarim-16-50-300x169.png\" alt=\"\" width=\"1208\" height=\"680\" title=\"\" srcset=\"https:\/\/www.tgrthaber.com\/mavikadin\/wp-content\/uploads\/Adsiz-tasarim-16-50-300x169.png 300w, https:\/\/www.tgrthaber.com\/mavikadin\/wp-content\/uploads\/Adsiz-tasarim-16-50-1024x576.png 1024w, https:\/\/www.tgrthaber.com\/mavikadin\/wp-content\/uploads\/Adsiz-tasarim-16-50-768x432.png 768w, https:\/\/www.tgrthaber.com\/mavikadin\/wp-content\/uploads\/Adsiz-tasarim-16-50-1536x864.png 1536w, https:\/\/www.tgrthaber.com\/mavikadin\/wp-content\/uploads\/Adsiz-tasarim-16-50.png 1920w\" sizes=\"(max-width: 1208px) 100vw, 1208px\" \/><\/p>\n<hr \/>\n<p>Yetkililer de resmi bi a\u00e7\u0131klama yapmak i\u00e7in otopsi raporundan \u00e7kacak sonu\u00e7lar\u0131 bekliyor.<\/p>\n<p><img loading=\"lazy\" decoding=\"async\" class=\"alignnone wp-image-252751\" src=\"https:\/\/www.tgrthaber.com\/mavikadin\/wp-content\/uploads\/Adsiz-tasarim-14-53-300x169.png\" alt=\"\" width=\"1208\" height=\"680\" title=\"\" srcset=\"https:\/\/www.tgrthaber.com\/mavikadin\/wp-content\/uploads\/Adsiz-tasarim-14-53-300x169.png 300w, https:\/\/www.tgrthaber.com\/mavikadin\/wp-content\/uploads\/Adsiz-tasarim-14-53-1024x576.png 1024w, https:\/\/www.tgrthaber.com\/mavikadin\/wp-content\/uploads\/Adsiz-tasarim-14-53-768x432.png 768w, https:\/\/www.tgrthaber.com\/mavikadin\/wp-content\/uploads\/Adsiz-tasarim-14-53-1536x864.png 1536w, https:\/\/www.tgrthaber.com\/mavikadin\/wp-content\/uploads\/Adsiz-tasarim-14-53.png 1920w\" sizes=\"(max-width: 1208px) 100vw, 1208px\" \/><\/p>\n<hr \/>\n<h3>SOSYAL MEDYA HASAN AB\u0130 VEFATYLA SARSILDI<\/h3>\n<p>Hasan Abi\u2019nin gelen \u00f6l\u00fcm haberi <a href=\"https:\/\/www.tgrthaber.com\/mavikadin\/sosyal-medya-fenomeni-damla-altundan-bebek-mujdesi-meger-hamileymisim\/\">sosyal medya<\/a>y\u0131 adeta sarst\u0131. Binlerce kullan\u0131c\u0131, onun videolar\u0131n\u0131 yeniden payla\u015farak Hasan Abi&#8217;yi and\u0131.<\/p>\n<p>&#8216;\u0130ncinmi\u015fsin ama bizi g\u00fcld\u00fcrm\u00fc\u015ft\u00fcn&#8217; yorumlar\u0131 pe\u015f pe\u015fe ya\u011farken, &#8216;Mekan\u0131n cennet olsun Hasan Abi&#8217; payla\u015f\u0131mlar\u0131 eksik olmad\u0131. Konya\u2019daki yak\u0131n \u00e7evresinden elen bilgiye g\u00f6re Hasan Abi her zaman g\u00fcler y\u00fczl\u00fc, yard\u0131msever ve i\u00e7ten biri olarak biliniyormu\u015f.<\/p>\n","protected":false},"excerpt":{"rendered":"<p>Sosyal medyada &#8216;\u0130ncinmi\u015fsin&#8217; videosuyla milyonlara ad\u0131n\u0131 duyuran Hasan Abi&#8217;den ac\u0131 haber geldi. Peki Hasan Fehmi Kara, nam\u0131di\u011fer Hasan Abi kimdir, ka\u00e7 ya\u015f\u0131nda? Sosyal medya fenomeni Hasan Abi neden \u00f6ld\u00fc? \u0130\u015fte merak edilen t\u00fcm detaylar&#8230;<\/p>\n","protected":false},"author":35,"featured_media":252720,"comment_status":"closed","ping_status":"closed","sticky":false,"template":"","format":"standard","meta":{"rank_math_lock_modified_date":false,"footnotes":""},"categories":[491],"tags":[3374,64964,64967,64966,64965],"class_list":["post-252718","post","type-post","status-publish","format-standard","has-post-thumbnail","hentry","category-biyografi","tag-biyografi","tag-hasan-abi","tag-hasan-abi-neden-oldu","tag-hasan-fehmi-kara","tag-incinmisssin-videosu"],"_links":{"self":[{"href":"https:\/\/www.tgrthaber.com\/mavikadin\/wp-json\/wp\/v2\/posts\/252718"}],"collection":[{"href":"https:\/\/www.tgrthaber.com\/mavikadin\/wp-json\/wp\/v2\/posts"}],"about":[{"href":"https:\/\/www.tgrthaber.com\/mavikadin\/wp-json\/wp\/v2\/types\/post"}],"author":[{"embeddable":true,"href":"https:\/\/www.tgrthaber.com\/mavikadin\/wp-json\/wp\/v2\/users\/35"}],"replies":[{"embeddable":true,"href":"https:\/\/www.tgrthaber.com\/mavikadin\/wp-json\/wp\/v2\/comments?post=252718"}],"version-history":[{"count":4,"href":"https:\/\/www.tgrthaber.com\/mavikadin\/wp-json\/wp\/v2\/posts\/252718\/revisions"}],"predecessor-version":[{"id":252752,"href":"https:\/\/www.tgrthaber.com\/mavikadin\/wp-json\/wp\/v2\/posts\/252718\/revisions\/252752"}],"wp:featuredmedia":[{"embeddable":true,"href":"https:\/\/www.tgrthaber.com\/mavikadin\/wp-json\/wp\/v2\/media\/252720"}],"wp:attachment":[{"href":"https:\/\/www.tgrthaber.com\/mavikadin\/wp-json\/wp\/v2\/media?parent=252718"}],"wp:term":[{"taxonomy":"category","embeddable":true,"href":"https:\/\/www.tgrthaber.com\/mavikadin\/wp-json\/wp\/v2\/categories?post=252718"},{"taxonomy":"post_tag","embeddable":true,"href":"https:\/\/www.tgrthaber.com\/mavikadin\/wp-json\/wp\/v2\/tags?post=252718"}],"curies":[{"name":"wp","href":"https:\/\/api.w.org\/{rel}","templated":true}]}}