{"id":252719,"date":"2025-10-22T17:11:23","date_gmt":"2025-10-22T14:11:23","guid":{"rendered":"https:\/\/www.tgrthaber.com\/mavikadin\/?p=252719"},"modified":"2025-10-22T17:11:23","modified_gmt":"2025-10-22T14:11:23","slug":"kivanc-tatlitugun-kardesi-melisa-dilara-tatlitugun-eski-esi-kimdir-meslegi-ne-ne-is-yapiyor","status":"publish","type":"post","link":"https:\/\/www.tgrthaber.com\/mavikadin\/kivanc-tatlitugun-kardesi-melisa-dilara-tatlitugun-eski-esi-kimdir-meslegi-ne-ne-is-yapiyor\/","title":{"rendered":"K\u0131van\u00e7 Tatl\u0131tu\u011f&#8217;un karde\u015fi Melisa Dilara Tatl\u0131tu\u011f&#8217;un eski e\u015fi kimdir? Mesle\u011fi ne, ne i\u015f yap\u0131yor?"},"content":{"rendered":"<p>Yak\u0131\u015f\u0131kl\u0131 ve ba\u015far\u0131l\u0131 oyuncu K\u0131van\u00e7 Tatl\u0131tu\u011f&#8217;un karde\u015fi Melisa Dilara Tatl\u0131tu\u011f\u2019un \u00f6zel hayat\u0131na dair detaylar, kamuoyunca ara\u015ft\u0131r\u0131l\u0131yor. Hakk\u0131nda ortaya at\u0131lan iddialarla magazin g\u00fcndemini kas\u0131p kavuran Melisa Dilara Tatl\u0131tu\u011f\u2019un eski e\u015fi merak konusu oldu. Peki, K\u0131van\u00e7 Tatl\u0131tu\u011f&#8217;un karde\u015fi Melisa Dilara Tatl\u0131tu\u011f&#8217;un eski e\u015fi kimdir? Melisa Dilara Tatl\u0131tu\u011f&#8217;un eski e\u015finin mesle\u011fi ne? Melisa Dilara Tatl\u0131tu\u011f&#8217;un eski e\u015fi ne i\u015f yap\u0131yor? Melisa Dilara Tatl\u0131tu\u011f&#8217;un eski e\u015fi hakk\u0131nda merak edilenleri sizin i\u00e7in ara\u015ft\u0131rd\u0131k. \u0130\u015fte Melisa Dilara Tatl\u0131tu\u011f&#8217;un eski e\u015fine dair bilinmeyenler\u2026<\/p>\n<h3>KIVAN\u00c7 TATLITU\u011e&#8217;UN KARDE\u015e\u0130 MEL\u0130SA D\u0130LARA TATLITU\u011e K\u0130MD\u0130R?<\/h3>\n<p>T\u00fcrkiye\u2019nin dikkat \u00e7eken ba\u015far\u0131l\u0131 oyuncular\u0131 aras\u0131nda yer alan <a href=\"https:\/\/www.tgrthaber.com\/mavikadin\/kivanc-tatlitugun-kac-kardesi-var-kivanc-tatlitug-anne-babasi-kim\/\">K\u0131van\u00e7 Tatl\u0131tu\u011f\u2019un<\/a> k\u0131z karde\u015fi Melisa Dilara Tatl\u0131tu\u011f, 1986 y\u0131l\u0131nda d\u00fcnyaya geldi. \u015eimdilerde 39 ya\u015f\u0131nda olan Melisa Dilara Tatl\u0131tu\u011f, \u00f6zel hayat\u0131n\u0131 g\u00f6zlerden uzak ya\u015famay\u0131 tercih ediyor. Son zamanlarda ortaya at\u0131lan iddialar do\u011frultusunda g\u00fcndeme gelen Melisa Dilara Tatl\u0131tu\u011f, hakk\u0131nda \u00e7ok fazla bilgi yer alm\u0131yor.<\/p>\n<p><img loading=\"lazy\" decoding=\"async\" class=\"size-full wp-image-252727\" src=\"https:\/\/www.tgrthaber.com\/mavikadin\/wp-content\/uploads\/Melisa-Dilara-Tatlitug-1.jpg\" alt=\"K\u0131van\u00e7 Tatl\u0131tu\u011f&#039;un karde\u015fi Melisa Dilara Tatl\u0131tu\u011f&#039;un eski e\u015fi kimdir? Mesle\u011fi ne, ne i\u015f yap\u0131yor?\" width=\"1208\" height=\"680\" title=\"\" srcset=\"https:\/\/www.tgrthaber.com\/mavikadin\/wp-content\/uploads\/Melisa-Dilara-Tatlitug-1.jpg 1208w, https:\/\/www.tgrthaber.com\/mavikadin\/wp-content\/uploads\/Melisa-Dilara-Tatlitug-1-300x169.jpg 300w, https:\/\/www.tgrthaber.com\/mavikadin\/wp-content\/uploads\/Melisa-Dilara-Tatlitug-1-1024x576.jpg 1024w, https:\/\/www.tgrthaber.com\/mavikadin\/wp-content\/uploads\/Melisa-Dilara-Tatlitug-1-768x432.jpg 768w\" sizes=\"(max-width: 1208px) 100vw, 1208px\" \/><\/p>\n<hr \/>\n<p>\u00d6zellikle <a href=\"https:\/\/www.tgrthaber.com\/mavikadin\/cagatay-ulusoy-kivanc-tatlituga-komsu-oldu-unlu-isim-koy-hayatina-geciyor\/\">K\u0131van\u00e7 Tatl\u0131tu\u011f\u2019un<\/a> karde\u015fi olarak tan\u0131nan <a href=\"https:\/\/www.tgrthaber.com\/mavikadin\/kivanc-tatlitugun-kardesi-melisa-dilara-tatlitug-kimdir-kac-yasinda-melisa-dilara-tatlitug-neden-tutuklandi\/\">Melisa Dilara Tatl\u0131tu\u011f\u2019un<\/a> 2007 y\u0131l\u0131nda evlendi\u011fi ve iki \u00e7ocuk sahibi oldu\u011fu biliniyor. Adana k\u00f6kenli oldu\u011fu bilinen Melisa Dilara Tatl\u0131tu\u011f\u2019un \u00f6zel hayat\u0131na dair \u00e7ok fazla bilgi kamuoyunda yer alm\u0131yor. \u015eimdilerde cezaevine girdi\u011fi iddialar\u0131yla g\u00fcndeme gelen Melisa Dilara Tatl\u0131tu\u011f\u2019un \u00f6zel hayat\u0131 merakla ara\u015ft\u0131r\u0131l\u0131yor.<\/p>\n<p><img loading=\"lazy\" decoding=\"async\" class=\"size-full wp-image-252721\" src=\"https:\/\/www.tgrthaber.com\/mavikadin\/wp-content\/uploads\/Melisa-Dilara-Tatlitug-2.jpg\" alt=\"K\u0131van\u00e7 Tatl\u0131tu\u011f&#039;un karde\u015fi Melisa Dilara Tatl\u0131tu\u011f&#039;un eski e\u015fi kimdir? Mesle\u011fi ne, ne i\u015f yap\u0131yor?\" width=\"1208\" height=\"680\" title=\"\" srcset=\"https:\/\/www.tgrthaber.com\/mavikadin\/wp-content\/uploads\/Melisa-Dilara-Tatlitug-2.jpg 1208w, https:\/\/www.tgrthaber.com\/mavikadin\/wp-content\/uploads\/Melisa-Dilara-Tatlitug-2-300x169.jpg 300w, https:\/\/www.tgrthaber.com\/mavikadin\/wp-content\/uploads\/Melisa-Dilara-Tatlitug-2-1024x576.jpg 1024w, https:\/\/www.tgrthaber.com\/mavikadin\/wp-content\/uploads\/Melisa-Dilara-Tatlitug-2-768x432.jpg 768w\" sizes=\"(max-width: 1208px) 100vw, 1208px\" \/><\/p>\n<hr \/>\n<h3>KIVAN\u00c7 TATLITU\u011e&#8217;UN KARDE\u015e\u0130 MEL\u0130SA D\u0130LARA TATLITU\u011e\u2019A NE OLDU?<\/h3>\n<p><a href=\"https:\/\/www.tgrthaber.com\/mavikadin\/kurulus-orhan-kivanc-tatlitug-mu-olacakti-mert-yazicioglundan-once-kimlere-teklif-gitti\/\">K\u0131van\u00e7 Tatl\u0131tu\u011f\u2019un<\/a> k\u0131z karde\u015fi Melisa Dilara Tatl\u0131tu\u011f hakk\u0131nda \u00e7ok \u00e7arp\u0131c\u0131 bir iddia ortaya at\u0131ld\u0131. Melisa Dilara Tatl\u0131tu\u011f\u2019un, cezaevine girdi\u011fi iddias\u0131 magazin g\u00fcndemine bomba gibi d\u00fc\u015ft\u00fc. Gazeteci \u0130lknur \u00d6zku\u015f&#8217;un ortaya att\u0131\u011f\u0131 iddialara g\u00f6re; Melisa Tatl\u0131tu\u011f eski e\u015finin sevgilisine y\u00f6nelik \u015fiddet uygulamas\u0131 nedeniyle tutuklanarak Sakarya Hendek Cezaevi&#8217;ne g\u00f6nderildi.<\/p>\n<p><img loading=\"lazy\" decoding=\"async\" class=\"size-full wp-image-252725\" src=\"https:\/\/www.tgrthaber.com\/mavikadin\/wp-content\/uploads\/Melisa-Dilara-Tatlitug-6.jpg\" alt=\"K\u0131van\u00e7 Tatl\u0131tu\u011f&#039;un karde\u015fi Melisa Dilara Tatl\u0131tu\u011f&#039;un eski e\u015fi kimdir? Mesle\u011fi ne, ne i\u015f yap\u0131yor?\" width=\"1208\" height=\"680\" title=\"\" srcset=\"https:\/\/www.tgrthaber.com\/mavikadin\/wp-content\/uploads\/Melisa-Dilara-Tatlitug-6.jpg 1208w, https:\/\/www.tgrthaber.com\/mavikadin\/wp-content\/uploads\/Melisa-Dilara-Tatlitug-6-300x169.jpg 300w, https:\/\/www.tgrthaber.com\/mavikadin\/wp-content\/uploads\/Melisa-Dilara-Tatlitug-6-1024x576.jpg 1024w, https:\/\/www.tgrthaber.com\/mavikadin\/wp-content\/uploads\/Melisa-Dilara-Tatlitug-6-768x432.jpg 768w\" sizes=\"(max-width: 1208px) 100vw, 1208px\" \/><\/p>\n<hr \/>\n<p>Melisa Dilara Tatl\u0131tu\u011f\u2019un tutukland\u0131\u011f\u0131na dair resmi makamlardan ya da ailesi \u00e7evresinden konuyla ilgili kesin bir a\u00e7\u0131klama yap\u0131lmad\u0131. Yine baz\u0131 kaynaklarda Melisa Tatl\u0131tu\u011f&#8217;un k\u0131sa s\u00fcre \u00f6nce serbest b\u0131rak\u0131ld\u0131\u011f\u0131 iddia edilenler aras\u0131nda yer ald\u0131.<\/p>\n<p><img loading=\"lazy\" decoding=\"async\" class=\"size-full wp-image-252724\" src=\"https:\/\/www.tgrthaber.com\/mavikadin\/wp-content\/uploads\/Melisa-Dilara-Tatlitug-5.jpg\" alt=\"K\u0131van\u00e7 Tatl\u0131tu\u011f&#039;un karde\u015fi Melisa Dilara Tatl\u0131tu\u011f&#039;un eski e\u015fi kimdir? Mesle\u011fi ne, ne i\u015f yap\u0131yor?\" width=\"1208\" height=\"680\" title=\"\" srcset=\"https:\/\/www.tgrthaber.com\/mavikadin\/wp-content\/uploads\/Melisa-Dilara-Tatlitug-5.jpg 1208w, https:\/\/www.tgrthaber.com\/mavikadin\/wp-content\/uploads\/Melisa-Dilara-Tatlitug-5-300x169.jpg 300w, https:\/\/www.tgrthaber.com\/mavikadin\/wp-content\/uploads\/Melisa-Dilara-Tatlitug-5-1024x576.jpg 1024w, https:\/\/www.tgrthaber.com\/mavikadin\/wp-content\/uploads\/Melisa-Dilara-Tatlitug-5-768x432.jpg 768w\" sizes=\"(max-width: 1208px) 100vw, 1208px\" \/><\/p>\n<hr \/>\n<h3>MEL\u0130SA D\u0130LARA TATLITU\u011e&#8217;UN ESK\u0130 E\u015e\u0130 K\u0130MD\u0130R?<\/h3>\n<p>Melisa Dilara Tatl\u0131tu\u011f\u2019un eski e\u015fine dair kamuoyunda herhangi bir bilgi yer alm\u0131yor. \u00d6zel hayat\u0131n\u0131 g\u00f6zlerden uzak ya\u015famay\u0131 tercih eden Melisa Dilara Tatl\u0131tu\u011f\u2019un 2007 y\u0131l\u0131nda d\u00fcnyaevine girdi\u011fi ve bu evlili\u011finden 2 erkek \u00e7ocu\u011funun d\u00fcnyaya geldi\u011fi biliniyor.<\/p>\n<p><img loading=\"lazy\" decoding=\"async\" class=\"size-full wp-image-252722\" src=\"https:\/\/www.tgrthaber.com\/mavikadin\/wp-content\/uploads\/Melisa-Dilara-Tatlitug-3.jpg\" alt=\"K\u0131van\u00e7 Tatl\u0131tu\u011f&#039;un karde\u015fi Melisa Dilara Tatl\u0131tu\u011f&#039;un eski e\u015fi kimdir? Mesle\u011fi ne, ne i\u015f yap\u0131yor?\" width=\"1208\" height=\"680\" title=\"\" srcset=\"https:\/\/www.tgrthaber.com\/mavikadin\/wp-content\/uploads\/Melisa-Dilara-Tatlitug-3.jpg 1208w, https:\/\/www.tgrthaber.com\/mavikadin\/wp-content\/uploads\/Melisa-Dilara-Tatlitug-3-300x169.jpg 300w, https:\/\/www.tgrthaber.com\/mavikadin\/wp-content\/uploads\/Melisa-Dilara-Tatlitug-3-1024x576.jpg 1024w, https:\/\/www.tgrthaber.com\/mavikadin\/wp-content\/uploads\/Melisa-Dilara-Tatlitug-3-768x432.jpg 768w\" sizes=\"(max-width: 1208px) 100vw, 1208px\" \/><\/p>\n<hr \/>\n<p>Fakat Melisa Dilara Tatl\u0131tu\u011f\u2019un eski e\u015fi hakk\u0131nda kamuoyunda bulunan herhangi bir bilgi yok. Tatl\u0131tu\u011f\u2019un eski e\u015finin isminin ne oldu\u011funa dair de herhangi bir bilgi kamuoyunda yer alm\u0131yor. Melisa Dilara Tatl\u0131tu\u011f, \u015fimdilerde iddia edilenlere g\u00f6re; eski e\u015finin sevgilisine uygulad\u0131\u011f\u0131 \u015fiddet olay\u0131na kar\u0131\u015fmas\u0131 sonras\u0131 tutukland\u0131\u011f\u0131 haberleriyle g\u00fcndeme geliyor.<\/p>\n<p><img loading=\"lazy\" decoding=\"async\" class=\"size-full wp-image-252726\" src=\"https:\/\/www.tgrthaber.com\/mavikadin\/wp-content\/uploads\/Melisa-Dilara-Tatlitug-7.jpg\" alt=\"K\u0131van\u00e7 Tatl\u0131tu\u011f&#039;un karde\u015fi Melisa Dilara Tatl\u0131tu\u011f&#039;un eski e\u015fi kimdir? Mesle\u011fi ne, ne i\u015f yap\u0131yor?\" width=\"1208\" height=\"680\" title=\"\" srcset=\"https:\/\/www.tgrthaber.com\/mavikadin\/wp-content\/uploads\/Melisa-Dilara-Tatlitug-7.jpg 1208w, https:\/\/www.tgrthaber.com\/mavikadin\/wp-content\/uploads\/Melisa-Dilara-Tatlitug-7-300x169.jpg 300w, https:\/\/www.tgrthaber.com\/mavikadin\/wp-content\/uploads\/Melisa-Dilara-Tatlitug-7-1024x576.jpg 1024w, https:\/\/www.tgrthaber.com\/mavikadin\/wp-content\/uploads\/Melisa-Dilara-Tatlitug-7-768x432.jpg 768w\" sizes=\"(max-width: 1208px) 100vw, 1208px\" \/><\/p>\n","protected":false},"excerpt":{"rendered":"<p>K\u0131van\u00e7 Tatl\u0131tu\u011f&#8217;un karde\u015fi Melisa Dilara Tatl\u0131tu\u011f kadar eski e\u015fi de merak konusu oldu. Peki, Melisa Dilara Tatl\u0131tu\u011f&#8217;un eski e\u015fi kimdir? Mesle\u011fi ne, ne i\u015f yap\u0131yor? \u0130\u015fte detaylar\u2026<\/p>\n","protected":false},"author":26,"featured_media":252723,"comment_status":"closed","ping_status":"closed","sticky":false,"template":"","format":"standard","meta":{"rank_math_lock_modified_date":false,"footnotes":""},"categories":[491],"tags":[3374,16521,2498,64962,64963],"class_list":["post-252719","post","type-post","status-publish","format-standard","has-post-thumbnail","hentry","category-biyografi","tag-biyografi","tag-biyografi-haberleri","tag-kivanc-tatlitug","tag-melisa-dilara-tatlitug","tag-melisa-dilara-tatlitug-eski-esi"],"_links":{"self":[{"href":"https:\/\/www.tgrthaber.com\/mavikadin\/wp-json\/wp\/v2\/posts\/252719"}],"collection":[{"href":"https:\/\/www.tgrthaber.com\/mavikadin\/wp-json\/wp\/v2\/posts"}],"about":[{"href":"https:\/\/www.tgrthaber.com\/mavikadin\/wp-json\/wp\/v2\/types\/post"}],"author":[{"embeddable":true,"href":"https:\/\/www.tgrthaber.com\/mavikadin\/wp-json\/wp\/v2\/users\/26"}],"replies":[{"embeddable":true,"href":"https:\/\/www.tgrthaber.com\/mavikadin\/wp-json\/wp\/v2\/comments?post=252719"}],"version-history":[{"count":2,"href":"https:\/\/www.tgrthaber.com\/mavikadin\/wp-json\/wp\/v2\/posts\/252719\/revisions"}],"predecessor-version":[{"id":252731,"href":"https:\/\/www.tgrthaber.com\/mavikadin\/wp-json\/wp\/v2\/posts\/252719\/revisions\/252731"}],"wp:featuredmedia":[{"embeddable":true,"href":"https:\/\/www.tgrthaber.com\/mavikadin\/wp-json\/wp\/v2\/media\/252723"}],"wp:attachment":[{"href":"https:\/\/www.tgrthaber.com\/mavikadin\/wp-json\/wp\/v2\/media?parent=252719"}],"wp:term":[{"taxonomy":"category","embeddable":true,"href":"https:\/\/www.tgrthaber.com\/mavikadin\/wp-json\/wp\/v2\/categories?post=252719"},{"taxonomy":"post_tag","embeddable":true,"href":"https:\/\/www.tgrthaber.com\/mavikadin\/wp-json\/wp\/v2\/tags?post=252719"}],"curies":[{"name":"wp","href":"https:\/\/api.w.org\/{rel}","templated":true}]}}