{"id":252753,"date":"2025-10-22T18:09:04","date_gmt":"2025-10-22T15:09:04","guid":{"rendered":"https:\/\/www.tgrthaber.com\/mavikadin\/?p=252753"},"modified":"2025-10-22T18:09:04","modified_gmt":"2025-10-22T15:09:04","slug":"survivor-asiklari-mert-ocal-ve-sude-burcunun-yurek-yakan-kaybi-en-yakin-dostlari-mayayi-boyle-ugurladilar","status":"publish","type":"post","link":"https:\/\/www.tgrthaber.com\/mavikadin\/survivor-asiklari-mert-ocal-ve-sude-burcunun-yurek-yakan-kaybi-en-yakin-dostlari-mayayi-boyle-ugurladilar\/","title":{"rendered":"Survivor a\u015f\u0131klar\u0131 Mert \u00d6cal ve Sude Burcu&#8217;nun y\u00fcrek yakan kayb\u0131! En yak\u0131n dostlar\u0131 Maya&#8217;y\u0131 b\u00f6yle u\u011furlad\u0131lar"},"content":{"rendered":"<p>Mert \u00d6cal ve Sude Burcu \u00e7ifti, Survivor All Star 2022&#8217;de tan\u0131\u015farak, evlenmi\u015flerdi. Y\u0131llard\u0131r kendileriyle birlikte ya\u015fayan ve evlatlar\u0131 gibi g\u00f6rd\u00fckleri can dostlar\u0131 Maya&#8217;y\u0131 kaybeden \u00e7ift adeta y\u0131k\u0131ld\u0131. Hayat\u0131n\u0131n en zor g\u00fcnlerini ya\u015fayan Mert \u00d6cal ve Sude Burcu \u00e7ifti Maya&#8217;n\u0131n ac\u0131 kayb\u0131n\u0131 sosyal medyadan bak\u0131n nas\u0131l duyurdu. \u0130\u015fte detaylar&#8230;<\/p>\n<h3>SURVIVOR A\u015eIKLARI MERT \u00d6CAL VE SUDE BURCU&#8217;NUN Y\u00dcREK YAKAN KAYBI!<\/h3>\n<p>2022 y\u0131l\u0131nda Survivor All Star\u2019da ba\u015flayan a\u015fk, k\u0131sa s\u00fcrede nikah masas\u0131nda &#8216;Evet&#8217; diyerek ta\u00e7land\u0131. Yar\u0131\u015fmadan sonra ili\u015fkilerini g\u00f6zlerden uzak ya\u015fayan \u00e7iftten mutlu bir haber geldi.<\/p>\n<p><img loading=\"lazy\" decoding=\"async\" class=\"alignnone wp-image-252755\" src=\"https:\/\/www.tgrthaber.com\/mavikadin\/wp-content\/uploads\/c3a607e156c42b4eaaad50716604a448-300x169.jpg\" alt=\"\" width=\"1208\" height=\"680\" title=\"\" srcset=\"https:\/\/www.tgrthaber.com\/mavikadin\/wp-content\/uploads\/c3a607e156c42b4eaaad50716604a448-300x169.jpg 300w, https:\/\/www.tgrthaber.com\/mavikadin\/wp-content\/uploads\/c3a607e156c42b4eaaad50716604a448.jpg 736w\" sizes=\"(max-width: 1208px) 100vw, 1208px\" \/><\/p>\n<hr \/>\n<p>Mert \u00d6cal ve Sude Burcu, 2023 Eyl\u00fcl ay\u0131nda sade bir t\u00f6renle evlendi. Mert \u00d6cal o d\u00f6nemde, &#8216;Evlilikten hep ka\u00e7t\u0131m ama do\u011fru ki\u015fiyle yap\u0131ld\u0131\u011f\u0131nda d\u00fcnyan\u0131n en g\u00fczel \u015feyiymi\u015f,&#8217; diyerek mutlulu\u011funu takip\u00e7ileriyle payla\u015fm\u0131\u015ft\u0131.<\/p>\n<p><img loading=\"lazy\" decoding=\"async\" class=\"alignnone wp-image-252763\" src=\"https:\/\/www.tgrthaber.com\/mavikadin\/wp-content\/uploads\/A52lSarO3kOKhh5T9FHv7w-300x169.webp\" alt=\"\" width=\"1208\" height=\"679\" title=\"\" srcset=\"https:\/\/www.tgrthaber.com\/mavikadin\/wp-content\/uploads\/A52lSarO3kOKhh5T9FHv7w-300x169.webp 300w, https:\/\/www.tgrthaber.com\/mavikadin\/wp-content\/uploads\/A52lSarO3kOKhh5T9FHv7w-768x432.webp 768w, https:\/\/www.tgrthaber.com\/mavikadin\/wp-content\/uploads\/A52lSarO3kOKhh5T9FHv7w.webp 1000w\" sizes=\"(max-width: 1208px) 100vw, 1208px\" \/><\/p>\n<hr \/>\n<p>Son olarak ac\u0131 bir payla\u015f\u0131mla g\u00fcndeme gelen \u00e7ift, en yak\u0131n arkada\u015flar\u0131 Maya&#8217;y\u0131 kaybetmenin ac\u0131s\u0131n\u0131 bu \u015fekilde duyurdu;<\/p>\n<p><img loading=\"lazy\" decoding=\"async\" class=\"alignnone wp-image-252757\" src=\"https:\/\/www.tgrthaber.com\/mavikadin\/wp-content\/uploads\/4-ufHE-300x169.webp\" alt=\"\" width=\"1208\" height=\"680\" title=\"\" srcset=\"https:\/\/www.tgrthaber.com\/mavikadin\/wp-content\/uploads\/4-ufHE-300x169.webp 300w, https:\/\/www.tgrthaber.com\/mavikadin\/wp-content\/uploads\/4-ufHE-1024x576.webp 1024w, https:\/\/www.tgrthaber.com\/mavikadin\/wp-content\/uploads\/4-ufHE-768x432.webp 768w, https:\/\/www.tgrthaber.com\/mavikadin\/wp-content\/uploads\/4-ufHE.webp 1280w\" sizes=\"(max-width: 1208px) 100vw, 1208px\" \/><\/p>\n<hr \/>\n<p>&#8216;Hayat\u0131mda bu kadar ac\u0131 ya\u015fad\u0131\u011f\u0131m\u0131 hissetmedim, bilmiyorum. Maya bizim evlad\u0131m\u0131zd\u0131, her canl\u0131 gibi \u00e7ok \u00f6zeldi. \u00c7ok ani oldu kaybettik seni. Kalbim parampar\u00e7a, umar\u0131m gitti\u011fin yerde mutlusundur g\u00fczel k\u0131z\u0131m. Melek oldun her zaman \u00f6yleydin. Umar\u0131m ac\u0131lar\u0131n dinmi\u015ftir, bir daha asla ac\u0131 \u00e7ekme.<\/p>\n<p><img loading=\"lazy\" decoding=\"async\" class=\"alignnone wp-image-252764\" src=\"https:\/\/www.tgrthaber.com\/mavikadin\/wp-content\/uploads\/68f89e7eaf000ea1da4889c4-300x169.webp\" alt=\"\" width=\"1208\" height=\"680\" title=\"\" srcset=\"https:\/\/www.tgrthaber.com\/mavikadin\/wp-content\/uploads\/68f89e7eaf000ea1da4889c4-300x169.webp 300w, https:\/\/www.tgrthaber.com\/mavikadin\/wp-content\/uploads\/68f89e7eaf000ea1da4889c4-768x432.webp 768w, https:\/\/www.tgrthaber.com\/mavikadin\/wp-content\/uploads\/68f89e7eaf000ea1da4889c4.webp 986w\" sizes=\"(max-width: 1208px) 100vw, 1208px\" \/><\/p>\n<hr \/>\n<p>Seni hep evimizin kap\u0131s\u0131ndan girdi\u011fimizdeki heyecan\u0131nla hat\u0131rlayaca\u011f\u0131z. Sabah uyand\u0131\u011f\u0131mda g\u00f6rd\u00fc\u011f\u00fcm ilk y\u00fcz hep sendin. Ak\u015fam yatarken yast\u0131\u011f\u0131m\u0131 payla\u015f\u0131rd\u0131k. Her an\u0131n \u00e7ok g\u00fczeldi, \u00e7ok. Ke\u015fke hi\u00e7 bu son olmasayd\u0131. Biz sensiz evi nas\u0131l normalle\u015ftirece\u011fiz bilmiyorum ama ben \u015fimdiden seni \u00e7ok \u00f6zledim can\u0131m\u0131n i\u00e7i k\u0131z\u0131m. Huzurla uyu. Seni \u00e7ok ama \u00e7ok seviyorum&#8217;<\/p>\n<p><img loading=\"lazy\" decoding=\"async\" class=\"alignnone wp-image-252761\" src=\"https:\/\/www.tgrthaber.com\/mavikadin\/wp-content\/uploads\/68f7174db825a93f99009dc3-300x168.webp\" alt=\"\" width=\"1208\" height=\"678\" title=\"\" srcset=\"https:\/\/www.tgrthaber.com\/mavikadin\/wp-content\/uploads\/68f7174db825a93f99009dc3-300x168.webp 300w, https:\/\/www.tgrthaber.com\/mavikadin\/wp-content\/uploads\/68f7174db825a93f99009dc3.webp 731w\" sizes=\"(max-width: 1208px) 100vw, 1208px\" \/><\/p>\n<hr \/>\n<h3>HAYVAN MEZARLI\u011eINDA DUYGULANDIRAN PAYLA\u015eIM<\/h3>\n<p><a href=\"https:\/\/www.tgrthaber.com\/mavikadin\/survivor-nagihandan-bomba-almeda-cikisi-o-varsa-ben-yokum-dedi-ortalik-karisti\/\">Survivor All Star<\/a> 2022&#8217;de tan\u0131\u015f\u0131p evlenen, Mert \u00d6cal ve Sude Burcu ac\u0131s\u0131n\u0131 sosyal medya \u00fczerinden takip\u00e7ileriyle payla\u015ft\u0131. \u00dcnl\u00fc \u00e7ift minik dostlar\u0131 Maya&#8217;y\u0131 hayvan mezarl\u0131\u011f\u0131na g\u00f6md\u00fc. Mert \u00d6cal o anlar\u0131 duygu y\u00fckl\u00fc bir payla\u015f\u0131mla takip\u00e7ilerine sundu;<\/p>\n<p><img loading=\"lazy\" decoding=\"async\" class=\"alignnone wp-image-252760\" src=\"https:\/\/www.tgrthaber.com\/mavikadin\/wp-content\/uploads\/292762188_760820071776570_810163734225495429_n-e1659515921196-300x216.jpg\" alt=\"\" width=\"1208\" height=\"869\" title=\"\" srcset=\"https:\/\/www.tgrthaber.com\/mavikadin\/wp-content\/uploads\/292762188_760820071776570_810163734225495429_n-e1659515921196-300x216.jpg 300w, https:\/\/www.tgrthaber.com\/mavikadin\/wp-content\/uploads\/292762188_760820071776570_810163734225495429_n-e1659515921196-1024x737.jpg 1024w, https:\/\/www.tgrthaber.com\/mavikadin\/wp-content\/uploads\/292762188_760820071776570_810163734225495429_n-e1659515921196-768x553.jpg 768w, https:\/\/www.tgrthaber.com\/mavikadin\/wp-content\/uploads\/292762188_760820071776570_810163734225495429_n-e1659515921196.jpg 1080w\" sizes=\"(max-width: 1208px) 100vw, 1208px\" \/><\/p>\n<hr \/>\n<p>&#8216;Huzur i\u00e7inde uyu k\u0131z\u0131m&#8217; s\u00f6zleri sevenlerinin de y\u00fcreklerini da\u011flad\u0131. \u00c7iftin sevenleri payla\u015f\u0131ma binlerce yorum ve destek mesaj\u0131 ya\u011fd\u0131rd\u0131.<\/p>\n<p><img loading=\"lazy\" decoding=\"async\" class=\"alignnone wp-image-252762\" src=\"https:\/\/www.tgrthaber.com\/mavikadin\/wp-content\/uploads\/667c18035a126249b4094223-300x165.webp\" alt=\"\" width=\"1208\" height=\"663\" title=\"\" srcset=\"https:\/\/www.tgrthaber.com\/mavikadin\/wp-content\/uploads\/667c18035a126249b4094223-300x165.webp 300w, https:\/\/www.tgrthaber.com\/mavikadin\/wp-content\/uploads\/667c18035a126249b4094223-768x422.webp 768w, https:\/\/www.tgrthaber.com\/mavikadin\/wp-content\/uploads\/667c18035a126249b4094223.webp 869w\" sizes=\"(max-width: 1208px) 100vw, 1208px\" \/><\/p>\n<hr \/>\n<h3>MERT \u00d6CAL&#8217;DAN TAK\u0130P\u00c7\u0130LER\u0130NE Y\u00dcREK BURKAN TE\u015eEKK\u00dcR<\/h3>\n<p>K\u00f6pekleri Maya\u2019y\u0131 kaybettikten sonra b\u00fcy\u00fck bir ac\u0131 ya\u015fayan Mert \u00d6cal, sosyal medyadan yapt\u0131\u011f\u0131 payla\u015f\u0131mla sevenlerine te\u015fekk\u00fcr etmeyi ihmal etmedi. \u00d6cal, iki g\u00fcnd\u00fcr y\u00fczlerce mesaj ald\u0131\u011f\u0131n\u0131 ifade ederek, payla\u015f\u0131m\u0131nda \u015fu s\u00f6zlere yer verdi;<\/p>\n<p><img loading=\"lazy\" decoding=\"async\" class=\"alignnone wp-image-252765\" src=\"https:\/\/www.tgrthaber.com\/mavikadin\/wp-content\/uploads\/Adsiz-tasarim-18-47-300x169.png\" alt=\"\" width=\"1208\" height=\"680\" title=\"\" srcset=\"https:\/\/www.tgrthaber.com\/mavikadin\/wp-content\/uploads\/Adsiz-tasarim-18-47-300x169.png 300w, https:\/\/www.tgrthaber.com\/mavikadin\/wp-content\/uploads\/Adsiz-tasarim-18-47-1024x576.png 1024w, https:\/\/www.tgrthaber.com\/mavikadin\/wp-content\/uploads\/Adsiz-tasarim-18-47-768x432.png 768w, https:\/\/www.tgrthaber.com\/mavikadin\/wp-content\/uploads\/Adsiz-tasarim-18-47-1536x864.png 1536w, https:\/\/www.tgrthaber.com\/mavikadin\/wp-content\/uploads\/Adsiz-tasarim-18-47.png 1920w\" sizes=\"(max-width: 1208px) 100vw, 1208px\" \/><\/p>\n<hr \/>\n<p>&#8216;Dostlar\u0131m, iki g\u00fcnd\u00fcr \u00e7ok fazla mesaj at\u0131yorsunuz\u2026 Ne buradan ne de WhatsApp\u2019tan d\u00f6n\u00fc\u015f yapabildim, l\u00fctfen kusura bakmay\u0131n. Ac\u0131m\u0131z \u00e7ok taze ama mesajlar\u0131n\u0131z\u0131 tek tek g\u00f6r\u00fcyorum. G\u00fczel dilekleriniz ve deste\u011finiz i\u00e7in y\u00fcrekten te\u015fekk\u00fcr ederim. Yar\u0131n Maya\u2019y\u0131 topra\u011fa verece\u011fiz. Sonras\u0131nda yava\u015f yava\u015f normale d\u00f6nmeye \u00e7al\u0131\u015faca\u011f\u0131z. Allah daha b\u00fcy\u00fck ac\u0131lar ya\u015fatmas\u0131n hi\u00e7birimize.<\/p>\n","protected":false},"excerpt":{"rendered":"<p>Survivor All Star 2022 y\u0131l\u0131nda tan\u0131\u015farak, a\u015fklar\u0131n\u0131 nikah masas\u0131nda ta\u00e7land\u0131ran Survivor \u00e7ifti Mert \u00d6cal ve Sude Burcu, bu defa sosyal medyada payla\u015ft\u0131klar\u0131 y\u00fcrek burkan bir haberle g\u00fcndeme geldiler. En yak\u0131n dostalr\u0131 Maya&#8217;y\u0131 kaybeden \u00e7ift, duygusal notlu payla\u015f\u0131m\u0131yla, sevenlerini de h\u00fczne bo\u011fdu. \u0130\u015fte detaylar&#8230;<\/p>\n","protected":false},"author":35,"featured_media":252754,"comment_status":"closed","ping_status":"closed","sticky":false,"template":"","format":"standard","meta":{"rank_math_lock_modified_date":false,"footnotes":""},"categories":[76],"tags":[133,64968,5795,5794,2367],"class_list":["post-252753","post","type-post","status-publish","format-standard","has-post-thumbnail","hentry","category-magazin","tag-magazin","tag-mayanin-vefati","tag-mert-ocal","tag-sude-burcu","tag-survivor-all-star"],"_links":{"self":[{"href":"https:\/\/www.tgrthaber.com\/mavikadin\/wp-json\/wp\/v2\/posts\/252753"}],"collection":[{"href":"https:\/\/www.tgrthaber.com\/mavikadin\/wp-json\/wp\/v2\/posts"}],"about":[{"href":"https:\/\/www.tgrthaber.com\/mavikadin\/wp-json\/wp\/v2\/types\/post"}],"author":[{"embeddable":true,"href":"https:\/\/www.tgrthaber.com\/mavikadin\/wp-json\/wp\/v2\/users\/35"}],"replies":[{"embeddable":true,"href":"https:\/\/www.tgrthaber.com\/mavikadin\/wp-json\/wp\/v2\/comments?post=252753"}],"version-history":[{"count":1,"href":"https:\/\/www.tgrthaber.com\/mavikadin\/wp-json\/wp\/v2\/posts\/252753\/revisions"}],"predecessor-version":[{"id":252766,"href":"https:\/\/www.tgrthaber.com\/mavikadin\/wp-json\/wp\/v2\/posts\/252753\/revisions\/252766"}],"wp:featuredmedia":[{"embeddable":true,"href":"https:\/\/www.tgrthaber.com\/mavikadin\/wp-json\/wp\/v2\/media\/252754"}],"wp:attachment":[{"href":"https:\/\/www.tgrthaber.com\/mavikadin\/wp-json\/wp\/v2\/media?parent=252753"}],"wp:term":[{"taxonomy":"category","embeddable":true,"href":"https:\/\/www.tgrthaber.com\/mavikadin\/wp-json\/wp\/v2\/categories?post=252753"},{"taxonomy":"post_tag","embeddable":true,"href":"https:\/\/www.tgrthaber.com\/mavikadin\/wp-json\/wp\/v2\/tags?post=252753"}],"curies":[{"name":"wp","href":"https:\/\/api.w.org\/{rel}","templated":true}]}}