{"id":252793,"date":"2025-10-22T20:33:23","date_gmt":"2025-10-22T17:33:23","guid":{"rendered":"https:\/\/www.tgrthaber.com\/mavikadin\/?p=252793"},"modified":"2025-10-22T20:33:23","modified_gmt":"2025-10-22T17:33:23","slug":"sinem-kobal-ve-kenan-imirzalioglunun-odul-gecesi-pozu-sosyal-medyayi-salladi","status":"publish","type":"post","link":"https:\/\/www.tgrthaber.com\/mavikadin\/sinem-kobal-ve-kenan-imirzalioglunun-odul-gecesi-pozu-sosyal-medyayi-salladi\/","title":{"rendered":"Sinem Kobal ve Kenan \u0130mirzal\u0131o\u011flu&#8217;nun \u00f6d\u00fcl gecesi pozu sosyal medyay\u0131 sallad\u0131!"},"content":{"rendered":"<p>Kenan \u0130mirzal\u0131o\u011flu, \u015fimdilerde AB\u0130 dizisi ile g\u00fcndemi me\u015fgul ediyor. Uzun bir s\u00fcre sonra ekranlara d\u00f6nmeye haz\u0131rlanan Kenan \u0130mirzal\u0131o\u011flu, son olarak e\u015fi Sinem Kobal ile birlikte \u00f6d\u00fcl gecesinde g\u00f6r\u00fcld\u00fc. Sosyal medyada payla\u015f\u0131lan kareler k\u0131sa s\u00fcrede etkile\u015fim al\u0131rken, \u00f6d\u00fcl t\u00f6reninde \u00e7iftin uyumu da be\u011feni ya\u011fmuruna tutuldu. Siyah zarif tulum, sade bir topuz ve do\u011fal makyaj\u0131yla g\u00f6z kama\u015ft\u0131ran Sinem Kobal ve yan\u0131nda e\u015fine uyum sa\u011flayan Kenan \u0130mirzal\u0131o\u011flu, sosyal medyan\u0131n g\u00fcndemine oturdu. \u0130\u015fte detaylar&#8230;<\/p>\n<h3>S\u0130NEM KOBAL VE KENAN \u0130M\u0130RZALIO\u011eLU&#8217;NUN \u00d6D\u00dcL GECES\u0130 POZU SOSYAL MEDYAYI SALLADI!<\/h3>\n<p>Sosyal medyay\u0131 sallayan Sinem Kobal ve Kenan \u0130mirzal\u0131o\u011flu \u00e7ifti, kat\u0131ld\u0131klar\u0131 \u00f6d\u00fcl gecesine resmen damga vurdular. \u00d6d\u00fcl gecesinde Kenan \u0130mirzal\u0131o\u011flu&#8217;nun tarz\u0131 \u00e7ok konu\u015fulurken, be\u011feni butonunu kilitleyen stiliyle adeta g\u00f6z doldurdu.<\/p>\n<p><img loading=\"lazy\" decoding=\"async\" class=\"alignnone wp-image-252798\" src=\"https:\/\/www.tgrthaber.com\/mavikadin\/wp-content\/uploads\/sinem-kobal-kenan-imirzalioglu-na-askini-gun-yuzune-cikmamis-karelerle-haykirdi_1613306481-300x169.webp\" alt=\"\" width=\"1208\" height=\"680\" title=\"\" srcset=\"https:\/\/www.tgrthaber.com\/mavikadin\/wp-content\/uploads\/sinem-kobal-kenan-imirzalioglu-na-askini-gun-yuzune-cikmamis-karelerle-haykirdi_1613306481-300x169.webp 300w, https:\/\/www.tgrthaber.com\/mavikadin\/wp-content\/uploads\/sinem-kobal-kenan-imirzalioglu-na-askini-gun-yuzune-cikmamis-karelerle-haykirdi_1613306481-1024x576.webp 1024w, https:\/\/www.tgrthaber.com\/mavikadin\/wp-content\/uploads\/sinem-kobal-kenan-imirzalioglu-na-askini-gun-yuzune-cikmamis-karelerle-haykirdi_1613306481-768x432.webp 768w, https:\/\/www.tgrthaber.com\/mavikadin\/wp-content\/uploads\/sinem-kobal-kenan-imirzalioglu-na-askini-gun-yuzune-cikmamis-karelerle-haykirdi_1613306481.webp 1200w\" sizes=\"(max-width: 1208px) 100vw, 1208px\" \/><\/p>\n<hr \/>\n<p>\u0130mirzal\u0131o\u011flu, kahverengi kadife ceket ve siyah g\u00f6mlek tercih etti. Sinem Kobal ise tek omuz detayl\u0131 siyah tulumuyla zarafetiyle tam not ald\u0131. Bas\u0131n mensuplar\u0131na el ele poz veren \u00e7ift, gece boyunca t\u00f6renin en \u00e7ok konu\u015fulan isimleri oldu.<\/p>\n<p><img loading=\"lazy\" decoding=\"async\" class=\"alignnone wp-image-252795\" src=\"https:\/\/www.tgrthaber.com\/mavikadin\/wp-content\/uploads\/Adsiz-tasarim-25-37-300x169.png\" alt=\"\" width=\"1208\" height=\"680\" title=\"\" srcset=\"https:\/\/www.tgrthaber.com\/mavikadin\/wp-content\/uploads\/Adsiz-tasarim-25-37-300x169.png 300w, https:\/\/www.tgrthaber.com\/mavikadin\/wp-content\/uploads\/Adsiz-tasarim-25-37-1024x576.png 1024w, https:\/\/www.tgrthaber.com\/mavikadin\/wp-content\/uploads\/Adsiz-tasarim-25-37-768x432.png 768w, https:\/\/www.tgrthaber.com\/mavikadin\/wp-content\/uploads\/Adsiz-tasarim-25-37-1536x864.png 1536w, https:\/\/www.tgrthaber.com\/mavikadin\/wp-content\/uploads\/Adsiz-tasarim-25-37.png 1920w\" sizes=\"(max-width: 1208px) 100vw, 1208px\" \/><\/p>\n<hr \/>\n<p>Sinem Kobal ve Kenan \u0130mirzal\u0131o\u011flu&#8217;nun g\u00f6z dolduran tarz\u0131 hayranlar\u0131n\u0131 sosyal medyada adeta mest etti.<\/p>\n<p><img loading=\"lazy\" decoding=\"async\" class=\"alignnone wp-image-252797\" src=\"https:\/\/www.tgrthaber.com\/mavikadin\/wp-content\/uploads\/i-12-13-300x135.webp\" alt=\"\" width=\"1208\" height=\"544\" title=\"\" srcset=\"https:\/\/www.tgrthaber.com\/mavikadin\/wp-content\/uploads\/i-12-13-300x135.webp 300w, https:\/\/www.tgrthaber.com\/mavikadin\/wp-content\/uploads\/i-12-13.webp 480w\" sizes=\"(max-width: 1208px) 100vw, 1208px\" \/><\/p>\n<hr \/>\n<h3>BO\u015eANMA \u0130DD\u0130ALARI G\u00dcNDEM\u0130 SARSMI\u015eTI<\/h3>\n<p>2016 y\u0131l\u0131nda muhte\u015fem bir d\u00fc\u011f\u00fcn ger\u00e7ekle\u015ftirerek evlenen Sinem Kobal ve <a href=\"https:\/\/www.tgrthaber.com\/mavikadin\/kenan-imirzalioglu-abi-dizisi-icin-ne-kadar-alacak-kenan-imirzalioglunun-aylik-kazanci-nedir\/\">Kenan \u0130mirzal\u0131o\u011flu<\/a>, ili\u015fkilerini y\u0131llard\u0131r g\u00f6zlerden uzak ve ayn\u0131 tempoda s\u00fcrd\u00fcrmeye devam ediyor.<\/p>\n<p><img loading=\"lazy\" decoding=\"async\" class=\"alignnone wp-image-252801\" src=\"https:\/\/www.tgrthaber.com\/mavikadin\/wp-content\/uploads\/t25_sinem-kobal-esi-kenan-imi-793-300x169.webp\" alt=\"\" width=\"1208\" height=\"678\" title=\"\" srcset=\"https:\/\/www.tgrthaber.com\/mavikadin\/wp-content\/uploads\/t25_sinem-kobal-esi-kenan-imi-793-300x169.webp 300w, https:\/\/www.tgrthaber.com\/mavikadin\/wp-content\/uploads\/t25_sinem-kobal-esi-kenan-imi-793-1024x575.webp 1024w, https:\/\/www.tgrthaber.com\/mavikadin\/wp-content\/uploads\/t25_sinem-kobal-esi-kenan-imi-793-768x431.webp 768w, https:\/\/www.tgrthaber.com\/mavikadin\/wp-content\/uploads\/t25_sinem-kobal-esi-kenan-imi-793.webp 1200w\" sizes=\"(max-width: 1208px) 100vw, 1208px\" \/><\/p>\n<hr \/>\n<p>Bir ara sosyal medyada bo\u015fanma iddialar\u0131 dola\u015fm\u0131\u015ft\u0131. Ancak bu durum \u00fcnl\u00fc \u00e7ifti rahats\u0131z etmi\u015fti. Ancak Kobal\u2019\u0131n Instagram hesab\u0131ndan payla\u015ft\u0131\u011f\u0131 \u00f6d\u00fcl t\u00f6reni kareleri, t\u00fcm bu iddialara son noktay\u0131 koydu.<\/p>\n<p><img loading=\"lazy\" decoding=\"async\" class=\"alignnone wp-image-252796\" src=\"https:\/\/www.tgrthaber.com\/mavikadin\/wp-content\/uploads\/21812228-860x480-1-300x167.webp\" alt=\"\" width=\"1208\" height=\"674\" title=\"\" srcset=\"https:\/\/www.tgrthaber.com\/mavikadin\/wp-content\/uploads\/21812228-860x480-1-300x167.webp 300w, https:\/\/www.tgrthaber.com\/mavikadin\/wp-content\/uploads\/21812228-860x480-1-768x429.webp 768w, https:\/\/www.tgrthaber.com\/mavikadin\/wp-content\/uploads\/21812228-860x480-1.webp 860w\" sizes=\"(max-width: 1208px) 100vw, 1208px\" \/><\/p>\n<hr \/>\n<p>G\u00fczel oyuncu, payla\u015ft\u0131\u011f\u0131 foto\u011fraflara hi\u00e7bir a\u00e7\u0131klama eklemeden sadece kalp emojisi b\u0131rakt\u0131. K\u0131sa s\u00fcrede binlerce be\u011feni alan payla\u015f\u0131m, magazin sayfalar\u0131nda da zirveye yerle\u015fti.<\/p>\n<p><img loading=\"lazy\" decoding=\"async\" class=\"alignnone wp-image-252799\" src=\"https:\/\/www.tgrthaber.com\/mavikadin\/wp-content\/uploads\/i-11-21-300x169.webp\" alt=\"\" width=\"1208\" height=\"680\" title=\"\" srcset=\"https:\/\/www.tgrthaber.com\/mavikadin\/wp-content\/uploads\/i-11-21-300x169.webp 300w, https:\/\/www.tgrthaber.com\/mavikadin\/wp-content\/uploads\/i-11-21.webp 480w\" sizes=\"(max-width: 1208px) 100vw, 1208px\" \/><\/p>\n<hr \/>\n<h3>\u00d6D\u00dcL GECES\u0130 KARELER\u0130 SOSYAL MEDYAYI SALLADI<\/h3>\n<p>\u00dcnl\u00fc \u00e7iftin \u00f6d\u00fcl gecesinden gelen payla\u015f\u0131m\u0131na dakikalar i\u00e7inde binlerce yorum geldi. &#8216;\u0130\u015fte a\u015fk\u0131n en g\u00fczel hali&#8217;, &#8216;Bu kareyle ayr\u0131l\u0131k dedikodular\u0131na kapak,&#8217; ve &#8216;T\u00fcrkiye\u2019nin en asil \u00e7ifti&#8217; gibi yorumlar, payla\u015f\u0131m\u0131n alt\u0131nda s\u0131raland\u0131. Baz\u0131 takip\u00e7iler ise, &#8216;Kenan Bey yeni dizisi \u00f6ncesi moral depolam\u0131\u015f&#8217; ifadeleriyle \u00e7iftin yeniden g\u00fcndeme bomba gibi d\u00f6n\u00fc\u015f\u00fcn\u00fc kutlad\u0131.<\/p>\n","protected":false},"excerpt":{"rendered":"<p>G\u00fczel oyuncu Sinem Kobal ve karizmatik e\u015fi Kenan \u0130mirzal\u0131o\u011flu, kat\u0131ld\u0131klar\u0131 \u00f6d\u00fcl gecesiyle sosyal medyaya damga vurdu. Payla\u015f\u0131lan karelere k\u0131sa s\u00fcrede binlerce be\u011feni gelirken, sosyal medya Sinem Kobal ve Kenan \u0130mirzal\u0131o\u011flu&#8217;nun pozlar\u0131yla adeta salland\u0131. \u0130\u015fte detaylar&#8230;<\/p>\n","protected":false},"author":35,"featured_media":252794,"comment_status":"closed","ping_status":"closed","sticky":false,"template":"","format":"standard","meta":{"rank_math_lock_modified_date":false,"footnotes":""},"categories":[76],"tags":[3163,64975,133,2726,64974],"class_list":["post-252793","post","type-post","status-publish","format-standard","has-post-thumbnail","hentry","category-magazin","tag-kenan-imirzalioglu","tag-kenan-imirzalioglu-odul-gecesi","tag-magazin","tag-sinem-kobal","tag-sinem-kobal-pozu"],"_links":{"self":[{"href":"https:\/\/www.tgrthaber.com\/mavikadin\/wp-json\/wp\/v2\/posts\/252793"}],"collection":[{"href":"https:\/\/www.tgrthaber.com\/mavikadin\/wp-json\/wp\/v2\/posts"}],"about":[{"href":"https:\/\/www.tgrthaber.com\/mavikadin\/wp-json\/wp\/v2\/types\/post"}],"author":[{"embeddable":true,"href":"https:\/\/www.tgrthaber.com\/mavikadin\/wp-json\/wp\/v2\/users\/35"}],"replies":[{"embeddable":true,"href":"https:\/\/www.tgrthaber.com\/mavikadin\/wp-json\/wp\/v2\/comments?post=252793"}],"version-history":[{"count":2,"href":"https:\/\/www.tgrthaber.com\/mavikadin\/wp-json\/wp\/v2\/posts\/252793\/revisions"}],"predecessor-version":[{"id":252803,"href":"https:\/\/www.tgrthaber.com\/mavikadin\/wp-json\/wp\/v2\/posts\/252793\/revisions\/252803"}],"wp:featuredmedia":[{"embeddable":true,"href":"https:\/\/www.tgrthaber.com\/mavikadin\/wp-json\/wp\/v2\/media\/252794"}],"wp:attachment":[{"href":"https:\/\/www.tgrthaber.com\/mavikadin\/wp-json\/wp\/v2\/media?parent=252793"}],"wp:term":[{"taxonomy":"category","embeddable":true,"href":"https:\/\/www.tgrthaber.com\/mavikadin\/wp-json\/wp\/v2\/categories?post=252793"},{"taxonomy":"post_tag","embeddable":true,"href":"https:\/\/www.tgrthaber.com\/mavikadin\/wp-json\/wp\/v2\/tags?post=252793"}],"curies":[{"name":"wp","href":"https:\/\/api.w.org\/{rel}","templated":true}]}}