{"id":252805,"date":"2025-10-22T20:58:24","date_gmt":"2025-10-22T17:58:24","guid":{"rendered":"https:\/\/www.tgrthaber.com\/mavikadin\/?p=252805"},"modified":"2025-10-22T20:58:24","modified_gmt":"2025-10-22T17:58:24","slug":"esref-ruya-dizisinde-dincer-oldu-mu-esref-ruyada-dincerin-sonu-mu-geldi","status":"publish","type":"post","link":"https:\/\/www.tgrthaber.com\/mavikadin\/esref-ruya-dizisinde-dincer-oldu-mu-esref-ruyada-dincerin-sonu-mu-geldi\/","title":{"rendered":"E\u015fref R\u00fcya dizisinde Din\u00e7er \u00f6ld\u00fc m\u00fc? E\u015fref R\u00fcya\u2019da Din\u00e7er\u2019in sonu mu geldi?"},"content":{"rendered":"<p>Reyting rekorlar\u0131 k\u0131ran E\u015fref R\u00fcya 19. B\u00f6l\u00fcm\u00fcyle ekranlara geliyor. \u00c7a\u011fatay Ulusoy ve Demet \u00d6zdemir\u2019in ba\u015frollerinde yer ald\u0131\u011f\u0131 E\u015fref R\u00fcya dizisi f\u0131rt\u0131na gibi esmeye devam ediyor. E\u015fref\u2019in en b\u00fcy\u00fck d\u00fc\u015fmanlar\u0131ndan biri olan Din\u00e7er\u2019in yeni b\u00f6l\u00fcm\u00fcnde ge\u00e7irdi\u011fi kaza sonucu sosyal medyada \u201c E\u015fref R\u00fcya\u2019da Din\u00e7er \u00f6ld\u00fc m\u00fc?\u201d sorular\u0131n\u0131n olu\u015fmas\u0131na neden oldu?<\/p>\n<h3>E\u015eREF R\u00dcYA D\u0130Z\u0130S\u0130NDE D\u0130N\u00c7ER \u00d6LD\u00dc M\u00dc?<\/h3>\n<p>E\u015fref R\u00fcya 2. Sezon b\u00f6l\u00fcm\u00fcnde E\u015fref\u2019in en b\u00fcy\u00fck d\u00fc\u015fman\u0131 olarak kat\u0131lm\u0131\u015ft\u0131. Ge\u00e7mi\u015fte babas\u0131n\u0131 \u00f6ld\u00fcren ki\u015finin E\u015fref oldu\u011funu s\u00f6yleyerek, ondan intikam almak ad\u0131na geri d\u00f6nm\u00fc\u015ft\u00fcr. E\u015fref\u2019in en yak\u0131n arkada\u015flar\u0131n\u0131 hedef alarak ondan intikam almak isteyen Din\u00e7er, Nisan\u2019\u0131 kullanarak tuzaklar kurmu\u015ftu.<\/p>\n<p><img loading=\"lazy\" decoding=\"async\" class=\"alignnone wp-image-252807 size-full\" src=\"https:\/\/www.tgrthaber.com\/mavikadin\/wp-content\/uploads\/Adsiz-tasarim-271.jpg\" alt=\"\" width=\"1208\" height=\"680\" title=\"\" srcset=\"https:\/\/www.tgrthaber.com\/mavikadin\/wp-content\/uploads\/Adsiz-tasarim-271.jpg 1208w, https:\/\/www.tgrthaber.com\/mavikadin\/wp-content\/uploads\/Adsiz-tasarim-271-300x169.jpg 300w, https:\/\/www.tgrthaber.com\/mavikadin\/wp-content\/uploads\/Adsiz-tasarim-271-1024x576.jpg 1024w, https:\/\/www.tgrthaber.com\/mavikadin\/wp-content\/uploads\/Adsiz-tasarim-271-768x432.jpg 768w\" sizes=\"(max-width: 1208px) 100vw, 1208px\" \/><\/p>\n<hr \/>\n<p>E\u015fref\u2019in hayat\u0131na dair her \u015feyi alt \u00fcst etmek i\u00e7in plan yapan Din\u00e7er, son b\u00f6l\u00fcmde gizli bir s\u0131r \u00f6\u011frenmi\u015fti. E\u015fref\u2019in R\u00fcya\u2019n\u0131n Nisan oldu\u011funu bilmedi\u011fini \u00f6\u011frenmesiyle i\u015fler daha da karma\u015f\u0131k hale getirdi.\u00a0 E\u015fref ile Din\u00e7er aras\u0131nda ya\u015fan\u0131lan Nisan \u00e7at\u0131\u015fmas\u0131 sonucu Din\u00e7er merdivenlerden d\u00fc\u015ferek a\u011f\u0131r yaralan\u0131r.<\/p>\n<p><img loading=\"lazy\" decoding=\"async\" class=\"alignnone wp-image-252808 size-full\" src=\"https:\/\/www.tgrthaber.com\/mavikadin\/wp-content\/uploads\/Adsiz-tasarim-2-131.jpg\" alt=\"\" width=\"1208\" height=\"680\" title=\"\" srcset=\"https:\/\/www.tgrthaber.com\/mavikadin\/wp-content\/uploads\/Adsiz-tasarim-2-131.jpg 1208w, https:\/\/www.tgrthaber.com\/mavikadin\/wp-content\/uploads\/Adsiz-tasarim-2-131-300x169.jpg 300w, https:\/\/www.tgrthaber.com\/mavikadin\/wp-content\/uploads\/Adsiz-tasarim-2-131-1024x576.jpg 1024w, https:\/\/www.tgrthaber.com\/mavikadin\/wp-content\/uploads\/Adsiz-tasarim-2-131-768x432.jpg 768w\" sizes=\"(max-width: 1208px) 100vw, 1208px\" \/><\/p>\n<hr \/>\n<h3>E\u015eREF R\u00dcYA\u2019DA D\u0130N\u00c7ER\u2019\u0130N SONU MU GELD\u0130?<\/h3>\n<p>Din\u00e7er\u2019in merdivenlerden yuvarlanmas\u0131 sonucu hastaneye g\u00f6t\u00fcr\u00fclecek. A\u011f\u0131r yaral\u0131 olan Din\u00e7er, hastaneden \u00e7\u0131kabilecek mi? E\u015fref R\u00fcya 19. B\u00f6l\u00fcm\u00fcnde yay\u0131nlanacak sahne izleyiciler aras\u0131nda Din\u00e7er \u00f6ld\u00fc m\u00fc? Din\u00e7er\u2019in sonu mu geldi? E\u015fref R\u00fcya\u2019dan Din\u00e7er ayr\u0131l\u0131yor mu? sorular\u0131n\u0131n sorulmas\u0131na yol a\u00e7t\u0131. \u00c7ar\u015famba ak\u015fam\u0131 ekrana gelen yeni b\u00f6l\u00fcm\u00fcyle Din\u00e7er\u2019in durumuna ili\u015fkin gidi\u015fat belli olacak.<\/p>\n<p><img loading=\"lazy\" decoding=\"async\" class=\"alignnone wp-image-252810 size-full\" src=\"https:\/\/www.tgrthaber.com\/mavikadin\/wp-content\/uploads\/Adsiz-tasarim-1-128.jpg\" alt=\"\" width=\"1208\" height=\"680\" title=\"\" srcset=\"https:\/\/www.tgrthaber.com\/mavikadin\/wp-content\/uploads\/Adsiz-tasarim-1-128.jpg 1208w, https:\/\/www.tgrthaber.com\/mavikadin\/wp-content\/uploads\/Adsiz-tasarim-1-128-300x169.jpg 300w, https:\/\/www.tgrthaber.com\/mavikadin\/wp-content\/uploads\/Adsiz-tasarim-1-128-1024x576.jpg 1024w, https:\/\/www.tgrthaber.com\/mavikadin\/wp-content\/uploads\/Adsiz-tasarim-1-128-768x432.jpg 768w\" sizes=\"(max-width: 1208px) 100vw, 1208px\" \/><\/p>\n<hr \/>\n<h3>E\u015eREF R\u00dcYA TEKRAR B\u00d6L\u00dcM\u00dc NEREDEN \u0130ZLEN\u0130R?<\/h3>\n<p>E\u015fref R\u00fcya dizisine yeni ba\u015flayanlar ya da yeni b\u00f6l\u00fcm\u00fcne dair detaylar\u0131 ka\u00e7\u0131ran izleyenler i\u00e7in tekrar b\u00f6l\u00fcmleri an\u0131nda yay\u0131nlan\u0131yor. \u00c7ar\u015famba ak\u015famlar\u0131 yeni b\u00f6l\u00fcmleriyle izleyiciyle bulu\u015fan E\u015fref R\u00fcya dizisinin tekrar b\u00f6l\u00fcmleri dizi biter bitmez Disney+Plus\u2019\u0131n dijital platformunda yay\u0131nlan\u0131yor.<\/p>\n<p><img loading=\"lazy\" decoding=\"async\" class=\"alignnone wp-image-252811 size-full\" src=\"https:\/\/www.tgrthaber.com\/mavikadin\/wp-content\/uploads\/Adsiz-tasarim-3-139.jpg\" alt=\"\" width=\"1208\" height=\"680\" title=\"\" srcset=\"https:\/\/www.tgrthaber.com\/mavikadin\/wp-content\/uploads\/Adsiz-tasarim-3-139.jpg 1208w, https:\/\/www.tgrthaber.com\/mavikadin\/wp-content\/uploads\/Adsiz-tasarim-3-139-300x169.jpg 300w, https:\/\/www.tgrthaber.com\/mavikadin\/wp-content\/uploads\/Adsiz-tasarim-3-139-1024x576.jpg 1024w, https:\/\/www.tgrthaber.com\/mavikadin\/wp-content\/uploads\/Adsiz-tasarim-3-139-768x432.jpg 768w\" sizes=\"(max-width: 1208px) 100vw, 1208px\" \/><\/p>\n<hr \/>\n<p>E\u015fref R\u00fcya 1. Sezon b\u00f6l\u00fcmlerinin hepsini istedi\u011finiz zaman o platformunda bulabilirsiniz. E\u015fref R\u00fcya 2. Sezon b\u00f6l\u00fcmleri an\u0131nda Disney+Plus\u2019ta izleyicisiyle bulu\u015fuyor.<\/p>\n<h3>E\u015eREF R\u00dcYA 19. B\u00d6L\u00dcMDE NELER OLACAK?<\/h3>\n<p>Din\u00e7er\u2019in merdivenden d\u00fc\u015fmesi, E\u015fref i\u00e7in yeni bir tehdit olu\u015ftururken Nisan, E\u015fref\u2019i korumak i\u00e7in elinden geleni yapmaya haz\u0131rd\u0131r. Kadir ise E\u015fref&#8217;in arkas\u0131ndan tuzaklar kurarken, komiser \u00c7i\u011fdem ile aralar\u0131nda yak\u0131nla\u015fma ba\u015flayacak.<\/p>\n<p><img loading=\"lazy\" decoding=\"async\" class=\"alignnone wp-image-252812 size-full\" src=\"https:\/\/www.tgrthaber.com\/mavikadin\/wp-content\/uploads\/Adsiz-tasarim-6-107.jpg\" alt=\"\" width=\"1208\" height=\"680\" title=\"\" srcset=\"https:\/\/www.tgrthaber.com\/mavikadin\/wp-content\/uploads\/Adsiz-tasarim-6-107.jpg 1208w, https:\/\/www.tgrthaber.com\/mavikadin\/wp-content\/uploads\/Adsiz-tasarim-6-107-300x169.jpg 300w, https:\/\/www.tgrthaber.com\/mavikadin\/wp-content\/uploads\/Adsiz-tasarim-6-107-1024x576.jpg 1024w, https:\/\/www.tgrthaber.com\/mavikadin\/wp-content\/uploads\/Adsiz-tasarim-6-107-768x432.jpg 768w\" sizes=\"(max-width: 1208px) 100vw, 1208px\" \/><\/p>\n<hr \/>\n<p>Di\u011fer yandan E\u015fref, pe\u015findeki hayaletin izini s\u00fcrerken \u00c7i\u011fdem\u2019le y\u00fczle\u015fir. Nisan\u2019a nihayet kavu\u015ftu\u011funu d\u00fc\u015f\u00fcnd\u00fc\u011f\u00fc anda ise, kar\u015f\u0131s\u0131na bamba\u015fka engeller \u00e7\u0131kaca\u011f\u0131ndan habersizdir.<\/p>\n<h3>E\u015eREF R\u00dcYA YEN\u0130 B\u00d6L\u00dcM NE ZAMAN BA\u015eLAYACAK?<\/h3>\n<p>Kanal D ekranlar\u0131nda yay\u0131nlanan E\u015fref R\u00fcya dizisinin yeni b\u00f6l\u00fcm\u00fc her \u00c7ar\u015famba ak\u015fam\u0131 ekranlara gelmeye devam ediyor. 22 Ekim 2025 ak\u015fam\u0131 E\u015fref R\u00fcya 19. b\u00f6l\u00fcm\u00fc ile saat 20:00&#8217;da Kanal D ekranlar\u0131nda izleyicisiyle bulu\u015facak.<\/p>\n<p><img loading=\"lazy\" decoding=\"async\" class=\"alignnone wp-image-252813 size-full\" src=\"https:\/\/www.tgrthaber.com\/mavikadin\/wp-content\/uploads\/Adsiz-tasarim-7-105.jpg\" alt=\"\" width=\"1208\" height=\"680\" title=\"\" srcset=\"https:\/\/www.tgrthaber.com\/mavikadin\/wp-content\/uploads\/Adsiz-tasarim-7-105.jpg 1208w, https:\/\/www.tgrthaber.com\/mavikadin\/wp-content\/uploads\/Adsiz-tasarim-7-105-300x169.jpg 300w, https:\/\/www.tgrthaber.com\/mavikadin\/wp-content\/uploads\/Adsiz-tasarim-7-105-1024x576.jpg 1024w, https:\/\/www.tgrthaber.com\/mavikadin\/wp-content\/uploads\/Adsiz-tasarim-7-105-768x432.jpg 768w\" sizes=\"(max-width: 1208px) 100vw, 1208px\" \/><\/p>\n<hr \/>\n<p>E\u015fref ve Nisan aras\u0131nda ya\u015fan\u0131lan gerginliklere ra\u011fmen a\u015fklar\u0131na sahip \u00e7\u0131kmalar\u0131 ekranlara gelirken, H\u0131d\u0131r&#8217;\u0131n E\u015fref&#8217;in babas\u0131 m\u0131 de\u011fil mi sorusu ise cevab\u0131n\u0131 bulmay\u0131 bekliyor.<\/p>\n","protected":false},"excerpt":{"rendered":"<p>Kanal D ekranlar\u0131nda yay\u0131nlanan E\u015fref R\u00fcya dizisinin 19. B\u00f6l\u00fcm\u00fcnde gerilimli anlar ya\u015fanacak. Din\u00e7er\u2019in merdivenden d\u00fc\u015fmesiyle hastaneye kald\u0131r\u0131l\u0131r. Din\u00e7er\u2019in merdivenden d\u00fc\u015fmesi E\u015fref\u2019in ba\u015f\u0131na b\u00fcy\u00fck i\u015fler a\u00e7abilir. Peki, E\u015fref R\u00fcya dizisinde Din\u00e7er \u00f6ld\u00fc m\u00fc? E\u015fref R\u00fcya\u2019da Din\u00e7er\u2019in sonu mu geldi?<\/p>\n","protected":false},"author":10,"featured_media":252809,"comment_status":"closed","ping_status":"closed","sticky":false,"template":"","format":"standard","meta":{"rank_math_lock_modified_date":false,"footnotes":""},"categories":[602],"tags":[4755,12293,64977,64976],"class_list":["post-252805","post","type-post","status-publish","format-standard","has-post-thumbnail","hentry","category-diziler","tag-esref-ruya","tag-esref-ruya-cagatay-ulusoy","tag-esref-ruya-dincer-ayriliyor-mu","tag-esref-ruya-dincer-oldu-mu"],"_links":{"self":[{"href":"https:\/\/www.tgrthaber.com\/mavikadin\/wp-json\/wp\/v2\/posts\/252805"}],"collection":[{"href":"https:\/\/www.tgrthaber.com\/mavikadin\/wp-json\/wp\/v2\/posts"}],"about":[{"href":"https:\/\/www.tgrthaber.com\/mavikadin\/wp-json\/wp\/v2\/types\/post"}],"author":[{"embeddable":true,"href":"https:\/\/www.tgrthaber.com\/mavikadin\/wp-json\/wp\/v2\/users\/10"}],"replies":[{"embeddable":true,"href":"https:\/\/www.tgrthaber.com\/mavikadin\/wp-json\/wp\/v2\/comments?post=252805"}],"version-history":[{"count":2,"href":"https:\/\/www.tgrthaber.com\/mavikadin\/wp-json\/wp\/v2\/posts\/252805\/revisions"}],"predecessor-version":[{"id":252815,"href":"https:\/\/www.tgrthaber.com\/mavikadin\/wp-json\/wp\/v2\/posts\/252805\/revisions\/252815"}],"wp:featuredmedia":[{"embeddable":true,"href":"https:\/\/www.tgrthaber.com\/mavikadin\/wp-json\/wp\/v2\/media\/252809"}],"wp:attachment":[{"href":"https:\/\/www.tgrthaber.com\/mavikadin\/wp-json\/wp\/v2\/media?parent=252805"}],"wp:term":[{"taxonomy":"category","embeddable":true,"href":"https:\/\/www.tgrthaber.com\/mavikadin\/wp-json\/wp\/v2\/categories?post=252805"},{"taxonomy":"post_tag","embeddable":true,"href":"https:\/\/www.tgrthaber.com\/mavikadin\/wp-json\/wp\/v2\/tags?post=252805"}],"curies":[{"name":"wp","href":"https:\/\/api.w.org\/{rel}","templated":true}]}}