{"id":252832,"date":"2025-10-22T23:30:52","date_gmt":"2025-10-22T20:30:52","guid":{"rendered":"https:\/\/www.tgrthaber.com\/mavikadin\/?p=252832"},"modified":"2025-10-22T23:30:52","modified_gmt":"2025-10-22T20:30:52","slug":"veliaht-7-bolumde-yahya-olecek-mi-yahya-kaptani-vuranlar-kimler","status":"publish","type":"post","link":"https:\/\/www.tgrthaber.com\/mavikadin\/veliaht-7-bolumde-yahya-olecek-mi-yahya-kaptani-vuranlar-kimler\/","title":{"rendered":"Veliaht 7. B\u00f6l\u00fcmde Yahya \u00f6lecek mi? Yahya Kaptan\u2019\u0131 vuranlar kimler?"},"content":{"rendered":"<p>Veliaht dizisinde i\u015fler her ge\u00e7en g\u00fcn k\u0131z\u0131\u015fmaya devam ediyor. Timur ve Karsl\u0131 ailesi birlikte hareket ederken, as\u0131l d\u00fc\u015fmanlar\u0131n\u0131n i\u00e7lerinden biri oldu\u011funun fark\u0131nda de\u011fillerdir. Veliaht&#8217;\u0131n yeni b\u00f6l\u00fcm\u00fcnde Timur( Z\u00fclfikar A\u011fa&#8217;n\u0131n o\u011flu Zafer) Yahya ile birlikte hareket etme karar\u0131 verir. \u0130kili girdikleri fabrikada ate\u015flerin aras\u0131nda kalacak. Peki, Veliaht 7. b\u00f6l\u00fcmde Yahya Kaptan \u00f6lecek mi? Veliaht 7. b\u00f6l\u00fcmde Erkan Kol\u00e7ak K\u00f6stendil ayr\u0131l\u0131yor mu?<\/p>\n<h3>VEL\u0130AHT 7. B\u00d6L\u00dcMDE YAHYA \u00d6LECEK M\u0130?<\/h3>\n<p>Show Tv kanal\u0131nda yay\u0131nlanan Veliaht dizisi 7. b\u00f6l\u00fcm\u00fcyle ekranlara gelecek. Y\u0131llard\u0131r Karsl\u0131 ailesine kar\u015f\u0131 kin besleyen Yahya Kaptan&#8217;\u0131n ( Erkan Kol\u00e7ak K\u00f6stendil) karde\u015finin geli\u015fiyle i\u015fler daha da k\u00f6t\u00fc hal alm\u0131\u015ft\u0131.<\/p>\n<p><img loading=\"lazy\" decoding=\"async\" class=\"alignnone wp-image-252858 size-full\" src=\"https:\/\/www.tgrthaber.com\/mavikadin\/wp-content\/uploads\/Adsiz-tasarim-21-111.jpg\" alt=\"\" width=\"1208\" height=\"680\" title=\"\" srcset=\"https:\/\/www.tgrthaber.com\/mavikadin\/wp-content\/uploads\/Adsiz-tasarim-21-111.jpg 1208w, https:\/\/www.tgrthaber.com\/mavikadin\/wp-content\/uploads\/Adsiz-tasarim-21-111-300x169.jpg 300w, https:\/\/www.tgrthaber.com\/mavikadin\/wp-content\/uploads\/Adsiz-tasarim-21-111-1024x576.jpg 1024w, https:\/\/www.tgrthaber.com\/mavikadin\/wp-content\/uploads\/Adsiz-tasarim-21-111-768x432.jpg 768w\" sizes=\"(max-width: 1208px) 100vw, 1208px\" \/><\/p>\n<hr \/>\n<p>Veliaht&#8217;\u0131n 7. b\u00f6l\u00fcm\u00fcnde Timur ve Yahya Karsl\u0131 ailesinin \u00e7al\u0131nan otob\u00fcs\u00fcn\u00fc bulabilmek i\u00e7in harekete ge\u00e7erler. \u0130kilinin birlikte gitti\u011fi bir fabrikada Yahya mekan\u0131 basan ki\u015filer taraf\u0131ndan vurulur. Peki, Yahya Veliaht dizisinden ayr\u0131l\u0131yor mu? Veliaht dizisinin Yahya karakterini oynayan Erkan Kol\u00e7ak K\u00f6stendil \u00f6lecek mi?<\/p>\n<p><img loading=\"lazy\" decoding=\"async\" class=\"alignnone wp-image-252859 size-full\" src=\"https:\/\/www.tgrthaber.com\/mavikadin\/wp-content\/uploads\/Adsiz-tasarim-22-98.jpg\" alt=\"\" width=\"1208\" height=\"680\" title=\"\" srcset=\"https:\/\/www.tgrthaber.com\/mavikadin\/wp-content\/uploads\/Adsiz-tasarim-22-98.jpg 1208w, https:\/\/www.tgrthaber.com\/mavikadin\/wp-content\/uploads\/Adsiz-tasarim-22-98-300x169.jpg 300w, https:\/\/www.tgrthaber.com\/mavikadin\/wp-content\/uploads\/Adsiz-tasarim-22-98-1024x576.jpg 1024w, https:\/\/www.tgrthaber.com\/mavikadin\/wp-content\/uploads\/Adsiz-tasarim-22-98-768x432.jpg 768w\" sizes=\"(max-width: 1208px) 100vw, 1208px\" \/><\/p>\n<hr \/>\n<h3>VEL\u0130AHT 7. B\u00d6L\u00dcMDE NELER OLACAK?<\/h3>\n<p>Yahya babas\u0131n\u0131n tespihinin pe\u015fine d\u00fc\u015fecek ve Selim&#8217;le birlikte Arnavut Saim\u2019in yan\u0131na gidecek. Timur, Zafer olmak ve Timur olmak aras\u0131nda gidip gitmeye devam ederken, otogarda Reyhan\u2019a daha yak\u0131n olmaya ba\u015flayacak. Zafer ise bu durumdan her ge\u00e7en g\u00fcn rahats\u0131z olacak. Do\u011fu Kap\u0131 ve Yahya aras\u0131ndaki ortakl\u0131k resmiyete d\u00f6k\u00fcl\u00fcr d\u00f6k\u00fclmez, imzalar at\u0131lacak. Yahya bunu Karsl\u0131 ailesiyle birlikte kutlamay\u0131 teklif edecek.<\/p>\n<p><img loading=\"lazy\" decoding=\"async\" class=\"alignnone wp-image-252861 size-full\" src=\"https:\/\/www.tgrthaber.com\/mavikadin\/wp-content\/uploads\/Adsiz-tasarim-24-89.jpg\" alt=\"\" width=\"1208\" height=\"680\" title=\"\" srcset=\"https:\/\/www.tgrthaber.com\/mavikadin\/wp-content\/uploads\/Adsiz-tasarim-24-89.jpg 1208w, https:\/\/www.tgrthaber.com\/mavikadin\/wp-content\/uploads\/Adsiz-tasarim-24-89-300x169.jpg 300w, https:\/\/www.tgrthaber.com\/mavikadin\/wp-content\/uploads\/Adsiz-tasarim-24-89-1024x576.jpg 1024w, https:\/\/www.tgrthaber.com\/mavikadin\/wp-content\/uploads\/Adsiz-tasarim-24-89-768x432.jpg 768w\" sizes=\"(max-width: 1208px) 100vw, 1208px\" \/><\/p>\n<hr \/>\n<p>Derya\u2019ya kar\u015f\u0131da Yahya bir s\u00fcrpriz haz\u0131rlayacak.\u00a0 Cennet\u2019in Timur\u2019un foto\u011fraf\u0131n\u0131, G\u00fcl\u015fah\u2019\u0131n evinde g\u00f6rmesiyle s\u0131r perdesi aralanmaya ba\u015flayacak. Yahya ve Hem\u015finli Davut herkesten gizli i\u015f yapacak; fakat i\u015fler Yahya&#8217;n\u0131n planlad\u0131\u011f\u0131 gibi gitmeyecek. Yahya ve Timur ba\u015f ba\u015fa, otob\u00fcs\u00fcn \u00e7al\u0131nan otob\u00fcs\u00fcn pe\u015fine d\u00fc\u015fecekler.<\/p>\n<p><img loading=\"lazy\" decoding=\"async\" class=\"alignnone wp-image-252862 size-full\" src=\"https:\/\/www.tgrthaber.com\/mavikadin\/wp-content\/uploads\/Adsiz-tasarim-23-82.jpg\" alt=\"\" width=\"1208\" height=\"680\" title=\"\" srcset=\"https:\/\/www.tgrthaber.com\/mavikadin\/wp-content\/uploads\/Adsiz-tasarim-23-82.jpg 1208w, https:\/\/www.tgrthaber.com\/mavikadin\/wp-content\/uploads\/Adsiz-tasarim-23-82-300x169.jpg 300w, https:\/\/www.tgrthaber.com\/mavikadin\/wp-content\/uploads\/Adsiz-tasarim-23-82-1024x576.jpg 1024w, https:\/\/www.tgrthaber.com\/mavikadin\/wp-content\/uploads\/Adsiz-tasarim-23-82-768x432.jpg 768w\" sizes=\"(max-width: 1208px) 100vw, 1208px\" \/><\/p>\n<hr \/>\n<h3>VEL\u0130HAT 7. B\u00d6L\u00dcM NE ZAMAN YAYINLANACAK?<\/h3>\n<p>Show TV kanal\u0131n\u0131n her ge\u00e7en g\u00fcn y\u00fckselerek reytinglerde yer bulmaya ba\u015flayan Veliaht dizisi yeni b\u00f6l\u00fcm\u00fcyle ekranlara gelmesine saatler kald\u0131. \u0130zleyicinin merak etti\u011fi yeni b\u00f6l\u00fcmde Karsl\u0131 ailesini bekleyen izleyenleri \u015fa\u015fk\u0131na \u00e7evirecek. Peki, Veliaht 7. b\u00f6l\u00fcm ne zaman yay\u0131nlanacak? sorusu ara\u015ft\u0131r\u0131l\u0131yor. Her Per\u015fembe g\u00fcn\u00fc ekrana gelen Veliaht dizisi ayn\u0131 g\u00fcn ve saatinde Show Tv kanal\u0131nda saat 20:00&#8217;da yeni b\u00f6l\u00fcm\u00fcyle ekranlara gelecek.<\/p>\n<p><img loading=\"lazy\" decoding=\"async\" class=\"alignnone wp-image-252863 size-full\" src=\"https:\/\/www.tgrthaber.com\/mavikadin\/wp-content\/uploads\/Adsiz-tasarim-25-90.jpg\" alt=\"\" width=\"1208\" height=\"680\" title=\"\" srcset=\"https:\/\/www.tgrthaber.com\/mavikadin\/wp-content\/uploads\/Adsiz-tasarim-25-90.jpg 1208w, https:\/\/www.tgrthaber.com\/mavikadin\/wp-content\/uploads\/Adsiz-tasarim-25-90-300x169.jpg 300w, https:\/\/www.tgrthaber.com\/mavikadin\/wp-content\/uploads\/Adsiz-tasarim-25-90-1024x576.jpg 1024w, https:\/\/www.tgrthaber.com\/mavikadin\/wp-content\/uploads\/Adsiz-tasarim-25-90-768x432.jpg 768w\" sizes=\"(max-width: 1208px) 100vw, 1208px\" \/><\/p>\n<hr \/>\n<h3>VEL\u0130AHT OYUNCULARI<\/h3>\n<ul>\n<li>Ak\u0131n Ak\u0131n\u00f6z\u00fc<\/li>\n<li>Serra Ar\u0131t\u00fcrk<\/li>\n<li>Ercan Kesal<\/li>\n<li>Erkan Kol\u00e7ak K\u00f6stendil<\/li>\n<li>Hazal T\u00fcresan<\/li>\n<li>Derya Karada\u015f<\/li>\n<li>Tansu Bi\u00e7er<\/li>\n<li>Bora Akka\u015f<\/li>\n<li>Erdem \u015eenocak<\/li>\n<\/ul>\n<p><img loading=\"lazy\" decoding=\"async\" class=\"alignnone wp-image-252864 size-full\" src=\"https:\/\/www.tgrthaber.com\/mavikadin\/wp-content\/uploads\/Adsiz-tasarim-26-85.jpg\" alt=\"\" width=\"1208\" height=\"680\" title=\"\" srcset=\"https:\/\/www.tgrthaber.com\/mavikadin\/wp-content\/uploads\/Adsiz-tasarim-26-85.jpg 1208w, https:\/\/www.tgrthaber.com\/mavikadin\/wp-content\/uploads\/Adsiz-tasarim-26-85-300x169.jpg 300w, https:\/\/www.tgrthaber.com\/mavikadin\/wp-content\/uploads\/Adsiz-tasarim-26-85-1024x576.jpg 1024w, https:\/\/www.tgrthaber.com\/mavikadin\/wp-content\/uploads\/Adsiz-tasarim-26-85-768x432.jpg 768w\" sizes=\"(max-width: 1208px) 100vw, 1208px\" \/><\/p>\n<hr \/>\n<h3>VEL\u0130AHT KONUSU<\/h3>\n<p>Esenler Otogar\u0131&#8217;n\u0131 kontrol eden Kars&#8217;l\u0131 ailesinin lideri olan Z\u00fclfikar A\u011fa&#8217;n\u0131n kendisine bir veliaht bulma \u00e7abas\u0131na giri\u015fmesiyle geli\u015fen olaylar\u0131 konu edinir. Timur&#8217;un yoksul bir mahallede ailesiyle ge\u00e7imini sa\u011flarken, kar\u015f\u0131s\u0131na \u00e7\u0131kan Z\u00fclfikar A\u011fa&#8217;n\u0131n teklifiyle t\u00fcm hayat\u0131 alt \u00fcst olacak. Timur iken Zafer karakterine b\u00fcr\u00fcnerek, Karsl\u0131 ailesinin Veliaht&#8217;\u0131 olarak Esenler Otogar\u0131na tan\u0131t\u0131lacak. Ger\u00e7ek Zafer Karsl\u0131 ise evinden d\u0131\u015far\u0131ya \u00e7\u0131kabilmek i\u00e7in elinden geleni yapmaya \u00e7al\u0131\u015facak. Zafer&#8217;in \u00e7ocukluk arkada\u015f\u0131 olan Yahya Kaptan ise hem babas\u0131n\u0131n intikam\u0131n\u0131 alacak hem de Derya Karsl\u0131 ile ge\u00e7mi\u015fte aras\u0131nda ge\u00e7enlerin hesab\u0131n\u0131 soracak.<\/p>\n","protected":false},"excerpt":{"rendered":"<p>Veliaht dizisinde Timur ve Yahya iki d\u00fc\u015fmanken, Z\u00fclfikar A\u011fa&#8217;n\u0131n otob\u00fcslerinden birinin ka\u00e7\u0131r\u0131lmas\u0131 ikiliyi bir araya getirecek. Aksiyon dolu sahnelerin olaca\u011f\u0131 Veliaht 7. b\u00f6l\u00fcm\u00fcnde Yahya vurulacak. Peki, Veliaht 7. b\u00f6l\u00fcmde Yahya Kaptan \u00f6lecek mi? Veliaht 7. b\u00f6l\u00fcmde Erhan Kol\u00e7ak K\u00f6stendil ayr\u0131l\u0131yor mu?<\/p>\n","protected":false},"author":10,"featured_media":252860,"comment_status":"closed","ping_status":"closed","sticky":false,"template":"","format":"standard","meta":{"rank_math_lock_modified_date":false,"footnotes":""},"categories":[602],"tags":[24737,64052,62009,64980],"class_list":["post-252832","post","type-post","status-publish","format-standard","has-post-thumbnail","hentry","category-diziler","tag-veliaht","tag-veliaht-7-bolum","tag-veliaht-akin-akinozu","tag-veliaht-erhan-kolcak-kostendil"],"_links":{"self":[{"href":"https:\/\/www.tgrthaber.com\/mavikadin\/wp-json\/wp\/v2\/posts\/252832"}],"collection":[{"href":"https:\/\/www.tgrthaber.com\/mavikadin\/wp-json\/wp\/v2\/posts"}],"about":[{"href":"https:\/\/www.tgrthaber.com\/mavikadin\/wp-json\/wp\/v2\/types\/post"}],"author":[{"embeddable":true,"href":"https:\/\/www.tgrthaber.com\/mavikadin\/wp-json\/wp\/v2\/users\/10"}],"replies":[{"embeddable":true,"href":"https:\/\/www.tgrthaber.com\/mavikadin\/wp-json\/wp\/v2\/comments?post=252832"}],"version-history":[{"count":2,"href":"https:\/\/www.tgrthaber.com\/mavikadin\/wp-json\/wp\/v2\/posts\/252832\/revisions"}],"predecessor-version":[{"id":252865,"href":"https:\/\/www.tgrthaber.com\/mavikadin\/wp-json\/wp\/v2\/posts\/252832\/revisions\/252865"}],"wp:featuredmedia":[{"embeddable":true,"href":"https:\/\/www.tgrthaber.com\/mavikadin\/wp-json\/wp\/v2\/media\/252860"}],"wp:attachment":[{"href":"https:\/\/www.tgrthaber.com\/mavikadin\/wp-json\/wp\/v2\/media?parent=252832"}],"wp:term":[{"taxonomy":"category","embeddable":true,"href":"https:\/\/www.tgrthaber.com\/mavikadin\/wp-json\/wp\/v2\/categories?post=252832"},{"taxonomy":"post_tag","embeddable":true,"href":"https:\/\/www.tgrthaber.com\/mavikadin\/wp-json\/wp\/v2\/tags?post=252832"}],"curies":[{"name":"wp","href":"https:\/\/api.w.org\/{rel}","templated":true}]}}