{"id":252839,"date":"2025-10-22T23:03:57","date_gmt":"2025-10-22T20:03:57","guid":{"rendered":"https:\/\/www.tgrthaber.com\/mavikadin\/?p=252839"},"modified":"2025-10-22T23:03:57","modified_gmt":"2025-10-22T20:03:57","slug":"seda-sayandan-bir-ilk-efektsiz-paylasti","status":"publish","type":"post","link":"https:\/\/www.tgrthaber.com\/mavikadin\/seda-sayandan-bir-ilk-efektsiz-paylasti\/","title":{"rendered":"Seda Sayan&#8217;dan bir ilk! Efektsiz payla\u015ft\u0131"},"content":{"rendered":"<p>Seda Sayan, sosyal medya hesab\u0131 \u00fczerinden payla\u015ft\u0131\u011f\u0131 bir g\u00f6nderiyle, sosyal medyan\u0131n diline d\u00fc\u015ft\u00fc. Do\u011fal halimle de buraday\u0131m diyen Seda Sayan, ilk defa filtresiz bir foto\u011fraf\u0131n\u0131 payla\u015ft\u0131. &#8216;Kuzum, can\u0131m o\u011flum&#8217; notuyla payla\u015ft\u0131\u011f\u0131 kare de, \u00f6zellikle gen\u00e7lerin sevgilisi Semicenk&#8217;te bulunuyordu. Seda Sayan&#8217;\u0131n payla\u015f\u0131m\u0131na binlerce yorum ve be\u011feni ya\u011fd\u0131. \u0130\u015fte sosyal medyada filtreli payla\u015f\u0131mlar\u0131yla ad\u0131ndan s\u00f6z ettiren Seda Sayan&#8217;\u0131n efektsiz payla\u015f\u0131m&#8230;<\/p>\n<h3>SEDA SAYAN&#8217;DAN B\u0130R \u0130LK! EFEKTS\u0130Z PAYLA\u015eTI<\/h3>\n<p>Uzun zamand\u0131r televizyonda yapt\u0131\u011f\u0131 programlarla ve m\u00fczik projeleriyle ad\u0131ndan s\u00f6z ettiren Seda Sayan, bu defa do\u011fall\u0131\u011f\u0131n\u0131 konu\u015fturdu.<\/p>\n<p><img loading=\"lazy\" decoding=\"async\" class=\"alignnone wp-image-252852\" src=\"https:\/\/www.tgrthaber.com\/mavikadin\/wp-content\/uploads\/1200x627-seda-sayandan-manidar-sosyal-medya-paylasimi-kime-gonderme-yapti-1597927131658-300x157.webp\" alt=\"\" width=\"1208\" height=\"631\" title=\"\" srcset=\"https:\/\/www.tgrthaber.com\/mavikadin\/wp-content\/uploads\/1200x627-seda-sayandan-manidar-sosyal-medya-paylasimi-kime-gonderme-yapti-1597927131658-300x157.webp 300w, https:\/\/www.tgrthaber.com\/mavikadin\/wp-content\/uploads\/1200x627-seda-sayandan-manidar-sosyal-medya-paylasimi-kime-gonderme-yapti-1597927131658-1024x535.webp 1024w, https:\/\/www.tgrthaber.com\/mavikadin\/wp-content\/uploads\/1200x627-seda-sayandan-manidar-sosyal-medya-paylasimi-kime-gonderme-yapti-1597927131658-768x401.webp 768w, https:\/\/www.tgrthaber.com\/mavikadin\/wp-content\/uploads\/1200x627-seda-sayandan-manidar-sosyal-medya-paylasimi-kime-gonderme-yapti-1597927131658.webp 1200w\" sizes=\"(max-width: 1208px) 100vw, 1208px\" \/><\/p>\n<hr \/>\n<p>Seda Sayan&#8217;\u0131n, gen\u00e7 neslin yeni sevgilisi Semicenk ile yanyana oldu\u011fu kareye be\u011feni ve yorum ya\u011fd\u0131. Herkesin g\u00f6nl\u00fcnde taht kuran Seda Sayan, payla\u015f\u0131m\u0131na bir de, &#8216;Kuzummm can\u0131m o\u011flum&#8217; notunu eklemesi, takip\u00e7ilerin olduk\u00e7a ilgisini \u00e7ekti.<\/p>\n<p><img loading=\"lazy\" decoding=\"async\" class=\"alignnone wp-image-252853\" src=\"https:\/\/www.tgrthaber.com\/mavikadin\/wp-content\/uploads\/1200x675-61lik-seda-sayanin-kumral-tarzi-olay-sac-rengini-degistirip-son-haliyle-sosyal-medyayi-salladi-onu-hic-boyle-g-1717134729772-300x169.webp\" alt=\"\" width=\"1208\" height=\"680\" title=\"\" srcset=\"https:\/\/www.tgrthaber.com\/mavikadin\/wp-content\/uploads\/1200x675-61lik-seda-sayanin-kumral-tarzi-olay-sac-rengini-degistirip-son-haliyle-sosyal-medyayi-salladi-onu-hic-boyle-g-1717134729772-300x169.webp 300w, https:\/\/www.tgrthaber.com\/mavikadin\/wp-content\/uploads\/1200x675-61lik-seda-sayanin-kumral-tarzi-olay-sac-rengini-degistirip-son-haliyle-sosyal-medyayi-salladi-onu-hic-boyle-g-1717134729772-1024x576.webp 1024w, https:\/\/www.tgrthaber.com\/mavikadin\/wp-content\/uploads\/1200x675-61lik-seda-sayanin-kumral-tarzi-olay-sac-rengini-degistirip-son-haliyle-sosyal-medyayi-salladi-onu-hic-boyle-g-1717134729772-768x432.webp 768w, https:\/\/www.tgrthaber.com\/mavikadin\/wp-content\/uploads\/1200x675-61lik-seda-sayanin-kumral-tarzi-olay-sac-rengini-degistirip-son-haliyle-sosyal-medyayi-salladi-onu-hic-boyle-g-1717134729772.webp 1200w\" sizes=\"(max-width: 1208px) 100vw, 1208px\" \/><\/p>\n<hr \/>\n<h3>SOSYAL MEDYA \u00c7ALKALANDI<\/h3>\n<p>\u00dcnl\u00fc sanat\u00e7\u0131n\u0131n filtre kullanmamas\u0131 bir\u00e7ok ki\u015fi taraf\u0131ndan \u00e7ok be\u011fenildi. Payla\u015f\u0131mdan sonra Sayan&#8217;a \u00f6vg\u00fcler adeta ya\u011fmur gibi ya\u011farken, &#8216;Ger\u00e7ek Seda buymu\u015f&#8217;, &#8216;Filtresiz de g\u00fczel&#8217;, &#8216;As\u0131l filtre bozuyor&#8217; gibi yorumlar eksik olmad\u0131.<\/p>\n<p><img loading=\"lazy\" decoding=\"async\" class=\"aligncenter wp-image-252854\" src=\"https:\/\/www.tgrthaber.com\/mavikadin\/wp-content\/uploads\/Adsiz-tasarim-29-34-300x169.png\" alt=\"\" width=\"1208\" height=\"680\" title=\"\" srcset=\"https:\/\/www.tgrthaber.com\/mavikadin\/wp-content\/uploads\/Adsiz-tasarim-29-34-300x169.png 300w, https:\/\/www.tgrthaber.com\/mavikadin\/wp-content\/uploads\/Adsiz-tasarim-29-34-1024x576.png 1024w, https:\/\/www.tgrthaber.com\/mavikadin\/wp-content\/uploads\/Adsiz-tasarim-29-34-768x432.png 768w, https:\/\/www.tgrthaber.com\/mavikadin\/wp-content\/uploads\/Adsiz-tasarim-29-34-1536x864.png 1536w, https:\/\/www.tgrthaber.com\/mavikadin\/wp-content\/uploads\/Adsiz-tasarim-29-34.png 1920w\" sizes=\"(max-width: 1208px) 100vw, 1208px\" \/><\/p>\n<hr \/>\n<h3>SEDA SAYAN K\u0130MD\u0130R, E\u015e\u0130 K\u0130M?<\/h3>\n<p>Ger\u00e7ek ismi Aysel G\u00fcrsa\u00e7er olan Seda Sayan, 30 Aral\u0131k 1962 y\u0131l\u0131nda \u0130stanbul Ey\u00fcpsultan&#8217;da d\u00fcnyaya geldi. Olduk\u00e7a zor bir \u00e7ocukluk ge\u00e7iren Seda Sayan, erken ya\u015fta i\u015f hayat\u0131na ba\u015flad\u0131.<\/p>\n<p><img loading=\"lazy\" decoding=\"async\" class=\"alignnone wp-image-252851\" src=\"https:\/\/www.tgrthaber.com\/mavikadin\/wp-content\/uploads\/1024xauto-3-Viks-300x200.webp\" alt=\"\" width=\"1208\" height=\"804\" title=\"\" srcset=\"https:\/\/www.tgrthaber.com\/mavikadin\/wp-content\/uploads\/1024xauto-3-Viks-300x200.webp 300w, https:\/\/www.tgrthaber.com\/mavikadin\/wp-content\/uploads\/1024xauto-3-Viks-768x511.webp 768w, https:\/\/www.tgrthaber.com\/mavikadin\/wp-content\/uploads\/1024xauto-3-Viks.webp 850w\" sizes=\"(max-width: 1208px) 100vw, 1208px\" \/><\/p>\n<hr \/>\n<p>D\u00fc\u011f\u00fcnlerde ve k\u00fc\u00e7\u00fck gazinolarda \u00e7al\u0131\u015farak, bug\u00fcnlere ula\u015fan Seda Sayan, g\u00fc\u00e7l\u00fc sesiyle milyonlar\u0131n kalbini kazand\u0131. 1980 y\u0131llardan beri hem fantezi hem de pop t\u00fcr\u00fcnde s\u00f6yledi\u011fi \u015fark\u0131larla haf\u0131zalara kaz\u0131nd\u0131.<\/p>\n<p><img loading=\"lazy\" decoding=\"async\" class=\"alignnone wp-image-252849\" src=\"https:\/\/www.tgrthaber.com\/mavikadin\/wp-content\/uploads\/seda-sayan-300x169.webp\" alt=\"\" width=\"1208\" height=\"680\" title=\"\" srcset=\"https:\/\/www.tgrthaber.com\/mavikadin\/wp-content\/uploads\/seda-sayan-300x169.webp 300w, https:\/\/www.tgrthaber.com\/mavikadin\/wp-content\/uploads\/seda-sayan.webp 480w\" sizes=\"(max-width: 1208px) 100vw, 1208px\" \/><\/p>\n<hr \/>\n<p>\u00d6zellikle Ah Geceler&#8217;, &#8216;Ben Sana Demedim mi?&#8217; \u015fark\u0131lar\u0131yla ad\u0131n\u0131 geni\u015f kitlelere duyurmay\u0131 ba\u015fard\u0131. M\u00fczik kariyeri d\u0131\u015f\u0131nda oyunculuk ve sunuculuk da yapan Seda Sayan, her alanda ba\u015far\u0131s\u0131n\u0131 kan\u0131tlad\u0131. Sabahlar\u0131n Sultan\u0131 adl\u0131 programla milyonlar\u0131 ekrana ba\u011flad\u0131.<\/p>\n<p><img loading=\"lazy\" decoding=\"async\" class=\"alignnone wp-image-252855\" src=\"https:\/\/www.tgrthaber.com\/mavikadin\/wp-content\/uploads\/65e1ea4f465407fc052f62af-300x165.webp\" alt=\"\" width=\"1208\" height=\"663\" title=\"\" srcset=\"https:\/\/www.tgrthaber.com\/mavikadin\/wp-content\/uploads\/65e1ea4f465407fc052f62af-300x165.webp 300w, https:\/\/www.tgrthaber.com\/mavikadin\/wp-content\/uploads\/65e1ea4f465407fc052f62af-768x422.webp 768w, https:\/\/www.tgrthaber.com\/mavikadin\/wp-content\/uploads\/65e1ea4f465407fc052f62af.webp 869w\" sizes=\"(max-width: 1208px) 100vw, 1208px\" \/><\/p>\n<hr \/>\n<p><a href=\"https:\/\/www.tgrthaber.com\/mavikadin\/seda-sayanin-annesi-ayse-ak-gursacar-kimdir-kac-yasinda-ayse-ak-gursacar-ne-hastasi\/\">Seda Sayan<\/a> bug\u00fcne kadar pek \u00e7ok evlilik yapm\u0131\u015ft\u0131r. Seda Sayan&#8217;\u0131n evlilik yapt\u0131\u011f\u0131 isimler ise \u015f\u00f6yle; R\u0131dvan K\u0131l\u0131\u00e7, Sinan Engin, Soner Yapcac\u0131k, Tuncay K\u0131ratl\u0131, G\u00f6khan \u015e\u00fck\u00fcr, Onur \u015ean. Son olarak ise 24 Nisan 2022 y\u0131l\u0131nda m\u00fczisyen \u00c7a\u011flar \u00d6kten ile d\u00fcnyaevine girdi. Bug\u00fcn 62 ya\u015f\u0131nda olan Seda Sayan, hem enerjisi hem de g\u00fczelli\u011fi ile ad\u0131ndan s\u00f6z ettirmeye devam ediyor.<\/p>\n","protected":false},"excerpt":{"rendered":"<p>Y\u0131llard\u0131r ekranlarda \u0131\u015f\u0131lt\u0131l\u0131 halleriyle g\u00f6r\u00fcnen ve sosyal medyada filtreli payla\u015f\u0131mlar\u0131yla nam salan Seda Sayan, bu defa \u015fa\u015f\u0131rtt\u0131. Kusursuz g\u00f6r\u00fcnt\u00fcs\u00fcyle dikkat \u00e7eken \u00fcnl\u00fc isim, ilk defa filtresiz bir payla\u015f\u0131m yaparak, ezber bozdu. \u00dcstelik bu kez yan\u0131nda Semicenk&#8217;te bulunuyordu. \u0130\u015fte detaylar&#8230;<\/p>\n","protected":false},"author":35,"featured_media":252840,"comment_status":"closed","ping_status":"closed","sticky":false,"template":"","format":"standard","meta":{"rank_math_lock_modified_date":false,"footnotes":""},"categories":[76],"tags":[133,2811,64983,64981,64982],"class_list":["post-252839","post","type-post","status-publish","format-standard","has-post-thumbnail","hentry","category-magazin","tag-magazin","tag-seda-sayan","tag-seda-sayan-efektsiz-paylasim","tag-seda-sayan-filtresiz","tag-seda-sayan-semicenk"],"_links":{"self":[{"href":"https:\/\/www.tgrthaber.com\/mavikadin\/wp-json\/wp\/v2\/posts\/252839"}],"collection":[{"href":"https:\/\/www.tgrthaber.com\/mavikadin\/wp-json\/wp\/v2\/posts"}],"about":[{"href":"https:\/\/www.tgrthaber.com\/mavikadin\/wp-json\/wp\/v2\/types\/post"}],"author":[{"embeddable":true,"href":"https:\/\/www.tgrthaber.com\/mavikadin\/wp-json\/wp\/v2\/users\/35"}],"replies":[{"embeddable":true,"href":"https:\/\/www.tgrthaber.com\/mavikadin\/wp-json\/wp\/v2\/comments?post=252839"}],"version-history":[{"count":2,"href":"https:\/\/www.tgrthaber.com\/mavikadin\/wp-json\/wp\/v2\/posts\/252839\/revisions"}],"predecessor-version":[{"id":252857,"href":"https:\/\/www.tgrthaber.com\/mavikadin\/wp-json\/wp\/v2\/posts\/252839\/revisions\/252857"}],"wp:featuredmedia":[{"embeddable":true,"href":"https:\/\/www.tgrthaber.com\/mavikadin\/wp-json\/wp\/v2\/media\/252840"}],"wp:attachment":[{"href":"https:\/\/www.tgrthaber.com\/mavikadin\/wp-json\/wp\/v2\/media?parent=252839"}],"wp:term":[{"taxonomy":"category","embeddable":true,"href":"https:\/\/www.tgrthaber.com\/mavikadin\/wp-json\/wp\/v2\/categories?post=252839"},{"taxonomy":"post_tag","embeddable":true,"href":"https:\/\/www.tgrthaber.com\/mavikadin\/wp-json\/wp\/v2\/tags?post=252839"}],"curies":[{"name":"wp","href":"https:\/\/api.w.org\/{rel}","templated":true}]}}