{"id":252842,"date":"2025-10-22T22:49:00","date_gmt":"2025-10-22T19:49:00","guid":{"rendered":"https:\/\/www.tgrthaber.com\/mavikadin\/?p=252842"},"modified":"2025-10-22T22:49:00","modified_gmt":"2025-10-22T19:49:00","slug":"abdulkerim-bardakcinin-esi-zara-bardakci-sosyal-medyayi-salladi-guzelligi-dillere-destan","status":"publish","type":"post","link":"https:\/\/www.tgrthaber.com\/mavikadin\/abdulkerim-bardakcinin-esi-zara-bardakci-sosyal-medyayi-salladi-guzelligi-dillere-destan\/","title":{"rendered":"Abd\u00fclkerim Bardak\u00e7\u0131\u2019n\u0131n e\u015fi Zara Bardak\u00e7\u0131 sosyal medyay\u0131 sallad\u0131! G\u00fczelli\u011fi dillere destan"},"content":{"rendered":"<p>Galatasaray ve Milli Tak\u0131m futbolcusu Abd\u00fclkerim Bardak\u00e7\u0131\u2019n\u0131n e\u015fi Zara Bardak\u00e7\u0131 ile ge\u00e7ti\u011fimiz aylarda ilk kez bas\u0131n\u0131n kar\u015f\u0131s\u0131na ge\u00e7mi\u015fti. \u015eanl\u0131urfa\u2019n\u0131n Viran\u015fehir il\u00e7esinde kat\u0131ld\u0131klar\u0131 d\u00fc\u011f\u00fcnde g\u00f6r\u00fcnt\u00fclenen Zira Bardak\u00e7\u0131, aylar sonra objektiflere bir kez daha yakaland\u0131.<\/p>\n<h3>ZARA BARDAK\u00c7I E\u015e\u0130 ABD\u00dcLKER\u0130M BARDAK\u00c7I\u2019YI \u0130ZLEMEYE GELD\u0130<\/h3>\n<p>22 Ekim 2025 ak\u015fam\u0131 Galatasaray Norve\u00e7 temsilcisi Bodo\/Glimt&#8217;i a\u011f\u0131rl\u0131yor. K\u0131rm\u0131z\u0131 Sar\u0131l\u0131 forma giyen\u00a0 Abd\u00fclkerim Bardak\u00e7\u0131\u2019n\u0131n e\u015fi<a href=\"https:\/\/www.tgrthaber.com\/mavikadin\/zara-bardakci-kimdir-abdulkerim-bardakcinin-esi-zara-bardakci-nereli-kac-yasinda\/\"> Zara Bardak\u00e7\u0131\u2019<\/a>da ma\u00e7\u0131 izleyenler aras\u0131nda yerini ald\u0131. E\u015fini k\u0131z\u0131yla izlemeye gelen Zara Bardak\u00e7\u0131, duru g\u00fczelli\u011fiyle trib\u00fcnlerdeki bir seyircinin kadraj\u0131na yakaland\u0131. Bardak\u00e7\u0131\u2019n\u0131n k\u0131z\u0131yla ilgilendi\u011fi anlar sosyal medyan\u0131n g\u00fcndemine bomba gibi d\u00fc\u015ft\u00fc.<\/p>\n<div style=\"width: 640px;\" class=\"wp-video\"><!--[if lt IE 9]><script>document.createElement('video');<\/script><![endif]-->\n<video class=\"wp-video-shortcode\" id=\"video-252842-1\" width=\"640\" height=\"1138\" preload=\"metadata\" controls=\"controls\"><source type=\"video\/mp4\" src=\"https:\/\/www.tgrthaber.com\/mavikadin\/wp-content\/uploads\/SaveClip.App_AQNSqHcd9G6Ai42cRmKP0Ens_-eRSK_sSeIPwcYJCurZOZnKyeSuoNKcAGP0iXgI_o9ec25Zi50PUzCwja9X2MzaxWUlfn6dN4YW_Y0.mp4?_=1\" \/><a href=\"https:\/\/www.tgrthaber.com\/mavikadin\/wp-content\/uploads\/SaveClip.App_AQNSqHcd9G6Ai42cRmKP0Ens_-eRSK_sSeIPwcYJCurZOZnKyeSuoNKcAGP0iXgI_o9ec25Zi50PUzCwja9X2MzaxWUlfn6dN4YW_Y0.mp4\">https:\/\/www.tgrthaber.com\/mavikadin\/wp-content\/uploads\/SaveClip.App_AQNSqHcd9G6Ai42cRmKP0Ens_-eRSK_sSeIPwcYJCurZOZnKyeSuoNKcAGP0iXgI_o9ec25Zi50PUzCwja9X2MzaxWUlfn6dN4YW_Y0.mp4<\/a><\/video><\/div>\n<hr \/>\n<h3>ZARA BARDAK\u00c7I PAYLA\u015eIMLARIYLADA BE\u011eEN\u0130 TOPLUYOR<\/h3>\n<p>Zara Bardak\u00e7\u0131 sosyal medya hesab\u0131ndan yapt\u0131\u011f\u0131 payla\u015f\u0131mlarla da dikkat \u00e7eken biridir. K\u0131z\u0131 Alara ve kendisinin giyindi\u011fi markalar\u0131 instagram\u0131nda payla\u015farak, takip\u00e7ileriyle payla\u015f\u0131yor. Giyim tarz\u0131n\u0131 be\u011fenilen Zara Bardak\u00e7\u0131\u2019n\u0131n payla\u015f\u0131mlar\u0131na dakikalar i\u00e7in be\u011feni ve yorum ya\u011f\u0131yor.<\/p>\n<p><img loading=\"lazy\" decoding=\"async\" class=\"alignnone wp-image-252844 size-full\" src=\"https:\/\/www.tgrthaber.com\/mavikadin\/wp-content\/uploads\/Adsiz-tasarim-16-98.jpg\" alt=\"\" width=\"1208\" height=\"680\" title=\"\" srcset=\"https:\/\/www.tgrthaber.com\/mavikadin\/wp-content\/uploads\/Adsiz-tasarim-16-98.jpg 1208w, https:\/\/www.tgrthaber.com\/mavikadin\/wp-content\/uploads\/Adsiz-tasarim-16-98-300x169.jpg 300w, https:\/\/www.tgrthaber.com\/mavikadin\/wp-content\/uploads\/Adsiz-tasarim-16-98-1024x576.jpg 1024w, https:\/\/www.tgrthaber.com\/mavikadin\/wp-content\/uploads\/Adsiz-tasarim-16-98-768x432.jpg 768w\" sizes=\"(max-width: 1208px) 100vw, 1208px\" \/><\/p>\n<hr \/>\n<h3>ABD\u00dcLKER\u0130M BARDAK\u00c7I\u2019NIN E\u015e\u0130 ZARA BARDAK\u00c7I K\u0130MD\u0130R?<\/h3>\n<p>Afrika k\u00f6kenli Zara Bardak\u00e7\u0131 2024 y\u0131l\u0131nda Milli tak\u0131m ve Galatasaray futbolcusu Abd\u00fclkerim Bardak\u00e7\u0131 ile d\u00fcnya evine girmi\u015ftir. \u00d6zel ya\u015fam\u0131n\u0131 sosyal medyadan uzak ya\u015fayan Zara Bardak\u00e7\u0131, kamera kar\u015f\u0131s\u0131na da \u00e7ok fazla \u00e7\u0131kmamaktad\u0131r. 28 ya da 29 ya\u015flar\u0131nda oldu\u011fu tahmin edilen Zara Bardak\u00e7\u0131, sade ve duru g\u00fczelli\u011fiyle dikkatleri \u00fczerine \u00e7ekiyor.<\/p>\n<p><img loading=\"lazy\" decoding=\"async\" class=\"alignnone wp-image-252845 size-full\" src=\"https:\/\/www.tgrthaber.com\/mavikadin\/wp-content\/uploads\/Adsiz-tasarim-17-99.jpg\" alt=\"\" width=\"1208\" height=\"680\" title=\"\" srcset=\"https:\/\/www.tgrthaber.com\/mavikadin\/wp-content\/uploads\/Adsiz-tasarim-17-99.jpg 1208w, https:\/\/www.tgrthaber.com\/mavikadin\/wp-content\/uploads\/Adsiz-tasarim-17-99-300x169.jpg 300w, https:\/\/www.tgrthaber.com\/mavikadin\/wp-content\/uploads\/Adsiz-tasarim-17-99-1024x576.jpg 1024w, https:\/\/www.tgrthaber.com\/mavikadin\/wp-content\/uploads\/Adsiz-tasarim-17-99-768x432.jpg 768w\" sizes=\"(max-width: 1208px) 100vw, 1208px\" \/><\/p>\n<hr \/>\n<h3>ZARA BARDAK\u00c7I\u2019NIN KA\u00c7 \u00c7OCU\u011eU VAR?<\/h3>\n<p>Abd\u00fclkerim Bardak\u00e7\u0131 ve Zara Bardak\u00e7\u0131 \u00e7iftinin bir k\u0131z \u00e7ocuklar\u0131 bulunuyor. Alara Bardak\u00e7\u0131, 2024 y\u0131l\u0131nda d\u00fcnyaya gelen k\u0131zlar\u0131 1 ya\u015f\u0131ndad\u0131r. Bardak\u00e7\u0131 \u00e7ifti, k\u0131zlar\u0131n\u0131 g\u00f6zlerden uzak bir \u015fekilde b\u00fcy\u00fctmeyi tercih ediyor. K\u0131zlar\u0131 Alara\u2019y\u0131 \u00e7ok nadir kameralar kar\u015f\u0131s\u0131na \u00e7\u0131kar\u0131yorlar.<\/p>\n<p><img loading=\"lazy\" decoding=\"async\" class=\"alignnone wp-image-252843 size-full\" src=\"https:\/\/www.tgrthaber.com\/mavikadin\/wp-content\/uploads\/Adsiz-tasarim-15-97.jpg\" alt=\"\" width=\"1208\" height=\"680\" title=\"\" srcset=\"https:\/\/www.tgrthaber.com\/mavikadin\/wp-content\/uploads\/Adsiz-tasarim-15-97.jpg 1208w, https:\/\/www.tgrthaber.com\/mavikadin\/wp-content\/uploads\/Adsiz-tasarim-15-97-300x169.jpg 300w, https:\/\/www.tgrthaber.com\/mavikadin\/wp-content\/uploads\/Adsiz-tasarim-15-97-1024x576.jpg 1024w, https:\/\/www.tgrthaber.com\/mavikadin\/wp-content\/uploads\/Adsiz-tasarim-15-97-768x432.jpg 768w\" sizes=\"(max-width: 1208px) 100vw, 1208px\" \/><\/p>\n<hr \/>\n<h3>ABD\u00dcLKER\u0130M BARDAK\u00c7I VE E\u015e\u0130 ZARA BARDAK\u00c7I NASIL EVLEND\u0130?<\/h3>\n<p>2024 Mart ay\u0131nda \u0130stanbul\u2019da yap\u0131lan sade bir d\u00fc\u011f\u00fcnle d\u00fcnya evine girdiler. D\u00fc\u011f\u00fcne yak\u0131n arkada\u015flar\u0131, aile bireyleri ile ger\u00e7ekle\u015fen bir d\u00fc\u011f\u00fcn t\u00f6reniyle mutlulu\u011fa ad\u0131m att\u0131lar. Abd\u00fclkerim ve e\u015fi Zara Bardak\u00e7\u0131\u2019n\u0131n evlilikleri bas\u0131na kapal\u0131 bir \u015fekilde ger\u00e7ekle\u015fti. Zara Bardak\u00e7\u0131\u2019n\u0131n gelinli\u011fi zarif modeliyle dikkat \u00e7ekerken, Bardak\u00e7\u0131\u2019n\u0131n sade bir gelinlik se\u00e7mesi duru g\u00fczelli\u011fini g\u00f6zler \u00f6n\u00fcne \u00e7\u0131karm\u0131\u015ft\u0131.<\/p>\n","protected":false},"excerpt":{"rendered":"<p>Galatasaray futbolcu Abd\u00fclkerim Bardak\u00e7\u0131\u2019n\u0131n e\u015fi Zara Bardak\u00e7\u0131 k\u0131z\u0131yla birlikte trib\u00fcnlerde g\u00f6r\u00fcnt\u00fclendi. K\u0131z\u0131yla ilgilendi\u011fi anlar objektiflere yakalanan Zara Bardak\u00e7\u0131, fizi\u011fiyle ve g\u00fczelli\u011fiyle dikkatleri \u00fczerine \u00e7ekti. <\/p>\n","protected":false},"author":10,"featured_media":252847,"comment_status":"closed","ping_status":"closed","sticky":false,"template":"","format":"standard","meta":{"rank_math_lock_modified_date":false,"footnotes":""},"categories":[76],"tags":[16817,133,16972],"class_list":["post-252842","post","type-post","status-publish","format-standard","has-post-thumbnail","hentry","category-magazin","tag-abdulkerim-bardakci","tag-magazin","tag-zara-bardakci"],"_links":{"self":[{"href":"https:\/\/www.tgrthaber.com\/mavikadin\/wp-json\/wp\/v2\/posts\/252842"}],"collection":[{"href":"https:\/\/www.tgrthaber.com\/mavikadin\/wp-json\/wp\/v2\/posts"}],"about":[{"href":"https:\/\/www.tgrthaber.com\/mavikadin\/wp-json\/wp\/v2\/types\/post"}],"author":[{"embeddable":true,"href":"https:\/\/www.tgrthaber.com\/mavikadin\/wp-json\/wp\/v2\/users\/10"}],"replies":[{"embeddable":true,"href":"https:\/\/www.tgrthaber.com\/mavikadin\/wp-json\/wp\/v2\/comments?post=252842"}],"version-history":[{"count":1,"href":"https:\/\/www.tgrthaber.com\/mavikadin\/wp-json\/wp\/v2\/posts\/252842\/revisions"}],"predecessor-version":[{"id":252848,"href":"https:\/\/www.tgrthaber.com\/mavikadin\/wp-json\/wp\/v2\/posts\/252842\/revisions\/252848"}],"wp:featuredmedia":[{"embeddable":true,"href":"https:\/\/www.tgrthaber.com\/mavikadin\/wp-json\/wp\/v2\/media\/252847"}],"wp:attachment":[{"href":"https:\/\/www.tgrthaber.com\/mavikadin\/wp-json\/wp\/v2\/media?parent=252842"}],"wp:term":[{"taxonomy":"category","embeddable":true,"href":"https:\/\/www.tgrthaber.com\/mavikadin\/wp-json\/wp\/v2\/categories?post=252842"},{"taxonomy":"post_tag","embeddable":true,"href":"https:\/\/www.tgrthaber.com\/mavikadin\/wp-json\/wp\/v2\/tags?post=252842"}],"curies":[{"name":"wp","href":"https:\/\/api.w.org\/{rel}","templated":true}]}}