{"id":252866,"date":"2025-10-23T00:20:45","date_gmt":"2025-10-22T21:20:45","guid":{"rendered":"https:\/\/www.tgrthaber.com\/mavikadin\/?p=252866"},"modified":"2025-10-23T00:20:45","modified_gmt":"2025-10-22T21:20:45","slug":"cenk-yazicioglu-kimdir-meslegi-ne-mert-yazicioglunun-kardesi-mi","status":"publish","type":"post","link":"https:\/\/www.tgrthaber.com\/mavikadin\/cenk-yazicioglu-kimdir-meslegi-ne-mert-yazicioglunun-kardesi-mi\/","title":{"rendered":"Cenk Yaz\u0131c\u0131o\u011flu kimdir, mesle\u011fi ne? Mert Yaz\u0131c\u0131o\u011flu\u2019nun karde\u015fi mi?"},"content":{"rendered":"<p>Kurulu\u015f Orhan dizisiyle seyircisinin kar\u015f\u0131s\u0131na \u00e7\u0131kacak olan Mert Yaz\u0131c\u0131o\u011flu, uluslararas\u0131 alanda da \u00f6zel ya\u015fam\u0131 ve ba\u015far\u0131lar\u0131 merak ediliyor. Oynad\u0131\u011f\u0131 dizilerle ad\u0131ndan s\u00f6z ettiren Mert Yaz\u0131c\u0131o\u011flu\u2019nun ailesi hakk\u0131nda bilgilerde ara\u015ft\u0131r\u0131lan konular aras\u0131ndad\u0131r. \u00dcnl\u00fc oyuncu Yaz\u0131c\u0131o\u011flu, sosyal medya hesab\u0131ndan karde\u015fiyle yapt\u0131\u011f\u0131 payla\u015f\u0131mlar takip\u00e7ilerinin dikkatinden ka\u00e7mad\u0131. Peki, Cenk Yaz\u0131c\u0131o\u011flu kimdir, mesle\u011fi ne? Mert Yaz\u0131c\u0131o\u011flu\u2019nun\u00a0karde\u015fi\u00a0mi?<\/p>\n<h3>CENK YAZICIO\u011eLU K\u0130MD\u0130R, MESLE\u011e\u0130 NE?<\/h3>\n<p>Giri\u015fimci olarak bilinen Cenk Yaz\u0131c\u0131o\u011flu, sosyal medyas\u0131nda yapt\u0131\u011f\u0131 payla\u015f\u0131mlar\u0131yla 34 ya da 35 ya\u015f\u0131nda oldu\u011fu tahmin ediliyor. Arabaya olan tutkusuyla dikkat \u00e7eken Cenk Yaz\u0131c\u0131o\u011flu, araba sekt\u00f6r\u00fcnde olabilir.<\/p>\n<p><img loading=\"lazy\" decoding=\"async\" class=\"alignnone wp-image-252868 size-full\" src=\"https:\/\/www.tgrthaber.com\/mavikadin\/wp-content\/uploads\/Adsiz-tasarim-29-86.jpg\" alt=\"\" width=\"1208\" height=\"680\" title=\"\" srcset=\"https:\/\/www.tgrthaber.com\/mavikadin\/wp-content\/uploads\/Adsiz-tasarim-29-86.jpg 1208w, https:\/\/www.tgrthaber.com\/mavikadin\/wp-content\/uploads\/Adsiz-tasarim-29-86-300x169.jpg 300w, https:\/\/www.tgrthaber.com\/mavikadin\/wp-content\/uploads\/Adsiz-tasarim-29-86-1024x576.jpg 1024w, https:\/\/www.tgrthaber.com\/mavikadin\/wp-content\/uploads\/Adsiz-tasarim-29-86-768x432.jpg 768w\" sizes=\"(max-width: 1208px) 100vw, 1208px\" \/><\/p>\n<hr \/>\n<p>Cenk Yaz\u0131c\u0131o\u011flu\u2019nun babas\u0131n\u0131n ad\u0131 Ayhan Yaz\u0131c\u0131o\u011flu\u2019dur. Ayn\u0131 anne ve babadan karde\u015fi bulunmaktad\u0131r. T\u00fcrk sinema ve televizyonunda ald\u0131\u011f\u0131 \u00f6d\u00fcllerle ve oynad\u0131\u011f\u0131 rollerle ad\u0131ndan s\u00f6z ettiren Mert Yaz\u0131c\u0131o\u011flu&#8217;nun karde\u015fidir. \u0130kili sosyal medyada \u00e7ok fazla birlikte foto\u011fraf payla\u015fmamaktad\u0131r.<\/p>\n<p><img loading=\"lazy\" decoding=\"async\" class=\"alignnone wp-image-252869 size-full\" src=\"https:\/\/www.tgrthaber.com\/mavikadin\/wp-content\/uploads\/Adsiz-tasarim-30-89.jpg\" alt=\"\" width=\"1208\" height=\"680\" title=\"\" srcset=\"https:\/\/www.tgrthaber.com\/mavikadin\/wp-content\/uploads\/Adsiz-tasarim-30-89.jpg 1208w, https:\/\/www.tgrthaber.com\/mavikadin\/wp-content\/uploads\/Adsiz-tasarim-30-89-300x169.jpg 300w, https:\/\/www.tgrthaber.com\/mavikadin\/wp-content\/uploads\/Adsiz-tasarim-30-89-1024x576.jpg 1024w, https:\/\/www.tgrthaber.com\/mavikadin\/wp-content\/uploads\/Adsiz-tasarim-30-89-768x432.jpg 768w\" sizes=\"(max-width: 1208px) 100vw, 1208px\" \/><\/p>\n<hr \/>\n<h3>MERT YAZICIO\u011eLU\u2019NUN\u00a0KARDE\u015e\u0130\u00a0M\u0130?<\/h3>\n<p>Cenk Yaz\u0131c\u0131o\u011flu Mert Yaz\u0131c\u0131o\u011flu\u2019nun nesi oluyor? Mert Yaz\u0131c\u0131o\u011flu\u2019nun karde\u015fi mi? gibi sorular ile s\u00fcrekli g\u00fcndeme gelmeye devam ediyor. Cenk Yaz\u0131c\u0131o\u011flu ve Mert Yaz\u0131c\u0131o\u011flu ayn\u0131 anne ve baban\u0131n o\u011fludur. Cenk Yaz\u0131c\u0131o\u011flu, Mert Yaz\u0131c\u0131o\u011flu\u2019ndan birka\u00e7 ya\u015f b\u00fcy\u00fck oldu\u011fundan abisi olarak bilinmektedir.<\/p>\n<p><img loading=\"lazy\" decoding=\"async\" class=\"alignnone wp-image-252870 size-full\" src=\"https:\/\/www.tgrthaber.com\/mavikadin\/wp-content\/uploads\/Adsiz-tasarim-31-102.jpg\" alt=\"\" width=\"1208\" height=\"680\" title=\"\" srcset=\"https:\/\/www.tgrthaber.com\/mavikadin\/wp-content\/uploads\/Adsiz-tasarim-31-102.jpg 1208w, https:\/\/www.tgrthaber.com\/mavikadin\/wp-content\/uploads\/Adsiz-tasarim-31-102-300x169.jpg 300w, https:\/\/www.tgrthaber.com\/mavikadin\/wp-content\/uploads\/Adsiz-tasarim-31-102-1024x576.jpg 1024w, https:\/\/www.tgrthaber.com\/mavikadin\/wp-content\/uploads\/Adsiz-tasarim-31-102-768x432.jpg 768w\" sizes=\"(max-width: 1208px) 100vw, 1208px\" \/><\/p>\n<hr \/>\n<h3>MERT YAZICIO\u011eLU AB\u0130S\u0130 PAYLA\u015eIMIYLA D\u0130KKAT \u00c7EKT\u0130<\/h3>\n<p>22 Eyl\u00fcl g\u00fcn\u00fc Cenk Yaz\u0131c\u0131o\u011flu\u2019nun resmi sosyal medya hesab\u0131ndan Mert Yaz\u0131c\u0131o\u011flu ile birlikte payla\u015f\u0131m yapt\u0131. Foto\u011fraflar\u0131na dakikalar i\u00e7in bir s\u00fcr\u00fc be\u011feni ya\u011fd\u0131. Abi ile aras\u0131ndaki fark b\u00fcy\u00fck \u00f6l\u00e7\u00fcde fark ediliyordu. Cenk Yaz\u0131c\u0131o\u011flu, karde\u015finin \u00f6d\u00fcl almas\u0131n\u0131 kutlad\u0131klar\u0131na dair bir an\u0131lar\u0131n\u0131 sosyal medyada takip\u00e7ileriyle payla\u015ft\u0131. Foto\u011frafa saatler i\u00e7in pek \u00e7ok yorum yap\u0131ld\u0131.<\/p>\n<p><img loading=\"lazy\" decoding=\"async\" class=\"alignnone wp-image-252871 size-full\" src=\"https:\/\/www.tgrthaber.com\/mavikadin\/wp-content\/uploads\/Adsiz-tasarim-32-93.jpg\" alt=\"\" width=\"1208\" height=\"680\" title=\"\" srcset=\"https:\/\/www.tgrthaber.com\/mavikadin\/wp-content\/uploads\/Adsiz-tasarim-32-93.jpg 1208w, https:\/\/www.tgrthaber.com\/mavikadin\/wp-content\/uploads\/Adsiz-tasarim-32-93-300x169.jpg 300w, https:\/\/www.tgrthaber.com\/mavikadin\/wp-content\/uploads\/Adsiz-tasarim-32-93-1024x576.jpg 1024w, https:\/\/www.tgrthaber.com\/mavikadin\/wp-content\/uploads\/Adsiz-tasarim-32-93-768x432.jpg 768w\" sizes=\"(max-width: 1208px) 100vw, 1208px\" \/><\/p>\n<hr \/>\n<h3>MERT YAZICIO\u011eLU\u2019NUN AB\u0130S\u0130 CENK YAZICIO\u011eLU\u2019NUN INSTAGRAMI VAR MI?<\/h3>\n<p>Arabalar \u00fczerine giri\u015fimcilik sekt\u00f6r\u00fcnde yer alan Cenk Yaz\u0131c\u0131o\u011flu\u2019nun kendisine ait bir resmi instagram hesab\u0131 bulunmaktad\u0131r. Gezdi\u011fi yerleri ve arabalara olan tutkusunu dair baz\u0131 anlar\u0131 sosyal medyas\u0131nda takip\u00e7ilerine sunmaktad\u0131r.<\/p>\n","protected":false},"excerpt":{"rendered":"<p>K\u0131z\u0131l Goncalar dizisinin ard\u0131ndan Kurulu\u015f Orhan dizisiyle y\u0131ld\u0131z\u0131 parlayan Mert Yaz\u0131c\u0131o\u011flu\u2019nun hayat\u0131 merak edilmeye devam ediliyor. Mert Yaz\u0131c\u0131o\u011flu\u2019nun ailesiyle ilgili payla\u015f\u0131mlar\u0131 takip\u00e7ileri taraf\u0131ndan dikkatle takip ediliyor. Peki, Cenk Yaz\u0131c\u0131o\u011flu kimdir, mesle\u011fi ne? Mert Yaz\u0131c\u0131o\u011flu\u2019nun karde\u015fi mi?  <\/p>\n","protected":false},"author":10,"featured_media":252867,"comment_status":"closed","ping_status":"closed","sticky":false,"template":"","format":"standard","meta":{"rank_math_lock_modified_date":false,"footnotes":""},"categories":[491],"tags":[64986,2307,64984,64985],"class_list":["post-252866","post","type-post","status-publish","format-standard","has-post-thumbnail","hentry","category-biyografi","tag-cenk-yazicioglu-mert-yaziciglunun-nesi-oluyor","tag-mert-yazicioglu","tag-mert-yazicioglu-abisi-kim","tag-mert-yazicioglunun-kardesi-kim"],"_links":{"self":[{"href":"https:\/\/www.tgrthaber.com\/mavikadin\/wp-json\/wp\/v2\/posts\/252866"}],"collection":[{"href":"https:\/\/www.tgrthaber.com\/mavikadin\/wp-json\/wp\/v2\/posts"}],"about":[{"href":"https:\/\/www.tgrthaber.com\/mavikadin\/wp-json\/wp\/v2\/types\/post"}],"author":[{"embeddable":true,"href":"https:\/\/www.tgrthaber.com\/mavikadin\/wp-json\/wp\/v2\/users\/10"}],"replies":[{"embeddable":true,"href":"https:\/\/www.tgrthaber.com\/mavikadin\/wp-json\/wp\/v2\/comments?post=252866"}],"version-history":[{"count":1,"href":"https:\/\/www.tgrthaber.com\/mavikadin\/wp-json\/wp\/v2\/posts\/252866\/revisions"}],"predecessor-version":[{"id":252872,"href":"https:\/\/www.tgrthaber.com\/mavikadin\/wp-json\/wp\/v2\/posts\/252866\/revisions\/252872"}],"wp:featuredmedia":[{"embeddable":true,"href":"https:\/\/www.tgrthaber.com\/mavikadin\/wp-json\/wp\/v2\/media\/252867"}],"wp:attachment":[{"href":"https:\/\/www.tgrthaber.com\/mavikadin\/wp-json\/wp\/v2\/media?parent=252866"}],"wp:term":[{"taxonomy":"category","embeddable":true,"href":"https:\/\/www.tgrthaber.com\/mavikadin\/wp-json\/wp\/v2\/categories?post=252866"},{"taxonomy":"post_tag","embeddable":true,"href":"https:\/\/www.tgrthaber.com\/mavikadin\/wp-json\/wp\/v2\/tags?post=252866"}],"curies":[{"name":"wp","href":"https:\/\/api.w.org\/{rel}","templated":true}]}}