{"id":252886,"date":"2025-10-23T06:05:30","date_gmt":"2025-10-23T03:05:30","guid":{"rendered":"https:\/\/www.tgrthaber.com\/mavikadin\/?p=252886"},"modified":"2025-10-24T05:28:14","modified_gmt":"2025-10-24T02:28:14","slug":"masterchef-23-ekim-2025-odul-oyununu-kim-kazandi-masterchef-turkiye-odul-oyununun-kazanani-kim-oldu","status":"publish","type":"post","link":"https:\/\/www.tgrthaber.com\/mavikadin\/masterchef-23-ekim-2025-odul-oyununu-kim-kazandi-masterchef-turkiye-odul-oyununun-kazanani-kim-oldu\/","title":{"rendered":"MasterChef 23 Ekim 2025 \u00f6d\u00fcl oyununu kim kazand\u0131? MasterChef T\u00fcrkiye \u00f6d\u00fcl oyununun kazanan\u0131 kim oldu?"},"content":{"rendered":"<p>Ekranlar\u0131n sevilerek seyredilen yar\u0131\u015fma program\u0131 MasterChef T\u00fcrkiye&#8217;nin bu ak\u015fam ekranlara gelecek olan b\u00f6l\u00fcm\u00fcnde \u00f6d\u00fcl oyunu oynanacak. \u015eeflerin yar\u0131\u015fmac\u0131lardan istedi\u011fi yemek soslu tavuk d\u00f6neri oldu. En g\u00fczel d\u00f6neri yapan yar\u0131\u015fmac\u0131 \u00f6d\u00fcl oyununun da kazanan\u0131 olacak. Bu ak\u015famki b\u00f6l\u00fcmde \u00f6d\u00fcl\u00fcn yan\u0131 s\u0131ra bir de \u00f6d\u00fcl\u00fc kazanan ki\u015fi, bir sonraki etap i\u00e7in yar\u0131\u015fmac\u0131lar\u0131n yemek yapmas\u0131 gereken s\u00fcreyi de belirleyecek. Peki MasterChef 23 Ekim 2025 \u00f6d\u00fcl oyununun kazanan\u0131 kim olacak? \u0130\u015fte merak edilen detaylar&#8230;<\/p>\n<h3>MASTERCHEF 23 EK\u0130M 2025 \u00d6D\u00dcL OYUNUNU K\u0130M KAZANDI?<\/h3>\n<p><a href=\"https:\/\/www.tgrthaber.com\/mavikadin\/masterchef-2025-konugu-dilara-basaran-kimdir-ne-is-yapiyor-italyan-yemeklerinin-kralicesi-deniyor\/\">MasterChef<\/a> 2025 \u00f6d\u00fcl oyununun kazanan\u0131 \u00c7a\u011fatay oldu.<\/p>\n<p><img loading=\"lazy\" decoding=\"async\" class=\"alignnone wp-image-252888 \" src=\"https:\/\/www.tgrthaber.com\/mavikadin\/wp-content\/uploads\/Ekran-Resmi-2025-10-23-05.50.51-1024x707.png\" alt=\"\" width=\"1644\" height=\"1135\" title=\"\" srcset=\"https:\/\/www.tgrthaber.com\/mavikadin\/wp-content\/uploads\/Ekran-Resmi-2025-10-23-05.50.51-1024x707.png 1024w, https:\/\/www.tgrthaber.com\/mavikadin\/wp-content\/uploads\/Ekran-Resmi-2025-10-23-05.50.51-300x207.png 300w, https:\/\/www.tgrthaber.com\/mavikadin\/wp-content\/uploads\/Ekran-Resmi-2025-10-23-05.50.51-768x530.png 768w, https:\/\/www.tgrthaber.com\/mavikadin\/wp-content\/uploads\/Ekran-Resmi-2025-10-23-05.50.51.png 1362w\" sizes=\"(max-width: 1644px) 100vw, 1644px\" \/><\/p>\n<hr \/>\n<h3 class=\"p1\">MASTERCHEF DOKUNULMAZLIK OYUNUNU HANG\u0130 TAKIM KAZANDI?<\/h3>\n<p class=\"p1\">Masterchef dokunulmazl\u0131k oyununu kazanan k\u0131rm\u0131z\u0131 tak\u0131m oldu. K\u0131rm\u0131z\u0131 tak\u0131mdan 5. ve 6. eleme aday\u0131 se\u00e7ildi.<\/p>\n<h3 class=\"p1\">MASTERCHEF 5. VE 6 ELEME ADAYLARI K\u0130MLER OLDU?<\/h3>\n<p class=\"p1\">MasterChef 5. Ve 6. eleme adaylar\u0131 \u00c7a\u011flar ve Hakan oldu.<\/p>\n<p><img loading=\"lazy\" decoding=\"async\" class=\"alignnone wp-image-252889 \" src=\"https:\/\/www.tgrthaber.com\/mavikadin\/wp-content\/uploads\/Ekran-Resmi-2025-10-23-05.48.23-1024x536.png\" alt=\"\" width=\"1632\" height=\"854\" title=\"\" srcset=\"https:\/\/www.tgrthaber.com\/mavikadin\/wp-content\/uploads\/Ekran-Resmi-2025-10-23-05.48.23-1024x536.png 1024w, https:\/\/www.tgrthaber.com\/mavikadin\/wp-content\/uploads\/Ekran-Resmi-2025-10-23-05.48.23-300x157.png 300w, https:\/\/www.tgrthaber.com\/mavikadin\/wp-content\/uploads\/Ekran-Resmi-2025-10-23-05.48.23-768x402.png 768w, https:\/\/www.tgrthaber.com\/mavikadin\/wp-content\/uploads\/Ekran-Resmi-2025-10-23-05.48.23-1536x804.png 1536w, https:\/\/www.tgrthaber.com\/mavikadin\/wp-content\/uploads\/Ekran-Resmi-2025-10-23-05.48.23.png 1688w\" sizes=\"(max-width: 1632px) 100vw, 1632px\" \/><\/p>\n<hr \/>\n<h3 class=\"p1\">MASTERCHEF ELEME ADAYI K\u0130M OLDU?<\/h3>\n<p class=\"p1\">Haftan\u0131n 3. ve 4. eleme aday\u0131 k\u0131rm\u0131z\u0131 tak\u0131mdan Nisa ve Bar\u0131\u015f se\u00e7ildi.<\/p>\n<h3 class=\"p1\">MASTERCHEF ELEME POTASI<\/h3>\n<p class=\"p1\">Eleme adaylar\u0131\u00a0<b>Asl\u0131, S\u00fcmeyye, Nisa ve Bar\u0131\u015f, \u00c7a\u011flar, Hakan <\/b>\u00a0oldu.<\/p>\n<p><img loading=\"lazy\" decoding=\"async\" class=\"alignnone wp-image-252896 \" src=\"https:\/\/www.tgrthaber.com\/mavikadin\/wp-content\/uploads\/Ekran-Resmi-2025-10-23-05.49.51-1024x694.png\" alt=\"\" width=\"1627\" height=\"1103\" title=\"\" srcset=\"https:\/\/www.tgrthaber.com\/mavikadin\/wp-content\/uploads\/Ekran-Resmi-2025-10-23-05.49.51-1024x694.png 1024w, https:\/\/www.tgrthaber.com\/mavikadin\/wp-content\/uploads\/Ekran-Resmi-2025-10-23-05.49.51-300x203.png 300w, https:\/\/www.tgrthaber.com\/mavikadin\/wp-content\/uploads\/Ekran-Resmi-2025-10-23-05.49.51-768x520.png 768w, https:\/\/www.tgrthaber.com\/mavikadin\/wp-content\/uploads\/Ekran-Resmi-2025-10-23-05.49.51.png 1420w\" sizes=\"(max-width: 1627px) 100vw, 1627px\" \/><\/p>\n<hr \/>\n<h3 class=\"p1\">MASTERCHEF BU HAFTANIN KAPTANLARI K\u0130MLER OLDU?<\/h3>\n<p class=\"p1\">Haftan\u0131n kaptanlar\u0131 Ayten ve Nisa se\u00e7ildi. Ayten mavi tak\u0131m, Nisa k\u0131rm\u0131z\u0131 tak\u0131m kaptan\u0131 oldu.<\/p>\n<p class=\"p1\"><strong>MAV\u0130 TAKIM<\/strong><\/p>\n<p class=\"p1\">Ayten (Kaptan)<\/p>\n<p class=\"p1\">Hakan<\/p>\n<p class=\"p1\">\u00d6zkan<\/p>\n<p class=\"p1\">\u00c7a\u011fatay<\/p>\n<p class=\"p1\">Mert<\/p>\n<p class=\"p1\">Sezer<\/p>\n<p class=\"p1\">Eyl\u00fcl<\/p>\n<p class=\"p1\">\u00c7a\u011flar<\/p>\n<p><img loading=\"lazy\" decoding=\"async\" class=\"alignnone wp-image-252891 \" src=\"https:\/\/www.tgrthaber.com\/mavikadin\/wp-content\/uploads\/Ekran-Resmi-2025-10-23-05.48.07-1024x571.png\" alt=\"\" width=\"1621\" height=\"904\" title=\"\" srcset=\"https:\/\/www.tgrthaber.com\/mavikadin\/wp-content\/uploads\/Ekran-Resmi-2025-10-23-05.48.07-1024x571.png 1024w, https:\/\/www.tgrthaber.com\/mavikadin\/wp-content\/uploads\/Ekran-Resmi-2025-10-23-05.48.07-300x167.png 300w, https:\/\/www.tgrthaber.com\/mavikadin\/wp-content\/uploads\/Ekran-Resmi-2025-10-23-05.48.07-768x428.png 768w, https:\/\/www.tgrthaber.com\/mavikadin\/wp-content\/uploads\/Ekran-Resmi-2025-10-23-05.48.07.png 1346w\" sizes=\"(max-width: 1621px) 100vw, 1621px\" \/><\/p>\n<hr \/>\n<p class=\"p1\"><strong>KIRMIZI TAKIM<\/strong><\/p>\n<p class=\"p1\">Nisa (Kaptan)<\/p>\n<p class=\"p1\">Furkan<\/p>\n<p class=\"p1\">Gizem<\/p>\n<p class=\"p1\">S\u00fcmeyye<\/p>\n<p class=\"p1\">Ayla<\/p>\n<p class=\"p1\">Murat Can<\/p>\n<p class=\"p1\">Bar\u0131\u015f<\/p>\n<p><img loading=\"lazy\" decoding=\"async\" class=\"alignnone wp-image-252892 \" src=\"https:\/\/www.tgrthaber.com\/mavikadin\/wp-content\/uploads\/Ekran-Resmi-2025-10-23-05.48.36-1024x579.png\" alt=\"\" width=\"1613\" height=\"912\" title=\"\" srcset=\"https:\/\/www.tgrthaber.com\/mavikadin\/wp-content\/uploads\/Ekran-Resmi-2025-10-23-05.48.36-1024x579.png 1024w, https:\/\/www.tgrthaber.com\/mavikadin\/wp-content\/uploads\/Ekran-Resmi-2025-10-23-05.48.36-300x170.png 300w, https:\/\/www.tgrthaber.com\/mavikadin\/wp-content\/uploads\/Ekran-Resmi-2025-10-23-05.48.36-768x434.png 768w, https:\/\/www.tgrthaber.com\/mavikadin\/wp-content\/uploads\/Ekran-Resmi-2025-10-23-05.48.36-1536x868.png 1536w, https:\/\/www.tgrthaber.com\/mavikadin\/wp-content\/uploads\/Ekran-Resmi-2025-10-23-05.48.36.png 1702w\" sizes=\"(max-width: 1613px) 100vw, 1613px\" \/><\/p>\n<hr \/>\n<h3 class=\"p1\">ELEME POTASINDA K\u0130MLER VARDI?<\/h3>\n<p class=\"p1\">Onur<\/p>\n<p class=\"p1\">Cansu<\/p>\n<p class=\"p1\">Murat Can<\/p>\n<p class=\"p1\">Nisa<\/p>\n<p class=\"p1\">Sezer<\/p>\n<p class=\"p1\">Bar\u0131\u015f<\/p>\n<p class=\"p1\">Furkan<\/p>\n<h3 class=\"p1\">MASTERCHEF ELENEN YARI\u015eMACI 18 EK\u0130M<\/h3>\n<p class=\"p1\">MasterChef&#8217;te hayallerine veda isim\u00a0<b>Cansu<\/b>\u00a0oldu.<\/p>\n<p><img loading=\"lazy\" decoding=\"async\" class=\"alignnone wp-image-252893 \" src=\"https:\/\/www.tgrthaber.com\/mavikadin\/wp-content\/uploads\/Ekran-Resmi-2025-10-23-05.50.13-1024x662.png\" alt=\"\" width=\"1595\" height=\"1031\" title=\"\" srcset=\"https:\/\/www.tgrthaber.com\/mavikadin\/wp-content\/uploads\/Ekran-Resmi-2025-10-23-05.50.13-1024x662.png 1024w, https:\/\/www.tgrthaber.com\/mavikadin\/wp-content\/uploads\/Ekran-Resmi-2025-10-23-05.50.13-300x194.png 300w, https:\/\/www.tgrthaber.com\/mavikadin\/wp-content\/uploads\/Ekran-Resmi-2025-10-23-05.50.13-768x497.png 768w, https:\/\/www.tgrthaber.com\/mavikadin\/wp-content\/uploads\/Ekran-Resmi-2025-10-23-05.50.13.png 1450w\" sizes=\"(max-width: 1595px) 100vw, 1595px\" \/><\/p>\n<hr \/>\n<h3 class=\"p1\">MASTERCHEF 2025 ANA KADRO L\u0130STES\u0130<\/h3>\n<p class=\"p1\">MasterChef T\u00fcrkiye 2025 ana kadro g\u00fcncel listesi:<\/p>\n<p class=\"p1\">MasterChef T\u00fcrkiye Ana Kadroya Giren 1. Yar\u0131\u015fmac\u0131: Furkan<\/p>\n<p class=\"p1\">MasterChef T\u00fcrkiye Ana Kadroya Giren 2. Yar\u0131\u015fmac\u0131: Eyl\u00fcl<\/p>\n<p class=\"p1\">MasterChef T\u00fcrkiye Ana Kadroya Giren 3. Yar\u0131\u015fmac\u0131: \u00c7a\u011fatay<\/p>\n<p class=\"p1\">MasterChef T\u00fcrkiye Ana Kadroya Giren 4. Yar\u0131\u015fmac\u0131: Onur<\/p>\n<p class=\"p1\">MasterChef T\u00fcrkiye Ana kadroya giren 5. Yar\u0131\u015fmac\u0131: Nisa Nur ( yedeklerden dahil oldu)<\/p>\n<p><img loading=\"lazy\" decoding=\"async\" class=\"alignnone wp-image-252895 \" src=\"https:\/\/www.tgrthaber.com\/mavikadin\/wp-content\/uploads\/Ekran-Resmi-2025-10-23-05.49.21-1024x697.png\" alt=\"\" width=\"1694\" height=\"1153\" title=\"\" srcset=\"https:\/\/www.tgrthaber.com\/mavikadin\/wp-content\/uploads\/Ekran-Resmi-2025-10-23-05.49.21-1024x697.png 1024w, https:\/\/www.tgrthaber.com\/mavikadin\/wp-content\/uploads\/Ekran-Resmi-2025-10-23-05.49.21-300x204.png 300w, https:\/\/www.tgrthaber.com\/mavikadin\/wp-content\/uploads\/Ekran-Resmi-2025-10-23-05.49.21-768x523.png 768w, https:\/\/www.tgrthaber.com\/mavikadin\/wp-content\/uploads\/Ekran-Resmi-2025-10-23-05.49.21.png 1336w\" sizes=\"(max-width: 1694px) 100vw, 1694px\" \/><\/p>\n<hr \/>\n<p class=\"p1\">MasterChef T\u00fcrkiye Ana kadroya giren 6. Yar\u0131\u015fmac\u0131: Sercan(elendi)<\/p>\n<p class=\"p1\">MasterChef T\u00fcrkiye Ana kadroya giren 7. Yar\u0131\u015fmac\u0131: Ayla<\/p>\n<p class=\"p1\">MasterChef T\u00fcrkiye Ana kadroya giren 8. Yar\u0131\u015fmac\u0131: \u0130hsan(elendi)<\/p>\n<p class=\"p1\">MasterChef T\u00fcrkiye Ana kadroya giren 9. Yar\u0131\u015fmac\u0131: Ayten<\/p>\n<p class=\"p1\">MasterChef T\u00fcrkiye Ana kadroya giren 10. Yar\u0131\u015fmac\u0131: \u00c7a\u011flar<\/p>\n<p class=\"p1\">MasterChef T\u00fcrkiye Ana kadroya giren 11. Yar\u0131\u015fmac\u0131: Sezer<\/p>\n<p class=\"p1\">MasterChef T\u00fcrkiye Ana kadroya giren 12. Yar\u0131\u015fmac\u0131: Cansu(elendi)<\/p>\n<p><img loading=\"lazy\" decoding=\"async\" class=\"alignnone wp-image-252897 \" src=\"https:\/\/www.tgrthaber.com\/mavikadin\/wp-content\/uploads\/Ekran-Resmi-2025-10-23-05.49.55-1024x641.png\" alt=\"\" width=\"1645\" height=\"1030\" title=\"\" srcset=\"https:\/\/www.tgrthaber.com\/mavikadin\/wp-content\/uploads\/Ekran-Resmi-2025-10-23-05.49.55-1024x641.png 1024w, https:\/\/www.tgrthaber.com\/mavikadin\/wp-content\/uploads\/Ekran-Resmi-2025-10-23-05.49.55-300x188.png 300w, https:\/\/www.tgrthaber.com\/mavikadin\/wp-content\/uploads\/Ekran-Resmi-2025-10-23-05.49.55-768x481.png 768w, https:\/\/www.tgrthaber.com\/mavikadin\/wp-content\/uploads\/Ekran-Resmi-2025-10-23-05.49.55.png 1428w\" sizes=\"(max-width: 1645px) 100vw, 1645px\" \/><\/p>\n<hr \/>\n<p class=\"p1\">MasterChef T\u00fcrkiye Ana kadroya giren 13. Yar\u0131\u015fmac\u0131: \u00d6zkan<\/p>\n<p class=\"p1\">MasterChef T\u00fcrkiye Ana kadroya giren 14. yar\u0131\u015fmac\u0131: Gizem<\/p>\n<p class=\"p1\">MasterChef T\u00fcrkiye Ana kadroya giren 15. yar\u0131\u015fmac\u0131: \u0130rem (elendi)<\/p>\n<p class=\"p1\">MasterChef T\u00fcrkiye Ana kadroya giren 16. yar\u0131\u015fmac\u0131: Hakan<\/p>\n<p class=\"p1\">MasterChef T\u00fcrkiye Ana kadroya giren 17. yar\u0131\u015fmac\u0131: Mert ( yedeklerden dahil oldu)<\/p>\n<p class=\"p1\">MasterChef T\u00fcrkiye Ana kadroya giren 18. yar\u0131\u015fmac\u0131: S\u00fcmeyye<\/p>\n<p class=\"p1\">MasterChef T\u00fcrkiye Ana kadroya giren 19. yar\u0131\u015fmac\u0131: Bar\u0131\u015f Kaya ( yedeklerden dahil oldu)<\/p>\n<p class=\"p1\">\n","protected":false},"excerpt":{"rendered":"<p>TV8 ekranlar\u0131n\u0131n fenomen yemek yar\u0131\u015fmas\u0131 MasterChef T\u00fcrkiye&#8217;de haftan\u0131n ilk iki dokunulmazl\u0131\u011f\u0131n\u0131n sahibi mavi tak\u0131m olurken, d\u00fcn ak\u015fam oynanan dokunulmazl\u0131\u011f\u0131n kazanan\u0131 k\u0131rm\u0131z\u0131 tak\u0131m olmu\u015ftu. Bu ak\u015fam ise MasterCahef&#8217;te \u00f6d\u00fcl oyunu heyecan\u0131 ya\u015fanacak. \u0130zleyiciler, &#8216;MasterChef 23 Ekim 2025 \u00f6d\u00fcl oyununu kim kazand\u0131? MasterChef T\u00fcrkiye \u00f6d\u00fcl oyununun kazanan\u0131 kim oldu?&#8217; sorusunun cevab\u0131n\u0131 ara\u015ft\u0131r\u0131yor. \u0130\u015fte detaylar&#8230; <\/p>\n","protected":false},"author":16,"featured_media":252898,"comment_status":"closed","ping_status":"closed","sticky":false,"template":"","format":"standard","meta":{"rank_math_lock_modified_date":false,"footnotes":""},"categories":[76],"tags":[133,2218,64989,64990,26982],"class_list":["post-252886","post","type-post","status-publish","format-standard","has-post-thumbnail","hentry","category-magazin","tag-magazin","tag-magazin-haberleri","tag-masterchef-23-ekim-2025-odul-oyununu-kim-kazandi","tag-masterchef-23-ekim-2025-odul-oyununun-kazanani","tag-masterchef-haberleri"],"_links":{"self":[{"href":"https:\/\/www.tgrthaber.com\/mavikadin\/wp-json\/wp\/v2\/posts\/252886"}],"collection":[{"href":"https:\/\/www.tgrthaber.com\/mavikadin\/wp-json\/wp\/v2\/posts"}],"about":[{"href":"https:\/\/www.tgrthaber.com\/mavikadin\/wp-json\/wp\/v2\/types\/post"}],"author":[{"embeddable":true,"href":"https:\/\/www.tgrthaber.com\/mavikadin\/wp-json\/wp\/v2\/users\/16"}],"replies":[{"embeddable":true,"href":"https:\/\/www.tgrthaber.com\/mavikadin\/wp-json\/wp\/v2\/comments?post=252886"}],"version-history":[{"count":3,"href":"https:\/\/www.tgrthaber.com\/mavikadin\/wp-json\/wp\/v2\/posts\/252886\/revisions"}],"predecessor-version":[{"id":253308,"href":"https:\/\/www.tgrthaber.com\/mavikadin\/wp-json\/wp\/v2\/posts\/252886\/revisions\/253308"}],"wp:featuredmedia":[{"embeddable":true,"href":"https:\/\/www.tgrthaber.com\/mavikadin\/wp-json\/wp\/v2\/media\/252898"}],"wp:attachment":[{"href":"https:\/\/www.tgrthaber.com\/mavikadin\/wp-json\/wp\/v2\/media?parent=252886"}],"wp:term":[{"taxonomy":"category","embeddable":true,"href":"https:\/\/www.tgrthaber.com\/mavikadin\/wp-json\/wp\/v2\/categories?post=252886"},{"taxonomy":"post_tag","embeddable":true,"href":"https:\/\/www.tgrthaber.com\/mavikadin\/wp-json\/wp\/v2\/tags?post=252886"}],"curies":[{"name":"wp","href":"https:\/\/api.w.org\/{rel}","templated":true}]}}