{"id":252962,"date":"2025-10-23T10:08:41","date_gmt":"2025-10-23T07:08:41","guid":{"rendered":"https:\/\/www.tgrthaber.com\/mavikadin\/?p=252962"},"modified":"2025-10-23T10:08:42","modified_gmt":"2025-10-23T07:08:42","slug":"esref-ruya-ayteni-gizem-kala-kimdir-gizem-kala-kac-yasinda","status":"publish","type":"post","link":"https:\/\/www.tgrthaber.com\/mavikadin\/esref-ruya-ayteni-gizem-kala-kimdir-gizem-kala-kac-yasinda\/","title":{"rendered":"E\u015fref R\u00fcya Ayten\u2019i Gizem Kala kimdir? Gizem Kala ka\u00e7 ya\u015f\u0131nda?"},"content":{"rendered":"<p>Kanal D ekranlar\u0131nda yay\u0131nlanan E\u015fref R\u00fcya dizisinin kadrosuna dahil olan Gizem Kala merak edildi. Ba\u015far\u0131l\u0131 oyuncu Gizem Kala, hayat\u0131 ve kariyeriyle dikkatleri \u00fczerine \u00e7ekti. Peki, E\u015fref R\u00fcya Ayten\u2019i Gizem Kala kimdir? Gizem Kala ka\u00e7 ya\u015f\u0131nda? Sorular\u0131n\u0131 sizin i\u00e7in ara\u015ft\u0131rd\u0131k. \u0130\u015fte detaylar\u2026<\/p>\n<h3>E\u015eREF R\u00dcYA AYTEN\u2019\u0130 G\u0130ZEM KALA K\u0130MD\u0130R?<\/h3>\n<p>Kanal D ekranlar\u0131n\u0131n sevilen dizisi <a href=\"https:\/\/www.tgrthaber.com\/mavikadin\/esref-ruya-19-bolum-nereden-izlenir-esref-ruya-yeni-bolum-fragmani-geldi-mi\/\">E\u015fref R\u00fcya<\/a>, heyecanl\u0131 b\u00f6l\u00fcmleri ile ekranlara gelmeye devam ediyor. \u0130zleyici taraf\u0131ndan tam not alan E\u015fref R\u00fcya dizisinin oyuncu kadrosunu Gizem Kala, dahil oldu. Gizem Kala dizide \u2018Ayten\u2019 rol\u00fc ile ekranlara gelecek.<\/p>\n<p><img loading=\"lazy\" decoding=\"async\" class=\"alignnone size-full wp-image-252969\" src=\"https:\/\/www.tgrthaber.com\/mavikadin\/wp-content\/uploads\/ARZU-1.png\" alt=\"E\u015fref R\u00fcya Ayten\u2019i Gizem Kala kimdir? Gizem Kala ka\u00e7 ya\u015f\u0131nda?\" width=\"1208\" height=\"680\" title=\"\" srcset=\"https:\/\/www.tgrthaber.com\/mavikadin\/wp-content\/uploads\/ARZU-1.png 1208w, https:\/\/www.tgrthaber.com\/mavikadin\/wp-content\/uploads\/ARZU-1-300x169.png 300w, https:\/\/www.tgrthaber.com\/mavikadin\/wp-content\/uploads\/ARZU-1-1024x576.png 1024w, https:\/\/www.tgrthaber.com\/mavikadin\/wp-content\/uploads\/ARZU-1-768x432.png 768w\" sizes=\"(max-width: 1208px) 100vw, 1208px\" \/><\/p>\n<hr \/>\n<p>En son \u2018Kirli Sepeti\u2019 dizisi ile ekranlara gelen Gizem Kala, R\u0131fat karakterinin eski e\u015fi rol\u00fc ile ekranlara geliyor. Gizem Kala\u2019n\u0131n oynad\u0131\u011f\u0131 bu rol ile merak edilerek ara\u015ft\u0131r\u0131lmaya ba\u015fland\u0131.<\/p>\n<p><img loading=\"lazy\" decoding=\"async\" class=\"alignnone size-full wp-image-252968\" src=\"https:\/\/www.tgrthaber.com\/mavikadin\/wp-content\/uploads\/ARZU-2025-10-23T100511.163.jpg\" alt=\"E\u015fref R\u00fcya Ayten\u2019i Gizem Kala kimdir? Gizem Kala ka\u00e7 ya\u015f\u0131nda?\" width=\"1208\" height=\"680\" title=\"\" srcset=\"https:\/\/www.tgrthaber.com\/mavikadin\/wp-content\/uploads\/ARZU-2025-10-23T100511.163.jpg 1208w, https:\/\/www.tgrthaber.com\/mavikadin\/wp-content\/uploads\/ARZU-2025-10-23T100511.163-300x169.jpg 300w, https:\/\/www.tgrthaber.com\/mavikadin\/wp-content\/uploads\/ARZU-2025-10-23T100511.163-1024x576.jpg 1024w, https:\/\/www.tgrthaber.com\/mavikadin\/wp-content\/uploads\/ARZU-2025-10-23T100511.163-768x432.jpg 768w\" sizes=\"(max-width: 1208px) 100vw, 1208px\" \/><\/p>\n<hr \/>\n<p>Ba\u015far\u0131l\u0131 oyuncu Gizem Kala, 26 Nisan 1993 tarihinde \u0130stanbul\u2019da d\u00fcnyaya geldi. E\u011fitimini Kadir Has \u00dcniversitesi Konservatuvar B\u00f6l\u00fcm\u00fc\u2019nden mezun olmu\u015ftur. Oyunculuk kariyerine 2017 y\u0131l\u0131nda ba\u015flam\u0131\u015ft\u0131r.<\/p>\n<p><img loading=\"lazy\" decoding=\"async\" class=\"alignnone size-full wp-image-252967\" src=\"https:\/\/www.tgrthaber.com\/mavikadin\/wp-content\/uploads\/ARZU-2025-10-23T100524.023.jpg\" alt=\"E\u015fref R\u00fcya Ayten\u2019i Gizem Kala kimdir? Gizem Kala ka\u00e7 ya\u015f\u0131nda?\" width=\"1208\" height=\"680\" title=\"\" srcset=\"https:\/\/www.tgrthaber.com\/mavikadin\/wp-content\/uploads\/ARZU-2025-10-23T100524.023.jpg 1208w, https:\/\/www.tgrthaber.com\/mavikadin\/wp-content\/uploads\/ARZU-2025-10-23T100524.023-300x169.jpg 300w, https:\/\/www.tgrthaber.com\/mavikadin\/wp-content\/uploads\/ARZU-2025-10-23T100524.023-1024x576.jpg 1024w, https:\/\/www.tgrthaber.com\/mavikadin\/wp-content\/uploads\/ARZU-2025-10-23T100524.023-768x432.jpg 768w\" sizes=\"(max-width: 1208px) 100vw, 1208px\" \/><\/p>\n<hr \/>\n<p>\u0130lk kez sahnelere 2017 y\u0131l\u0131nda \u00e7\u0131kan Gizem Kala, televizyon dizisi olan \u2018\u00d6lene Kadar\u2019 isimli yap\u0131m ile ekranlara gelmi\u015ftir. Birbirinden ba\u015far\u0131l\u0131 projelerde rol alan Gizem Kala, \u015fimdilerde E\u015fref R\u00fcya dizisi ile ekranlara geliyor.<\/p>\n<p><img loading=\"lazy\" decoding=\"async\" class=\"alignnone size-full wp-image-252966\" src=\"https:\/\/www.tgrthaber.com\/mavikadin\/wp-content\/uploads\/ARZU-2025-10-23T100536.582.jpg\" alt=\"E\u015fref R\u00fcya Ayten\u2019i Gizem Kala kimdir? Gizem Kala ka\u00e7 ya\u015f\u0131nda?\" width=\"1208\" height=\"680\" title=\"\" srcset=\"https:\/\/www.tgrthaber.com\/mavikadin\/wp-content\/uploads\/ARZU-2025-10-23T100536.582.jpg 1208w, https:\/\/www.tgrthaber.com\/mavikadin\/wp-content\/uploads\/ARZU-2025-10-23T100536.582-300x169.jpg 300w, https:\/\/www.tgrthaber.com\/mavikadin\/wp-content\/uploads\/ARZU-2025-10-23T100536.582-1024x576.jpg 1024w, https:\/\/www.tgrthaber.com\/mavikadin\/wp-content\/uploads\/ARZU-2025-10-23T100536.582-768x432.jpg 768w\" sizes=\"(max-width: 1208px) 100vw, 1208px\" \/><\/p>\n<hr \/>\n<h3>G\u0130ZEM KALA KA\u00c7 YA\u015eINDA?<\/h3>\n<p>Oyunculuk kariyerine 2017 y\u0131l\u0131nda ba\u015flayan oyuncu Gizem Kala, 2020 y\u0131l\u0131nda Babil dizisinde oynad\u0131\u011f\u0131 Nehir karakteriyle ekranlara gelmi\u015fti. Geni\u015f kitlelerce tan\u0131nmas\u0131n\u0131 sa\u011flayan bu rol ile Gizem Kala, kendini bu alanda duyurmu\u015ftur.<\/p>\n<p><img loading=\"lazy\" decoding=\"async\" class=\"alignnone size-full wp-image-252964\" src=\"https:\/\/www.tgrthaber.com\/mavikadin\/wp-content\/uploads\/ARZU-2025-10-23T100557.006.jpg\" alt=\"E\u015fref R\u00fcya Ayten\u2019i Gizem Kala kimdir? Gizem Kala ka\u00e7 ya\u015f\u0131nda?\" width=\"1208\" height=\"680\" title=\"\" srcset=\"https:\/\/www.tgrthaber.com\/mavikadin\/wp-content\/uploads\/ARZU-2025-10-23T100557.006.jpg 1208w, https:\/\/www.tgrthaber.com\/mavikadin\/wp-content\/uploads\/ARZU-2025-10-23T100557.006-300x169.jpg 300w, https:\/\/www.tgrthaber.com\/mavikadin\/wp-content\/uploads\/ARZU-2025-10-23T100557.006-1024x576.jpg 1024w, https:\/\/www.tgrthaber.com\/mavikadin\/wp-content\/uploads\/ARZU-2025-10-23T100557.006-768x432.jpg 768w\" sizes=\"(max-width: 1208px) 100vw, 1208px\" \/><\/p>\n<hr \/>\n<p>Oyuncu Gizem Kala, 26 Nisan 1993 tarihinde \u0130stanbul\u2019da do\u011fmu\u015f olup \u015fimdilerde 32 ya\u015f\u0131ndad\u0131r. Kariyerinde hep ba\u015far\u0131l\u0131 projelerde oynayan Gizem Kala, E\u015fref R\u00fcya dizisi ile ekranlara geliyor. Ba\u015far\u0131l\u0131 oyuncu Ayten karakterini oynuyor.<\/p>\n<p><img loading=\"lazy\" decoding=\"async\" class=\"alignnone size-full wp-image-252963\" src=\"https:\/\/www.tgrthaber.com\/mavikadin\/wp-content\/uploads\/ARZU-2025-10-23T100612.517.jpg\" alt=\"E\u015fref R\u00fcya Ayten\u2019i Gizem Kala kimdir? Gizem Kala ka\u00e7 ya\u015f\u0131nda?\" width=\"1208\" height=\"680\" title=\"\" srcset=\"https:\/\/www.tgrthaber.com\/mavikadin\/wp-content\/uploads\/ARZU-2025-10-23T100612.517.jpg 1208w, https:\/\/www.tgrthaber.com\/mavikadin\/wp-content\/uploads\/ARZU-2025-10-23T100612.517-300x169.jpg 300w, https:\/\/www.tgrthaber.com\/mavikadin\/wp-content\/uploads\/ARZU-2025-10-23T100612.517-1024x576.jpg 1024w, https:\/\/www.tgrthaber.com\/mavikadin\/wp-content\/uploads\/ARZU-2025-10-23T100612.517-768x432.jpg 768w\" sizes=\"(max-width: 1208px) 100vw, 1208px\" \/><\/p>\n<hr \/>\n<p>Daha \u00f6nce Babil, Muhte\u015fem Y\u00fczy\u0131l: K\u00f6sem, G\u00f6r\u00fcmce \u00d6lene Kadar, Mara\u015fl\u0131, Can K\u0131r\u0131klar\u0131, Gibi, Hakan: Muhaf\u0131z gibi yap\u0131mlar ile ekranlara gelen Gizem Kala, ba\u015far\u0131l\u0131 oyunculu\u011fu ile de dikkat \u00e7ekmi\u015ftir.<\/p>\n","protected":false},"excerpt":{"rendered":"<p>E\u015fref R\u00fcya Ayten\u2019i Gizem Kala kimdir? merak edildi. Gizem Kala, hayat\u0131 ve kariyeriyle arama motorlar\u0131nda ara\u015ft\u0131r\u0131lmaya ba\u015fland\u0131. Peki, E\u015fref R\u00fcya Ayten\u2019i Gizem Kala kimdir? Gizem Kala ka\u00e7 ya\u015f\u0131nda? \u0130\u015fte detaylar\u2026<\/p>\n","protected":false},"author":34,"featured_media":252965,"comment_status":"closed","ping_status":"closed","sticky":false,"template":"","format":"standard","meta":{"rank_math_lock_modified_date":false,"footnotes":""},"categories":[491],"tags":[16521,65000,65001,54639],"class_list":["post-252962","post","type-post","status-publish","format-standard","has-post-thumbnail","hentry","category-biyografi","tag-biyografi-haberleri","tag-esref-rura","tag-esref-ruya-ayten","tag-gizem-kala"],"_links":{"self":[{"href":"https:\/\/www.tgrthaber.com\/mavikadin\/wp-json\/wp\/v2\/posts\/252962"}],"collection":[{"href":"https:\/\/www.tgrthaber.com\/mavikadin\/wp-json\/wp\/v2\/posts"}],"about":[{"href":"https:\/\/www.tgrthaber.com\/mavikadin\/wp-json\/wp\/v2\/types\/post"}],"author":[{"embeddable":true,"href":"https:\/\/www.tgrthaber.com\/mavikadin\/wp-json\/wp\/v2\/users\/34"}],"replies":[{"embeddable":true,"href":"https:\/\/www.tgrthaber.com\/mavikadin\/wp-json\/wp\/v2\/comments?post=252962"}],"version-history":[{"count":1,"href":"https:\/\/www.tgrthaber.com\/mavikadin\/wp-json\/wp\/v2\/posts\/252962\/revisions"}],"predecessor-version":[{"id":252970,"href":"https:\/\/www.tgrthaber.com\/mavikadin\/wp-json\/wp\/v2\/posts\/252962\/revisions\/252970"}],"wp:featuredmedia":[{"embeddable":true,"href":"https:\/\/www.tgrthaber.com\/mavikadin\/wp-json\/wp\/v2\/media\/252965"}],"wp:attachment":[{"href":"https:\/\/www.tgrthaber.com\/mavikadin\/wp-json\/wp\/v2\/media?parent=252962"}],"wp:term":[{"taxonomy":"category","embeddable":true,"href":"https:\/\/www.tgrthaber.com\/mavikadin\/wp-json\/wp\/v2\/categories?post=252962"},{"taxonomy":"post_tag","embeddable":true,"href":"https:\/\/www.tgrthaber.com\/mavikadin\/wp-json\/wp\/v2\/tags?post=252962"}],"curies":[{"name":"wp","href":"https:\/\/api.w.org\/{rel}","templated":true}]}}