{"id":252985,"date":"2025-10-23T10:48:50","date_gmt":"2025-10-23T07:48:50","guid":{"rendered":"https:\/\/www.tgrthaber.com\/mavikadin\/?p=252985"},"modified":"2025-10-23T10:48:50","modified_gmt":"2025-10-23T07:48:50","slug":"bora-akkasin-esi-oben-alkan-kimdir-kac-yasinda-oben-alkan-meslegi-nedir","status":"publish","type":"post","link":"https:\/\/www.tgrthaber.com\/mavikadin\/bora-akkasin-esi-oben-alkan-kimdir-kac-yasinda-oben-alkan-meslegi-nedir\/","title":{"rendered":"Bora Akka\u015f\u2019\u0131n e\u015fi Oben Alkan kimdir ka\u00e7 ya\u015f\u0131nda? Oben Alkan mesle\u011fi nedir?"},"content":{"rendered":"<p>Bora Akka\u015f\u2019\u0131n e\u015fi <a href=\"https:\/\/www.tgrthaber.com\/mavikadin\/bora-akkas-ve-oben-alkanin-kizlari-dunyaya-geldi-iste-kucuk-akkasin-adi\/\">Oben Alkan<\/a> kimdir ka\u00e7 ya\u015f\u0131nda? ara\u015ft\u0131r\u0131l\u0131yor. K\u0131z\u0131 Suzan\u2019\u0131n yo\u011fun bak\u0131ma kald\u0131r\u0131lmas\u0131yla g\u00fcndem olan Oben Alkan\u2019\u0131n hayat\u0131 merak konusu oldu. Sosyal medyada ad\u0131ndan s\u0131k s\u0131k s\u00f6z ettiren Oben Alkan, 2023 y\u0131l\u0131nda oyuncu Bora Akka\u015f ile evlenmesinden sonra ad\u0131n\u0131 geni\u015f kitlelere duyurdu.<\/p>\n<h3>OBEN ALKAN K\u0130MD\u0130R KA\u00c7 YA\u015eINDA?<\/h3>\n<p><a href=\"https:\/\/www.tgrthaber.com\/mavikadin\/bora-akkas-ve-oben-alkan-ciftinden-mujdeli-haber-bebek-geliyor\/\">Oben Alkan<\/a>\u2019\u0131n hayat\u0131, kariyeri ve \u00f6zel ya\u015fam\u0131 hakk\u0131nda pek \u00e7ok detay merak konusu oldu. \u0130\u015fte Oben Alkan hakk\u0131nda merak edilenler.<\/p>\n<p><img loading=\"lazy\" decoding=\"async\" class=\"aligncenter size-full wp-image-252986\" src=\"https:\/\/www.tgrthaber.com\/mavikadin\/wp-content\/uploads\/oben-alkan-1.jpg\" alt=\"\" width=\"1080\" height=\"1350\" title=\"\" srcset=\"https:\/\/www.tgrthaber.com\/mavikadin\/wp-content\/uploads\/oben-alkan-1.jpg 1080w, https:\/\/www.tgrthaber.com\/mavikadin\/wp-content\/uploads\/oben-alkan-1-240x300.jpg 240w, https:\/\/www.tgrthaber.com\/mavikadin\/wp-content\/uploads\/oben-alkan-1-819x1024.jpg 819w, https:\/\/www.tgrthaber.com\/mavikadin\/wp-content\/uploads\/oben-alkan-1-768x960.jpg 768w\" sizes=\"(max-width: 1080px) 100vw, 1080px\" \/><\/p>\n<hr \/>\n<h3>SOSYAL MEDYADA YEMEK V\u0130DEOLARIYLA TANINDI<\/h3>\n<p>Oben Alkan, sosyal medya fenomeni ve i\u00e7erik \u00fcreticisi olarak tan\u0131n\u0131yor. Instagram ve TikTok\u2019ta aktif olarak i\u00e7erik \u00fcreten Alkan, \u00f6zellikle yemek tarifleri ve ya\u015fam tarz\u0131 videolar\u0131yla \u00f6ne \u00e7\u0131k\u0131yor.<\/p>\n<p>Ayr\u0131ca karde\u015fi Belen Alkan da sosyal medyada tan\u0131nan bir di\u011fer isim. Bu y\u00f6n\u00fcyle Alkan ailesi, dijital d\u00fcnyada dikkat \u00e7ekiyor.<\/p>\n<p><img loading=\"lazy\" decoding=\"async\" class=\"aligncenter size-full wp-image-252991\" src=\"https:\/\/www.tgrthaber.com\/mavikadin\/wp-content\/uploads\/oben-alkan-4.jpg\" alt=\"\" width=\"1080\" height=\"1440\" title=\"\" srcset=\"https:\/\/www.tgrthaber.com\/mavikadin\/wp-content\/uploads\/oben-alkan-4.jpg 1080w, https:\/\/www.tgrthaber.com\/mavikadin\/wp-content\/uploads\/oben-alkan-4-225x300.jpg 225w, https:\/\/www.tgrthaber.com\/mavikadin\/wp-content\/uploads\/oben-alkan-4-768x1024.jpg 768w\" sizes=\"(max-width: 1080px) 100vw, 1080px\" \/><\/p>\n<hr \/>\n<h3>OBEN ALKAN MESLE\u011e\u0130 NED\u0130R?<\/h3>\n<p>Oben Alkan\u2019\u0131n as\u0131l mesle\u011fi a\u015f\u00e7\u0131l\u0131k. Mutfa\u011fa olan ilgisini sosyal medya hesaplar\u0131nda s\u0131k\u00e7a g\u00f6steren fenomen isim bu alanda hem e\u011fitim alm\u0131\u015f hem de yurt d\u0131\u015f\u0131nda tecr\u00fcbe kazanm\u0131\u015ft\u0131r.<\/p>\n<p><img loading=\"lazy\" decoding=\"async\" class=\"aligncenter size-full wp-image-252993\" src=\"https:\/\/www.tgrthaber.com\/mavikadin\/wp-content\/uploads\/oben-alkan-6.jpg\" alt=\"\" width=\"800\" height=\"1000\" title=\"\" srcset=\"https:\/\/www.tgrthaber.com\/mavikadin\/wp-content\/uploads\/oben-alkan-6.jpg 800w, https:\/\/www.tgrthaber.com\/mavikadin\/wp-content\/uploads\/oben-alkan-6-240x300.jpg 240w, https:\/\/www.tgrthaber.com\/mavikadin\/wp-content\/uploads\/oben-alkan-6-768x960.jpg 768w\" sizes=\"(max-width: 800px) 100vw, 800px\" \/><\/p>\n<hr \/>\n<p>\u0130stanbul do\u011fumlu olan Oben Alkan, bir s\u00fcre yurt d\u0131\u015f\u0131nda ya\u015fam\u0131\u015f ve burada mesleki e\u011fitimine devam etmi\u015ftir.<br \/>\nOben Alkan\u2019\u0131n babas\u0131 da eski Sar\u0131yer futbolcusu Lombardo Feridun\u2019dur.<\/p>\n<p><img loading=\"lazy\" decoding=\"async\" class=\"aligncenter size-full wp-image-252988\" src=\"https:\/\/www.tgrthaber.com\/mavikadin\/wp-content\/uploads\/oben-alkan-3.jpg\" alt=\"\" width=\"1080\" height=\"1440\" title=\"\" srcset=\"https:\/\/www.tgrthaber.com\/mavikadin\/wp-content\/uploads\/oben-alkan-3.jpg 1080w, https:\/\/www.tgrthaber.com\/mavikadin\/wp-content\/uploads\/oben-alkan-3-225x300.jpg 225w, https:\/\/www.tgrthaber.com\/mavikadin\/wp-content\/uploads\/oben-alkan-3-768x1024.jpg 768w\" sizes=\"(max-width: 1080px) 100vw, 1080px\" \/><\/p>\n<hr \/>\n<h3>OBEN ALKAN VE BORA AKKA\u015e\u2019IN EVL\u0130L\u0130\u011e\u0130<\/h3>\n<p>Oben Alkan, 2023 y\u0131l\u0131n\u0131n \u015eubat ay\u0131nda \u00fcnl\u00fc oyuncu Bora Akka\u015f ile \u0130talya\u2019n\u0131n Milano kentinde d\u00fcnyaevine girdi. \u00c7iftin bu \u00f6zel an\u0131 sosyal medyada b\u00fcy\u00fck ilgi g\u00f6rd\u00fc. Suzan ad\u0131nda bir k\u0131z \u00e7ocuklar\u0131 bulunan \u00e7ift, sosyal medya payla\u015f\u0131mlar\u0131yla s\u0131k s\u0131k g\u00fcndeme geliyor.<\/p>\n<p><img loading=\"lazy\" decoding=\"async\" class=\"aligncenter size-full wp-image-252989\" src=\"https:\/\/www.tgrthaber.com\/mavikadin\/wp-content\/uploads\/oben-alkan-5.jpg\" alt=\"\" width=\"1080\" height=\"1440\" title=\"\" srcset=\"https:\/\/www.tgrthaber.com\/mavikadin\/wp-content\/uploads\/oben-alkan-5.jpg 1080w, https:\/\/www.tgrthaber.com\/mavikadin\/wp-content\/uploads\/oben-alkan-5-225x300.jpg 225w, https:\/\/www.tgrthaber.com\/mavikadin\/wp-content\/uploads\/oben-alkan-5-768x1024.jpg 768w\" sizes=\"(max-width: 1080px) 100vw, 1080px\" \/><\/p>\n<hr \/>\n<h3>OBEN ALKAN KAR\u0130YER\u0130<\/h3>\n<p>Oben Alkan a\u015f\u00e7\u0131l\u0131k kariyerinin yan\u0131 s\u0131ra blogger ve dijital i\u00e7erik \u00fcreticisi olarak da aktif. Sosyal medya platformlar\u0131nda kendine \u00f6zg\u00fc tarz\u0131yla dikkat \u00e7ekiyor. \u00dcretti\u011fi i\u00e7erikler k\u0131sa s\u00fcrede binlerce be\u011feni al\u0131yor ve geni\u015f bir takip\u00e7i kitlesine ula\u015f\u0131yor.<\/p>\n","protected":false},"excerpt":{"rendered":"<p>Bora Akka\u015f\u2019\u0131n e\u015fi Oben Alkan kimdir ka\u00e7 ya\u015f\u0131nda? merak ediliyor. K\u0131z\u0131 Suzan\u2019\u0131n yo\u011fun bak\u0131mda olmas\u0131yla g\u00fcndeme gelen Oben Alkan\u2019\u0131n hayat\u0131 ara\u015ft\u0131r\u0131lmaya ba\u015fland\u0131. \u0130\u015fte Bora Akka\u015f\u2019\u0131n e\u015fi Oben Alkan hakk\u0131nda merak edilenler.<\/p>\n","protected":false},"author":5,"featured_media":252990,"comment_status":"closed","ping_status":"closed","sticky":false,"template":"","format":"standard","meta":{"rank_math_lock_modified_date":false,"footnotes":""},"categories":[491],"tags":[41846,65004,65005],"class_list":["post-252985","post","type-post","status-publish","format-standard","has-post-thumbnail","hentry","category-biyografi","tag-oben-alkan","tag-oben-alkan-kimdir","tag-oben-alkan-meslegi"],"_links":{"self":[{"href":"https:\/\/www.tgrthaber.com\/mavikadin\/wp-json\/wp\/v2\/posts\/252985"}],"collection":[{"href":"https:\/\/www.tgrthaber.com\/mavikadin\/wp-json\/wp\/v2\/posts"}],"about":[{"href":"https:\/\/www.tgrthaber.com\/mavikadin\/wp-json\/wp\/v2\/types\/post"}],"author":[{"embeddable":true,"href":"https:\/\/www.tgrthaber.com\/mavikadin\/wp-json\/wp\/v2\/users\/5"}],"replies":[{"embeddable":true,"href":"https:\/\/www.tgrthaber.com\/mavikadin\/wp-json\/wp\/v2\/comments?post=252985"}],"version-history":[{"count":2,"href":"https:\/\/www.tgrthaber.com\/mavikadin\/wp-json\/wp\/v2\/posts\/252985\/revisions"}],"predecessor-version":[{"id":252995,"href":"https:\/\/www.tgrthaber.com\/mavikadin\/wp-json\/wp\/v2\/posts\/252985\/revisions\/252995"}],"wp:featuredmedia":[{"embeddable":true,"href":"https:\/\/www.tgrthaber.com\/mavikadin\/wp-json\/wp\/v2\/media\/252990"}],"wp:attachment":[{"href":"https:\/\/www.tgrthaber.com\/mavikadin\/wp-json\/wp\/v2\/media?parent=252985"}],"wp:term":[{"taxonomy":"category","embeddable":true,"href":"https:\/\/www.tgrthaber.com\/mavikadin\/wp-json\/wp\/v2\/categories?post=252985"},{"taxonomy":"post_tag","embeddable":true,"href":"https:\/\/www.tgrthaber.com\/mavikadin\/wp-json\/wp\/v2\/tags?post=252985"}],"curies":[{"name":"wp","href":"https:\/\/api.w.org\/{rel}","templated":true}]}}