{"id":252997,"date":"2025-10-23T11:18:50","date_gmt":"2025-10-23T08:18:50","guid":{"rendered":"https:\/\/www.tgrthaber.com\/mavikadin\/?p=252997"},"modified":"2025-10-23T11:18:51","modified_gmt":"2025-10-23T08:18:51","slug":"deniz-bulutsuz-ve-ozan-guven-olayi-nedir-ozan-guven-tutuklandi-mi","status":"publish","type":"post","link":"https:\/\/www.tgrthaber.com\/mavikadin\/deniz-bulutsuz-ve-ozan-guven-olayi-nedir-ozan-guven-tutuklandi-mi\/","title":{"rendered":"Deniz Bulutsuz ve Ozan G\u00fcven olay\u0131 nedir? Ozan G\u00fcven tutukland\u0131 m\u0131?"},"content":{"rendered":"<p>Deniz Bulutsuz ve Ozan G\u00fcven davas\u0131nda karar \u00e7\u0131kt\u0131. \u0130kili aras\u0131nda y\u0131llar \u00f6nce ya\u015fananlar ise merak konusu oldu. Eskiden sevgili olan ikilinin birliktelikleri bir hayli \u00e7alkant\u0131l\u0131 ge\u00e7mi\u015fti. \u0130li\u015fkilerinde \u00e7e\u015fitli sorunlar ya\u015fayan ikili mahkemelik olmu\u015ftu. Peki, Deniz Bulutsuz ve Ozan G\u00fcven olay\u0131 nedir? Ozan G\u00fcven tutukland\u0131 m\u0131? Deniz Bulutsuz ve Ozan G\u00fcven aras\u0131nda ya\u015fananlar\u0131 sizin i\u00e7in ara\u015ft\u0131rd\u0131k. \u0130\u015fte Deniz Bulutsuz ve Ozan G\u00fcven olay\u0131na dair merak edilenler\u2026<\/p>\n<h3>DEN\u0130Z BULUTSUZ VE OZAN G\u00dcVEN OLAYI NED\u0130R?<\/h3>\n<p>Sosyal medya uzman\u0131 Deniz Bulutsuz\u2019un oyuncu sevgilisi Ozan G\u00fcven taraf\u0131ndan 13 Haziran 2020 tarihinde darp edildi\u011fi iddia edilmi\u015fti. Ozan G\u00fcven\u2019in evinde ya\u015fand\u0131\u011f\u0131 iddia edilen tart\u0131\u015fma magazin d\u00fcnyas\u0131nda b\u00fcy\u00fck ses getirmi\u015fti. 2020 y\u0131l\u0131ndan bu yana devam eden bu gerilim, y\u0131llar boyunca yank\u0131lar\u0131n\u0131 s\u00fcrd\u00fcrd\u00fc.<\/p>\n<p><img loading=\"lazy\" decoding=\"async\" class=\"size-full wp-image-252998\" src=\"https:\/\/www.tgrthaber.com\/mavikadin\/wp-content\/uploads\/deniz-bulutsuz-ozan-guven-2.jpg\" alt=\"Deniz Bulutsuz ve Ozan G\u00fcven olay\u0131 nedir? Ozan G\u00fcven tutukland\u0131 m\u0131?\" width=\"1208\" height=\"680\" title=\"\" srcset=\"https:\/\/www.tgrthaber.com\/mavikadin\/wp-content\/uploads\/deniz-bulutsuz-ozan-guven-2.jpg 1208w, https:\/\/www.tgrthaber.com\/mavikadin\/wp-content\/uploads\/deniz-bulutsuz-ozan-guven-2-300x169.jpg 300w, https:\/\/www.tgrthaber.com\/mavikadin\/wp-content\/uploads\/deniz-bulutsuz-ozan-guven-2-1024x576.jpg 1024w, https:\/\/www.tgrthaber.com\/mavikadin\/wp-content\/uploads\/deniz-bulutsuz-ozan-guven-2-768x432.jpg 768w\" sizes=\"(max-width: 1208px) 100vw, 1208px\" \/><\/p>\n<hr \/>\n<p>\u0130ddia edilen darp giri\u015fimi sonras\u0131nda Deniz Bulutsuz, G\u00fcven&#8217;in kendisine \u015fiddet uygulad\u0131\u011f\u0131n\u0131 \u00f6ne s\u00fcrerek su\u00e7 duyurusunda bulunmu\u015ftu. \u0130lk olarak yap\u0131lan yarg\u0131lama sonucunda, mahkeme Ozan G\u00fcven&#8217;in Deniz Bulutsuz&#8217;a y\u00f6nelik eylemini sabit bulmu\u015ftu. G\u00fcven, \u2018Kasten yaralama\u2019 su\u00e7undan 1 y\u0131l 15 ay hapis cezas\u0131na h\u00fckmedilmi\u015fti. Fakat ceza, adli sicile i\u015flenmeyecek \u015fekilde h\u00fckm\u00fcn a\u00e7\u0131klanmas\u0131n\u0131n geri b\u0131rak\u0131lmas\u0131 (HAGB) kapsam\u0131nda de\u011ferlendirilmi\u015fti.<\/p>\n<p><img loading=\"lazy\" decoding=\"async\" class=\"size-full wp-image-253001\" src=\"https:\/\/www.tgrthaber.com\/mavikadin\/wp-content\/uploads\/deniz-bulutsuz-ozan-guven-5.jpg\" alt=\"Deniz Bulutsuz ve Ozan G\u00fcven olay\u0131 nedir? Ozan G\u00fcven tutukland\u0131 m\u0131?\" width=\"1208\" height=\"680\" title=\"\" srcset=\"https:\/\/www.tgrthaber.com\/mavikadin\/wp-content\/uploads\/deniz-bulutsuz-ozan-guven-5.jpg 1208w, https:\/\/www.tgrthaber.com\/mavikadin\/wp-content\/uploads\/deniz-bulutsuz-ozan-guven-5-300x169.jpg 300w, https:\/\/www.tgrthaber.com\/mavikadin\/wp-content\/uploads\/deniz-bulutsuz-ozan-guven-5-1024x576.jpg 1024w, https:\/\/www.tgrthaber.com\/mavikadin\/wp-content\/uploads\/deniz-bulutsuz-ozan-guven-5-768x432.jpg 768w\" sizes=\"(max-width: 1208px) 100vw, 1208px\" \/><\/p>\n<hr \/>\n<p>\u00d6ncesinde verilen bu karar\u0131n ard\u0131ndan Ozan G\u00fcven\u2019in herhangi bir su\u00e7 i\u015flemedi\u011fi takdirde ceza infaz edilmeyece\u011fi, ancak 5 y\u0131l boyunca benzer bir durum tekrar ya\u015fan\u0131rsa, verilen ceza uygulanabilece\u011fi s\u00f6ylenmi\u015fti.<\/p>\n<p><img loading=\"lazy\" decoding=\"async\" class=\"size-full wp-image-253005\" src=\"https:\/\/www.tgrthaber.com\/mavikadin\/wp-content\/uploads\/deniz-bulutsuz-ozan-guven-1.jpg\" alt=\"Deniz Bulutsuz ve Ozan G\u00fcven olay\u0131 nedir? Ozan G\u00fcven tutukland\u0131 m\u0131?\" width=\"1208\" height=\"680\" title=\"\" srcset=\"https:\/\/www.tgrthaber.com\/mavikadin\/wp-content\/uploads\/deniz-bulutsuz-ozan-guven-1.jpg 1208w, https:\/\/www.tgrthaber.com\/mavikadin\/wp-content\/uploads\/deniz-bulutsuz-ozan-guven-1-300x169.jpg 300w, https:\/\/www.tgrthaber.com\/mavikadin\/wp-content\/uploads\/deniz-bulutsuz-ozan-guven-1-1024x576.jpg 1024w, https:\/\/www.tgrthaber.com\/mavikadin\/wp-content\/uploads\/deniz-bulutsuz-ozan-guven-1-768x432.jpg 768w\" sizes=\"(max-width: 1208px) 100vw, 1208px\" \/><\/p>\n<hr \/>\n<p>Davadan tam 5 y\u0131l sonra karar a\u00e7\u0131klanm\u0131\u015f ve <a href=\"https:\/\/www.tgrthaber.com\/mavikadin\/deniz-bulutsuzun-ozan-guven-aciklamasi-gundemi-salladi-hapse-girecegi-gunu-bekliyorum\/\">Ozan G\u00fcven<\/a>, \u2018Silahla kasten yaralama\u2019 su\u00e7undan 2 y\u0131l 3 ay hapis cezas\u0131na \u00e7arpt\u0131r\u0131lm\u0131\u015ft\u0131. \u00dcnl\u00fc oyuncu, \u2018Hakaret\u2019 ve \u2018Cebir, tehdit veya hile kullanarak ki\u015fiyi h\u00fcrriyetinden yoksun k\u0131lma\u2019 su\u00e7lar\u0131ndan ise beraat etmi\u015fti.<\/p>\n<p><img loading=\"lazy\" decoding=\"async\" class=\"size-full wp-image-253000\" src=\"https:\/\/www.tgrthaber.com\/mavikadin\/wp-content\/uploads\/deniz-bulutsuz-ozan-guven-4.jpg\" alt=\"Deniz Bulutsuz ve Ozan G\u00fcven olay\u0131 nedir? Ozan G\u00fcven tutukland\u0131 m\u0131?\" width=\"1208\" height=\"680\" title=\"\" srcset=\"https:\/\/www.tgrthaber.com\/mavikadin\/wp-content\/uploads\/deniz-bulutsuz-ozan-guven-4.jpg 1208w, https:\/\/www.tgrthaber.com\/mavikadin\/wp-content\/uploads\/deniz-bulutsuz-ozan-guven-4-300x169.jpg 300w, https:\/\/www.tgrthaber.com\/mavikadin\/wp-content\/uploads\/deniz-bulutsuz-ozan-guven-4-1024x576.jpg 1024w, https:\/\/www.tgrthaber.com\/mavikadin\/wp-content\/uploads\/deniz-bulutsuz-ozan-guven-4-768x432.jpg 768w\" sizes=\"(max-width: 1208px) 100vw, 1208px\" \/><\/p>\n<hr \/>\n<p><a href=\"https:\/\/www.tgrthaber.com\/mavikadin\/ozan-guven-ve-deniz-bulutsuz-arasinda-ne-olmustu-dava-sonucu-ne-oldu\/\">Ozan G\u00fcven<\/a> hakk\u0131nda verilen hapis cezas\u0131 karar\u0131n\u0131 ertelemeyen mahkeme, di\u011fer yandan Deniz Bulutsuz\u2019un ise \u2018Basit yaralama\u2019 su\u00e7undan beraatine karar vermi\u015fti. Taraflar\u0131n karara itiraz etmesi \u00fczerine dosya \u0130stanbul B\u00f6lge Adliye Mahkemesi 20\u2019nci Ceza Dairesi\u2019ne g\u00f6nderilmi\u015fti.<\/p>\n<h3>OZAN G\u00dcVEN TUTUKLANDI MI?<\/h3>\n<p>Y\u0131llard\u0131r s\u00fcren <a href=\"https:\/\/www.tgrthaber.com\/mavikadin\/deniz-bulutsuz-kimdir-kac-yasinda-deniz-bulutsuz-meslegi-ne\/\">Deniz Bulutsuz<\/a> ve Ozan G\u00fcven davas\u0131nda sonunda bir sonuca var\u0131ld\u0131. Dosya \u00fczerindeki incelemesini tamamlayan \u0130stanbul B\u00f6lge Adliyesi Mahkemesi 20\u2019nci Ceza Dairesi, yarg\u0131lamay\u0131 yapan \u0130stanbul 58\u2019inci Asliye Ceza Mahkemesi\u2019nin karar\u0131nda usule ve esasa ili\u015fkin herhangi bir hukuka ayk\u0131r\u0131l\u0131k bulunmad\u0131\u011f\u0131n\u0131, delillerde ve i\u015flemlerde herhangi bir eksiklik olmad\u0131\u011f\u0131n\u0131 belirtti.<\/p>\n<p><img loading=\"lazy\" decoding=\"async\" class=\"size-full wp-image-252999\" src=\"https:\/\/www.tgrthaber.com\/mavikadin\/wp-content\/uploads\/deniz-bulutsuz-ozan-guven-3.jpg\" alt=\"Deniz Bulutsuz ve Ozan G\u00fcven olay\u0131 nedir? Ozan G\u00fcven tutukland\u0131 m\u0131?\" width=\"1208\" height=\"680\" title=\"\" srcset=\"https:\/\/www.tgrthaber.com\/mavikadin\/wp-content\/uploads\/deniz-bulutsuz-ozan-guven-3.jpg 1208w, https:\/\/www.tgrthaber.com\/mavikadin\/wp-content\/uploads\/deniz-bulutsuz-ozan-guven-3-300x169.jpg 300w, https:\/\/www.tgrthaber.com\/mavikadin\/wp-content\/uploads\/deniz-bulutsuz-ozan-guven-3-1024x576.jpg 1024w, https:\/\/www.tgrthaber.com\/mavikadin\/wp-content\/uploads\/deniz-bulutsuz-ozan-guven-3-768x432.jpg 768w\" sizes=\"(max-width: 1208px) 100vw, 1208px\" \/><\/p>\n<hr \/>\n<p>Mahkeme di\u011fer yandan; ispat bak\u0131m\u0131nda de\u011ferlendirmenin yerinde oldu\u011funu, eylemlerin do\u011fru olarak nitelendirildi\u011fini ve kanunda \u00f6ng\u00f6r\u00fclen su\u00e7 tiplerine uydu\u011funu, cezalar\u0131n kanuni ba\u011flamda uyguland\u0131\u011f\u0131n\u0131 ifade ederek yap\u0131lan itirazlar\u0131 oy birli\u011fi ile kesin olarak reddetti.<\/p>\n<p><img loading=\"lazy\" decoding=\"async\" class=\"size-full wp-image-253002\" src=\"https:\/\/www.tgrthaber.com\/mavikadin\/wp-content\/uploads\/deniz-bulutsuz-ozan-guven-6.jpg\" alt=\"Deniz Bulutsuz ve Ozan G\u00fcven olay\u0131 nedir? Ozan G\u00fcven tutukland\u0131 m\u0131?\" width=\"1208\" height=\"680\" title=\"\" srcset=\"https:\/\/www.tgrthaber.com\/mavikadin\/wp-content\/uploads\/deniz-bulutsuz-ozan-guven-6.jpg 1208w, https:\/\/www.tgrthaber.com\/mavikadin\/wp-content\/uploads\/deniz-bulutsuz-ozan-guven-6-300x169.jpg 300w, https:\/\/www.tgrthaber.com\/mavikadin\/wp-content\/uploads\/deniz-bulutsuz-ozan-guven-6-1024x576.jpg 1024w, https:\/\/www.tgrthaber.com\/mavikadin\/wp-content\/uploads\/deniz-bulutsuz-ozan-guven-6-768x432.jpg 768w\" sizes=\"(max-width: 1208px) 100vw, 1208px\" \/><\/p>\n<hr \/>\n<p>Sonu\u00e7 olarak \u0130stanbul B\u00f6lge Adliye Mahkemesi\u2019nin yap\u0131lan itirazlar\u0131 reddetmesi ile \u0130stanbul 58\u2019inci Asliye Ceza Mahkemesince kurulan h\u00fck\u00fcm kesinle\u015ferek onanm\u0131\u015f oldu. Bu durumda oyuncu Ozan G\u00fcven\u2019in denetimli serbestlik s\u00fcresinin d\u0131\u015f\u0131nda kalan cezas\u0131n\u0131n infaz\u0131n\u0131n 45 g\u00fcn\u00fcn\u00fc a\u00e7\u0131k cezaevinde ge\u00e7irece\u011fi \u00f6\u011frenildi. G\u00fcven\u2019in, karar sonras\u0131 hi\u00e7bir a\u00e7\u0131klama yapmamas\u0131 ise dikkat \u00e7ekti.<\/p>\n","protected":false},"excerpt":{"rendered":"<p>Deniz Bulutsuz ve Ozan G\u00fcven aras\u0131nda ya\u015fananlar merak konusu oldu. Peki, Deniz Bulutsuz ve Ozan G\u00fcven olay\u0131 nedir? Ozan G\u00fcven tutukland\u0131 m\u0131? \u0130\u015fte detaylar\u2026<\/p>\n","protected":false},"author":26,"featured_media":253004,"comment_status":"closed","ping_status":"closed","sticky":false,"template":"","format":"standard","meta":{"rank_math_lock_modified_date":false,"footnotes":""},"categories":[76],"tags":[24723,133,2218,8883,65006],"class_list":["post-252997","post","type-post","status-publish","format-standard","has-post-thumbnail","hentry","category-magazin","tag-deniz-bulutsuz","tag-magazin","tag-magazin-haberleri","tag-ozan-guven","tag-ozan-guven-hapis-cezasi"],"_links":{"self":[{"href":"https:\/\/www.tgrthaber.com\/mavikadin\/wp-json\/wp\/v2\/posts\/252997"}],"collection":[{"href":"https:\/\/www.tgrthaber.com\/mavikadin\/wp-json\/wp\/v2\/posts"}],"about":[{"href":"https:\/\/www.tgrthaber.com\/mavikadin\/wp-json\/wp\/v2\/types\/post"}],"author":[{"embeddable":true,"href":"https:\/\/www.tgrthaber.com\/mavikadin\/wp-json\/wp\/v2\/users\/26"}],"replies":[{"embeddable":true,"href":"https:\/\/www.tgrthaber.com\/mavikadin\/wp-json\/wp\/v2\/comments?post=252997"}],"version-history":[{"count":1,"href":"https:\/\/www.tgrthaber.com\/mavikadin\/wp-json\/wp\/v2\/posts\/252997\/revisions"}],"predecessor-version":[{"id":253006,"href":"https:\/\/www.tgrthaber.com\/mavikadin\/wp-json\/wp\/v2\/posts\/252997\/revisions\/253006"}],"wp:featuredmedia":[{"embeddable":true,"href":"https:\/\/www.tgrthaber.com\/mavikadin\/wp-json\/wp\/v2\/media\/253004"}],"wp:attachment":[{"href":"https:\/\/www.tgrthaber.com\/mavikadin\/wp-json\/wp\/v2\/media?parent=252997"}],"wp:term":[{"taxonomy":"category","embeddable":true,"href":"https:\/\/www.tgrthaber.com\/mavikadin\/wp-json\/wp\/v2\/categories?post=252997"},{"taxonomy":"post_tag","embeddable":true,"href":"https:\/\/www.tgrthaber.com\/mavikadin\/wp-json\/wp\/v2\/tags?post=252997"}],"curies":[{"name":"wp","href":"https:\/\/api.w.org\/{rel}","templated":true}]}}