{"id":253048,"date":"2025-10-23T13:27:33","date_gmt":"2025-10-23T10:27:33","guid":{"rendered":"https:\/\/www.tgrthaber.com\/mavikadin\/?p=253048"},"modified":"2025-10-23T13:52:01","modified_gmt":"2025-10-23T10:52:01","slug":"nese-aksoy-kimdir-kac-yasinda-nese-aksoy-evli-mi-esi-kim","status":"publish","type":"post","link":"https:\/\/www.tgrthaber.com\/mavikadin\/nese-aksoy-kimdir-kac-yasinda-nese-aksoy-evli-mi-esi-kim\/","title":{"rendered":"Ne\u015fe Aksoy kimdir, ka\u00e7 ya\u015f\u0131nda? Ne\u015fe Aksoy evli mi, e\u015fi kim?"},"content":{"rendered":"<p class=\"p1\">Ye\u015fil\u00e7am\u2019\u0131n unutulmaz isimleri aras\u0131nda yer alan Ne\u015fe Aksoy\u2019un \u00f6l\u00fcm haberi sevenlerini yasa bo\u011fdu. Hem sanat hem de akademik ba\u015far\u0131lar\u0131yla dikkat \u00e7eken usta oyuncunun \u00f6l\u00fcm haberinin ard\u0131ndan hayat\u0131 yeniden merak edildi. Peki Ye\u015fil\u00e7am\u2019\u0131n unutulmaz ismi Ne\u015fe Aksoy kimdir, ka\u00e7 ya\u015f\u0131nda? Ne\u015fe Aksoy evli mi, e\u015fi kim? \u0130\u015fte detaylar\u2026<\/p>\n<h3 class=\"p1\">NE\u015eE AKSOY K\u0130MD\u0130R KA\u00c7 YA\u015eINDA?<\/h3>\n<p class=\"p1\">Ye\u015fil\u00e7am\u2019\u0131n zarif ve \u00fcretken kad\u0131nlar\u0131 aras\u0131nda yer alan isimlerden biri olan <a href=\"https:\/\/www.tgrthaber.com\/mavikadin\/nese-aksoy-hastaligi-neydi-nese-aksoy-neden-oldu\/\">Ne\u015fe Aksoy<\/a> 59 ya\u015f\u0131ndad\u0131r. Akci\u011fer kanseri tedavisi nedeniyle bulundu\u011fu hastanede hayat\u0131n\u0131 kaybeden ismin<span class=\"Apple-converted-space\">\u00a0 <\/span>kariyeri ve ya\u015fam\u0131 merak edildi. \u0130stanbul Teknik \u00dcniversitesi Matematik M\u00fchendisli\u011fi b\u00f6l\u00fcm\u00fcn\u00fc bitirdikten sonra \u0130stanbul \u00dcniversitesi \u0130\u015fletme Fak\u00fcltesi\u2019nde y\u00fcksek lisans yapan usta oyuncu 2005-2006 y\u0131llar\u0131nda Kanada\u2019da British Columbia Institute of Technology\u2019de Sistem Analizi, Proje Y\u00f6netimi ve Kurumsal \u0130leti\u015fim alanlar\u0131nda uzmanl\u0131k e\u011fitimi alm\u0131\u015ft\u0131r.<\/p>\n<p><img loading=\"lazy\" decoding=\"async\" class=\"alignnone wp-image-253068 \" src=\"https:\/\/www.tgrthaber.com\/mavikadin\/wp-content\/uploads\/Ekran-Resmi-2025-10-23-13.15.44-1024x600.png\" alt=\"\" width=\"1587\" height=\"930\" title=\"\" srcset=\"https:\/\/www.tgrthaber.com\/mavikadin\/wp-content\/uploads\/Ekran-Resmi-2025-10-23-13.15.44-1024x600.png 1024w, https:\/\/www.tgrthaber.com\/mavikadin\/wp-content\/uploads\/Ekran-Resmi-2025-10-23-13.15.44-300x176.png 300w, https:\/\/www.tgrthaber.com\/mavikadin\/wp-content\/uploads\/Ekran-Resmi-2025-10-23-13.15.44-768x450.png 768w, https:\/\/www.tgrthaber.com\/mavikadin\/wp-content\/uploads\/Ekran-Resmi-2025-10-23-13.15.44.png 1328w\" sizes=\"(max-width: 1587px) 100vw, 1587px\" \/><\/p>\n<hr \/>\n<p class=\"p1\">Ba\u015far\u0131l\u0131 M\u00fchendislik kariyerinin yan\u0131 s\u0131ra sanatla da ilgilenen Ne\u015fe Aksoy Ye\u015fil\u00e7am\u2019da pek \u00e7ok unutulmaz filme imza atm\u0131\u015ft\u0131r. Sinema sekt\u00f6r\u00fcne ad\u0131m att\u0131ktan sonra rol ald\u0131\u011f\u0131<span class=\"Apple-converted-space\">\u00a0 <\/span>\u201cK\u0131zlar S\u0131n\u0131f\u0131 Yar\u0131\u015f\u0131yor\u201d, \u201cLodos Z\u00fcht\u00fc\u201d ve<span class=\"Apple-converted-space\">\u00a0 <\/span>\u201cArkada\u015f\u0131m\u201d filmiyle tan\u0131nan oyuncu ba\u015far\u0131l\u0131 oyunculuk performans\u0131 ile ak\u0131llara kaz\u0131nm\u0131\u015ft\u0131r.<\/p>\n<p><img loading=\"lazy\" decoding=\"async\" class=\"alignnone wp-image-253072 \" src=\"https:\/\/www.tgrthaber.com\/mavikadin\/wp-content\/uploads\/Ekran-Resmi-2025-10-23-13.16.11-1024x576.png\" alt=\"\" width=\"1607\" height=\"904\" title=\"\" srcset=\"https:\/\/www.tgrthaber.com\/mavikadin\/wp-content\/uploads\/Ekran-Resmi-2025-10-23-13.16.11-1024x576.png 1024w, https:\/\/www.tgrthaber.com\/mavikadin\/wp-content\/uploads\/Ekran-Resmi-2025-10-23-13.16.11-300x169.png 300w, https:\/\/www.tgrthaber.com\/mavikadin\/wp-content\/uploads\/Ekran-Resmi-2025-10-23-13.16.11-768x432.png 768w, https:\/\/www.tgrthaber.com\/mavikadin\/wp-content\/uploads\/Ekran-Resmi-2025-10-23-13.16.11.png 1298w\" sizes=\"(max-width: 1607px) 100vw, 1607px\" \/><\/p>\n<hr \/>\n<p class=\"p1\">Sinema, m\u00fchendisli\u011fin yan\u0131 s\u0131ra \u0130ngiltere\u2019de resim e\u011fitimi de alm\u0131\u015ft\u0131r. Hatta \u00f6yleki T\u00fcrkiye\u2019de resim sergileri a\u00e7m\u0131\u015ft\u0131r.<span class=\"Apple-converted-space\">\u00a0 <\/span>Ayr\u0131ca ki\u015fisel geli\u015fim e\u011fitmeni, ya\u015fam ko\u00e7u ve k\u00f6\u015fe yazar\u0131 olarak da kendisini geli\u015ftirmi\u015f bir isimdir. Film-San Vakf\u0131\u2019n\u0131n kurucu \u00fcyeleri aras\u0131nda yer alan usta oyuncu ba\u015far\u0131l\u0131 kariyeri ile dikkat \u00e7ekmi\u015ftir.<\/p>\n<p><img loading=\"lazy\" decoding=\"async\" class=\"alignnone wp-image-253069 \" src=\"https:\/\/www.tgrthaber.com\/mavikadin\/wp-content\/uploads\/Ekran-Resmi-2025-10-23-13.15.50-1024x526.png\" alt=\"\" width=\"1624\" height=\"834\" title=\"\" srcset=\"https:\/\/www.tgrthaber.com\/mavikadin\/wp-content\/uploads\/Ekran-Resmi-2025-10-23-13.15.50-1024x526.png 1024w, https:\/\/www.tgrthaber.com\/mavikadin\/wp-content\/uploads\/Ekran-Resmi-2025-10-23-13.15.50-300x154.png 300w, https:\/\/www.tgrthaber.com\/mavikadin\/wp-content\/uploads\/Ekran-Resmi-2025-10-23-13.15.50-768x394.png 768w, https:\/\/www.tgrthaber.com\/mavikadin\/wp-content\/uploads\/Ekran-Resmi-2025-10-23-13.15.50.png 1414w\" sizes=\"(max-width: 1624px) 100vw, 1624px\" \/><\/p>\n<hr \/>\n<h3>NE\u015eE AKSOY NEDEN \u00d6LD\u00dc?<\/h3>\n<p class=\"p1\">Usta oyuncu Ne\u015fe Aksoy 2023 y\u0131l\u0131nda akci\u011fer kanseri oldu\u011funu sosyal medya hesab\u0131ndan yapt\u0131\u011f\u0131 bir payla\u015f\u0131mla duyurmu\u015ftu. 2024 y\u0131l\u0131nda ameliyat olan oyuncunun beyninde ve akci\u011ferlerinde yeni kitleler tespit edilmi\u015fti. \u00dcnl\u00fc oyuncu Ne\u015fe Aksoy sosyal medyadan yapt\u0131\u011f\u0131 payla\u015f\u0131mla kanser tedavisi g\u00f6rd\u00fc\u011f\u00fcn\u00fc \u015fu s\u00f6zlerle duyurmu\u015ftu:<\/p>\n<p class=\"p1\">\u201cOn ay \u00f6nce, bana akci\u011fer kanseri te\u015fhisi konulunca zorlu bir s\u00fcrece girdim ve yaz\u0131lar\u0131ma ara vermek zorunda kald\u0131m. Biraz toparlan\u0131nca yazar\u0131m dedim ancak son tetkiklerimde ameliyat oldu\u011fum akci\u011ferimde ve beynimde yeni kitleler g\u00f6r\u00fcld\u00fc.<\/p>\n<p><img loading=\"lazy\" decoding=\"async\" class=\"alignnone wp-image-253077 \" src=\"https:\/\/www.tgrthaber.com\/mavikadin\/wp-content\/uploads\/Ekran-Resmi-2025-10-23-13.22.15-1-1024x781.png\" alt=\"\" width=\"1598\" height=\"1219\" title=\"\" srcset=\"https:\/\/www.tgrthaber.com\/mavikadin\/wp-content\/uploads\/Ekran-Resmi-2025-10-23-13.22.15-1-1024x781.png 1024w, https:\/\/www.tgrthaber.com\/mavikadin\/wp-content\/uploads\/Ekran-Resmi-2025-10-23-13.22.15-1-300x229.png 300w, https:\/\/www.tgrthaber.com\/mavikadin\/wp-content\/uploads\/Ekran-Resmi-2025-10-23-13.22.15-1-768x586.png 768w, https:\/\/www.tgrthaber.com\/mavikadin\/wp-content\/uploads\/Ekran-Resmi-2025-10-23-13.22.15-1.png 1038w\" sizes=\"(max-width: 1598px) 100vw, 1598px\" \/><\/p>\n<hr \/>\n<p class=\"p1\">Bundan sonra neler olur bilmiyorum. Bug\u00fcne kadar duyulmas\u0131n\u0131 istemedim ama art\u0131k bilinmezlerdeyim. Onun i\u00e7in benden duyun istedim.<\/p>\n<p class=\"p1\">Biz k\u00fc\u00e7\u00fck bir aileydik. Babam\u0131 y\u0131llar \u00f6nce kaybedince, annem ve abimle birbirimize \u00e7ok ba\u011fl\u0131 kenetlenmi\u015f olarak ya\u015fad\u0131k.<\/p>\n<p class=\"p1\">Abimin de benim de evliliklerimiz ve \u00e7ocuklar\u0131m\u0131z oldu ancak biz hi\u00e7 ayr\u0131lmad\u0131k. K\u0131sa bir s\u00fcre \u00f6nce, abimi ve pe\u015finden annemi kaybettim.<\/p>\n<p><img loading=\"lazy\" decoding=\"async\" class=\"alignnone wp-image-253074 \" src=\"https:\/\/www.tgrthaber.com\/mavikadin\/wp-content\/uploads\/Ekran-Resmi-2025-10-23-13.21.16-1024x575.png\" alt=\"\" width=\"1603\" height=\"900\" title=\"\" srcset=\"https:\/\/www.tgrthaber.com\/mavikadin\/wp-content\/uploads\/Ekran-Resmi-2025-10-23-13.21.16-1024x575.png 1024w, https:\/\/www.tgrthaber.com\/mavikadin\/wp-content\/uploads\/Ekran-Resmi-2025-10-23-13.21.16-300x168.png 300w, https:\/\/www.tgrthaber.com\/mavikadin\/wp-content\/uploads\/Ekran-Resmi-2025-10-23-13.21.16-768x431.png 768w, https:\/\/www.tgrthaber.com\/mavikadin\/wp-content\/uploads\/Ekran-Resmi-2025-10-23-13.21.16-1536x862.png 1536w, https:\/\/www.tgrthaber.com\/mavikadin\/wp-content\/uploads\/Ekran-Resmi-2025-10-23-13.21.16-2048x1150.png 2048w\" sizes=\"(max-width: 1603px) 100vw, 1603px\" \/><\/p>\n<hr \/>\n<p class=\"p1\">Bu s\u0131k\u0131nt\u0131l\u0131 g\u00fcnlerimde, on bir y\u0131l\u2026 Ayn\u0131 yast\u0131\u011fa ba\u015f koydu\u011fum Skoda\u2019n\u0131n T\u00fcrkiye distrib\u00fct\u00f6r\u2019\u00fc Attila Ahmet Y\u00fcce ile de yollar\u0131m\u0131z\u0131 ay\u0131rd\u0131k. \u0130yi adamd\u0131r Ahmet Y\u00fcce. Her bayram \u00e7al\u0131\u015fanlar\u0131na 29 maa\u015f ikramiye verir ama duygusuzdur.<\/p>\n<p class=\"p1\">Biz, birbirimize hi\u00e7 yanl\u0131\u015f yapmad\u0131k. Sadece ben yoruldum ve gittim.<\/p>\n<p class=\"p1\">Hastal\u0131\u011f\u0131m\u0131 ilk duyanlardand\u0131r da bir ge\u00e7mi\u015f olsun diye aramad\u0131. Olsun\u2026ona da buradan selam olsun. Ben g\u00fc\u00e7l\u00fc bir kad\u0131n\u0131m. D\u00fc\u015fer, d\u00fc\u015fer, kalkar, k\u00fcllerimden do\u011far\u0131m. Bunu da yenerim. Ama\u2026 e\u011fer yenilirsem? G\u00f6nl\u00fcmdekileri s\u00f6ylemeden gitmek istemiyorum.<\/p>\n<p class=\"p1\">\u00d6zellikle de sevenlerime ve sevmeyenlerime\u2026 Ya\u015fam\u0131m\u0131n ba\u015flang\u0131c\u0131ndan bug\u00fcne kadar, bir sebeple hayat\u0131ma giren, \u00e7\u0131kan. Beni bu g\u00fcnlere getiren herkese te\u015fekk\u00fcr etmek istiyorum.\u201d<\/p>\n<p class=\"p1\">\u0130zmir\u2019de bir hastanede tedavisine devam eden usta oyuncuya hastal\u0131\u011f\u0131n\u0131 a\u00e7\u0131kland\u0131\u011f\u0131 s\u0131ralarda hayranlar\u0131 moral mesajlar\u0131 ile usta oyuncuya\u00a0 destek oluyordu.<\/p>\n<p><img loading=\"lazy\" decoding=\"async\" class=\"alignnone wp-image-253070 \" src=\"https:\/\/www.tgrthaber.com\/mavikadin\/wp-content\/uploads\/Ekran-Resmi-2025-10-23-13.15.59-1024x625.png\" alt=\"\" width=\"1589\" height=\"970\" title=\"\" srcset=\"https:\/\/www.tgrthaber.com\/mavikadin\/wp-content\/uploads\/Ekran-Resmi-2025-10-23-13.15.59-1024x625.png 1024w, https:\/\/www.tgrthaber.com\/mavikadin\/wp-content\/uploads\/Ekran-Resmi-2025-10-23-13.15.59-300x183.png 300w, https:\/\/www.tgrthaber.com\/mavikadin\/wp-content\/uploads\/Ekran-Resmi-2025-10-23-13.15.59-768x469.png 768w, https:\/\/www.tgrthaber.com\/mavikadin\/wp-content\/uploads\/Ekran-Resmi-2025-10-23-13.15.59.png 1288w\" sizes=\"(max-width: 1589px) 100vw, 1589px\" \/><\/p>\n<hr \/>\n<h3 class=\"p1\"><b>NE\u015eE AKSOY E\u015e\u0130 K\u0130M, K\u0130M\u0130NLE EVL\u0130?<\/b><\/h3>\n<p class=\"p1\">Ne\u015fe Aksoy uzun y\u0131llard\u0131r sevgili oldu\u011fu Atilla Ahmet Y\u00fcce ile mutlu beraberliklerini devam ettirmi\u015f \u00e7ift bir s\u00fcre sonra aralar\u0131nda olan anla\u015fmazl\u0131k nedeniyle yollar\u0131n\u0131 ay\u0131rm\u0131\u015ft\u0131r.<\/p>\n<p><img loading=\"lazy\" decoding=\"async\" class=\"alignnone wp-image-253071 \" src=\"https:\/\/www.tgrthaber.com\/mavikadin\/wp-content\/uploads\/Ekran-Resmi-2025-10-23-13.16.04-1024x594.png\" alt=\"\" width=\"1657\" height=\"961\" title=\"\" srcset=\"https:\/\/www.tgrthaber.com\/mavikadin\/wp-content\/uploads\/Ekran-Resmi-2025-10-23-13.16.04-1024x594.png 1024w, https:\/\/www.tgrthaber.com\/mavikadin\/wp-content\/uploads\/Ekran-Resmi-2025-10-23-13.16.04-300x174.png 300w, https:\/\/www.tgrthaber.com\/mavikadin\/wp-content\/uploads\/Ekran-Resmi-2025-10-23-13.16.04-768x446.png 768w, https:\/\/www.tgrthaber.com\/mavikadin\/wp-content\/uploads\/Ekran-Resmi-2025-10-23-13.16.04.png 1292w\" sizes=\"(max-width: 1657px) 100vw, 1657px\" \/><\/p>\n<hr \/>\n<p class=\"p1\">Ne\u015fe Aksoy\u2019un evli olmad\u0131\u011f\u0131 bilinmektedir. Hayat\u0131nda ya\u015fad\u0131\u011f\u0131 sa\u011fl\u0131k sorunlar\u0131na kar\u015f\u0131 tutumunu \u201cBen g\u00fc\u00e7l\u00fc bir kad\u0131n\u0131m, k\u00fcllerimden do\u011far\u0131m\u201d s\u00f6zleriyle dile getiren usta oyuncunun azimli ve hayata kar\u015f\u0131 kararl\u0131 tutumu her daim takdir toplam\u0131\u015ft\u0131r.<\/p>\n","protected":false},"excerpt":{"rendered":"<p>Ye\u015fil\u00e7am\u2019\u0131n unutulmaz isimlerinden biri olan Ne\u015fe Aksoy hayat\u0131n\u0131 kaybetti. \u00dcnl\u00fc sinema oyuncunun vefat haberinin ard\u0131ndan hayat\u0131 yeniden merak edilip ara\u015ft\u0131r\u0131lmaya ba\u015fland\u0131. Peki Ne\u015fe Aksoy kimdir, ka\u00e7 ya\u015f\u0131nda? Ne\u015fe Aksoy evli mi, e\u015fi kim? \u0130\u015fte usta oyuncunun hayat\u0131na dair merak edilenler\u2026 <\/p>\n","protected":false},"author":16,"featured_media":253078,"comment_status":"closed","ping_status":"closed","sticky":false,"template":"","format":"standard","meta":{"rank_math_lock_modified_date":false,"footnotes":""},"categories":[491],"tags":[2218,65018,65017,65016,62068],"class_list":["post-253048","post","type-post","status-publish","format-standard","has-post-thumbnail","hentry","category-biyografi","tag-magazin-haberleri","tag-nese-aksoy-esi-kim","tag-nese-aksoy-evli-mi","tag-nese-aksoy-kac-yasinda","tag-nese-aksoy-kimdir"],"_links":{"self":[{"href":"https:\/\/www.tgrthaber.com\/mavikadin\/wp-json\/wp\/v2\/posts\/253048"}],"collection":[{"href":"https:\/\/www.tgrthaber.com\/mavikadin\/wp-json\/wp\/v2\/posts"}],"about":[{"href":"https:\/\/www.tgrthaber.com\/mavikadin\/wp-json\/wp\/v2\/types\/post"}],"author":[{"embeddable":true,"href":"https:\/\/www.tgrthaber.com\/mavikadin\/wp-json\/wp\/v2\/users\/16"}],"replies":[{"embeddable":true,"href":"https:\/\/www.tgrthaber.com\/mavikadin\/wp-json\/wp\/v2\/comments?post=253048"}],"version-history":[{"count":2,"href":"https:\/\/www.tgrthaber.com\/mavikadin\/wp-json\/wp\/v2\/posts\/253048\/revisions"}],"predecessor-version":[{"id":253107,"href":"https:\/\/www.tgrthaber.com\/mavikadin\/wp-json\/wp\/v2\/posts\/253048\/revisions\/253107"}],"wp:featuredmedia":[{"embeddable":true,"href":"https:\/\/www.tgrthaber.com\/mavikadin\/wp-json\/wp\/v2\/media\/253078"}],"wp:attachment":[{"href":"https:\/\/www.tgrthaber.com\/mavikadin\/wp-json\/wp\/v2\/media?parent=253048"}],"wp:term":[{"taxonomy":"category","embeddable":true,"href":"https:\/\/www.tgrthaber.com\/mavikadin\/wp-json\/wp\/v2\/categories?post=253048"},{"taxonomy":"post_tag","embeddable":true,"href":"https:\/\/www.tgrthaber.com\/mavikadin\/wp-json\/wp\/v2\/tags?post=253048"}],"curies":[{"name":"wp","href":"https:\/\/api.w.org\/{rel}","templated":true}]}}