{"id":253059,"date":"2025-10-23T13:31:47","date_gmt":"2025-10-23T10:31:47","guid":{"rendered":"https:\/\/www.tgrthaber.com\/mavikadin\/?p=253059"},"modified":"2025-10-23T13:31:47","modified_gmt":"2025-10-23T10:31:47","slug":"survivor-2026-keremcem-kimdir-keremcem-kac-yasinda-nereli","status":"publish","type":"post","link":"https:\/\/www.tgrthaber.com\/mavikadin\/survivor-2026-keremcem-kimdir-keremcem-kac-yasinda-nereli\/","title":{"rendered":"Survivor 2026 Keremcem kimdir? Keremcem ka\u00e7 ya\u015f\u0131nda nereli?"},"content":{"rendered":"<p>Ba\u015far\u0131l\u0131 oyuncu ve \u015fark\u0131c\u0131 Keremcem, Acun Il\u0131cal\u0131\u2019n\u0131n Survivor 2026 sezonuna kat\u0131laca\u011f\u0131 haberinden sonra merakla ara\u015ft\u0131r\u0131lmaya ba\u015fland\u0131. Peki, Keremcem kimdir ka\u00e7 ya\u015f\u0131nda? Keremcem nereli? sorular\u0131n\u0131 sizin i\u00e7in ara\u015ft\u0131rd\u0131k. \u0130\u015fte detaylar\u2026<\/p>\n<h3>KEREMCEM K\u0130MD\u0130R?<\/h3>\n<p><a href=\"https:\/\/www.tgrthaber.com\/mavikadin\/acun-ilicalidan-survivor-yarismacisi-hasana-vefa-unlu-isim-oyle-bir-sey-yapti-ki\/\">Survivor<\/a> 2026 sezonuna kat\u0131lacak olan Keremcem, 5 Ocak 1978 tarihinde Milas\u2019ta d\u00fcnyaya geldi. \u0130lk\u00f6\u011fretimini Milas Sakarya \u0130lkokulu\u2019nda tamamlayan isim daha sonra \u0130zmir \u00d6zel Fatih Koleji\u2019ndeki ortaokula gitti.<\/p>\n<p><img loading=\"lazy\" decoding=\"async\" class=\"alignnone size-full wp-image-253088\" src=\"https:\/\/www.tgrthaber.com\/mavikadin\/wp-content\/uploads\/ARZU-2025-10-23T132644.434.jpg\" alt=\"Survivor 2026 Keremcem kimdir? Keremcem ka\u00e7 ya\u015f\u0131nda nereli?\" width=\"1208\" height=\"680\" title=\"\" srcset=\"https:\/\/www.tgrthaber.com\/mavikadin\/wp-content\/uploads\/ARZU-2025-10-23T132644.434.jpg 1208w, https:\/\/www.tgrthaber.com\/mavikadin\/wp-content\/uploads\/ARZU-2025-10-23T132644.434-300x169.jpg 300w, https:\/\/www.tgrthaber.com\/mavikadin\/wp-content\/uploads\/ARZU-2025-10-23T132644.434-1024x576.jpg 1024w, https:\/\/www.tgrthaber.com\/mavikadin\/wp-content\/uploads\/ARZU-2025-10-23T132644.434-768x432.jpg 768w\" sizes=\"(max-width: 1208px) 100vw, 1208px\" \/><\/p>\n<hr \/>\n<p>Lise e\u011fitimini Mu\u011fla Turgutreis Lisesi\u2019nde tamamlayan Keremcem, lisans e\u011fitimini Ege \u00dcniversitesi Uluslararas\u0131 \u0130li\u015fkiler B\u00f6l\u00fcm\u00fc\u2019nde tamamlad\u0131. 2003 y\u0131l\u0131nda \u00fcniversiteden mezun olan Keremcem, lise y\u0131llar\u0131nda gitar \u00e7almaya ba\u015flamas\u0131yla s\u00f6z\u00fc ve bestesi kendisine ait olan ilk alb\u00fcm\u00fcn\u00fc 1996 y\u0131l\u0131nda Ankara\u2019da ger\u00e7ekle\u015ftirdi.<\/p>\n<p><img loading=\"lazy\" decoding=\"async\" class=\"alignnone size-full wp-image-253087\" src=\"https:\/\/www.tgrthaber.com\/mavikadin\/wp-content\/uploads\/ARZU-2025-10-23T132658.273.jpg\" alt=\"Survivor 2026 Keremcem kimdir? Keremcem ka\u00e7 ya\u015f\u0131nda nereli?\" width=\"1208\" height=\"680\" title=\"\" srcset=\"https:\/\/www.tgrthaber.com\/mavikadin\/wp-content\/uploads\/ARZU-2025-10-23T132658.273.jpg 1208w, https:\/\/www.tgrthaber.com\/mavikadin\/wp-content\/uploads\/ARZU-2025-10-23T132658.273-300x169.jpg 300w, https:\/\/www.tgrthaber.com\/mavikadin\/wp-content\/uploads\/ARZU-2025-10-23T132658.273-1024x576.jpg 1024w, https:\/\/www.tgrthaber.com\/mavikadin\/wp-content\/uploads\/ARZU-2025-10-23T132658.273-768x432.jpg 768w\" sizes=\"(max-width: 1208px) 100vw, 1208px\" \/><\/p>\n<hr \/>\n<p>Daha sonra \u00fcniversite y\u0131llar\u0131nda tan\u0131\u015ft\u0131\u011f\u0131 arkada\u015f\u0131 Yunus Adak ile beste \u00e7al\u0131\u015fmalar\u0131na devam eden \u00fcnl\u00fc isim, 2001 y\u0131l\u0131nda Yonca Evcimik\u2019in yard\u0131mlar\u0131yla \u0130stanbul\u2019a geldi. Burada ilk alb\u00fcm\u00fc olan \u2018Eyl\u00fcl\u2019\u00fc piyasaya \u00e7\u0131kard\u0131.<\/p>\n<p><img loading=\"lazy\" decoding=\"async\" class=\"alignnone size-full wp-image-253086\" src=\"https:\/\/www.tgrthaber.com\/mavikadin\/wp-content\/uploads\/ARZU-2025-10-23T132709.887.jpg\" alt=\"Survivor 2026 Keremcem kimdir? Keremcem ka\u00e7 ya\u015f\u0131nda nereli?\" width=\"1208\" height=\"680\" title=\"\" srcset=\"https:\/\/www.tgrthaber.com\/mavikadin\/wp-content\/uploads\/ARZU-2025-10-23T132709.887.jpg 1208w, https:\/\/www.tgrthaber.com\/mavikadin\/wp-content\/uploads\/ARZU-2025-10-23T132709.887-300x169.jpg 300w, https:\/\/www.tgrthaber.com\/mavikadin\/wp-content\/uploads\/ARZU-2025-10-23T132709.887-1024x576.jpg 1024w, https:\/\/www.tgrthaber.com\/mavikadin\/wp-content\/uploads\/ARZU-2025-10-23T132709.887-768x432.jpg 768w\" sizes=\"(max-width: 1208px) 100vw, 1208px\" \/><\/p>\n<hr \/>\n<p>Birbirinden g\u00fczel par\u00e7alar\u0131 ile o d\u00f6nem de Alt\u0131n Kelebek \u00d6d\u00fclleri\u2019nde &#8220;En \u0130yi \u00c7\u0131k\u0131\u015f Yapan Erkek Sanat\u00e7\u0131&#8221; \u00f6d\u00fcl\u00fcn\u00fc kazand\u0131. Ayn\u0131 sene i\u00e7erisinde TRT ekranlar\u0131nda yay\u0131nlanan \u2018Kerem ile Asl\u0131\u2019 filmiyle izleyici kar\u015f\u0131s\u0131na \u00e7\u0131kt\u0131.<\/p>\n<h3><img loading=\"lazy\" decoding=\"async\" class=\"alignnone size-full wp-image-253085\" src=\"https:\/\/www.tgrthaber.com\/mavikadin\/wp-content\/uploads\/ARZU-2025-10-23T132716.666.jpg\" alt=\"Survivor 2026 Keremcem kimdir? Keremcem ka\u00e7 ya\u015f\u0131nda nereli?\" width=\"1208\" height=\"680\" title=\"\" srcset=\"https:\/\/www.tgrthaber.com\/mavikadin\/wp-content\/uploads\/ARZU-2025-10-23T132716.666.jpg 1208w, https:\/\/www.tgrthaber.com\/mavikadin\/wp-content\/uploads\/ARZU-2025-10-23T132716.666-300x169.jpg 300w, https:\/\/www.tgrthaber.com\/mavikadin\/wp-content\/uploads\/ARZU-2025-10-23T132716.666-1024x576.jpg 1024w, https:\/\/www.tgrthaber.com\/mavikadin\/wp-content\/uploads\/ARZU-2025-10-23T132716.666-768x432.jpg 768w\" sizes=\"(max-width: 1208px) 100vw, 1208px\" \/><\/h3>\n<hr \/>\n<h3>KEREMCEM KA\u00c7 YA\u015eINDA?<\/h3>\n<p>Sadece \u015fark\u0131lar\u0131 ile de\u011fil oyunculu\u011fu ile de dikkatleri \u00fczerine \u00e7eken Keremcem, 2005 y\u0131l\u0131nda \u2018A\u015fk Oyunu\u2019 dizisi ile geni\u015f kitlelerce tan\u0131nm\u0131\u015ft\u0131r. Ayn\u0131 sene Sezen Aksu\u2019nun sevilen \u015fark\u0131s\u0131 olan \u2018K\u00fc\u00e7\u00fck Bir A\u015fk Masal\u0131\u2019n\u0131 Seden G\u00fcrel ile tekrardan yorumlad\u0131lar.<\/p>\n<p><img loading=\"lazy\" decoding=\"async\" class=\"alignnone size-full wp-image-253084\" src=\"https:\/\/www.tgrthaber.com\/mavikadin\/wp-content\/uploads\/ARZU-2025-10-23T132722.520.jpg\" alt=\"Survivor 2026 Keremcem kimdir? Keremcem ka\u00e7 ya\u015f\u0131nda nereli?\" width=\"1208\" height=\"680\" title=\"\" srcset=\"https:\/\/www.tgrthaber.com\/mavikadin\/wp-content\/uploads\/ARZU-2025-10-23T132722.520.jpg 1208w, https:\/\/www.tgrthaber.com\/mavikadin\/wp-content\/uploads\/ARZU-2025-10-23T132722.520-300x169.jpg 300w, https:\/\/www.tgrthaber.com\/mavikadin\/wp-content\/uploads\/ARZU-2025-10-23T132722.520-1024x576.jpg 1024w, https:\/\/www.tgrthaber.com\/mavikadin\/wp-content\/uploads\/ARZU-2025-10-23T132722.520-768x432.jpg 768w\" sizes=\"(max-width: 1208px) 100vw, 1208px\" \/><\/p>\n<hr \/>\n<p>\u015eimdiler de 47 ya\u015f\u0131nda olan Keremcem, m\u00fczikal anlamda da kendini kan\u0131tlam\u0131\u015f bir isim olarak kar\u015f\u0131m\u0131za \u00e7\u0131k\u0131yor. Hatta \u00f6yle ki bir Disney yap\u0131m\u0131 olan High School Musical 2 filminin alb\u00fcm\u00fcnde iki \u015fark\u0131 seslendirdi.<\/p>\n<p><img loading=\"lazy\" decoding=\"async\" class=\"alignnone size-full wp-image-253083\" src=\"https:\/\/www.tgrthaber.com\/mavikadin\/wp-content\/uploads\/ARZU-2025-10-23T132729.907.jpg\" alt=\"Survivor 2026 Keremcem kimdir? Keremcem ka\u00e7 ya\u015f\u0131nda nereli?\" width=\"1208\" height=\"680\" title=\"\" srcset=\"https:\/\/www.tgrthaber.com\/mavikadin\/wp-content\/uploads\/ARZU-2025-10-23T132729.907.jpg 1208w, https:\/\/www.tgrthaber.com\/mavikadin\/wp-content\/uploads\/ARZU-2025-10-23T132729.907-300x169.jpg 300w, https:\/\/www.tgrthaber.com\/mavikadin\/wp-content\/uploads\/ARZU-2025-10-23T132729.907-1024x576.jpg 1024w, https:\/\/www.tgrthaber.com\/mavikadin\/wp-content\/uploads\/ARZU-2025-10-23T132729.907-768x432.jpg 768w\" sizes=\"(max-width: 1208px) 100vw, 1208px\" \/><\/p>\n<hr \/>\n<p>Animasyonlar\u0131nda aranan sesi olan Keremcem, \u00c7irkin \u00d6rdek Yavrusu adl\u0131 animasyon ile ilk animasyon deneyimi de kazanm\u0131\u015f oldu. Sadece T\u00fcrkiye\u2019de de\u011fil ABD\u2019de de yapt\u0131\u011f\u0131 i\u015fler ile ad\u0131n\u0131 geni\u015f kitlelerce duyuran Keremcem, \u0130stanbul olmak \u00fczere Almanya, K\u0131br\u0131s ve Azerbaycan\u2019da y\u00fczlerce konser verdi.<\/p>\n<h3><img loading=\"lazy\" decoding=\"async\" class=\"alignnone size-full wp-image-253082\" src=\"https:\/\/www.tgrthaber.com\/mavikadin\/wp-content\/uploads\/ARZU-2025-10-23T132741.272.jpg\" alt=\"Survivor 2026 Keremcem kimdir? Keremcem ka\u00e7 ya\u015f\u0131nda nereli?\" width=\"1208\" height=\"680\" title=\"\" srcset=\"https:\/\/www.tgrthaber.com\/mavikadin\/wp-content\/uploads\/ARZU-2025-10-23T132741.272.jpg 1208w, https:\/\/www.tgrthaber.com\/mavikadin\/wp-content\/uploads\/ARZU-2025-10-23T132741.272-300x169.jpg 300w, https:\/\/www.tgrthaber.com\/mavikadin\/wp-content\/uploads\/ARZU-2025-10-23T132741.272-1024x576.jpg 1024w, https:\/\/www.tgrthaber.com\/mavikadin\/wp-content\/uploads\/ARZU-2025-10-23T132741.272-768x432.jpg 768w\" sizes=\"(max-width: 1208px) 100vw, 1208px\" \/><\/h3>\n<hr \/>\n<h3>KEREMCEM NEREL\u0130?<\/h3>\n<p>Ekranlar\u0131n ve sahnelerin sevilen ismi Keremcem, kamuoyunda yazan bilgilere g\u00f6re aslen Milasl\u0131. \u00dcnl\u00fc isim kariyeri ile b\u00fcy\u00fck ba\u015far\u0131lara imza atarken \u00f6zel hayat\u0131 da merak ediliyor. \u00dcnl\u00fc isim Keremcem 2014 y\u0131l\u0131nda oyuncu Seda G\u00fcven ile Paris\u2019te evlenmi\u015fti.<\/p>\n<p><img loading=\"lazy\" decoding=\"async\" class=\"alignnone size-full wp-image-253081\" src=\"https:\/\/www.tgrthaber.com\/mavikadin\/wp-content\/uploads\/ARZU-2025-10-23T132753.558.jpg\" alt=\"Survivor 2026 Keremcem kimdir? Keremcem ka\u00e7 ya\u015f\u0131nda nereli?\" width=\"1208\" height=\"680\" title=\"\" srcset=\"https:\/\/www.tgrthaber.com\/mavikadin\/wp-content\/uploads\/ARZU-2025-10-23T132753.558.jpg 1208w, https:\/\/www.tgrthaber.com\/mavikadin\/wp-content\/uploads\/ARZU-2025-10-23T132753.558-300x169.jpg 300w, https:\/\/www.tgrthaber.com\/mavikadin\/wp-content\/uploads\/ARZU-2025-10-23T132753.558-1024x576.jpg 1024w, https:\/\/www.tgrthaber.com\/mavikadin\/wp-content\/uploads\/ARZU-2025-10-23T132753.558-768x432.jpg 768w\" sizes=\"(max-width: 1208px) 100vw, 1208px\" \/><\/p>\n<hr \/>\n<p>Ancak \u00e7iftin mutlulu\u011fu k\u0131sa s\u00fcrd\u00fc. \u00c7\u00fcnk\u00fc oyuncu Seda G\u00fcven ve Keremcem, 2015 y\u0131l\u0131nda bo\u015fand\u0131lar. \u015eimdilerde kariyerin de emin ad\u0131mlarla ilerleyen Keremcem, Acun Il\u0131cal\u0131\u2019n\u0131n sosyal medyas\u0131ndan payla\u015ft\u0131\u011f\u0131 g\u00f6nderi ile Survivor 2026 sezonuna kat\u0131laca\u011f\u0131 \u00f6\u011frenildi.<\/p>\n","protected":false},"excerpt":{"rendered":"<p>Keremcem kimdir? merak edildi. \u00dcnl\u00fc isim Keremcem, Acun Il\u0131cal\u0131\u2019n\u0131n Survivor 2026 sezonuna kat\u0131laca\u011f\u0131n\u0131 a\u00e7\u0131klamas\u0131yla ara\u015ft\u0131r\u0131lmaya ba\u015fland\u0131. Peki Keremcem kimdir ka\u00e7 ya\u015f\u0131nda? Keremcem nereli? i\u015fte detaylar\u2026<\/p>\n","protected":false},"author":34,"featured_media":253080,"comment_status":"closed","ping_status":"closed","sticky":false,"template":"","format":"standard","meta":{"rank_math_lock_modified_date":false,"footnotes":""},"categories":[491],"tags":[60392,3685,65019,63785],"class_list":["post-253059","post","type-post","status-publish","format-standard","has-post-thumbnail","hentry","category-biyografi","tag-biyografi-haberlri","tag-keremcem","tag-keremcem-survivor-2026","tag-survivor-2026"],"_links":{"self":[{"href":"https:\/\/www.tgrthaber.com\/mavikadin\/wp-json\/wp\/v2\/posts\/253059"}],"collection":[{"href":"https:\/\/www.tgrthaber.com\/mavikadin\/wp-json\/wp\/v2\/posts"}],"about":[{"href":"https:\/\/www.tgrthaber.com\/mavikadin\/wp-json\/wp\/v2\/types\/post"}],"author":[{"embeddable":true,"href":"https:\/\/www.tgrthaber.com\/mavikadin\/wp-json\/wp\/v2\/users\/34"}],"replies":[{"embeddable":true,"href":"https:\/\/www.tgrthaber.com\/mavikadin\/wp-json\/wp\/v2\/comments?post=253059"}],"version-history":[{"count":1,"href":"https:\/\/www.tgrthaber.com\/mavikadin\/wp-json\/wp\/v2\/posts\/253059\/revisions"}],"predecessor-version":[{"id":253090,"href":"https:\/\/www.tgrthaber.com\/mavikadin\/wp-json\/wp\/v2\/posts\/253059\/revisions\/253090"}],"wp:featuredmedia":[{"embeddable":true,"href":"https:\/\/www.tgrthaber.com\/mavikadin\/wp-json\/wp\/v2\/media\/253080"}],"wp:attachment":[{"href":"https:\/\/www.tgrthaber.com\/mavikadin\/wp-json\/wp\/v2\/media?parent=253059"}],"wp:term":[{"taxonomy":"category","embeddable":true,"href":"https:\/\/www.tgrthaber.com\/mavikadin\/wp-json\/wp\/v2\/categories?post=253059"},{"taxonomy":"post_tag","embeddable":true,"href":"https:\/\/www.tgrthaber.com\/mavikadin\/wp-json\/wp\/v2\/tags?post=253059"}],"curies":[{"name":"wp","href":"https:\/\/api.w.org\/{rel}","templated":true}]}}