{"id":253089,"date":"2025-10-23T13:48:21","date_gmt":"2025-10-23T10:48:21","guid":{"rendered":"https:\/\/www.tgrthaber.com\/mavikadin\/?p=253089"},"modified":"2025-10-23T13:48:22","modified_gmt":"2025-10-23T10:48:22","slug":"nese-aksoy-hastaligi-neydi-nese-aksoy-neden-oldu","status":"publish","type":"post","link":"https:\/\/www.tgrthaber.com\/mavikadin\/nese-aksoy-hastaligi-neydi-nese-aksoy-neden-oldu\/","title":{"rendered":"Ne\u015fe Aksoy hastal\u0131\u011f\u0131 neydi? Ne\u015fe Aksoy neden \u00f6ld\u00fc?"},"content":{"rendered":"<p class=\"p2\">Sinema d\u00fcnyas\u0131n\u0131n tan\u0131nm\u0131\u015f isimleri aras\u0131nda yer alan Ne\u015fe Aksoy\u2019un vefat haberi hem sanat d\u00fcnyas\u0131n\u0131 hem de sevenlerini \u00fczd\u00fc. Usta oyuncunun \u00f6l\u00fcm\u00fcn\u00fcn ard\u0131ndan \u2018Ne\u015fe Aksoy neden \u00f6ld\u00fc, hastal\u0131\u011f\u0131 neydi?\u2019 Sorular\u0131n\u0131n cevaplar\u0131 ara\u015ft\u0131r\u0131lmaya ba\u015fland\u0131. \u0130\u015fte Ne\u015fe Aksoy\u2019un \u00f6l\u00fcm haberinin ard\u0131ndan merak edilen sorular\u0131n cevaplar\u0131\u2026<\/p>\n<h3 class=\"p1\">NE\u015eE AKSOY\u2019UN HASTALI\u011eI NEYD\u0130?<\/h3>\n<p class=\"p1\"><a href=\"https:\/\/www.tgrthaber.com\/mavikadin\/nese-aksoy-kimdir-kac-yasinda-nese-aksoy-evli-mi-esi-kim\/\">Ne\u015fe Aksoy<\/a>, ge\u00e7ti\u011fimiz y\u0131l nisan ay\u0131nda sosyal medya hesab\u0131ndan bir g\u00f6nderi yay\u0131nlayarak akci\u011fer kanseri oldu\u011funu duyurmu\u015ftu. 17 Nisan 2024 y\u0131l\u0131nda yay\u0131nlad\u0131\u011f\u0131 bir foto\u011fraf\u0131n alt\u0131na; \u201cBenden duyun istedim\u201d diyerek akci\u011fer kanseri oldu\u011funu duyuran Aksoy, kendisine yakla\u015f\u0131k 10 ay \u00f6nce akci\u011fer kanseri te\u015fhisi konuldu\u011funu ve ya\u015fad\u0131klar\u0131n\u0131 payla\u015fm\u0131\u015ft\u0131.<\/p>\n<p><img loading=\"lazy\" decoding=\"async\" class=\"alignnone wp-image-253099 \" src=\"https:\/\/www.tgrthaber.com\/mavikadin\/wp-content\/uploads\/Ekran-Resmi-2025-10-23-13.42.31-1024x566.png\" alt=\"\" width=\"1605\" height=\"887\" title=\"\" srcset=\"https:\/\/www.tgrthaber.com\/mavikadin\/wp-content\/uploads\/Ekran-Resmi-2025-10-23-13.42.31-1024x566.png 1024w, https:\/\/www.tgrthaber.com\/mavikadin\/wp-content\/uploads\/Ekran-Resmi-2025-10-23-13.42.31-300x166.png 300w, https:\/\/www.tgrthaber.com\/mavikadin\/wp-content\/uploads\/Ekran-Resmi-2025-10-23-13.42.31-768x424.png 768w, https:\/\/www.tgrthaber.com\/mavikadin\/wp-content\/uploads\/Ekran-Resmi-2025-10-23-13.42.31-1536x848.png 1536w, https:\/\/www.tgrthaber.com\/mavikadin\/wp-content\/uploads\/Ekran-Resmi-2025-10-23-13.42.31.png 1854w\" sizes=\"(max-width: 1605px) 100vw, 1605px\" \/><\/p>\n<hr \/>\n<p class=\"p1\">Ne\u015fe Aksoy 2023 y\u0131l\u0131nda kansere yakalanm\u0131\u015f 2024 y\u0131l\u0131nda ameliyat olmu\u015ftu. Akci\u011fer kanseri ile m\u00fccadele eden usta oyuncu 2024 y\u0131l\u0131nda beyninde ve akci\u011ferlerinde yeni yeni kitlelerin tespit edildi\u011fini duyurmu\u015f sevenlerini olduk\u00e7a \u00fczm\u00fc\u015ft\u00fc. Sosyal medya hesab\u0131ndan uzun bir a\u00e7\u0131klama yaparak sa\u011fl\u0131\u011f\u0131 ile ilgili bilgi veren usta oyuncu \u015fu ifadeleri kullanm\u0131\u015ft\u0131:<\/p>\n<p><img loading=\"lazy\" decoding=\"async\" class=\"alignnone wp-image-253068 \" src=\"https:\/\/www.tgrthaber.com\/mavikadin\/wp-content\/uploads\/Ekran-Resmi-2025-10-23-13.15.44-1024x600.png\" alt=\"\" width=\"1609\" height=\"943\" title=\"\" srcset=\"https:\/\/www.tgrthaber.com\/mavikadin\/wp-content\/uploads\/Ekran-Resmi-2025-10-23-13.15.44-1024x600.png 1024w, https:\/\/www.tgrthaber.com\/mavikadin\/wp-content\/uploads\/Ekran-Resmi-2025-10-23-13.15.44-300x176.png 300w, https:\/\/www.tgrthaber.com\/mavikadin\/wp-content\/uploads\/Ekran-Resmi-2025-10-23-13.15.44-768x450.png 768w, https:\/\/www.tgrthaber.com\/mavikadin\/wp-content\/uploads\/Ekran-Resmi-2025-10-23-13.15.44.png 1328w\" sizes=\"(max-width: 1609px) 100vw, 1609px\" \/><\/p>\n<hr \/>\n<p class=\"p1\">\u201cOn ay \u00f6nce, bana akci\u011fer kanseri te\u015fhisi konulunca zorlu bir s\u00fcrece girdim ve yaz\u0131lar\u0131ma ara vermek zorunda kald\u0131m. Biraz toparlan\u0131nca yazar\u0131m dedim ancak son tetkiklerimde ameliyat oldu\u011fum akci\u011ferimde ve beynimde yeni kitleler g\u00f6r\u00fcld\u00fc. Bundan sonra neler olur bilmiyorum. Bug\u00fcne kadar duyulmas\u0131n\u0131 istemedim ama art\u0131k bilinmezlerdeyim. Onun i\u00e7in benden duyun istedim.<\/p>\n<p><img loading=\"lazy\" decoding=\"async\" class=\"alignnone wp-image-253069 \" src=\"https:\/\/www.tgrthaber.com\/mavikadin\/wp-content\/uploads\/Ekran-Resmi-2025-10-23-13.15.50-1024x526.png\" alt=\"\" width=\"1591\" height=\"817\" title=\"\" srcset=\"https:\/\/www.tgrthaber.com\/mavikadin\/wp-content\/uploads\/Ekran-Resmi-2025-10-23-13.15.50-1024x526.png 1024w, https:\/\/www.tgrthaber.com\/mavikadin\/wp-content\/uploads\/Ekran-Resmi-2025-10-23-13.15.50-300x154.png 300w, https:\/\/www.tgrthaber.com\/mavikadin\/wp-content\/uploads\/Ekran-Resmi-2025-10-23-13.15.50-768x394.png 768w, https:\/\/www.tgrthaber.com\/mavikadin\/wp-content\/uploads\/Ekran-Resmi-2025-10-23-13.15.50.png 1414w\" sizes=\"(max-width: 1591px) 100vw, 1591px\" \/><\/p>\n<hr \/>\n<p class=\"p1\">Biz k\u00fc\u00e7\u00fck bir aileydik. Babam\u0131 y\u0131llar \u00f6nce kaybedince, annem ve abimle birbirimize \u00e7ok ba\u011fl\u0131 kenetlenmi\u015f olarak ya\u015fad\u0131k.<\/p>\n<p class=\"p1\">Abimin de benim de evliliklerimiz ve \u00e7ocuklar\u0131m\u0131z oldu ancak biz hi\u00e7 ayr\u0131lmad\u0131k. K\u0131sa bir s\u00fcre \u00f6nce, abimi ve pe\u015finden annemi kaybettim.<\/p>\n<p class=\"p1\">Bu s\u0131k\u0131nt\u0131l\u0131 g\u00fcnlerimde, on bir y\u0131l\u2026 Ayn\u0131 yast\u0131\u011fa ba\u015f koydu\u011fum Skoda\u2019n\u0131n T\u00fcrkiye distrib\u00fct\u00f6r\u2019\u00fc Attila Ahmet Y\u00fcce ile de yollar\u0131m\u0131z\u0131 ay\u0131rd\u0131k. \u0130yi adamd\u0131r Ahmet Y\u00fcce. Her bayram \u00e7al\u0131\u015fanlar\u0131na 29 maa\u015f ikramiye verir ama duygusuzdur.<\/p>\n<p><img loading=\"lazy\" decoding=\"async\" class=\"alignnone wp-image-253100 \" src=\"https:\/\/www.tgrthaber.com\/mavikadin\/wp-content\/uploads\/Ekran-Resmi-2025-10-23-13.42.24-1024x572.png\" alt=\"\" width=\"1702\" height=\"951\" title=\"\" srcset=\"https:\/\/www.tgrthaber.com\/mavikadin\/wp-content\/uploads\/Ekran-Resmi-2025-10-23-13.42.24-1024x572.png 1024w, https:\/\/www.tgrthaber.com\/mavikadin\/wp-content\/uploads\/Ekran-Resmi-2025-10-23-13.42.24-300x168.png 300w, https:\/\/www.tgrthaber.com\/mavikadin\/wp-content\/uploads\/Ekran-Resmi-2025-10-23-13.42.24-768x429.png 768w, https:\/\/www.tgrthaber.com\/mavikadin\/wp-content\/uploads\/Ekran-Resmi-2025-10-23-13.42.24-1536x859.png 1536w, https:\/\/www.tgrthaber.com\/mavikadin\/wp-content\/uploads\/Ekran-Resmi-2025-10-23-13.42.24-2048x1145.png 2048w\" sizes=\"(max-width: 1702px) 100vw, 1702px\" \/><\/p>\n<hr \/>\n<p class=\"p1\">Biz, birbirimize hi\u00e7 yanl\u0131\u015f yapmad\u0131k. Sadece ben yoruldum ve gittim.Hastal\u0131\u011f\u0131m\u0131 ilk duyanlardand\u0131r da bir ge\u00e7mi\u015f olsun diye aramad\u0131. Olsun\u2026ona da buradan selam olsun. Ben g\u00fc\u00e7l\u00fc bir kad\u0131n\u0131m. D\u00fc\u015fer, d\u00fc\u015fer, kalkar, k\u00fcllerimden do\u011far\u0131m. Bunu da yenerim. Ama\u2026 e\u011fer yenilirsem? G\u00f6nl\u00fcmdekileri s\u00f6ylemeden gitmek istemiyorum.<\/p>\n<p><img loading=\"lazy\" decoding=\"async\" class=\"alignnone wp-image-253071 \" src=\"https:\/\/www.tgrthaber.com\/mavikadin\/wp-content\/uploads\/Ekran-Resmi-2025-10-23-13.16.04-1024x594.png\" alt=\"\" width=\"1610\" height=\"934\" title=\"\" srcset=\"https:\/\/www.tgrthaber.com\/mavikadin\/wp-content\/uploads\/Ekran-Resmi-2025-10-23-13.16.04-1024x594.png 1024w, https:\/\/www.tgrthaber.com\/mavikadin\/wp-content\/uploads\/Ekran-Resmi-2025-10-23-13.16.04-300x174.png 300w, https:\/\/www.tgrthaber.com\/mavikadin\/wp-content\/uploads\/Ekran-Resmi-2025-10-23-13.16.04-768x446.png 768w, https:\/\/www.tgrthaber.com\/mavikadin\/wp-content\/uploads\/Ekran-Resmi-2025-10-23-13.16.04.png 1292w\" sizes=\"(max-width: 1610px) 100vw, 1610px\" \/><\/p>\n<hr \/>\n<p class=\"p1\">\u00d6zellikle de sevenlerime ve sevmeyenlerime\u2026 Ya\u015fam\u0131m\u0131n ba\u015flang\u0131c\u0131ndan bug\u00fcne kadar, bir sebeple hayat\u0131ma giren, \u00e7\u0131kan. Beni bu g\u00fcnlere getiren herkese te\u015fekk\u00fcr etmek istiyorum.\u201d<\/p>\n<p><img loading=\"lazy\" decoding=\"async\" class=\"alignnone wp-image-253101 \" src=\"https:\/\/www.tgrthaber.com\/mavikadin\/wp-content\/uploads\/Ekran-Resmi-2025-10-23-13.16.29.png\" alt=\"\" width=\"1602\" height=\"894\" title=\"\" srcset=\"https:\/\/www.tgrthaber.com\/mavikadin\/wp-content\/uploads\/Ekran-Resmi-2025-10-23-13.16.29.png 760w, https:\/\/www.tgrthaber.com\/mavikadin\/wp-content\/uploads\/Ekran-Resmi-2025-10-23-13.16.29-300x167.png 300w\" sizes=\"(max-width: 1602px) 100vw, 1602px\" \/><\/p>\n<hr \/>\n<h3>NE\u015eE AKSOY NEDEN \u00d6LD\u00dc?<\/h3>\n<p>Uzun s\u00fcredir akci\u011fer kanseri ile m\u00fccadele eden usta oyuncu 2024 y\u0131l\u0131nda akci\u011ferlerinde ve beyninde yeni kitlelerin ortaya \u00e7\u0131kt\u0131\u011f\u0131n\u0131 duyurmu\u015ftu. \u0130zmir&#8217;de\u00a0 yatt\u0131\u011f\u0131 hastanede yo\u011fun bir tedavi alan usta oyuncu kansere yenik d\u00fc\u015fm\u00fc\u015ft\u00fcr. Ne\u015fe Aksoy&#8217;un \u00f6l\u00fcm haberinin ard\u0131ndan sevenleri sosyal medyada taziye mesajlar\u0131 payla\u015fmaya ba\u015flad\u0131. Ne\u015fe Aksoy&#8217;un cenaze program\u0131na dair detaylar hen\u00fcz bilinmiyor<\/p>\n","protected":false},"excerpt":{"rendered":"<p>Ye\u015fil\u00e7am\u2019\u0131n unutulmaz isimlerinden biri olan Ne\u015fe Aksoy\u2019un \u00f6l\u00fcm haberi sanat d\u00fcnyas\u0131n\u0131 ve sevenlerini kahretti. Usta oyuncunun vefat haberinin yay\u0131lmas\u0131yla birlikte \u2018Ne\u015fe Aksoy neden \u00f6ld\u00fc? Ne\u015fe Aksoy hastal\u0131\u011f\u0131 neydi? sorular\u0131 g\u00fcndeme geldi. \u0130\u015fte merak edilen sorular\u0131n detayl\u0131 cevab\u0131\u2026 <\/p>\n","protected":false},"author":16,"featured_media":253102,"comment_status":"closed","ping_status":"closed","sticky":false,"template":"","format":"standard","meta":{"rank_math_lock_modified_date":false,"footnotes":""},"categories":[76],"tags":[133,2218,65021,65022],"class_list":["post-253089","post","type-post","status-publish","format-standard","has-post-thumbnail","hentry","category-magazin","tag-magazin","tag-magazin-haberleri","tag-nese-aksoy-hastaligi-neydi","tag-nese-aksoy-neden-oldu"],"_links":{"self":[{"href":"https:\/\/www.tgrthaber.com\/mavikadin\/wp-json\/wp\/v2\/posts\/253089"}],"collection":[{"href":"https:\/\/www.tgrthaber.com\/mavikadin\/wp-json\/wp\/v2\/posts"}],"about":[{"href":"https:\/\/www.tgrthaber.com\/mavikadin\/wp-json\/wp\/v2\/types\/post"}],"author":[{"embeddable":true,"href":"https:\/\/www.tgrthaber.com\/mavikadin\/wp-json\/wp\/v2\/users\/16"}],"replies":[{"embeddable":true,"href":"https:\/\/www.tgrthaber.com\/mavikadin\/wp-json\/wp\/v2\/comments?post=253089"}],"version-history":[{"count":1,"href":"https:\/\/www.tgrthaber.com\/mavikadin\/wp-json\/wp\/v2\/posts\/253089\/revisions"}],"predecessor-version":[{"id":253103,"href":"https:\/\/www.tgrthaber.com\/mavikadin\/wp-json\/wp\/v2\/posts\/253089\/revisions\/253103"}],"wp:featuredmedia":[{"embeddable":true,"href":"https:\/\/www.tgrthaber.com\/mavikadin\/wp-json\/wp\/v2\/media\/253102"}],"wp:attachment":[{"href":"https:\/\/www.tgrthaber.com\/mavikadin\/wp-json\/wp\/v2\/media?parent=253089"}],"wp:term":[{"taxonomy":"category","embeddable":true,"href":"https:\/\/www.tgrthaber.com\/mavikadin\/wp-json\/wp\/v2\/categories?post=253089"},{"taxonomy":"post_tag","embeddable":true,"href":"https:\/\/www.tgrthaber.com\/mavikadin\/wp-json\/wp\/v2\/tags?post=253089"}],"curies":[{"name":"wp","href":"https:\/\/api.w.org\/{rel}","templated":true}]}}