{"id":253116,"date":"2025-10-23T14:16:05","date_gmt":"2025-10-23T11:16:05","guid":{"rendered":"https:\/\/www.tgrthaber.com\/mavikadin\/?p=253116"},"modified":"2025-10-23T14:16:06","modified_gmt":"2025-10-23T11:16:06","slug":"masterchefte-herkesi-gulduren-anlar-sefler-de-ne-diyecegini-bilemedi-yarismacinin-o-hareketi-studyoyu-kirdi-gecirdi","status":"publish","type":"post","link":"https:\/\/www.tgrthaber.com\/mavikadin\/masterchefte-herkesi-gulduren-anlar-sefler-de-ne-diyecegini-bilemedi-yarismacinin-o-hareketi-studyoyu-kirdi-gecirdi\/","title":{"rendered":"MasterChef&#8217;te herkesi g\u00fcld\u00fcren anlar! \u015eefler de ne diyece\u011fini bilemedi, yar\u0131\u015fmac\u0131n\u0131n o hareketi st\u00fcdyoyu k\u0131rd\u0131 ge\u00e7irdi"},"content":{"rendered":"<p class=\"p1\">MasterChef T\u00fcrkiye\u2019de 3 dokunulmazl\u0131k oyunu oynand\u0131. Haftan\u0131n ba\u015f\u0131ndan beri mavi tak\u0131m\u0131n kazand\u0131\u011f\u0131 dokunulmazl\u0131k oyununun galibi bu sefer k\u0131rm\u0131z\u0131 tak\u0131m oldu. Mavi tak\u0131m kendi i\u00e7inde eleme adaylar\u0131 belirledi. Bireysel dokunulmazl\u0131\u011f\u0131 kazanan \u00c7a\u011fatay, \u00c7a\u011flar\u2019\u0131 eleme potas\u0131na g\u00f6nderdi. Gecenin sonunda bir oylama daha yap\u0131ld\u0131 ve 6. eleme aday\u0131 Hakan oldu. Mangal konsepti ile ekrana gelen MasterChef\u2019te izleyicileri g\u00fcl\u00fcmseten anlar da ya\u015fand\u0131. Sinir \u00e7\u0131k\u0131\u015flar\u0131 ile g\u00fcndeme gelen Gizem yapt\u0131\u011f\u0131 hareketle \u015fefleri de g\u00fcld\u00fcrd\u00fc.<\/p>\n<h3>MASTERCHEF&#8217;TE HERKES\u0130 G\u00dcLD\u00dcREN ANLAR! \u015eEFLER DE NE D\u0130YECE\u011e\u0130N\u0130 B\u0130LEMED\u0130<\/h3>\n<p class=\"p2\">Ekranlar\u0131n sevilerek seyredilen yar\u0131\u015fma program <a href=\"https:\/\/www.tgrthaber.com\/mavikadin\/masterchefte-karadenizin-efsane-lezzeti-etli-kara-lahana-tarifi-sefler-sirrini-verdi-puf-noktasi-buymus\/\">MasterChef<\/a> T\u00fcrkiye\u2019de son olarak 5. Ve 6. Eleme adaylar\u0131 belli oldu Mnagal yemekleri konsepti ile ekranlara gelen programda e\u011flenceli anlar ya\u015fand\u0131. 2 dokunulmazl\u0131k kazanan mavi tak\u0131m d\u00fcn ak\u015fam yay\u0131nlanan b\u00f6l\u00fcmde ma\u011flup oldu.<\/p>\n<p><img loading=\"lazy\" decoding=\"async\" class=\"alignnone wp-image-253125 \" src=\"https:\/\/www.tgrthaber.com\/mavikadin\/wp-content\/uploads\/Ekran-Resmi-2025-10-23-14.05.19-1024x567.png\" alt=\"\" width=\"1629\" height=\"902\" title=\"\" srcset=\"https:\/\/www.tgrthaber.com\/mavikadin\/wp-content\/uploads\/Ekran-Resmi-2025-10-23-14.05.19-1024x567.png 1024w, https:\/\/www.tgrthaber.com\/mavikadin\/wp-content\/uploads\/Ekran-Resmi-2025-10-23-14.05.19-300x166.png 300w, https:\/\/www.tgrthaber.com\/mavikadin\/wp-content\/uploads\/Ekran-Resmi-2025-10-23-14.05.19-768x425.png 768w, https:\/\/www.tgrthaber.com\/mavikadin\/wp-content\/uploads\/Ekran-Resmi-2025-10-23-14.05.19-1536x851.png 1536w, https:\/\/www.tgrthaber.com\/mavikadin\/wp-content\/uploads\/Ekran-Resmi-2025-10-23-14.05.19.png 1632w\" sizes=\"(max-width: 1629px) 100vw, 1629px\" \/><\/p>\n<hr \/>\n<p class=\"p2\">Mavi tak\u0131m kendi i\u00e7erisinde eleme oylamas\u0131 ger\u00e7ekle\u015ftirdi. K\u0131yas\u0131ya m\u00fccadelenin ya\u015fand\u0131\u011f\u0131 programda g\u00fcl\u00fcmseten anlar da ya\u015fand\u0131. Yar\u0131\u015fmac\u0131lardan Gizem\u2019in yapt\u0131\u011f\u0131 bir hareket st\u00fcdyoyu k\u0131rd\u0131 ge\u00e7irdi.<span class=\"Apple-converted-space\">\u00a0 <\/span>Sivri dili ve dobra a\u00e7\u0131klamalar\u0131 ile dikkat \u00e7eken yar\u0131\u015fmac\u0131 Gizem mangal yaparken ilgin\u00e7 bir takti\u011fe ba\u015fvurdu ve<span class=\"Apple-converted-space\">\u00a0 <\/span>alt\u0131na k\u00fcvetlerden birini ters \u00e7evirerek koyup, &#8216;Bak\u0131n boyum uzad\u0131&#8217; \u00e7\u0131k\u0131\u015f\u0131yla herkesi g\u00fcld\u00fcrd\u00fc.<\/p>\n<div style=\"width: 640px;\" class=\"wp-video\"><!--[if lt IE 9]><script>document.createElement('video');<\/script><![endif]-->\n<video class=\"wp-video-shortcode\" id=\"video-253116-1\" width=\"640\" height=\"360\" preload=\"metadata\" controls=\"controls\"><source type=\"video\/mp4\" src=\"https:\/\/www.tgrthaber.com\/mavikadin\/wp-content\/uploads\/mastergszem.mp4?_=1\" \/><a href=\"https:\/\/www.tgrthaber.com\/mavikadin\/wp-content\/uploads\/mastergszem.mp4\">https:\/\/www.tgrthaber.com\/mavikadin\/wp-content\/uploads\/mastergszem.mp4<\/a><\/video><\/div>\n<h3 class=\"p1\">MASTERCHEF DOKUNULMAZLIK OYUNUNU HANG\u0130 TAKIM KAZANDI?<\/h3>\n<p class=\"p1\">Masterchef dokunulmazl\u0131k oyununu kazanan k\u0131rm\u0131z\u0131 tak\u0131m oldu. K\u0131rm\u0131z\u0131 tak\u0131mdan 5. ve 6. eleme aday\u0131 se\u00e7ildi.<\/p>\n<p><img loading=\"lazy\" decoding=\"async\" class=\"alignnone wp-image-253117 \" src=\"https:\/\/www.tgrthaber.com\/mavikadin\/wp-content\/uploads\/Ekran-Resmi-2025-10-23-05.48.36-2-1024x579.png\" alt=\"\" width=\"1601\" height=\"905\" title=\"\" srcset=\"https:\/\/www.tgrthaber.com\/mavikadin\/wp-content\/uploads\/Ekran-Resmi-2025-10-23-05.48.36-2-1024x579.png 1024w, https:\/\/www.tgrthaber.com\/mavikadin\/wp-content\/uploads\/Ekran-Resmi-2025-10-23-05.48.36-2-300x170.png 300w, https:\/\/www.tgrthaber.com\/mavikadin\/wp-content\/uploads\/Ekran-Resmi-2025-10-23-05.48.36-2-768x434.png 768w, https:\/\/www.tgrthaber.com\/mavikadin\/wp-content\/uploads\/Ekran-Resmi-2025-10-23-05.48.36-2-1536x868.png 1536w, https:\/\/www.tgrthaber.com\/mavikadin\/wp-content\/uploads\/Ekran-Resmi-2025-10-23-05.48.36-2.png 1702w\" sizes=\"(max-width: 1601px) 100vw, 1601px\" \/><\/p>\n<hr \/>\n<h3 class=\"p1\">MASTERCHEF 5. VE 6 ELEME ADAYLARI K\u0130MLER OLDU?<\/h3>\n<p class=\"p1\">MasterChef 5. Ve 6. Eleme adaylar\u0131 \u00c7a\u011flar ve Hakan oldu.<\/p>\n<p><img loading=\"lazy\" decoding=\"async\" class=\"alignnone wp-image-253118 \" src=\"https:\/\/www.tgrthaber.com\/mavikadin\/wp-content\/uploads\/Ekran-Resmi-2025-10-23-14.05.27-1024x572.png\" alt=\"\" width=\"1617\" height=\"903\" title=\"\" srcset=\"https:\/\/www.tgrthaber.com\/mavikadin\/wp-content\/uploads\/Ekran-Resmi-2025-10-23-14.05.27-1024x572.png 1024w, https:\/\/www.tgrthaber.com\/mavikadin\/wp-content\/uploads\/Ekran-Resmi-2025-10-23-14.05.27-300x168.png 300w, https:\/\/www.tgrthaber.com\/mavikadin\/wp-content\/uploads\/Ekran-Resmi-2025-10-23-14.05.27-768x429.png 768w, https:\/\/www.tgrthaber.com\/mavikadin\/wp-content\/uploads\/Ekran-Resmi-2025-10-23-14.05.27-1536x858.png 1536w, https:\/\/www.tgrthaber.com\/mavikadin\/wp-content\/uploads\/Ekran-Resmi-2025-10-23-14.05.27.png 1654w\" sizes=\"(max-width: 1617px) 100vw, 1617px\" \/><\/p>\n<hr \/>\n<h3 class=\"p1\">MASTERCHEF ELEME ADAYI K\u0130M OLDU?<\/h3>\n<p class=\"p1\">Haftan\u0131n 3. ve 4. eleme aday\u0131 k\u0131rm\u0131z\u0131 tak\u0131mdan Nisa ve Bar\u0131\u015f se\u00e7ildi.<\/p>\n<h3 class=\"p1\">MASTERCHEF ELEME POTASI<\/h3>\n<p class=\"p1\">Eleme adaylar\u0131\u00a0<b>Asl\u0131, S\u00fcmeyye, Nisa ve Bar\u0131\u015f, \u00c7a\u011flar, Hakan <\/b>\u00a0oldu.<\/p>\n<p><img loading=\"lazy\" decoding=\"async\" class=\"alignnone wp-image-253119 \" src=\"https:\/\/www.tgrthaber.com\/mavikadin\/wp-content\/uploads\/Ekran-Resmi-2025-10-23-05.49.51-1-1024x694.png\" alt=\"\" width=\"1599\" height=\"1084\" title=\"\" srcset=\"https:\/\/www.tgrthaber.com\/mavikadin\/wp-content\/uploads\/Ekran-Resmi-2025-10-23-05.49.51-1-1024x694.png 1024w, https:\/\/www.tgrthaber.com\/mavikadin\/wp-content\/uploads\/Ekran-Resmi-2025-10-23-05.49.51-1-300x203.png 300w, https:\/\/www.tgrthaber.com\/mavikadin\/wp-content\/uploads\/Ekran-Resmi-2025-10-23-05.49.51-1-768x520.png 768w, https:\/\/www.tgrthaber.com\/mavikadin\/wp-content\/uploads\/Ekran-Resmi-2025-10-23-05.49.51-1.png 1420w\" sizes=\"(max-width: 1599px) 100vw, 1599px\" \/><\/p>\n<hr \/>\n<h3 class=\"p1\">MASTERCHEF BU HAFTANIN KAPTANLARI K\u0130MLER OLDU?<\/h3>\n<p class=\"p1\">Haftan\u0131n kaptanlar\u0131 Ayten ve Nisa se\u00e7ildi. Ayten mavi tak\u0131m, Nisa k\u0131rm\u0131z\u0131 tak\u0131m kaptan\u0131 oldu.<\/p>\n<p class=\"p1\"><strong>MAV\u0130 TAKIM<\/strong><\/p>\n<p class=\"p1\">Ayten (Kaptan)<\/p>\n<p class=\"p1\">Hakan<\/p>\n<p class=\"p1\">\u00d6zkan<\/p>\n<p class=\"p1\">\u00c7a\u011fatay<\/p>\n<p class=\"p1\">Mert<\/p>\n<p class=\"p1\">Sezer<\/p>\n<p class=\"p1\">Eyl\u00fcl<\/p>\n<p class=\"p1\">\u00c7a\u011flar<\/p>\n<p><img loading=\"lazy\" decoding=\"async\" class=\"alignnone wp-image-253120 \" src=\"https:\/\/www.tgrthaber.com\/mavikadin\/wp-content\/uploads\/Ekran-Resmi-2025-10-23-05.49.21-1-1024x697.png\" alt=\"\" width=\"1615\" height=\"1099\" title=\"\" srcset=\"https:\/\/www.tgrthaber.com\/mavikadin\/wp-content\/uploads\/Ekran-Resmi-2025-10-23-05.49.21-1-1024x697.png 1024w, https:\/\/www.tgrthaber.com\/mavikadin\/wp-content\/uploads\/Ekran-Resmi-2025-10-23-05.49.21-1-300x204.png 300w, https:\/\/www.tgrthaber.com\/mavikadin\/wp-content\/uploads\/Ekran-Resmi-2025-10-23-05.49.21-1-768x523.png 768w, https:\/\/www.tgrthaber.com\/mavikadin\/wp-content\/uploads\/Ekran-Resmi-2025-10-23-05.49.21-1.png 1336w\" sizes=\"(max-width: 1615px) 100vw, 1615px\" \/><\/p>\n<hr \/>\n<p class=\"p1\"><strong>KIRMIZI TAKIM<\/strong><\/p>\n<p class=\"p1\">Nisa (Kaptan)<\/p>\n<p class=\"p1\">Furkan<\/p>\n<p class=\"p1\">Gizem<\/p>\n<p class=\"p1\">S\u00fcmeyye<\/p>\n<p class=\"p1\">Ayla<\/p>\n<p class=\"p1\">Murat Can<\/p>\n<p class=\"p1\">Bar\u0131\u015f<\/p>\n<p><img loading=\"lazy\" decoding=\"async\" class=\"alignnone wp-image-253122 \" src=\"https:\/\/www.tgrthaber.com\/mavikadin\/wp-content\/uploads\/Ekran-Resmi-2025-10-23-05.50.13-2-1024x662.png\" alt=\"\" width=\"1610\" height=\"1041\" title=\"\" srcset=\"https:\/\/www.tgrthaber.com\/mavikadin\/wp-content\/uploads\/Ekran-Resmi-2025-10-23-05.50.13-2-1024x662.png 1024w, https:\/\/www.tgrthaber.com\/mavikadin\/wp-content\/uploads\/Ekran-Resmi-2025-10-23-05.50.13-2-300x194.png 300w, https:\/\/www.tgrthaber.com\/mavikadin\/wp-content\/uploads\/Ekran-Resmi-2025-10-23-05.50.13-2-768x497.png 768w, https:\/\/www.tgrthaber.com\/mavikadin\/wp-content\/uploads\/Ekran-Resmi-2025-10-23-05.50.13-2.png 1450w\" sizes=\"(max-width: 1610px) 100vw, 1610px\" \/><\/p>\n<hr \/>\n<h3 class=\"p1\">MASTERCHEF ELENEN YARI\u015eMACI 18 EK\u0130M<\/h3>\n<p class=\"p1\">MasterChef&#8217;te hayallerine veda isim\u00a0<b>Cansu<\/b>\u00a0oldu.<\/p>\n","protected":false},"excerpt":{"rendered":"<p>Ekranlar\u0131n sevilen program\u0131 MasterChef kavgalar\u0131, kaoslar\u0131 ve g\u00fcl\u00fcmseten anlar\u0131 ile reyting rekoru k\u0131rmaya devam ediyor. TV8&#8217;in fenomen yar\u0131\u015fma program\u0131 MasterChef son b\u00f6l\u00fcmde bu sefer herkesi g\u00fcl\u00fcmseten anlar ya\u015fand\u0131. Yar\u0131\u015fmac\u0131lardan Gizem&#8217;in yapt\u0131\u011f\u0131 bir hareket \u015fefleri ve st\u00fcdyodakileri k\u0131rd\u0131 ge\u00e7irdi. <\/p>\n","protected":false},"author":16,"featured_media":253126,"comment_status":"closed","ping_status":"closed","sticky":false,"template":"","format":"standard","meta":{"rank_math_lock_modified_date":false,"footnotes":""},"categories":[76],"tags":[133,2218,65024,26982],"class_list":["post-253116","post","type-post","status-publish","format-standard","has-post-thumbnail","hentry","category-magazin","tag-magazin","tag-magazin-haberleri","tag-masterchef-gulduren-anlar","tag-masterchef-haberleri"],"_links":{"self":[{"href":"https:\/\/www.tgrthaber.com\/mavikadin\/wp-json\/wp\/v2\/posts\/253116"}],"collection":[{"href":"https:\/\/www.tgrthaber.com\/mavikadin\/wp-json\/wp\/v2\/posts"}],"about":[{"href":"https:\/\/www.tgrthaber.com\/mavikadin\/wp-json\/wp\/v2\/types\/post"}],"author":[{"embeddable":true,"href":"https:\/\/www.tgrthaber.com\/mavikadin\/wp-json\/wp\/v2\/users\/16"}],"replies":[{"embeddable":true,"href":"https:\/\/www.tgrthaber.com\/mavikadin\/wp-json\/wp\/v2\/comments?post=253116"}],"version-history":[{"count":2,"href":"https:\/\/www.tgrthaber.com\/mavikadin\/wp-json\/wp\/v2\/posts\/253116\/revisions"}],"predecessor-version":[{"id":253135,"href":"https:\/\/www.tgrthaber.com\/mavikadin\/wp-json\/wp\/v2\/posts\/253116\/revisions\/253135"}],"wp:featuredmedia":[{"embeddable":true,"href":"https:\/\/www.tgrthaber.com\/mavikadin\/wp-json\/wp\/v2\/media\/253126"}],"wp:attachment":[{"href":"https:\/\/www.tgrthaber.com\/mavikadin\/wp-json\/wp\/v2\/media?parent=253116"}],"wp:term":[{"taxonomy":"category","embeddable":true,"href":"https:\/\/www.tgrthaber.com\/mavikadin\/wp-json\/wp\/v2\/categories?post=253116"},{"taxonomy":"post_tag","embeddable":true,"href":"https:\/\/www.tgrthaber.com\/mavikadin\/wp-json\/wp\/v2\/tags?post=253116"}],"curies":[{"name":"wp","href":"https:\/\/api.w.org\/{rel}","templated":true}]}}