{"id":253137,"date":"2025-10-23T14:32:08","date_gmt":"2025-10-23T11:32:08","guid":{"rendered":"https:\/\/www.tgrthaber.com\/mavikadin\/?p=253137"},"modified":"2025-10-23T14:34:19","modified_gmt":"2025-10-23T11:34:19","slug":"bahar-dizisinde-akisi-degistirecek-oyuncu-geliyor-reytingler-firlayacak","status":"publish","type":"post","link":"https:\/\/www.tgrthaber.com\/mavikadin\/bahar-dizisinde-akisi-degistirecek-oyuncu-geliyor-reytingler-firlayacak\/","title":{"rendered":"Bahar dizisinde ak\u0131\u015f\u0131 de\u011fi\u015ftirecek oyuncu geliyor! Reytingler f\u0131rlayacak"},"content":{"rendered":"<p>Show TV ekranlar\u0131n\u0131n reyting rekortmeni dizisi Bahar\u2019a ak\u0131\u015f\u0131 de\u011fi\u015ftirecek ba\u015far\u0131l\u0131 bir oyuncu geliyor. Sal\u0131 ak\u015famlar\u0131n\u0131n b\u00fcy\u00fck bir ilgiyle takip edilen dizisinde reytingler tavan yapacak! Konusu ve g\u00fc\u00e7l\u00fc oyuncu kadrosuyla dikkatleri \u00fczerine \u00e7ekmeye devam eden diziye bomba bir transfer ger\u00e7ekle\u015fti. Oyuncu kadrosunu geni\u015fletmeye devam eden diziye bak\u0131n kim dahil oldu! \u0130\u015fte Bahar dizisinde reytingleri tavan yapacak ve ak\u0131\u015f\u0131 de\u011fi\u015ftirecek o oyuncu\u2026<\/p>\n<h3>BAHAR D\u0130Z\u0130S\u0130NDE ANIL \u0130LTER AKI\u015eI DE\u011e\u0130\u015eT\u0130RECEK!<\/h3>\n<p>Televizyon ekranlar\u0131n\u0131n vazge\u00e7ilmez dizisi Bahar\u2019a bomba bir oyuncu transferi ger\u00e7ekle\u015fti. Gazeteci Birsen Altunta\u015f\u2019\u0131n haberine g\u00f6re; ba\u015far\u0131l\u0131 oyuncu An\u0131l \u0130lter, \u2018Bahar: \u00c7i\u00e7ek A\u00e7maya Haz\u0131r M\u0131s\u0131n?\u2019 dizisinin oyuncu kadrosuna dahil oldu. Bahar\u2019da An\u0131l \u0130lter\u2019in dizinin ak\u0131\u015f\u0131n\u0131 de\u011fi\u015ftirece\u011fi s\u00f6yleniyor.<\/p>\n<p><img loading=\"lazy\" decoding=\"async\" class=\"size-full wp-image-253138\" src=\"https:\/\/www.tgrthaber.com\/mavikadin\/wp-content\/uploads\/anil-ilter-2.jpg\" alt=\"Bahar dizisinde ak\u0131\u015f\u0131 de\u011fi\u015ftirecek oyuncu geliyor! Reytingler f\u0131rlayacak\" width=\"1208\" height=\"680\" title=\"\" srcset=\"https:\/\/www.tgrthaber.com\/mavikadin\/wp-content\/uploads\/anil-ilter-2.jpg 1208w, https:\/\/www.tgrthaber.com\/mavikadin\/wp-content\/uploads\/anil-ilter-2-300x169.jpg 300w, https:\/\/www.tgrthaber.com\/mavikadin\/wp-content\/uploads\/anil-ilter-2-1024x576.jpg 1024w, https:\/\/www.tgrthaber.com\/mavikadin\/wp-content\/uploads\/anil-ilter-2-768x432.jpg 768w\" sizes=\"(max-width: 1208px) 100vw, 1208px\" \/><\/p>\n<hr \/>\n<p><a href=\"https:\/\/www.tgrthaber.com\/mavikadin\/bahar-dizisinde-seren-hapse-mi-girecek-bahar-dizisinde-seren-kimdir-seren-ne-olacak\/\">Bahar dizisi<\/a> Show TV ekranlar\u0131nda 3. sezonuyla izleyici kar\u015f\u0131s\u0131na \u00e7\u0131k\u0131yor. Yay\u0131nland\u0131\u011f\u0131 g\u00fcnden bu yana b\u00fcy\u00fck bir ilgiyle takip edilen dizi oyuncu kadrosunu b\u00fcy\u00fct\u00fcyor. Sal\u0131 ak\u015famlar\u0131n\u0131n reyting rekortmeni dizisine yeni oyuncu kat\u0131l\u0131yor. Ba\u015far\u0131l\u0131 oyunculuk kariyeriyle ad\u0131ndan s\u00f6z ettiren An\u0131l \u0130lter, Bahar dizisinde dengeleri de\u011fi\u015ftirmeye geliyor.<\/p>\n<p><img loading=\"lazy\" decoding=\"async\" class=\"size-full wp-image-253142\" src=\"https:\/\/www.tgrthaber.com\/mavikadin\/wp-content\/uploads\/anil-ilter-6.jpg\" alt=\"Bahar dizisinde ak\u0131\u015f\u0131 de\u011fi\u015ftirecek oyuncu geliyor! Reytingler f\u0131rlayacak\" width=\"1208\" height=\"680\" title=\"\" srcset=\"https:\/\/www.tgrthaber.com\/mavikadin\/wp-content\/uploads\/anil-ilter-6.jpg 1208w, https:\/\/www.tgrthaber.com\/mavikadin\/wp-content\/uploads\/anil-ilter-6-300x169.jpg 300w, https:\/\/www.tgrthaber.com\/mavikadin\/wp-content\/uploads\/anil-ilter-6-1024x576.jpg 1024w, https:\/\/www.tgrthaber.com\/mavikadin\/wp-content\/uploads\/anil-ilter-6-768x432.jpg 768w\" sizes=\"(max-width: 1208px) 100vw, 1208px\" \/><\/p>\n<hr \/>\n<p>Ge\u00e7ti\u011fimiz iki sezon b\u00fcy\u00fck bir ilgiyle takip edilen dizi, reytinglerdeki ba\u015far\u0131s\u0131n\u0131 s\u00fcrd\u00fcr\u00fcyor. Fenomen dizinin yeni b\u00f6l\u00fcmleri de b\u00fcy\u00fck bir merakla bekleniyor. Her yeni b\u00f6l\u00fcm\u00fcyle izleyicileri ekran ba\u015f\u0131na kilitlemeyi ba\u015faran dizi, bu kez bomba transferiyle konu\u015fuluyor.<\/p>\n<p><img loading=\"lazy\" decoding=\"async\" class=\"size-full wp-image-253143\" src=\"https:\/\/www.tgrthaber.com\/mavikadin\/wp-content\/uploads\/anil-ilter-7.jpg\" alt=\"Bahar dizisinde ak\u0131\u015f\u0131 de\u011fi\u015ftirecek oyuncu geliyor! Reytingler f\u0131rlayacak\" width=\"1208\" height=\"680\" title=\"\" srcset=\"https:\/\/www.tgrthaber.com\/mavikadin\/wp-content\/uploads\/anil-ilter-7.jpg 1208w, https:\/\/www.tgrthaber.com\/mavikadin\/wp-content\/uploads\/anil-ilter-7-300x169.jpg 300w, https:\/\/www.tgrthaber.com\/mavikadin\/wp-content\/uploads\/anil-ilter-7-1024x576.jpg 1024w, https:\/\/www.tgrthaber.com\/mavikadin\/wp-content\/uploads\/anil-ilter-7-768x432.jpg 768w\" sizes=\"(max-width: 1208px) 100vw, 1208px\" \/><\/p>\n<hr \/>\n<p>Son olarak Kanal D ekranlar\u0131n\u0131n reyting rekortmeni dizisi Uzak \u015eehir\u2019de \u2018U\u011fur\u2019 karakteriyle dikkatleri \u00fczerine \u00e7eken An\u0131l \u0130lter, \u015fimdilerde MF Yap\u0131m imzal\u0131 <a href=\"https:\/\/www.tgrthaber.com\/mavikadin\/bahar-dizisi-cekimleri-durduruldu-demet-evgar-apar-topar-gozaltina-alindi\/\">Bahar<\/a> dizisinde boy g\u00f6stermeye haz\u0131rlan\u0131yor. An\u0131l \u0130lter\u2019in Bahar dizisindeki performans\u0131 ise \u015fimdiden merak ediliyor.<\/p>\n<p><img loading=\"lazy\" decoding=\"async\" class=\"size-full wp-image-253145\" src=\"https:\/\/www.tgrthaber.com\/mavikadin\/wp-content\/uploads\/anil-ilter-1.jpg\" alt=\"Bahar dizisinde ak\u0131\u015f\u0131 de\u011fi\u015ftirecek oyuncu geliyor! Reytingler f\u0131rlayacak\" width=\"1208\" height=\"680\" title=\"\" srcset=\"https:\/\/www.tgrthaber.com\/mavikadin\/wp-content\/uploads\/anil-ilter-1.jpg 1208w, https:\/\/www.tgrthaber.com\/mavikadin\/wp-content\/uploads\/anil-ilter-1-300x169.jpg 300w, https:\/\/www.tgrthaber.com\/mavikadin\/wp-content\/uploads\/anil-ilter-1-1024x576.jpg 1024w, https:\/\/www.tgrthaber.com\/mavikadin\/wp-content\/uploads\/anil-ilter-1-768x432.jpg 768w\" sizes=\"(max-width: 1208px) 100vw, 1208px\" \/><\/p>\n<hr \/>\n<h3>BAHAR D\u0130Z\u0130S\u0130NDE ANIL \u0130LTER\u2019\u0130N OYNADI\u011eI \u00c7A\u011eLAR KARAKTER\u0130 REYT\u0130NGLER\u0130 FIRLATACAK!<\/h3>\n<p>Asena B\u00fclb\u00fclo\u011flu\u2019nun yap\u0131mc\u0131l\u0131\u011f\u0131n\u0131 \u00fcstlendi\u011fi, Mehmet Can Bindal\u2019\u0131n y\u00f6netti\u011fi, Rana Mamatl\u0131o\u011flu ve Bekir Baran S\u0131tk\u0131\u2019n\u0131n yazd\u0131\u011f\u0131 \u2018<a href=\"https:\/\/www.tgrthaber.com\/mavikadin\/bahar-dizisinde-seherin-urasi-tokatladigi-sahne-sosyal-medyanin-gundeme-oturdu-sehere-destek-mesajlari-yagdi\/\">Bahar<\/a>: \u00c7i\u00e7ek A\u00e7maya Haz\u0131r M\u0131s\u0131n?\u2019 dizisine ba\u015far\u0131l\u0131 ve yak\u0131\u015f\u0131kl\u0131 oyuncu An\u0131l \u0130lter, \u2018Kad\u0131n Do\u011fum Uzman\u0131 Profes\u00f6r \u00c7a\u011flar I\u015f\u0131ktan\u2019 karakteriyle dahil oldu.<\/p>\n<p><img loading=\"lazy\" decoding=\"async\" class=\"size-full wp-image-253144\" src=\"https:\/\/www.tgrthaber.com\/mavikadin\/wp-content\/uploads\/anil-ilter-8.jpg\" alt=\"Bahar dizisinde ak\u0131\u015f\u0131 de\u011fi\u015ftirecek oyuncu geliyor! Reytingler f\u0131rlayacak\" width=\"1208\" height=\"680\" title=\"\" srcset=\"https:\/\/www.tgrthaber.com\/mavikadin\/wp-content\/uploads\/anil-ilter-8.jpg 1208w, https:\/\/www.tgrthaber.com\/mavikadin\/wp-content\/uploads\/anil-ilter-8-300x169.jpg 300w, https:\/\/www.tgrthaber.com\/mavikadin\/wp-content\/uploads\/anil-ilter-8-1024x576.jpg 1024w, https:\/\/www.tgrthaber.com\/mavikadin\/wp-content\/uploads\/anil-ilter-8-768x432.jpg 768w\" sizes=\"(max-width: 1208px) 100vw, 1208px\" \/><\/p>\n<hr \/>\n<p><a href=\"https:\/\/www.tgrthaber.com\/mavikadin\/bahar-dizisi-son-bolumde-neler-oldu-bahar-53-bolum-fragmani-yayinlandi-mi\/\">Bahar<\/a> dizisinde dengeleri de\u011fi\u015ftirecek \u00c7a\u011flar I\u015f\u0131ktan karakteri, reytingleri zirveye ta\u015f\u0131yacak. G\u00fcney Kore yap\u0131m\u0131 olan Doctor Cha\u2019dan uyarlanarak seyirciyle bulu\u015fan dizide \u00c7a\u011flar I\u015f\u0131ktan karakteri, Renginle partner olacak. Amerika\u2019ya doktoras\u0131n\u0131 tamamlamak i\u00e7in giden \u0130lter, Rengin\u2019le orada tan\u0131\u015fm\u0131\u015f olacak.<\/p>\n<p><img loading=\"lazy\" decoding=\"async\" class=\"size-full wp-image-253140\" src=\"https:\/\/www.tgrthaber.com\/mavikadin\/wp-content\/uploads\/anil-ilter-4.jpg\" alt=\"Bahar dizisinde ak\u0131\u015f\u0131 de\u011fi\u015ftirecek oyuncu geliyor! Reytingler f\u0131rlayacak\" width=\"1208\" height=\"680\" title=\"\" srcset=\"https:\/\/www.tgrthaber.com\/mavikadin\/wp-content\/uploads\/anil-ilter-4.jpg 1208w, https:\/\/www.tgrthaber.com\/mavikadin\/wp-content\/uploads\/anil-ilter-4-300x169.jpg 300w, https:\/\/www.tgrthaber.com\/mavikadin\/wp-content\/uploads\/anil-ilter-4-1024x576.jpg 1024w, https:\/\/www.tgrthaber.com\/mavikadin\/wp-content\/uploads\/anil-ilter-4-768x432.jpg 768w\" sizes=\"(max-width: 1208px) 100vw, 1208px\" \/><\/p>\n","protected":false},"excerpt":{"rendered":"<p>Bahar dizisine bomba bir transfer ger\u00e7ekle\u015fti. Show TV ekranlar\u0131n\u0131n b\u00fcy\u00fck bir ilgiyle takip edilen dizisine ak\u0131\u015f\u0131 de\u011fi\u015ftirecek yeni bir oyuncu dahil oldu. Peki, reytingleri f\u0131rlatacak yeni oyuncu kim? \u0130\u015fte detaylar\u2026<\/p>\n","protected":false},"author":26,"featured_media":253139,"comment_status":"closed","ping_status":"closed","sticky":false,"template":"","format":"standard","meta":{"rank_math_lock_modified_date":false,"footnotes":""},"categories":[602],"tags":[9606,65026,614,65025,2452],"class_list":["post-253137","post","type-post","status-publish","format-standard","has-post-thumbnail","hentry","category-diziler","tag-anil-ilter","tag-anil-ilter-bahar-dizi","tag-bahar","tag-bahar-caglar-isiktan","tag-bahar-dizisi"],"_links":{"self":[{"href":"https:\/\/www.tgrthaber.com\/mavikadin\/wp-json\/wp\/v2\/posts\/253137"}],"collection":[{"href":"https:\/\/www.tgrthaber.com\/mavikadin\/wp-json\/wp\/v2\/posts"}],"about":[{"href":"https:\/\/www.tgrthaber.com\/mavikadin\/wp-json\/wp\/v2\/types\/post"}],"author":[{"embeddable":true,"href":"https:\/\/www.tgrthaber.com\/mavikadin\/wp-json\/wp\/v2\/users\/26"}],"replies":[{"embeddable":true,"href":"https:\/\/www.tgrthaber.com\/mavikadin\/wp-json\/wp\/v2\/comments?post=253137"}],"version-history":[{"count":3,"href":"https:\/\/www.tgrthaber.com\/mavikadin\/wp-json\/wp\/v2\/posts\/253137\/revisions"}],"predecessor-version":[{"id":253148,"href":"https:\/\/www.tgrthaber.com\/mavikadin\/wp-json\/wp\/v2\/posts\/253137\/revisions\/253148"}],"wp:featuredmedia":[{"embeddable":true,"href":"https:\/\/www.tgrthaber.com\/mavikadin\/wp-json\/wp\/v2\/media\/253139"}],"wp:attachment":[{"href":"https:\/\/www.tgrthaber.com\/mavikadin\/wp-json\/wp\/v2\/media?parent=253137"}],"wp:term":[{"taxonomy":"category","embeddable":true,"href":"https:\/\/www.tgrthaber.com\/mavikadin\/wp-json\/wp\/v2\/categories?post=253137"},{"taxonomy":"post_tag","embeddable":true,"href":"https:\/\/www.tgrthaber.com\/mavikadin\/wp-json\/wp\/v2\/tags?post=253137"}],"curies":[{"name":"wp","href":"https:\/\/api.w.org\/{rel}","templated":true}]}}