{"id":253158,"date":"2025-10-23T14:59:44","date_gmt":"2025-10-23T11:59:44","guid":{"rendered":"https:\/\/www.tgrthaber.com\/mavikadin\/?p=253158"},"modified":"2025-10-23T14:59:44","modified_gmt":"2025-10-23T11:59:44","slug":"sahtekarlar-dizisinin-hidayeti-tamer-levent-kimdir-tamer-levent-kac-yasinda","status":"publish","type":"post","link":"https:\/\/www.tgrthaber.com\/mavikadin\/sahtekarlar-dizisinin-hidayeti-tamer-levent-kimdir-tamer-levent-kac-yasinda\/","title":{"rendered":"Sahtekarlar dizisinin Hidayet\u2019i Tamer Levent kimdir? Tamer Levent ka\u00e7 ya\u015f\u0131nda?"},"content":{"rendered":"<p>Sahtekarlar dizisinin kadrosunda yer alan Tamer Levent, kariyeri ve hayat\u0131yla merak ediliyor. Ba\u015far\u0131l\u0131 oyuncu arama motorlar\u0131nda ad\u0131 aranan ki\u015filer aras\u0131nda yer ald\u0131. Peki, Sahtekarlar dizisinin Hidayet\u2019i Tamer Levent kimdir? Tamer Levent ka\u00e7 ya\u015f\u0131nda? Sorular\u0131n\u0131 sizin i\u00e7in ara\u015ft\u0131rd\u0131k. \u0130\u015fte detaylar\u2026<\/p>\n<h3>SAHTEKARLAR D\u0130Z\u0130S\u0130N\u0130N H\u0130DAYET\u2019\u0130 TAMER LEVENT K\u0130MD\u0130R?<\/h3>\n<p>Sahtekarlar dizisinin <a href=\"https:\/\/www.tgrthaber.com\/mavikadin\/sahtekarlar-2-bolumde-asya-hidayeti-kizi-olduguna-ikna-edebilecek-mi-koray-ertanin-oyununu-ortaya-mi-cikaracak\/\">Hidayet<\/a>\u2019i, Bakizade ailesinin istedi\u011fi her \u015feyi almaya al\u0131\u015fm\u0131\u015f bir baba olarak kar\u015f\u0131m\u0131za \u00e7\u0131k\u0131yor. Ailenin lideri olan Hidayet, dikkat \u00e7eken karakterlerden biri oluyor. Sahtekarlar dizisi, yay\u0131nland\u0131\u011f\u0131 ilk b\u00f6l\u00fcm\u00fc ile dikkatleri \u00fczerine \u00e7ekmi\u015f ve \u00e7ok be\u011fenilmi\u015fti.<\/p>\n<p><img loading=\"lazy\" decoding=\"async\" class=\"alignnone size-full wp-image-253165\" src=\"https:\/\/www.tgrthaber.com\/mavikadin\/wp-content\/uploads\/ARZU-2025-10-23T145540.359.jpg\" alt=\"Sahtekarlar dizisinin Hidayet\u2019i Tamer Levent kimdir? Tamer Levent ka\u00e7 ya\u015f\u0131nda?\" width=\"1208\" height=\"680\" title=\"\" srcset=\"https:\/\/www.tgrthaber.com\/mavikadin\/wp-content\/uploads\/ARZU-2025-10-23T145540.359.jpg 1208w, https:\/\/www.tgrthaber.com\/mavikadin\/wp-content\/uploads\/ARZU-2025-10-23T145540.359-300x169.jpg 300w, https:\/\/www.tgrthaber.com\/mavikadin\/wp-content\/uploads\/ARZU-2025-10-23T145540.359-1024x576.jpg 1024w, https:\/\/www.tgrthaber.com\/mavikadin\/wp-content\/uploads\/ARZU-2025-10-23T145540.359-768x432.jpg 768w\" sizes=\"(max-width: 1208px) 100vw, 1208px\" \/><\/p>\n<hr \/>\n<p>Hidayet karakterini oynayan Tamer Levent ise kariyeri ile ara\u015ft\u0131r\u0131lan ki\u015filer aras\u0131nda yer ald\u0131. Tamer Levent, 1950 y\u0131l\u0131nda \u0130zmir\u2019de d\u00fcnyaya geldi. E\u011fitimlerini \u0130zmir T\u00fcrk Koleji\u2019nde okuyan Tamer Levent, a\u011f\u0131r ceza h\u00e2kimi olan bir baban\u0131n o\u011fludur.<\/p>\n<p><img loading=\"lazy\" decoding=\"async\" class=\"alignnone size-full wp-image-253164\" src=\"https:\/\/www.tgrthaber.com\/mavikadin\/wp-content\/uploads\/ARZU-2025-10-23T145602.241.jpg\" alt=\"Sahtekarlar dizisinin Hidayet\u2019i Tamer Levent kimdir? Tamer Levent ka\u00e7 ya\u015f\u0131nda?\" width=\"1208\" height=\"680\" title=\"\" srcset=\"https:\/\/www.tgrthaber.com\/mavikadin\/wp-content\/uploads\/ARZU-2025-10-23T145602.241.jpg 1208w, https:\/\/www.tgrthaber.com\/mavikadin\/wp-content\/uploads\/ARZU-2025-10-23T145602.241-300x169.jpg 300w, https:\/\/www.tgrthaber.com\/mavikadin\/wp-content\/uploads\/ARZU-2025-10-23T145602.241-1024x576.jpg 1024w, https:\/\/www.tgrthaber.com\/mavikadin\/wp-content\/uploads\/ARZU-2025-10-23T145602.241-768x432.jpg 768w\" sizes=\"(max-width: 1208px) 100vw, 1208px\" \/><\/p>\n<hr \/>\n<p>Kariyerinde birbirinden ba\u015far\u0131l\u0131 \u00fcniversitelerde dersler veren Tamer Levent, 25 Mart 1994 y\u0131l\u0131nda Devlet Tiyatrolar\u0131\u2019nda ilk ve son kez yap\u0131lan bir uygulama ile m\u00fcd\u00fcr se\u00e7ildi. Uygulanan se\u00e7imle Devlet Tiyatrolar\u0131 Genel M\u00fcd\u00fcr\u00fc oldu.<\/p>\n<p><img loading=\"lazy\" decoding=\"async\" class=\"alignnone size-full wp-image-253163\" src=\"https:\/\/www.tgrthaber.com\/mavikadin\/wp-content\/uploads\/ARZU-2025-10-23T145609.022.jpg\" alt=\"Sahtekarlar dizisinin Hidayet\u2019i Tamer Levent kimdir? Tamer Levent ka\u00e7 ya\u015f\u0131nda?\" width=\"1208\" height=\"680\" title=\"\" srcset=\"https:\/\/www.tgrthaber.com\/mavikadin\/wp-content\/uploads\/ARZU-2025-10-23T145609.022.jpg 1208w, https:\/\/www.tgrthaber.com\/mavikadin\/wp-content\/uploads\/ARZU-2025-10-23T145609.022-300x169.jpg 300w, https:\/\/www.tgrthaber.com\/mavikadin\/wp-content\/uploads\/ARZU-2025-10-23T145609.022-1024x576.jpg 1024w, https:\/\/www.tgrthaber.com\/mavikadin\/wp-content\/uploads\/ARZU-2025-10-23T145609.022-768x432.jpg 768w\" sizes=\"(max-width: 1208px) 100vw, 1208px\" \/><\/p>\n<hr \/>\n<p>Tamer Levent, tiyatro k\u00fclt\u00fcr\u00fcn\u00fcn tan\u0131mlanmas\u0131 ve yayg\u0131nla\u015fmas\u0131 do\u011frultusunda teorik ve uygulamal\u0131 \u00e7al\u0131\u015fmalar yapm\u0131\u015ft\u0131r. 2003 y\u0131l\u0131nda ise \u00c7orlu Belediyesi taraf\u0131ndan ad\u0131na a\u00e7\u0131lan sahne de drama \u00e7al\u0131\u015fmalar\u0131 yapm\u0131\u015ft\u0131r.<\/p>\n<h3><img loading=\"lazy\" decoding=\"async\" class=\"alignnone size-full wp-image-253162\" src=\"https:\/\/www.tgrthaber.com\/mavikadin\/wp-content\/uploads\/ARZU-2025-10-23T145615.383.jpg\" alt=\"Sahtekarlar dizisinin Hidayet\u2019i Tamer Levent kimdir? Tamer Levent ka\u00e7 ya\u015f\u0131nda?\" width=\"1208\" height=\"680\" title=\"\" srcset=\"https:\/\/www.tgrthaber.com\/mavikadin\/wp-content\/uploads\/ARZU-2025-10-23T145615.383.jpg 1208w, https:\/\/www.tgrthaber.com\/mavikadin\/wp-content\/uploads\/ARZU-2025-10-23T145615.383-300x169.jpg 300w, https:\/\/www.tgrthaber.com\/mavikadin\/wp-content\/uploads\/ARZU-2025-10-23T145615.383-1024x576.jpg 1024w, https:\/\/www.tgrthaber.com\/mavikadin\/wp-content\/uploads\/ARZU-2025-10-23T145615.383-768x432.jpg 768w\" sizes=\"(max-width: 1208px) 100vw, 1208px\" \/><\/h3>\n<hr \/>\n<h3>TAMER LEVENT KA\u00c7 YA\u015eINDA?<\/h3>\n<p>Hayat\u0131 boyunca ba\u015far\u0131l\u0131 i\u015fler yapan Tamer Levent, \u015fimdilerde 74 ya\u015f\u0131ndad\u0131r. Sadece yapt\u0131\u011f\u0131 i\u015fle ile de\u011fil rol ald\u0131\u011f\u0131 diziler ile de dikkatleri \u00fczerine \u00e7eken Tamer Levent, \u2018A\u015fk Yeniden\u2019 dizisindeki rol\u00fc ile \u00e7ok sevilmi\u015f ve geni\u015f kitlelerce tan\u0131nm\u0131\u015ft\u0131r.<\/p>\n<p><img loading=\"lazy\" decoding=\"async\" class=\"alignnone size-full wp-image-253161\" src=\"https:\/\/www.tgrthaber.com\/mavikadin\/wp-content\/uploads\/ARZU-2025-10-23T145624.167.jpg\" alt=\"Sahtekarlar dizisinin Hidayet\u2019i Tamer Levent kimdir? Tamer Levent ka\u00e7 ya\u015f\u0131nda?\" width=\"1208\" height=\"680\" title=\"\" srcset=\"https:\/\/www.tgrthaber.com\/mavikadin\/wp-content\/uploads\/ARZU-2025-10-23T145624.167.jpg 1208w, https:\/\/www.tgrthaber.com\/mavikadin\/wp-content\/uploads\/ARZU-2025-10-23T145624.167-300x169.jpg 300w, https:\/\/www.tgrthaber.com\/mavikadin\/wp-content\/uploads\/ARZU-2025-10-23T145624.167-1024x576.jpg 1024w, https:\/\/www.tgrthaber.com\/mavikadin\/wp-content\/uploads\/ARZU-2025-10-23T145624.167-768x432.jpg 768w\" sizes=\"(max-width: 1208px) 100vw, 1208px\" \/><\/p>\n<hr \/>\n<p>Daha sonra \u2018Camdaki K\u0131z\u2019 dizisinde rol alan Tamer Levent oradaki rol\u00fcyle \u00e7ok konu\u015fulmu\u015f ve be\u011fenilmi\u015ftir. D\u00fcnyan\u0131n pek \u00e7ok \u00fclkesinde drama at\u00f6lyelerinde \u00f6\u011fretmenlik yapan Tamer Levent, birbirinden ba\u015far\u0131l\u0131 oyunlar\u0131 y\u00f6netmesi ile de dikkat \u00e7ekmi\u015ftir.<\/p>\n<p><img loading=\"lazy\" decoding=\"async\" class=\"alignnone size-full wp-image-253160\" src=\"https:\/\/www.tgrthaber.com\/mavikadin\/wp-content\/uploads\/ARZU-2025-10-23T145634.539.jpg\" alt=\"Sahtekarlar dizisinin Hidayet\u2019i Tamer Levent kimdir? Tamer Levent ka\u00e7 ya\u015f\u0131nda?\" width=\"1208\" height=\"680\" title=\"\" srcset=\"https:\/\/www.tgrthaber.com\/mavikadin\/wp-content\/uploads\/ARZU-2025-10-23T145634.539.jpg 1208w, https:\/\/www.tgrthaber.com\/mavikadin\/wp-content\/uploads\/ARZU-2025-10-23T145634.539-300x169.jpg 300w, https:\/\/www.tgrthaber.com\/mavikadin\/wp-content\/uploads\/ARZU-2025-10-23T145634.539-1024x576.jpg 1024w, https:\/\/www.tgrthaber.com\/mavikadin\/wp-content\/uploads\/ARZU-2025-10-23T145634.539-768x432.jpg 768w\" sizes=\"(max-width: 1208px) 100vw, 1208px\" \/><\/p>\n<hr \/>\n<p>Sadece kariyeri ile de\u011fil \u00f6zel hayat\u0131yla da merak edilen Tamer Levent, 1982 y\u0131l\u0131nda TRT 2 \u2018nin sevilen program\u0131 \u2018Ak\u015fama Do\u011fru\u2019nun yap\u0131mc\u0131s\u0131 ve sunucusu olan Seyhan Levent ile evlenmi\u015ftir. 1984 y\u0131l\u0131nda o\u011flu Efe ve 1985 y\u0131l\u0131nda ise k\u0131z\u0131 Hazel d\u00fcnyaya gelmi\u015ftir.<\/p>\n","protected":false},"excerpt":{"rendered":"<p>Sahtekarlar dizisinin Hidayet\u2019i Tamer Levent merak edildi. NOW TV ekranlar\u0131nda izleyici ile bulu\u015fan Sahtekarlar konusu kadar oyuncular\u0131 ile de dikkatleri \u00fczerine \u00e7ekti. Peki, Sahtekarlar dizisinin Hidayet\u2019i Tamer Levent kimdir? Tamer Levent ka\u00e7 ya\u015f\u0131nda? \u0130\u015fte detaylar\u2026<\/p>\n","protected":false},"author":34,"featured_media":253159,"comment_status":"closed","ping_status":"closed","sticky":false,"template":"","format":"standard","meta":{"rank_math_lock_modified_date":false,"footnotes":""},"categories":[491],"tags":[3374,32159,30619,3871,65027],"class_list":["post-253158","post","type-post","status-publish","format-standard","has-post-thumbnail","hentry","category-biyografi","tag-biyografi","tag-dizi","tag-sahtekarlar","tag-tamer-levent","tag-tamer-levent-kimdir"],"_links":{"self":[{"href":"https:\/\/www.tgrthaber.com\/mavikadin\/wp-json\/wp\/v2\/posts\/253158"}],"collection":[{"href":"https:\/\/www.tgrthaber.com\/mavikadin\/wp-json\/wp\/v2\/posts"}],"about":[{"href":"https:\/\/www.tgrthaber.com\/mavikadin\/wp-json\/wp\/v2\/types\/post"}],"author":[{"embeddable":true,"href":"https:\/\/www.tgrthaber.com\/mavikadin\/wp-json\/wp\/v2\/users\/34"}],"replies":[{"embeddable":true,"href":"https:\/\/www.tgrthaber.com\/mavikadin\/wp-json\/wp\/v2\/comments?post=253158"}],"version-history":[{"count":2,"href":"https:\/\/www.tgrthaber.com\/mavikadin\/wp-json\/wp\/v2\/posts\/253158\/revisions"}],"predecessor-version":[{"id":253167,"href":"https:\/\/www.tgrthaber.com\/mavikadin\/wp-json\/wp\/v2\/posts\/253158\/revisions\/253167"}],"wp:featuredmedia":[{"embeddable":true,"href":"https:\/\/www.tgrthaber.com\/mavikadin\/wp-json\/wp\/v2\/media\/253159"}],"wp:attachment":[{"href":"https:\/\/www.tgrthaber.com\/mavikadin\/wp-json\/wp\/v2\/media?parent=253158"}],"wp:term":[{"taxonomy":"category","embeddable":true,"href":"https:\/\/www.tgrthaber.com\/mavikadin\/wp-json\/wp\/v2\/categories?post=253158"},{"taxonomy":"post_tag","embeddable":true,"href":"https:\/\/www.tgrthaber.com\/mavikadin\/wp-json\/wp\/v2\/tags?post=253158"}],"curies":[{"name":"wp","href":"https:\/\/api.w.org\/{rel}","templated":true}]}}