{"id":253230,"date":"2025-10-23T17:16:33","date_gmt":"2025-10-23T14:16:33","guid":{"rendered":"https:\/\/www.tgrthaber.com\/mavikadin\/?p=253230"},"modified":"2025-10-23T17:16:33","modified_gmt":"2025-10-23T14:16:33","slug":"kadinlarin-en-sevdigi-tatli-kilo-aldirmiyor-kan-degerlerini-artiriyor","status":"publish","type":"post","link":"https:\/\/www.tgrthaber.com\/mavikadin\/kadinlarin-en-sevdigi-tatli-kilo-aldirmiyor-kan-degerlerini-artiriyor\/","title":{"rendered":"Kad\u0131nlar\u0131n en sevdi\u011fi tatl\u0131! Kilo ald\u0131rm\u0131yor, kan de\u011ferlerini art\u0131r\u0131yor"},"content":{"rendered":"<p>Kad\u0131nlar\u0131n elbette ki vazge\u00e7emedi\u011fi en \u00f6nemli \u015fey; hi\u00e7 \u015f\u00fcphesiz tatl\u0131lard\u0131r. Hemen hemen hepimiz tatl\u0131 yiyip kilo almamak isteriz. Sizde tatl\u0131 krizine girdiyseniz ve kilo ald\u0131rmadan kan de\u011ferinizi y\u00fckseltecek bir tatl\u0131 aray\u0131\u015f\u0131ndaysan\u0131z, do\u011fru yerdesiniz. Kilo ald\u0131rmayan ve kan de\u011ferini y\u00fckselten tatl\u0131 tarifini sizin i\u00e7in ara\u015ft\u0131rd\u0131k. \u0130\u015fte kad\u0131nlar\u0131n en sevdi\u011fi tatl\u0131 tarifi\u2026<\/p>\n<h3>KADINLARIN EN SEVD\u0130\u011e\u0130 TATLI!<\/h3>\n<p>Kad\u0131nlar i\u00e7in tatl\u0131lar elbette ki vazge\u00e7ilmezdir. Fakat hemen hemen her kad\u0131n tatl\u0131 yiyip kilo almak istemez. Bu durumu hepimiz ya\u015far\u0131z. Peki, hem tatl\u0131 ihtiyac\u0131m\u0131z\u0131 giderebilece\u011fimiz hem de kilo yapmayacak tatl\u0131y\u0131 nas\u0131l yapar\u0131z? Kilo ald\u0131rmayan ve kan de\u011ferini art\u0131ran tatl\u0131 yapabilmek sizin elinizde!<\/p>\n<p><img loading=\"lazy\" decoding=\"async\" class=\"size-full wp-image-253236\" src=\"https:\/\/www.tgrthaber.com\/mavikadin\/wp-content\/uploads\/kadinlarda-tatli-krizi-3.jpg\" alt=\"Kad\u0131nlar\u0131n en sevdi\u011fi tatl\u0131! Kilo ald\u0131rm\u0131yor, kan de\u011ferlerini art\u0131r\u0131yor\" width=\"1208\" height=\"680\" title=\"\" srcset=\"https:\/\/www.tgrthaber.com\/mavikadin\/wp-content\/uploads\/kadinlarda-tatli-krizi-3.jpg 1208w, https:\/\/www.tgrthaber.com\/mavikadin\/wp-content\/uploads\/kadinlarda-tatli-krizi-3-300x169.jpg 300w, https:\/\/www.tgrthaber.com\/mavikadin\/wp-content\/uploads\/kadinlarda-tatli-krizi-3-1024x576.jpg 1024w, https:\/\/www.tgrthaber.com\/mavikadin\/wp-content\/uploads\/kadinlarda-tatli-krizi-3-768x432.jpg 768w\" sizes=\"(max-width: 1208px) 100vw, 1208px\" \/><\/p>\n<hr \/>\n<p>Sizde hemen her evde bulunan malzemelerle kilo ald\u0131rmayan ve kan de\u011ferini art\u0131ran bir <a href=\"https:\/\/www.tgrthaber.com\/mavikadin\/cennet-hurmasindan-yapilan-en-saglikli-tatli-a-vitamini-ihtiyacini-gideriyor\/\">tatl\u0131<\/a> yapabilirsiniz. Bunun i\u00e7in tek yapman\u0131z gereken do\u011fru ve g\u00fczel tarifi bulabilmek! Kad\u0131nlar\u0131n en sevdi\u011fi o tatl\u0131y\u0131 sizin i\u00e7in ara\u015ft\u0131rd\u0131k. Sizde sa\u011fl\u0131\u011f\u0131n\u0131za dikkat ediyor ve kilo ald\u0131rmayan bir tatl\u0131 t\u00fcketmek istiyorsan\u0131z, mutlaka bu tatl\u0131ya bir \u015fans vermelisiniz.<\/p>\n<p><img loading=\"lazy\" decoding=\"async\" class=\"size-full wp-image-253243\" src=\"https:\/\/www.tgrthaber.com\/mavikadin\/wp-content\/uploads\/kadinlarda-tatli-krizi-1.jpg\" alt=\"Kad\u0131nlar\u0131n en sevdi\u011fi tatl\u0131! Kilo ald\u0131rm\u0131yor, kan de\u011ferlerini art\u0131r\u0131yor\" width=\"1208\" height=\"680\" title=\"\" srcset=\"https:\/\/www.tgrthaber.com\/mavikadin\/wp-content\/uploads\/kadinlarda-tatli-krizi-1.jpg 1208w, https:\/\/www.tgrthaber.com\/mavikadin\/wp-content\/uploads\/kadinlarda-tatli-krizi-1-300x169.jpg 300w, https:\/\/www.tgrthaber.com\/mavikadin\/wp-content\/uploads\/kadinlarda-tatli-krizi-1-1024x576.jpg 1024w, https:\/\/www.tgrthaber.com\/mavikadin\/wp-content\/uploads\/kadinlarda-tatli-krizi-1-768x432.jpg 768w\" sizes=\"(max-width: 1208px) 100vw, 1208px\" \/><\/p>\n<hr \/>\n<p>Son zamanlarda sa\u011fl\u0131kl\u0131 ya\u015fam bi\u00e7imi h\u0131zla yay\u0131l\u0131rken, \u00f6zellikle kad\u0131nlar hem formunu korumak hem de tatl\u0131 krizlerini bast\u0131rmak i\u00e7in \u00e7e\u015fitli tarif aray\u0131\u015flar\u0131na giriyor. \u0130\u015fte tam da bu noktada hem fit olman\u0131z\u0131 sa\u011flayacak hem kan de\u011ferlerinizi y\u00fckseltecek hem de tatl\u0131 ihtiyac\u0131n\u0131z\u0131 giderecek muhte\u015fem bir tarifle geldik. \u0130\u015fte kad\u0131nlar\u0131n yeni favorisi olacak, kilo ald\u0131rmayan ve kan de\u011ferini art\u0131ran tatl\u0131 <a href=\"https:\/\/www.tgrthaber.com\/mavikadin\/is-eve-kosan-anneler-icin-muhtesem-pratik-tarifler\/\">tarifi<\/a>\u2026<\/p>\n<p><img loading=\"lazy\" decoding=\"async\" class=\"size-full wp-image-253241\" src=\"https:\/\/www.tgrthaber.com\/mavikadin\/wp-content\/uploads\/kadinlarda-tatli-krizi-8.jpg\" alt=\"Kad\u0131nlar\u0131n en sevdi\u011fi tatl\u0131! Kilo ald\u0131rm\u0131yor, kan de\u011ferlerini art\u0131r\u0131yor\" width=\"1208\" height=\"680\" title=\"\" srcset=\"https:\/\/www.tgrthaber.com\/mavikadin\/wp-content\/uploads\/kadinlarda-tatli-krizi-8.jpg 1208w, https:\/\/www.tgrthaber.com\/mavikadin\/wp-content\/uploads\/kadinlarda-tatli-krizi-8-300x169.jpg 300w, https:\/\/www.tgrthaber.com\/mavikadin\/wp-content\/uploads\/kadinlarda-tatli-krizi-8-1024x576.jpg 1024w, https:\/\/www.tgrthaber.com\/mavikadin\/wp-content\/uploads\/kadinlarda-tatli-krizi-8-768x432.jpg 768w\" sizes=\"(max-width: 1208px) 100vw, 1208px\" \/><\/p>\n<hr \/>\n<h3>K\u0130LO ALDIRMAYAN VE KAN DE\u011eERLER\u0130N\u0130 ARTIRAN HURMALI TATLI TAR\u0130F\u0130!<\/h3>\n<p>Hemen hepimiz tatl\u0131 ihtiyac\u0131m\u0131z\u0131 gidermek i\u00e7in \u00e7e\u015fitli tarifler deniyoruz. Bu tariflerde \u00f6nceli\u011fimiz pek tabii kilo ald\u0131rmamas\u0131 oluyor. \u0130\u015fte tam da bu noktada sizin i\u00e7in kilo ald\u0131rmayan ve kan de\u011ferini art\u0131ran bir tarifle geldik. Bu tarif; rafine \u015feker i\u00e7ermeyen, y\u00fcksek lifli ve do\u011fal enerji kaynaklar\u0131yla dolu bir kan yap\u0131c\u0131 tatl\u0131 alternatifi olarak kar\u015f\u0131m\u0131za \u00e7\u0131k\u0131yor. \u00dcstelik 10 dakika da haz\u0131rlayabilece\u011finiz bu tarif, vazge\u00e7ilmeziniz olmaya haz\u0131r\u2026<\/p>\n<p><img loading=\"lazy\" decoding=\"async\" class=\"size-full wp-image-253238\" src=\"https:\/\/www.tgrthaber.com\/mavikadin\/wp-content\/uploads\/kadinlarda-tatli-krizi-5.jpg\" alt=\"Kad\u0131nlar\u0131n en sevdi\u011fi tatl\u0131! Kilo ald\u0131rm\u0131yor, kan de\u011ferlerini art\u0131r\u0131yor\" width=\"1208\" height=\"680\" title=\"\" srcset=\"https:\/\/www.tgrthaber.com\/mavikadin\/wp-content\/uploads\/kadinlarda-tatli-krizi-5.jpg 1208w, https:\/\/www.tgrthaber.com\/mavikadin\/wp-content\/uploads\/kadinlarda-tatli-krizi-5-300x169.jpg 300w, https:\/\/www.tgrthaber.com\/mavikadin\/wp-content\/uploads\/kadinlarda-tatli-krizi-5-1024x576.jpg 1024w, https:\/\/www.tgrthaber.com\/mavikadin\/wp-content\/uploads\/kadinlarda-tatli-krizi-5-768x432.jpg 768w\" sizes=\"(max-width: 1208px) 100vw, 1208px\" \/><\/p>\n<hr \/>\n<p><strong>Malzemeler;<\/strong><\/p>\n<ul>\n<li>6 adet hurma (\u00e7ekirde\u011fi \u00e7\u0131kar\u0131lm\u0131\u015f)<\/li>\n<li>1 yemek ka\u015f\u0131\u011f\u0131 kakao<\/li>\n<li>2 yemek ka\u015f\u0131\u011f\u0131 yulaf ezmesi<\/li>\n<li>1 tatl\u0131 ka\u015f\u0131\u011f\u0131 tahin<\/li>\n<li>1 yemek ka\u015f\u0131\u011f\u0131 bal (veya ke\u00e7iboynuzu \u00f6z\u00fc)<\/li>\n<li>5-6 adet \u00e7i\u011f badem<\/li>\n<li>1 tatl\u0131 ka\u015f\u0131\u011f\u0131 chia tohumu<\/li>\n<li>1 yemek ka\u015f\u0131\u011f\u0131 s\u00fct (bitkisel s\u00fct de olur)<\/li>\n<\/ul>\n<p><img loading=\"lazy\" decoding=\"async\" class=\"size-full wp-image-253240\" src=\"https:\/\/www.tgrthaber.com\/mavikadin\/wp-content\/uploads\/kadinlarda-tatli-krizi-7.jpg\" alt=\"Kad\u0131nlar\u0131n en sevdi\u011fi tatl\u0131! Kilo ald\u0131rm\u0131yor, kan de\u011ferlerini art\u0131r\u0131yor\" width=\"1208\" height=\"680\" title=\"\" srcset=\"https:\/\/www.tgrthaber.com\/mavikadin\/wp-content\/uploads\/kadinlarda-tatli-krizi-7.jpg 1208w, https:\/\/www.tgrthaber.com\/mavikadin\/wp-content\/uploads\/kadinlarda-tatli-krizi-7-300x169.jpg 300w, https:\/\/www.tgrthaber.com\/mavikadin\/wp-content\/uploads\/kadinlarda-tatli-krizi-7-1024x576.jpg 1024w, https:\/\/www.tgrthaber.com\/mavikadin\/wp-content\/uploads\/kadinlarda-tatli-krizi-7-768x432.jpg 768w\" sizes=\"(max-width: 1208px) 100vw, 1208px\" \/><\/p>\n<hr \/>\n<p><strong>Haz\u0131rlan\u0131\u015f\u0131;<\/strong><\/p>\n<ul>\n<li>\u00d6ncelikle hurmalar\u0131 s\u0131cak suda 5 dakika bekletip yumu\u015fat\u0131n.<\/li>\n<li>Daha sonra t\u00fcm malzemeleri rondoya ekleyip homojen bir kar\u0131\u015f\u0131m elde edin.<\/li>\n<li>Kar\u0131\u015f\u0131m\u0131 minik toplar haline getirin.<\/li>\n<li>\u00dczerine iste\u011fe g\u00f6re hindistan cevizi veya kakao serpi\u015ftirin.<\/li>\n<li>Buzdolab\u0131nda 15 dakika dinlendirin ve so\u011fuk olarak servis edin.<\/li>\n<li>Afiyet, \u015fifa olsun.<\/li>\n<\/ul>\n<p>Sizde hem kilo ald\u0131rmayan hem kan de\u011ferinizi art\u0131ran hem de tatl\u0131 ihtiyac\u0131n\u0131z\u0131 kar\u015f\u0131layacak bir tarif aray\u0131\u015f\u0131ndaysan\u0131z, bu tarifi denemenizde fayda var. Do\u011fal demir kayna\u011f\u0131 hurma, kan de\u011ferlerinizi y\u00fckselterek sizi daha sa\u011fl\u0131kl\u0131 yapacak. Di\u011fer yandan yulaf ve chia tohumu ise sindiriminizi kolayla\u015ft\u0131rmaya yard\u0131mc\u0131 olacak. Yap\u0131m\u0131 pratik, maliyeti d\u00fc\u015f\u00fck ve tamamen do\u011fal malzemelerle haz\u0131rlanan bu tatl\u0131 vazg\u00e7ilmeziniz olacak.<\/p>\n","protected":false},"excerpt":{"rendered":"<p>Sizde tatl\u0131 krizine girdiyseniz ve kilo ald\u0131rmadan kan de\u011ferinizi y\u00fckseltecek bir tatl\u0131 aray\u0131\u015f\u0131ndaysan\u0131z, do\u011fru yerdesiniz. Kad\u0131nlar\u0131n en sevdi\u011fi o tatl\u0131y\u0131 sizin i\u00e7in ara\u015ft\u0131rd\u0131k. \u0130\u015fte detaylar\u2026<\/p>\n","protected":false},"author":26,"featured_media":253235,"comment_status":"closed","ping_status":"closed","sticky":false,"template":"","format":"standard","meta":{"rank_math_lock_modified_date":false,"footnotes":""},"categories":[191],"tags":[65036,65035,1331,8205,17167],"class_list":["post-253230","post","type-post","status-publish","format-standard","has-post-thumbnail","hentry","category-yemek-tarifleri","tag-kadinlarin-en-sevdigi-tatli","tag-kilo-aldirmayan-tatli","tag-tatli","tag-yemek-tarifi","tag-yemek-tarifi-haberleri"],"_links":{"self":[{"href":"https:\/\/www.tgrthaber.com\/mavikadin\/wp-json\/wp\/v2\/posts\/253230"}],"collection":[{"href":"https:\/\/www.tgrthaber.com\/mavikadin\/wp-json\/wp\/v2\/posts"}],"about":[{"href":"https:\/\/www.tgrthaber.com\/mavikadin\/wp-json\/wp\/v2\/types\/post"}],"author":[{"embeddable":true,"href":"https:\/\/www.tgrthaber.com\/mavikadin\/wp-json\/wp\/v2\/users\/26"}],"replies":[{"embeddable":true,"href":"https:\/\/www.tgrthaber.com\/mavikadin\/wp-json\/wp\/v2\/comments?post=253230"}],"version-history":[{"count":2,"href":"https:\/\/www.tgrthaber.com\/mavikadin\/wp-json\/wp\/v2\/posts\/253230\/revisions"}],"predecessor-version":[{"id":253246,"href":"https:\/\/www.tgrthaber.com\/mavikadin\/wp-json\/wp\/v2\/posts\/253230\/revisions\/253246"}],"wp:featuredmedia":[{"embeddable":true,"href":"https:\/\/www.tgrthaber.com\/mavikadin\/wp-json\/wp\/v2\/media\/253235"}],"wp:attachment":[{"href":"https:\/\/www.tgrthaber.com\/mavikadin\/wp-json\/wp\/v2\/media?parent=253230"}],"wp:term":[{"taxonomy":"category","embeddable":true,"href":"https:\/\/www.tgrthaber.com\/mavikadin\/wp-json\/wp\/v2\/categories?post=253230"},{"taxonomy":"post_tag","embeddable":true,"href":"https:\/\/www.tgrthaber.com\/mavikadin\/wp-json\/wp\/v2\/tags?post=253230"}],"curies":[{"name":"wp","href":"https:\/\/api.w.org\/{rel}","templated":true}]}}