{"id":253250,"date":"2025-10-23T20:34:00","date_gmt":"2025-10-23T17:34:00","guid":{"rendered":"https:\/\/www.tgrthaber.com\/mavikadin\/?p=253250"},"modified":"2025-10-23T20:34:00","modified_gmt":"2025-10-23T17:34:00","slug":"esref-ruya-kenan-kimdir-kaan-turgutun-oynadigi-diziler","status":"publish","type":"post","link":"https:\/\/www.tgrthaber.com\/mavikadin\/esref-ruya-kenan-kimdir-kaan-turgutun-oynadigi-diziler\/","title":{"rendered":"E\u015fref R\u00fcya Kenan kimdir? Kaan Turgut\u2019un oynad\u0131\u011f\u0131 diziler"},"content":{"rendered":"<p>Barbaroslar Akdeniz K\u0131l\u0131c\u0131, Payitaht Abd\u00fclhamid gibi dizilerde yer alan \u00fcnl\u00fc oyuncu Kaan Turgut, E\u015fref R\u00fcya dizisindeki Kenan rol\u00fcyle geni\u015f bir izleyici kitlesine ula\u015ft\u0131. Kadir\u2019in sa\u011f kolu olarak yer alan Kaan Turgut, yard\u0131mc\u0131 oyuncu rol\u00fcyle izleyenlerin be\u011fenisini kazand\u0131. Peki, E\u015fref R\u00fcya Kenan kimdir? Kaan Turgut kim ka\u00e7 ya\u015f\u0131nda? Kaan Turgut\u2019un oynad\u0131\u011f\u0131 diziler<\/p>\n<h3>E\u015eREF R\u00dcYA KENAN K\u0130MD\u0130R?<\/h3>\n<p>Hudutsuz Sevda dizisinde Serkan rol\u00fcyle izleyici kar\u015f\u0131s\u0131na \u00e7\u0131kan Kaan Turgut, E\u015fref R\u00fcya dizisindeki rol\u00fcyle be\u011feni toplad\u0131. Kenan rol\u00fcyle izleyici kar\u015f\u0131s\u0131na \u00e7\u0131kan E\u015fref R\u00fcya\u2019n\u0131n Kenan\u2019\u0131 su\u00e7 d\u00fcnyas\u0131na yatk\u0131n olan Kenan, E\u015fref R\u00fcya dizide cezaevinde tan\u0131\u015ft\u0131\u011f\u0131 Devran Yan\u0131k \u00f6nderli\u011finde Yetimler Konseyi\u2019ne kat\u0131l\u0131r. Kaan Turgut Eyl\u00fcl ay\u0131nda e\u015fi Alara Turgut\u2019la k\u0131zlar\u0131 Leyla\u2019y\u0131 kucaklar\u0131na alm\u0131\u015flard\u0131.<\/p>\n<p><img loading=\"lazy\" decoding=\"async\" class=\"alignnone wp-image-253253 size-full\" src=\"https:\/\/www.tgrthaber.com\/mavikadin\/wp-content\/uploads\/Adsiz-tasarim-272.jpg\" alt=\"\" width=\"1208\" height=\"680\" title=\"\" srcset=\"https:\/\/www.tgrthaber.com\/mavikadin\/wp-content\/uploads\/Adsiz-tasarim-272.jpg 1208w, https:\/\/www.tgrthaber.com\/mavikadin\/wp-content\/uploads\/Adsiz-tasarim-272-300x169.jpg 300w, https:\/\/www.tgrthaber.com\/mavikadin\/wp-content\/uploads\/Adsiz-tasarim-272-1024x576.jpg 1024w, https:\/\/www.tgrthaber.com\/mavikadin\/wp-content\/uploads\/Adsiz-tasarim-272-768x432.jpg 768w\" sizes=\"(max-width: 1208px) 100vw, 1208px\" \/><\/p>\n<hr \/>\n<h3>KAAN TURGUT K\u0130M KA\u00c7 YA\u015eINDA?<\/h3>\n<p>19 A\u011fustos 1985 y\u0131l\u0131nda d\u00fcnyaya gelen Kaan Turgut \u0130zmir\u2019de do\u011fdu. 40 ya\u015f\u0131nda olan Kaan Turgut Dokuz Eyl\u00fcl \u00dcniversitesi G\u00fczel Sanatlar Fak\u00fcltesi Tiyatro B\u00f6l\u00fcm\u00fc\u2019nde lisans e\u011fitiminden mezun oldu. Tiyatro \u00e7al\u0131\u015fmalar\u0131n\u0131n yan\u0131nda 2007 y\u0131l\u0131nda Elveda Rumeli dizisiyle kamera \u00f6n\u00fcnde ilk oyunculuk deneyimini ya\u015fad\u0131.<\/p>\n<p><img loading=\"lazy\" decoding=\"async\" class=\"alignnone wp-image-253254 size-full\" src=\"https:\/\/www.tgrthaber.com\/mavikadin\/wp-content\/uploads\/Adsiz-tasarim-1-129.jpg\" alt=\"\" width=\"1208\" height=\"680\" title=\"\" srcset=\"https:\/\/www.tgrthaber.com\/mavikadin\/wp-content\/uploads\/Adsiz-tasarim-1-129.jpg 1208w, https:\/\/www.tgrthaber.com\/mavikadin\/wp-content\/uploads\/Adsiz-tasarim-1-129-300x169.jpg 300w, https:\/\/www.tgrthaber.com\/mavikadin\/wp-content\/uploads\/Adsiz-tasarim-1-129-1024x576.jpg 1024w, https:\/\/www.tgrthaber.com\/mavikadin\/wp-content\/uploads\/Adsiz-tasarim-1-129-768x432.jpg 768w\" sizes=\"(max-width: 1208px) 100vw, 1208px\" \/><\/p>\n<hr \/>\n<h3>KAAN TURGUT K\u0130LO VE BOYU KA\u00c7?<\/h3>\n<p>Kaan Turgut 1.82 m boyunda ve 75 kilo a\u011f\u0131rl\u0131\u011f\u0131ndad\u0131r.<\/p>\n<p><img loading=\"lazy\" decoding=\"async\" class=\"alignnone wp-image-253257 size-full\" src=\"https:\/\/www.tgrthaber.com\/mavikadin\/wp-content\/uploads\/Adsiz-tasarim-4-124.jpg\" alt=\"\" width=\"1208\" height=\"680\" title=\"\" srcset=\"https:\/\/www.tgrthaber.com\/mavikadin\/wp-content\/uploads\/Adsiz-tasarim-4-124.jpg 1208w, https:\/\/www.tgrthaber.com\/mavikadin\/wp-content\/uploads\/Adsiz-tasarim-4-124-300x169.jpg 300w, https:\/\/www.tgrthaber.com\/mavikadin\/wp-content\/uploads\/Adsiz-tasarim-4-124-1024x576.jpg 1024w, https:\/\/www.tgrthaber.com\/mavikadin\/wp-content\/uploads\/Adsiz-tasarim-4-124-768x432.jpg 768w\" sizes=\"(max-width: 1208px) 100vw, 1208px\" \/><\/p>\n<hr \/>\n<h3>KAAN TURGUT EVL\u0130 M\u0130 \u00c7OCU\u011eU VAR MI?<\/h3>\n<p>Kaan Turgut \u00f6zel ya\u015fant\u0131s\u0131n\u0131 kameralardan uzak bir \u015fekilde ya\u015famaktad\u0131r. Turgut&#8217;un e\u015fi Alara Turgut\u2019la k\u0131zlar\u0131 Leyla\u2019y\u0131 kucaklar\u0131na alm\u0131\u015flard\u0131.<\/p>\n<p><img loading=\"lazy\" decoding=\"async\" class=\"alignnone wp-image-253256 size-full\" src=\"https:\/\/www.tgrthaber.com\/mavikadin\/wp-content\/uploads\/Adsiz-tasarim-3-140.jpg\" alt=\"\" width=\"1208\" height=\"680\" title=\"\" srcset=\"https:\/\/www.tgrthaber.com\/mavikadin\/wp-content\/uploads\/Adsiz-tasarim-3-140.jpg 1208w, https:\/\/www.tgrthaber.com\/mavikadin\/wp-content\/uploads\/Adsiz-tasarim-3-140-300x169.jpg 300w, https:\/\/www.tgrthaber.com\/mavikadin\/wp-content\/uploads\/Adsiz-tasarim-3-140-1024x576.jpg 1024w, https:\/\/www.tgrthaber.com\/mavikadin\/wp-content\/uploads\/Adsiz-tasarim-3-140-768x432.jpg 768w\" sizes=\"(max-width: 1208px) 100vw, 1208px\" \/><\/p>\n<hr \/>\n<h3>KAAN TURGUT\u2019UN OYNADI\u011eI D\u0130Z\u0130LER<\/h3>\n<p>Kaan Turgut, TRT 1\u2019de Payitaht Abd\u00fclhamid dizisinde oynad\u0131\u011f\u0131 Prens Sabahattin karakteri ile as\u0131l \u00fcn\u00fcne kavu\u015fmu\u015ftur. Oyuncunun yer ald\u0131\u011f\u0131 di\u011fer i\u015fler aras\u0131nda;<\/p>\n<ul>\n<li>5 Dakikada De\u011fi\u015fir B\u00fct\u00fcn \u0130\u015fler (2015)<\/li>\n<li>Bulant\u0131 (2015)<\/li>\n<li>TAKIM: Mahalle A\u015fk\u0131na! (2015)<\/li>\n<li>Elveda Rumeli (2007)<\/li>\n<li>K\u00fc\u00e7\u00fck S\u0131rlar (2011)<\/li>\n<li>Mazi Kalbimde Yarad\u0131r (2011)<\/li>\n<li>Merhamet (2013)<\/li>\n<li>A\u015fk\u0131n Kanunu (2014)<\/li>\n<li>G\u00fcnebakan (2015)<\/li>\n<li>Kiral\u0131k A\u015fk (2016)<\/li>\n<\/ul>\n<p><img loading=\"lazy\" decoding=\"async\" class=\"alignnone wp-image-253258 size-full\" src=\"https:\/\/www.tgrthaber.com\/mavikadin\/wp-content\/uploads\/Adsiz-tasarim-5-107.jpg\" alt=\"\" width=\"1208\" height=\"680\" title=\"\" srcset=\"https:\/\/www.tgrthaber.com\/mavikadin\/wp-content\/uploads\/Adsiz-tasarim-5-107.jpg 1208w, https:\/\/www.tgrthaber.com\/mavikadin\/wp-content\/uploads\/Adsiz-tasarim-5-107-300x169.jpg 300w, https:\/\/www.tgrthaber.com\/mavikadin\/wp-content\/uploads\/Adsiz-tasarim-5-107-1024x576.jpg 1024w, https:\/\/www.tgrthaber.com\/mavikadin\/wp-content\/uploads\/Adsiz-tasarim-5-107-768x432.jpg 768w\" sizes=\"(max-width: 1208px) 100vw, 1208px\" \/><\/p>\n<hr \/>\n<ul>\n<li>Payitaht Abd\u00fclhamid (2017-2019)<\/li>\n<li>Barbaroslar Akdeniz\u2019in K\u0131l\u0131c\u0131 (2021)<\/li>\n<li>Balkan Ninnisi ( 2022)<\/li>\n<li>Kurtulu\u015f Hatt\u0131 ( 2022)<\/li>\n<li>Alt\u0131n Kafes ( 2023)<\/li>\n<li>Maske Nezaketle Tebess\u00fcm ( 2023)<\/li>\n<li>\u0130yi Adam\u0131n 10 G\u00fcn\u00fc ( 2023)<\/li>\n<li>E\u015fref R\u00fcya (2025)<\/li>\n<\/ul>\n","protected":false},"excerpt":{"rendered":"<p>\u0130yi Adam\u0131n 10 G\u00fcn\u00fc, Hudutsuz Sevda dizisindeki performans\u0131ndan sonra E\u015fref R\u00fcya dizisindeki Kenan karakteriyle dikkatleri \u00fczerine \u00e7ekti. Kadir\u2019in yan\u0131nda yer alan Kenan, E\u015fref\u2019e ve arkada\u015flar\u0131na yapt\u0131\u011f\u0131 hamlelerle oyunculuk performans\u0131 be\u011feni topluyor. Peki, E\u015fref R\u00fcya Kenan kimdir? Kaan Turgut kim ka\u00e7 ya\u015f\u0131nda? Kaan Turgut\u2019un oynad\u0131\u011f\u0131 diziler<\/p>\n","protected":false},"author":10,"featured_media":253255,"comment_status":"closed","ping_status":"closed","sticky":false,"template":"","format":"standard","meta":{"rank_math_lock_modified_date":false,"footnotes":""},"categories":[491],"tags":[14847,14848],"class_list":["post-253250","post","type-post","status-publish","format-standard","has-post-thumbnail","hentry","category-biyografi","tag-esref-ruya-kenan","tag-esref-ruya-kenan-kimdir"],"_links":{"self":[{"href":"https:\/\/www.tgrthaber.com\/mavikadin\/wp-json\/wp\/v2\/posts\/253250"}],"collection":[{"href":"https:\/\/www.tgrthaber.com\/mavikadin\/wp-json\/wp\/v2\/posts"}],"about":[{"href":"https:\/\/www.tgrthaber.com\/mavikadin\/wp-json\/wp\/v2\/types\/post"}],"author":[{"embeddable":true,"href":"https:\/\/www.tgrthaber.com\/mavikadin\/wp-json\/wp\/v2\/users\/10"}],"replies":[{"embeddable":true,"href":"https:\/\/www.tgrthaber.com\/mavikadin\/wp-json\/wp\/v2\/comments?post=253250"}],"version-history":[{"count":3,"href":"https:\/\/www.tgrthaber.com\/mavikadin\/wp-json\/wp\/v2\/posts\/253250\/revisions"}],"predecessor-version":[{"id":253259,"href":"https:\/\/www.tgrthaber.com\/mavikadin\/wp-json\/wp\/v2\/posts\/253250\/revisions\/253259"}],"wp:featuredmedia":[{"embeddable":true,"href":"https:\/\/www.tgrthaber.com\/mavikadin\/wp-json\/wp\/v2\/media\/253255"}],"wp:attachment":[{"href":"https:\/\/www.tgrthaber.com\/mavikadin\/wp-json\/wp\/v2\/media?parent=253250"}],"wp:term":[{"taxonomy":"category","embeddable":true,"href":"https:\/\/www.tgrthaber.com\/mavikadin\/wp-json\/wp\/v2\/categories?post=253250"},{"taxonomy":"post_tag","embeddable":true,"href":"https:\/\/www.tgrthaber.com\/mavikadin\/wp-json\/wp\/v2\/tags?post=253250"}],"curies":[{"name":"wp","href":"https:\/\/api.w.org\/{rel}","templated":true}]}}