{"id":253260,"date":"2025-10-23T21:13:59","date_gmt":"2025-10-23T18:13:59","guid":{"rendered":"https:\/\/www.tgrthaber.com\/mavikadin\/?p=253260"},"modified":"2025-10-23T21:13:59","modified_gmt":"2025-10-23T18:13:59","slug":"kurulus-orhan-kara-halili-can-atak-kimdir-kac-yasinda-can-atak-dizileri","status":"publish","type":"post","link":"https:\/\/www.tgrthaber.com\/mavikadin\/kurulus-orhan-kara-halili-can-atak-kimdir-kac-yasinda-can-atak-dizileri\/","title":{"rendered":"Kurulu\u015f Orhan Kara Halil\u2019i Can Atak kimdir ka\u00e7 ya\u015f\u0131nda? Can Atak dizileri"},"content":{"rendered":"<p>As\u0131m karakteriyle bir\u00e7ok izleyici taraf\u0131ndan sevilen Can Atak, ekranlara geri d\u00f6nd\u00fc. Eski rol arkada\u015f\u0131 Mert Yaz\u0131c\u0131o\u011flu ile Kurulu\u015f Orhan dizisinde birlikte rol alacak. Oyuncu Can Atak\u2019\u0131n oynayaca\u011f\u0131 Kara Halil\u2019in kim oldu\u011fu merak edilirken, oyuncunun ger\u00e7ek hayat\u0131na dair detaylarda ara\u015ft\u0131r\u0131l\u0131yor. Peki, Kurulu\u015f Orhan Kara Halil\u2019i Can Atak kimdir ka\u00e7 ya\u015f\u0131nda? Can\u00a0Atak\u00a0dizileri<\/p>\n<h3>KURULU\u015e ORHAN\u2019IN KARA HAL\u0130L\u2019\u0130 CAN ATAK K\u0130MD\u0130R?<\/h3>\n<p>1989 y\u0131l\u0131nda Ankara\u2019da d\u00fcnyaya gelen Can Atak, liseden 17 ya\u015f\u0131nda mezun olmu\u015ftur. Hacettepe \u00dcniversitesi Ankara Devlet Konservatuvar\u0131 Tiyatro B\u00f6l\u00fcm\u00fc mezundur. Oyunculuk mesle\u011fini ger\u00e7ekle\u015ftirmek i\u00e7in \u00fcniversite e\u011fitimi d\u00f6neminde radyoda spikerlik yapt\u0131. Di\u011fer yandan okudu\u011fu okulun Radyo Hacettepe\u2019sinde programlarda haz\u0131rlad\u0131.<\/p>\n<p><img loading=\"lazy\" decoding=\"async\" class=\"alignnone wp-image-253261 size-full\" src=\"https:\/\/www.tgrthaber.com\/mavikadin\/wp-content\/uploads\/Adsiz-tasarim-10-122.jpg\" alt=\"\" width=\"1208\" height=\"680\" title=\"\" srcset=\"https:\/\/www.tgrthaber.com\/mavikadin\/wp-content\/uploads\/Adsiz-tasarim-10-122.jpg 1208w, https:\/\/www.tgrthaber.com\/mavikadin\/wp-content\/uploads\/Adsiz-tasarim-10-122-300x169.jpg 300w, https:\/\/www.tgrthaber.com\/mavikadin\/wp-content\/uploads\/Adsiz-tasarim-10-122-1024x576.jpg 1024w, https:\/\/www.tgrthaber.com\/mavikadin\/wp-content\/uploads\/Adsiz-tasarim-10-122-768x432.jpg 768w\" sizes=\"(max-width: 1208px) 100vw, 1208px\" \/><\/p>\n<hr \/>\n<h3>CAN ATAK\u2019IN OYUNCULUK KAR\u0130YER\u0130<\/h3>\n<p>12 ya\u015f\u0131nda Peter Pan oyunu ile Devlet Tiyatrosu\u2019nda yer alarak oyunculuk mesle\u011fine ad\u0131m atm\u0131\u015ft\u0131r. \u00c7ocuk oyuncusu olarak tiyatroda yer alan Can Atak, e\u011fitimini bu alanda ilerleterek, Devlet Tiyatrolar\u0131 s\u0131nav\u0131na girdi. S\u0131nav sonucunda Sivas Devlet Tiyatrosu\u2019na atarak Can Atak aktif olarak g\u00f6revini s\u00fcrd\u00fcrmeye devam etmektedir. Di\u011fer yandan \u00fcniversite y\u0131llar\u0131nda da TRT Ankara Radyosu\u2019nda \u00e7al\u0131\u015fm\u0131\u015ft\u0131r.<\/p>\n<p><img loading=\"lazy\" decoding=\"async\" class=\"alignnone wp-image-253263 size-full\" src=\"https:\/\/www.tgrthaber.com\/mavikadin\/wp-content\/uploads\/Adsiz-tasarim-8-121.jpg\" alt=\"\" width=\"1208\" height=\"680\" title=\"\" srcset=\"https:\/\/www.tgrthaber.com\/mavikadin\/wp-content\/uploads\/Adsiz-tasarim-8-121.jpg 1208w, https:\/\/www.tgrthaber.com\/mavikadin\/wp-content\/uploads\/Adsiz-tasarim-8-121-300x169.jpg 300w, https:\/\/www.tgrthaber.com\/mavikadin\/wp-content\/uploads\/Adsiz-tasarim-8-121-1024x576.jpg 1024w, https:\/\/www.tgrthaber.com\/mavikadin\/wp-content\/uploads\/Adsiz-tasarim-8-121-768x432.jpg 768w\" sizes=\"(max-width: 1208px) 100vw, 1208px\" \/><\/p>\n<hr \/>\n<h3>CAN ATAK ASIL \u00dcN\u00dcN\u00dc NE ZAMAN KAZANDI?<\/h3>\n<p>\u00dcnl\u00fc oyuncu profesyonel olarak oyunculuk mesle\u011fine ilk kez 2013 y\u0131l\u0131nda FOX( NOW) kanal\u0131nda yay\u0131nlanan Karag\u00fcl dizisiyle ba\u015flam\u0131\u015ft\u0131r. Can Atak, dizide engelli bir gen\u00e7 olan As\u0131m karakterini oynayarak izleyicinin kalbini kazanm\u0131\u015ft\u0131r.<\/p>\n<p><img loading=\"lazy\" decoding=\"async\" class=\"alignnone wp-image-253264 size-full\" src=\"https:\/\/www.tgrthaber.com\/mavikadin\/wp-content\/uploads\/Adsiz-tasarim-9-114.jpg\" alt=\"\" width=\"1208\" height=\"680\" title=\"\" srcset=\"https:\/\/www.tgrthaber.com\/mavikadin\/wp-content\/uploads\/Adsiz-tasarim-9-114.jpg 1208w, https:\/\/www.tgrthaber.com\/mavikadin\/wp-content\/uploads\/Adsiz-tasarim-9-114-300x169.jpg 300w, https:\/\/www.tgrthaber.com\/mavikadin\/wp-content\/uploads\/Adsiz-tasarim-9-114-1024x576.jpg 1024w, https:\/\/www.tgrthaber.com\/mavikadin\/wp-content\/uploads\/Adsiz-tasarim-9-114-768x432.jpg 768w\" sizes=\"(max-width: 1208px) 100vw, 1208px\" \/><\/p>\n<hr \/>\n<h3>CAN ATAK KURULU\u015e ORHAN D\u0130Z\u0130S\u0130 HAKKINDA KONU\u015eTU<\/h3>\n<p>Tarihi bir diziyle ekranlara gelen Can Atak, ATV kanal\u0131nda oynayacak olan Kurulu\u015f Orhan dizisi hakk\u0131ndaki d\u00fc\u015f\u00fcncelerini anlatt\u0131. Atak, \u201c Kendi ge\u00e7mi\u015fi daha fazla \u00f6\u011frenme imkan\u0131 buldum. Benim i\u00e7in \u00e7ok \u00f6nemli oldu. Bilmedi\u011fimiz, ya\u015famad\u0131\u011f\u0131m\u0131z bir d\u00f6nem oturu\u015fundan kalk\u0131\u015f\u0131ndan, insanlara bak\u0131\u015f\u0131ndan bir \u015feyleri de\u011fi\u015ftirmemiz gerekiyordu. Tarih hocalar\u0131m\u0131zla birlikte onlara \u00e7al\u0131\u015ft\u0131k. Kara Halil\u2019in bir yandan \u00e7ok sava\u015f\u00e7\u0131 bir ruhu var, bir yandan da Orhan\u2019\u0131n en yak\u0131n\u0131ndaki adam. \u201c s\u00f6zleriyle hem dizi hakk\u0131nda hem de karakteri Kara Halil hakk\u0131nda a\u00e7\u0131klamalarda bulundu.<\/p>\n<p><img loading=\"lazy\" decoding=\"async\" class=\"alignnone wp-image-253265 size-full\" src=\"https:\/\/www.tgrthaber.com\/mavikadin\/wp-content\/uploads\/Adsiz-tasarim-6-108.jpg\" alt=\"\" width=\"1208\" height=\"680\" title=\"\" srcset=\"https:\/\/www.tgrthaber.com\/mavikadin\/wp-content\/uploads\/Adsiz-tasarim-6-108.jpg 1208w, https:\/\/www.tgrthaber.com\/mavikadin\/wp-content\/uploads\/Adsiz-tasarim-6-108-300x169.jpg 300w, https:\/\/www.tgrthaber.com\/mavikadin\/wp-content\/uploads\/Adsiz-tasarim-6-108-1024x576.jpg 1024w, https:\/\/www.tgrthaber.com\/mavikadin\/wp-content\/uploads\/Adsiz-tasarim-6-108-768x432.jpg 768w\" sizes=\"(max-width: 1208px) 100vw, 1208px\" \/><\/p>\n<hr \/>\n<p>Tarihi bir dizide ilk kez oynayan Can Atak, Kurulu\u015f Orhan dizisinin ona kazand\u0131rd\u0131klar\u0131ndan bahsetti. Tarihin bilmedi\u011fi bir\u00e7ok y\u00f6n\u00fcn\u00fc ve ata binmeyi ve ok\u00e7uluk atmay\u0131 \u00f6\u011frendi\u011fini dile getirdi.<\/p>\n<p><img loading=\"lazy\" decoding=\"async\" class=\"alignnone wp-image-253266 size-full\" src=\"https:\/\/www.tgrthaber.com\/mavikadin\/wp-content\/uploads\/Adsiz-tasarim-11-107.jpg\" alt=\"\" width=\"1208\" height=\"680\" title=\"\" srcset=\"https:\/\/www.tgrthaber.com\/mavikadin\/wp-content\/uploads\/Adsiz-tasarim-11-107.jpg 1208w, https:\/\/www.tgrthaber.com\/mavikadin\/wp-content\/uploads\/Adsiz-tasarim-11-107-300x169.jpg 300w, https:\/\/www.tgrthaber.com\/mavikadin\/wp-content\/uploads\/Adsiz-tasarim-11-107-1024x576.jpg 1024w, https:\/\/www.tgrthaber.com\/mavikadin\/wp-content\/uploads\/Adsiz-tasarim-11-107-768x432.jpg 768w\" sizes=\"(max-width: 1208px) 100vw, 1208px\" \/><\/p>\n<hr \/>\n<h3>CAN ATAK&#8217;IN OYNADI\u011eI D\u0130Z\u0130LER<\/h3>\n<ul>\n<li>Karag\u00fcl &#8211; 2013 &#8211; As\u0131m karakteri rol\u00fc<\/li>\n<li>Kurulu\u015f Orhan &#8211; 2025 &#8211; Kara Halil rol\u00fc<\/li>\n<\/ul>\n","protected":false},"excerpt":{"rendered":"<p>Karag\u00fcl dizisindeki performans\u0131yla haf\u0131zalara kaz\u0131nan Can Atak, uzun bir aran\u0131n ard\u0131ndan yepyeni bir diziyle izleyici kar\u015f\u0131s\u0131na \u00e7\u0131k\u0131yor. ATV kanal\u0131nda yay\u0131nlanacak olan Kurulu\u015f Orhan dizisinde Kara Halil oynayan Can Atak\u2019\u0131n hayat\u0131 merak edilmeye ba\u015fland\u0131. Peki, Kurulu\u015f Orhan Kara Halil\u2019i Can Atak kimdir ka\u00e7 ya\u015f\u0131nda? Can Atak dizileri<\/p>\n","protected":false},"author":10,"featured_media":253262,"comment_status":"closed","ping_status":"closed","sticky":false,"template":"","format":"standard","meta":{"rank_math_lock_modified_date":false,"footnotes":""},"categories":[491],"tags":[65040,65039,65038,65041,65037],"class_list":["post-253260","post","type-post","status-publish","format-standard","has-post-thumbnail","hentry","category-biyografi","tag-can-atak-asil-unu-ne-zaman-kazandi","tag-can-atak-kac-yasinda","tag-can-atak-kimdir","tag-can-atak-oynadigi-dizi","tag-kurulus-orhan-can-atak"],"_links":{"self":[{"href":"https:\/\/www.tgrthaber.com\/mavikadin\/wp-json\/wp\/v2\/posts\/253260"}],"collection":[{"href":"https:\/\/www.tgrthaber.com\/mavikadin\/wp-json\/wp\/v2\/posts"}],"about":[{"href":"https:\/\/www.tgrthaber.com\/mavikadin\/wp-json\/wp\/v2\/types\/post"}],"author":[{"embeddable":true,"href":"https:\/\/www.tgrthaber.com\/mavikadin\/wp-json\/wp\/v2\/users\/10"}],"replies":[{"embeddable":true,"href":"https:\/\/www.tgrthaber.com\/mavikadin\/wp-json\/wp\/v2\/comments?post=253260"}],"version-history":[{"count":2,"href":"https:\/\/www.tgrthaber.com\/mavikadin\/wp-json\/wp\/v2\/posts\/253260\/revisions"}],"predecessor-version":[{"id":253268,"href":"https:\/\/www.tgrthaber.com\/mavikadin\/wp-json\/wp\/v2\/posts\/253260\/revisions\/253268"}],"wp:featuredmedia":[{"embeddable":true,"href":"https:\/\/www.tgrthaber.com\/mavikadin\/wp-json\/wp\/v2\/media\/253262"}],"wp:attachment":[{"href":"https:\/\/www.tgrthaber.com\/mavikadin\/wp-json\/wp\/v2\/media?parent=253260"}],"wp:term":[{"taxonomy":"category","embeddable":true,"href":"https:\/\/www.tgrthaber.com\/mavikadin\/wp-json\/wp\/v2\/categories?post=253260"},{"taxonomy":"post_tag","embeddable":true,"href":"https:\/\/www.tgrthaber.com\/mavikadin\/wp-json\/wp\/v2\/tags?post=253260"}],"curies":[{"name":"wp","href":"https:\/\/api.w.org\/{rel}","templated":true}]}}