{"id":253278,"date":"2025-10-23T22:34:16","date_gmt":"2025-10-23T19:34:16","guid":{"rendered":"https:\/\/www.tgrthaber.com\/mavikadin\/?p=253278"},"modified":"2025-10-23T22:34:17","modified_gmt":"2025-10-23T19:34:17","slug":"aleyna-tilki-amsterdamda-soyuldu-cantasi-calinan-sarkici-yalvardi","status":"publish","type":"post","link":"https:\/\/www.tgrthaber.com\/mavikadin\/aleyna-tilki-amsterdamda-soyuldu-cantasi-calinan-sarkici-yalvardi\/","title":{"rendered":"Aleyna Tilki Amsterdam\u2019da soyuldu! \u00c7antas\u0131 \u00e7al\u0131nan \u015fark\u0131c\u0131 yalvard\u0131"},"content":{"rendered":"<p>\u00dcnl\u00fc \u015fark\u0131c\u0131 Aleyna Tilki, s\u00f6ylemleriyle ve tarz\u0131yla magazin bas\u0131n\u0131nda dikkat \u00e7ekerken, bu kez bir kapka\u00e7 olay\u0131yla g\u00fcndeme geldi. \u015eark\u0131c\u0131, i\u015f i\u00e7in gitti\u011fi Amerika\u2019da ba\u015f\u0131na talihsiz bir olay geldi. Aleyna Tilki, ya\u015fad\u0131klar\u0131n\u0131 sosyal medya hesab\u0131ndan duyurarak, takip\u00e7ilerinden yard\u0131m istedi. Tilki, yard\u0131m edene \u201c \u00c7ok b\u00fcy\u00fck dualar edece\u011fim\u201d yorumunda bulundu.<\/p>\n<h3>ALEYNA T\u0130LK\u0130\u2019N\u0130N AMSTERDAM\u2019DA E\u015eYALARI \u00c7ALINDI<\/h3>\n<p>\u015eark\u0131c\u0131 Aleyna Tilki, Amsterdam&#8217;da konser gitti\u011fi etkinlik alan\u0131na giderken, talihsiz bir olay ya\u015fad\u0131. Tilki, pasaportunun, bilgisayar\u0131n\u0131n ve di\u011fer ki\u015fisel e\u015fyalar\u0131n\u0131n bulundu\u011funu \u00e7antas\u0131n\u0131n \u00e7al\u0131nd\u0131\u011f\u0131n\u0131 resmi sosyal medyas\u0131ndan duyurdu.<\/p>\n<p><img loading=\"lazy\" decoding=\"async\" class=\"alignnone wp-image-253279 size-full\" src=\"https:\/\/www.tgrthaber.com\/mavikadin\/wp-content\/uploads\/Adsiz-tasarim-21-112.jpg\" alt=\"\" width=\"1208\" height=\"680\" title=\"\" srcset=\"https:\/\/www.tgrthaber.com\/mavikadin\/wp-content\/uploads\/Adsiz-tasarim-21-112.jpg 1208w, https:\/\/www.tgrthaber.com\/mavikadin\/wp-content\/uploads\/Adsiz-tasarim-21-112-300x169.jpg 300w, https:\/\/www.tgrthaber.com\/mavikadin\/wp-content\/uploads\/Adsiz-tasarim-21-112-1024x576.jpg 1024w, https:\/\/www.tgrthaber.com\/mavikadin\/wp-content\/uploads\/Adsiz-tasarim-21-112-768x432.jpg 768w\" sizes=\"(max-width: 1208px) 100vw, 1208px\" \/><\/p>\n<hr \/>\n<p>Aleyna Tilki sosyal medyas\u0131ndan payla\u015ft\u0131\u011f\u0131 yaz\u0131da, &#8220;Arkada\u015flar, \u015fu an Amsterdam\u2019day\u0131m. \u00c7antamla beraber pasaportum, laptopum ve her \u015feyim \u00e7al\u0131nd\u0131. Bir sonraki sayfada size \u00e7antay\u0131 ve konumun nerede oldu\u011funu yazaca\u011f\u0131m. Genelde de\u011ferli e\u015fyalar\u0131 al\u0131p pasaportlar\u0131 ve \u00e7antay\u0131 bir yere at\u0131yorlarm\u0131\u015f. Ben ABD&#8217;de \u00e7ok \u00f6nemli bir sahneye \u00e7\u0131kacakt\u0131m ve pasaportumu bulmam l\u00e2z\u0131m. Bulana \u00e7ok b\u00fcy\u00fck dualar edece\u011fim.&#8221; ifadelerini kulland\u0131.<\/p>\n<p><img loading=\"lazy\" decoding=\"async\" class=\"alignnone wp-image-253281 size-full\" src=\"https:\/\/www.tgrthaber.com\/mavikadin\/wp-content\/uploads\/Adsiz-tasarim-23-83.jpg\" alt=\"\" width=\"1208\" height=\"680\" title=\"\" srcset=\"https:\/\/www.tgrthaber.com\/mavikadin\/wp-content\/uploads\/Adsiz-tasarim-23-83.jpg 1208w, https:\/\/www.tgrthaber.com\/mavikadin\/wp-content\/uploads\/Adsiz-tasarim-23-83-300x169.jpg 300w, https:\/\/www.tgrthaber.com\/mavikadin\/wp-content\/uploads\/Adsiz-tasarim-23-83-1024x576.jpg 1024w, https:\/\/www.tgrthaber.com\/mavikadin\/wp-content\/uploads\/Adsiz-tasarim-23-83-768x432.jpg 768w\" sizes=\"(max-width: 1208px) 100vw, 1208px\" \/><\/p>\n<hr \/>\n<h3>ALEYNA T\u0130LK\u0130\u2019N\u0130N PASAPORTU BULUNMAZSA NE OLACAK?<\/h3>\n<p>\u015eark\u0131c\u0131 <a href=\"https:\/\/www.tgrthaber.com\/mavikadin\/aleyna-tilkinin-takintili-hayranina-hapis-cezasi\/\">Aleyna Tilki,<\/a> Amsterdam\u2019da ki\u015fisel e\u015fyalar\u0131 ve kimliklerinin \u00e7al\u0131nmas\u0131yla zor durumda oldu\u011funu duyurdu. Amerika\u2019da verece\u011fi konsere bir an \u00f6nce gitmesi gerekti\u011fini, bunun i\u00e7inde pasaportunun bir an evvel bulunmas\u0131 gerekti\u011fini vurgulad\u0131.<\/p>\n<p><img loading=\"lazy\" decoding=\"async\" class=\"alignnone wp-image-253282 size-full\" src=\"https:\/\/www.tgrthaber.com\/mavikadin\/wp-content\/uploads\/Adsiz-tasarim-24-90.jpg\" alt=\"\" width=\"1208\" height=\"680\" title=\"\" srcset=\"https:\/\/www.tgrthaber.com\/mavikadin\/wp-content\/uploads\/Adsiz-tasarim-24-90.jpg 1208w, https:\/\/www.tgrthaber.com\/mavikadin\/wp-content\/uploads\/Adsiz-tasarim-24-90-300x169.jpg 300w, https:\/\/www.tgrthaber.com\/mavikadin\/wp-content\/uploads\/Adsiz-tasarim-24-90-1024x576.jpg 1024w, https:\/\/www.tgrthaber.com\/mavikadin\/wp-content\/uploads\/Adsiz-tasarim-24-90-768x432.jpg 768w\" sizes=\"(max-width: 1208px) 100vw, 1208px\" \/><\/p>\n<hr \/>\n<p>Aleyna Tilki \u00e7al\u0131nan pasaportunu bulamazsa ne olacak? \u00c7al\u0131nan pasaporta dair t\u00fcm bilgilerin gerekli yerlere iletilmesi gerekiyor. Ki\u015finin bulundu\u011fu \u00fclkedeki konsolosluklara giderek, \u00e7al\u0131nan pasaportuyla ilgili bilgi vermesi ve ge\u00e7ici olarak pasaport alabilir.<\/p>\n<p><img loading=\"lazy\" decoding=\"async\" class=\"alignnone wp-image-253284 size-full\" src=\"https:\/\/www.tgrthaber.com\/mavikadin\/wp-content\/uploads\/Adsiz-tasarim-26-86.jpg\" alt=\"\" width=\"1208\" height=\"680\" title=\"\" srcset=\"https:\/\/www.tgrthaber.com\/mavikadin\/wp-content\/uploads\/Adsiz-tasarim-26-86.jpg 1208w, https:\/\/www.tgrthaber.com\/mavikadin\/wp-content\/uploads\/Adsiz-tasarim-26-86-300x169.jpg 300w, https:\/\/www.tgrthaber.com\/mavikadin\/wp-content\/uploads\/Adsiz-tasarim-26-86-1024x576.jpg 1024w, https:\/\/www.tgrthaber.com\/mavikadin\/wp-content\/uploads\/Adsiz-tasarim-26-86-768x432.jpg 768w\" sizes=\"(max-width: 1208px) 100vw, 1208px\" \/><\/p>\n<hr \/>\n<h3>ALEYNA T\u0130LK\u0130 K\u0130MD\u0130R?<\/h3>\n<p>25 ya\u015f\u0131nda olan Aleyna Tilki, aslen Konyal\u0131d\u0131r. A\u011fustos 2016&#8217;da T\u00fcrk besteci ve aranj\u00f6r Emrah Karaduman&#8217;\u0131n &#8220;Cevaps\u0131z \u00c7\u0131nlama&#8221; adl\u0131 par\u00e7as\u0131nda vokallik yapt\u0131. Par\u00e7an\u0131n YouTube&#8217;da yay\u0131nlanan klibi 2016&#8217;da T\u00fcrkiye&#8217;de en \u00e7ok izlenen video klip oldu ve bir y\u0131l i\u00e7inde 480 milyondan fazla izlendi. \u015eark\u0131 MusicTopTR Resm\u00ee Listesi&#8217;nde 2 numaraya kadar y\u00fckseldi. Aleyna Tilki, Temmuz 2017&#8217;de ilk solo par\u00e7as\u0131 &#8220;Sen Olsan Bari&#8221;yi yay\u0131mlad\u0131 ve T\u00fcrkiye&#8217;de ayn\u0131 listede 1 numara oldu.<\/p>\n<p><img loading=\"lazy\" decoding=\"async\" class=\"alignnone wp-image-253283 size-full\" src=\"https:\/\/www.tgrthaber.com\/mavikadin\/wp-content\/uploads\/Adsiz-tasarim-25-91.jpg\" alt=\"\" width=\"1208\" height=\"680\" title=\"\" srcset=\"https:\/\/www.tgrthaber.com\/mavikadin\/wp-content\/uploads\/Adsiz-tasarim-25-91.jpg 1208w, https:\/\/www.tgrthaber.com\/mavikadin\/wp-content\/uploads\/Adsiz-tasarim-25-91-300x169.jpg 300w, https:\/\/www.tgrthaber.com\/mavikadin\/wp-content\/uploads\/Adsiz-tasarim-25-91-1024x576.jpg 1024w, https:\/\/www.tgrthaber.com\/mavikadin\/wp-content\/uploads\/Adsiz-tasarim-25-91-768x432.jpg 768w\" sizes=\"(max-width: 1208px) 100vw, 1208px\" \/><\/p>\n<hr \/>\n<p>\u015eark\u0131lar\u0131n\u0131n yan\u0131 s\u0131ra Aleyna Tilki magazin bas\u0131n\u0131nda yapt\u0131\u011f\u0131 a\u00e7\u0131klamalar\u0131yla da dikkat \u00e7eken bir sanat\u00e7\u0131d\u0131r. Konu\u015fmas\u0131yla kendisini sekt\u00f6rde kimsenin istemedi\u011fini defalarca dile getirdi.<\/p>\n","protected":false},"excerpt":{"rendered":"<p>Aleyna Tilki, Amsterdam&#8217;da u\u011frad\u0131\u011f\u0131 kapka\u00e7 sonucunda \u00e7antas\u0131n\u0131, pasaportunu ve laptopunu ald\u0131lar. \u00dcnl\u00fc \u015fark\u0131c\u0131, sosyal medya hesab\u0131ndan ya\u015fad\u0131\u011f\u0131 kapka\u00e7 olay\u0131n\u0131 duyurarak, pasaportunu bulmak i\u00e7in yard\u0131m istedi.<\/p>\n","protected":false},"author":10,"featured_media":253280,"comment_status":"closed","ping_status":"closed","sticky":false,"template":"","format":"standard","meta":{"rank_math_lock_modified_date":false,"footnotes":""},"categories":[76],"tags":[3552,65045,65044,133],"class_list":["post-253278","post","type-post","status-publish","format-standard","has-post-thumbnail","hentry","category-magazin","tag-aleyna-tilki","tag-aleyna-tilki-amsterdam","tag-aleyna-tilki-calinan-pasaport","tag-magazin"],"_links":{"self":[{"href":"https:\/\/www.tgrthaber.com\/mavikadin\/wp-json\/wp\/v2\/posts\/253278"}],"collection":[{"href":"https:\/\/www.tgrthaber.com\/mavikadin\/wp-json\/wp\/v2\/posts"}],"about":[{"href":"https:\/\/www.tgrthaber.com\/mavikadin\/wp-json\/wp\/v2\/types\/post"}],"author":[{"embeddable":true,"href":"https:\/\/www.tgrthaber.com\/mavikadin\/wp-json\/wp\/v2\/users\/10"}],"replies":[{"embeddable":true,"href":"https:\/\/www.tgrthaber.com\/mavikadin\/wp-json\/wp\/v2\/comments?post=253278"}],"version-history":[{"count":2,"href":"https:\/\/www.tgrthaber.com\/mavikadin\/wp-json\/wp\/v2\/posts\/253278\/revisions"}],"predecessor-version":[{"id":253286,"href":"https:\/\/www.tgrthaber.com\/mavikadin\/wp-json\/wp\/v2\/posts\/253278\/revisions\/253286"}],"wp:featuredmedia":[{"embeddable":true,"href":"https:\/\/www.tgrthaber.com\/mavikadin\/wp-json\/wp\/v2\/media\/253280"}],"wp:attachment":[{"href":"https:\/\/www.tgrthaber.com\/mavikadin\/wp-json\/wp\/v2\/media?parent=253278"}],"wp:term":[{"taxonomy":"category","embeddable":true,"href":"https:\/\/www.tgrthaber.com\/mavikadin\/wp-json\/wp\/v2\/categories?post=253278"},{"taxonomy":"post_tag","embeddable":true,"href":"https:\/\/www.tgrthaber.com\/mavikadin\/wp-json\/wp\/v2\/tags?post=253278"}],"curies":[{"name":"wp","href":"https:\/\/api.w.org\/{rel}","templated":true}]}}