{"id":253287,"date":"2025-10-24T00:13:16","date_gmt":"2025-10-23T21:13:16","guid":{"rendered":"https:\/\/www.tgrthaber.com\/mavikadin\/?p=253287"},"modified":"2025-10-24T00:13:16","modified_gmt":"2025-10-23T21:13:16","slug":"deniz-undav-evli-mi-deniz-undav-nereli","status":"publish","type":"post","link":"https:\/\/www.tgrthaber.com\/mavikadin\/deniz-undav-evli-mi-deniz-undav-nereli\/","title":{"rendered":"Deniz Undav evli mi? Deniz Undav nereli?"},"content":{"rendered":"<p>Sttugart tak\u0131m\u0131n\u0131n oyuncusu Deniz Undav, futbol ba\u015far\u0131s\u0131n\u0131n yan\u0131 s\u0131ra \u00f6zel hayat\u0131na dair konular merak ediliyor. Pek \u00e7ok ki\u015fi Stttugart&#8217;ta forma giyen Deniz Undav&#8217;\u0131n kim, nereli oldu\u011funu ara\u015ft\u0131rmaya ba\u015flad\u0131. Peki, Deniz Undav aslen nereli? Deniz Undav kimdir? Deniz Undav evli mi?<\/p>\n<h3>DEN\u0130Z UNDAV K\u0130MD\u0130R?<\/h3>\n<p>Deniz Undav, 19 Temmuz 1996 y\u0131l\u0131nda Almanya\u2019n\u0131n Achim \u015fehrinde d\u00fcnyaya geldi. T\u00fcrk as\u0131ll\u0131 profesyonel futbolcu Deniz Undav, kariyerine Almanya\u2019da ba\u015flayan Undav, futbol sahalar\u0131ndaki yetenekleriyle dikkat \u00e7ekmeye devam ediyor.<\/p>\n<p><img loading=\"lazy\" decoding=\"async\" class=\"alignnone wp-image-253289 size-full\" src=\"https:\/\/www.tgrthaber.com\/mavikadin\/wp-content\/uploads\/Adsiz-tasarim-30-90.jpg\" alt=\"\" width=\"1208\" height=\"680\" title=\"\" srcset=\"https:\/\/www.tgrthaber.com\/mavikadin\/wp-content\/uploads\/Adsiz-tasarim-30-90.jpg 1208w, https:\/\/www.tgrthaber.com\/mavikadin\/wp-content\/uploads\/Adsiz-tasarim-30-90-300x169.jpg 300w, https:\/\/www.tgrthaber.com\/mavikadin\/wp-content\/uploads\/Adsiz-tasarim-30-90-1024x576.jpg 1024w, https:\/\/www.tgrthaber.com\/mavikadin\/wp-content\/uploads\/Adsiz-tasarim-30-90-768x432.jpg 768w\" sizes=\"(max-width: 1208px) 100vw, 1208px\" \/><\/p>\n<hr \/>\n<p>Forvette oynayan Undav, futbol kariyerine ilk Almanya\u2019n\u0131n k\u00fc\u00e7\u00fck liginde ad\u0131m att\u0131. Yetenekleri \u00e7ok k\u0131sa s\u00fcrede fark edilen Deniz Undav, futbola olan a\u015fk\u0131yla daha \u00fcst liglere ge\u00e7i\u015f yapt\u0131.<\/p>\n<p><img loading=\"lazy\" decoding=\"async\" class=\"alignnone wp-image-253290 size-full\" src=\"https:\/\/www.tgrthaber.com\/mavikadin\/wp-content\/uploads\/Adsiz-tasarim-31-103.jpg\" alt=\"\" width=\"1208\" height=\"680\" title=\"\" srcset=\"https:\/\/www.tgrthaber.com\/mavikadin\/wp-content\/uploads\/Adsiz-tasarim-31-103.jpg 1208w, https:\/\/www.tgrthaber.com\/mavikadin\/wp-content\/uploads\/Adsiz-tasarim-31-103-300x169.jpg 300w, https:\/\/www.tgrthaber.com\/mavikadin\/wp-content\/uploads\/Adsiz-tasarim-31-103-1024x576.jpg 1024w, https:\/\/www.tgrthaber.com\/mavikadin\/wp-content\/uploads\/Adsiz-tasarim-31-103-768x432.jpg 768w\" sizes=\"(max-width: 1208px) 100vw, 1208px\" \/><\/p>\n<hr \/>\n<h3>DEN\u0130Z UNDAV NEREL\u0130?<\/h3>\n<p>Deniz Undav, \u015eanl\u0131urfa iline ba\u011fl\u0131 Viran\u015fehir il\u00e7esinin I\u015f\u0131kl\u0131 k\u00f6y\u00fcnden gelen bir ailenin \u00e7ocu\u011fu olarak d\u00fcnyaya geldi. Be\u015f karde\u015ften biri olan Deniz Undav\u2019\u0131n dedesi, 1980 darbesinde \u00fclkede ya\u015fanan bask\u0131lar nedeniyle Almanya&#8217;ya g\u00f6\u00e7 ederek ya\u015fam\u0131n\u0131 orada s\u00fcrd\u00fcrm\u00fc\u015ft\u00fcr.<\/p>\n<p><img loading=\"lazy\" decoding=\"async\" class=\"alignnone wp-image-253291 size-full\" src=\"https:\/\/www.tgrthaber.com\/mavikadin\/wp-content\/uploads\/Adsiz-tasarim-32-94.jpg\" alt=\"\" width=\"1208\" height=\"680\" title=\"\" srcset=\"https:\/\/www.tgrthaber.com\/mavikadin\/wp-content\/uploads\/Adsiz-tasarim-32-94.jpg 1208w, https:\/\/www.tgrthaber.com\/mavikadin\/wp-content\/uploads\/Adsiz-tasarim-32-94-300x169.jpg 300w, https:\/\/www.tgrthaber.com\/mavikadin\/wp-content\/uploads\/Adsiz-tasarim-32-94-1024x576.jpg 1024w, https:\/\/www.tgrthaber.com\/mavikadin\/wp-content\/uploads\/Adsiz-tasarim-32-94-768x432.jpg 768w\" sizes=\"(max-width: 1208px) 100vw, 1208px\" \/><\/p>\n<hr \/>\n<h3>DEN\u0130Z UNDAV K\u00dcRT M\u00dc?<\/h3>\n<p>Almanya&#8217;da d\u00fcnyaya gelen Deniz Undav, Alman futbolcu olarak d\u00fcnya \u00e7ap\u0131nda tan\u0131nmaktad\u0131r. Deniz Undav\u2019\u0131n nereli oldu\u011fu ve k\u00fcrt m\u00fc oldu\u011fu sorular\u0131 g\u00fcndemde uzun s\u00fcre konu\u015fulmu\u015ftur. Undav&#8217;\u0131n sosyal medyada yazan bilgilere g\u00f6re k\u00fcrt bir aileden d\u00fcnyaya geldi\u011fi s\u00f6ylenmektedir.<\/p>\n<p><img loading=\"lazy\" decoding=\"async\" class=\"alignnone wp-image-253292 size-full\" src=\"https:\/\/www.tgrthaber.com\/mavikadin\/wp-content\/uploads\/Adsiz-tasarim-28-82.jpg\" alt=\"\" width=\"1208\" height=\"680\" title=\"\" srcset=\"https:\/\/www.tgrthaber.com\/mavikadin\/wp-content\/uploads\/Adsiz-tasarim-28-82.jpg 1208w, https:\/\/www.tgrthaber.com\/mavikadin\/wp-content\/uploads\/Adsiz-tasarim-28-82-300x169.jpg 300w, https:\/\/www.tgrthaber.com\/mavikadin\/wp-content\/uploads\/Adsiz-tasarim-28-82-1024x576.jpg 1024w, https:\/\/www.tgrthaber.com\/mavikadin\/wp-content\/uploads\/Adsiz-tasarim-28-82-768x432.jpg 768w\" sizes=\"(max-width: 1208px) 100vw, 1208px\" \/><\/p>\n<hr \/>\n<h3>DEN\u0130Z UNDAV EVL\u0130 M\u0130? \u00c7OCU\u011eU VAR MI?<\/h3>\n<p>Alman milli tak\u0131m\u0131 Stuttgart y\u0131ld\u0131z\u0131 Deniz Undav\u2019\u0131n baba ve e\u015fi Tanja Undav\u2019\u0131n bir k\u0131z \u00e7ocu\u011fu bulunmaktad\u0131r. Deniz Undav ve Tanja Undav\u2019\u0131n birbirlerine olan sevgisini stadyumdaki t\u00fcm izleyiciler fark ediyor. Deniz Undav, e\u015fi Tanja\u2019ya sevgisini ve ba\u011fl\u0131l\u0131\u011f\u0131n\u0131 ma\u00e7larda gol att\u0131ktan sonra eliyle T i\u015fareti yaparak g\u00f6steriyor.<\/p>\n<p><img loading=\"lazy\" decoding=\"async\" class=\"alignnone wp-image-253293 size-full\" src=\"https:\/\/www.tgrthaber.com\/mavikadin\/wp-content\/uploads\/Adsiz-tasarim-33-97.jpg\" alt=\"\" width=\"1208\" height=\"680\" title=\"\" srcset=\"https:\/\/www.tgrthaber.com\/mavikadin\/wp-content\/uploads\/Adsiz-tasarim-33-97.jpg 1208w, https:\/\/www.tgrthaber.com\/mavikadin\/wp-content\/uploads\/Adsiz-tasarim-33-97-300x169.jpg 300w, https:\/\/www.tgrthaber.com\/mavikadin\/wp-content\/uploads\/Adsiz-tasarim-33-97-1024x576.jpg 1024w, https:\/\/www.tgrthaber.com\/mavikadin\/wp-content\/uploads\/Adsiz-tasarim-33-97-768x432.jpg 768w\" sizes=\"(max-width: 1208px) 100vw, 1208px\" \/><\/p>\n<hr \/>\n<h3>DEN\u0130Z UNDAV FUTBOLCULUK KAR\u0130YER\u0130<\/h3>\n<p>Undav, futbolculuk kariyerini Bel\u00e7ika\u2019n\u0131n Union Saint-Gilloise tak\u0131m\u0131nda en y\u00fcksek seviyeye \u00e7\u0131kard\u0131. 2021-2022 sezonunda futbolculuk performans\u0131yla dikkat \u00e7eken Deniz Undav, att\u0131\u011f\u0131 gollerle tak\u0131m\u0131n\u0131 \u015fampiyonlu\u011fa ta\u015f\u0131d\u0131. 2022 y\u0131l\u0131nda \u0130ngiltere Premier Lig ekiplerinden Brighton &amp; Hove Albion\u2019a transferi ger\u00e7ekle\u015fti. Brighton\u2019da k\u0131sa s\u00fcrede ba\u015far\u0131 elde eden Deniz Undav, saha i\u00e7indeki stratejisiyle \u00f6ne \u00e7\u0131kan futbolcu olarak kariyerine devam ediyor.<\/p>\n","protected":false},"excerpt":{"rendered":"<p>Stuttgart tak\u0131m\u0131nda forma giyen futbolcu Deniz Undav&#8217;\u0131n futbol hayat\u0131n\u0131n yan\u0131 s\u0131ra \u00f6zel hayat\u0131na dair detaylarda hayran kitlesi taraf\u0131ndan merak ediliyor. Peki, Deniz Undav kimdir? Deniz Undav evli mi? Deniz Undav nereli?<\/p>\n","protected":false},"author":10,"featured_media":253288,"comment_status":"closed","ping_status":"closed","sticky":false,"template":"","format":"standard","meta":{"rank_math_lock_modified_date":false,"footnotes":""},"categories":[491],"tags":[65049,65048,65050,65046,65047],"class_list":["post-253287","post","type-post","status-publish","format-standard","has-post-thumbnail","hentry","category-biyografi","tag-deniz-undav-cocugu-var-mi","tag-deniz-undav-evli-mi","tag-deniz-undav-futbolculuk-kariyeri","tag-deniz-undav-kim","tag-deniz-undav-nereli"],"_links":{"self":[{"href":"https:\/\/www.tgrthaber.com\/mavikadin\/wp-json\/wp\/v2\/posts\/253287"}],"collection":[{"href":"https:\/\/www.tgrthaber.com\/mavikadin\/wp-json\/wp\/v2\/posts"}],"about":[{"href":"https:\/\/www.tgrthaber.com\/mavikadin\/wp-json\/wp\/v2\/types\/post"}],"author":[{"embeddable":true,"href":"https:\/\/www.tgrthaber.com\/mavikadin\/wp-json\/wp\/v2\/users\/10"}],"replies":[{"embeddable":true,"href":"https:\/\/www.tgrthaber.com\/mavikadin\/wp-json\/wp\/v2\/comments?post=253287"}],"version-history":[{"count":2,"href":"https:\/\/www.tgrthaber.com\/mavikadin\/wp-json\/wp\/v2\/posts\/253287\/revisions"}],"predecessor-version":[{"id":253295,"href":"https:\/\/www.tgrthaber.com\/mavikadin\/wp-json\/wp\/v2\/posts\/253287\/revisions\/253295"}],"wp:featuredmedia":[{"embeddable":true,"href":"https:\/\/www.tgrthaber.com\/mavikadin\/wp-json\/wp\/v2\/media\/253288"}],"wp:attachment":[{"href":"https:\/\/www.tgrthaber.com\/mavikadin\/wp-json\/wp\/v2\/media?parent=253287"}],"wp:term":[{"taxonomy":"category","embeddable":true,"href":"https:\/\/www.tgrthaber.com\/mavikadin\/wp-json\/wp\/v2\/categories?post=253287"},{"taxonomy":"post_tag","embeddable":true,"href":"https:\/\/www.tgrthaber.com\/mavikadin\/wp-json\/wp\/v2\/tags?post=253287"}],"curies":[{"name":"wp","href":"https:\/\/api.w.org\/{rel}","templated":true}]}}