{"id":253309,"date":"2025-10-24T05:57:12","date_gmt":"2025-10-24T02:57:12","guid":{"rendered":"https:\/\/www.tgrthaber.com\/mavikadin\/?p=253309"},"modified":"2025-10-25T09:26:50","modified_gmt":"2025-10-25T06:26:50","slug":"masterchef-24-ekim-2025-dokunulmazlik-oyununu-kim-kazandi-masterchef-son-eleme-adayi-kim-oldu","status":"publish","type":"post","link":"https:\/\/www.tgrthaber.com\/mavikadin\/masterchef-24-ekim-2025-dokunulmazlik-oyununu-kim-kazandi-masterchef-son-eleme-adayi-kim-oldu\/","title":{"rendered":"MasterChef 24 Ekim 2025 dokunulmazl\u0131k oyununu kim kazand\u0131? MasterChef son eleme aday\u0131 kim oldu?"},"content":{"rendered":"<p>Ekranlar\u0131n sevilerek seyredilen yar\u0131\u015fma program\u0131 MasterChef T\u00fcrkiye&#8217;de bu ak\u015fam eleme potas\u0131na gidecek olan son yar\u0131\u015fmac\u0131 belli olacak. Heyecan dorukta! \u0130zleyiciler, &#8216;MasterChef 24 Ekim 2025 dokunulmazl\u0131k oyununu kim kazand\u0131? MasterChef son eleme aday\u0131 kim oldu?&#8217; sorusunun cevab\u0131n\u0131 merak ediyor. \u0130\u015fte detaylar&#8230;<\/p>\n<h3>MASTERCHEF 24 EK\u0130M 2025 SON ELEME ADAYI K\u0130M OLDU?<\/h3>\n<p><a href=\"https:\/\/www.tgrthaber.com\/mavikadin\/masterchef-2025-konugu-guzide-mertcan-kimdir-esi-kim-masterchef-konugu-guzide-estetik-yaptirdi-herkes-son-halini-konusuyor\/\">MasterChef<\/a> son eleme aday\u0131 Eyl\u00fcl oldu.<\/p>\n<p><img loading=\"lazy\" decoding=\"async\" class=\"alignnone wp-image-253310 \" src=\"https:\/\/www.tgrthaber.com\/mavikadin\/wp-content\/uploads\/Ekran-Resmi-2025-10-24-05.42.10-1024x587.png\" alt=\"\" width=\"1661\" height=\"952\" title=\"\" srcset=\"https:\/\/www.tgrthaber.com\/mavikadin\/wp-content\/uploads\/Ekran-Resmi-2025-10-24-05.42.10-1024x587.png 1024w, https:\/\/www.tgrthaber.com\/mavikadin\/wp-content\/uploads\/Ekran-Resmi-2025-10-24-05.42.10-300x172.png 300w, https:\/\/www.tgrthaber.com\/mavikadin\/wp-content\/uploads\/Ekran-Resmi-2025-10-24-05.42.10-768x440.png 768w, https:\/\/www.tgrthaber.com\/mavikadin\/wp-content\/uploads\/Ekran-Resmi-2025-10-24-05.42.10-1536x881.png 1536w, https:\/\/www.tgrthaber.com\/mavikadin\/wp-content\/uploads\/Ekran-Resmi-2025-10-24-05.42.10.png 1556w\" sizes=\"(max-width: 1661px) 100vw, 1661px\" \/><\/p>\n<hr \/>\n<h3>MASTERCHEF \u00d6D\u00dcL OYUNUNU K\u0130M KAZANDI?<\/h3>\n<p>MasterChef \u00f6d\u00fcl oyununun kazanan\u0131 \u00c7a\u011fatay oldu.<\/p>\n<h3 class=\"p2\">MASTERCHEF DOKUNULMAZLIK OYUNUNU HANG\u0130 TAKIM KAZANDI?<\/h3>\n<p class=\"p2\">Masterchef dokunulmazl\u0131k oyununu kazanan k\u0131rm\u0131z\u0131 tak\u0131m oldu. K\u0131rm\u0131z\u0131 tak\u0131mdan 5. ve 6. eleme aday\u0131 se\u00e7ildi.<\/p>\n<p><img loading=\"lazy\" decoding=\"async\" class=\"alignnone wp-image-253311 \" src=\"https:\/\/www.tgrthaber.com\/mavikadin\/wp-content\/uploads\/Ekran-Resmi-2025-10-24-05.42.56-1024x583.png\" alt=\"\" width=\"1597\" height=\"909\" title=\"\" srcset=\"https:\/\/www.tgrthaber.com\/mavikadin\/wp-content\/uploads\/Ekran-Resmi-2025-10-24-05.42.56-1024x583.png 1024w, https:\/\/www.tgrthaber.com\/mavikadin\/wp-content\/uploads\/Ekran-Resmi-2025-10-24-05.42.56-300x171.png 300w, https:\/\/www.tgrthaber.com\/mavikadin\/wp-content\/uploads\/Ekran-Resmi-2025-10-24-05.42.56-768x437.png 768w, https:\/\/www.tgrthaber.com\/mavikadin\/wp-content\/uploads\/Ekran-Resmi-2025-10-24-05.42.56-1536x874.png 1536w, https:\/\/www.tgrthaber.com\/mavikadin\/wp-content\/uploads\/Ekran-Resmi-2025-10-24-05.42.56.png 1684w\" sizes=\"(max-width: 1597px) 100vw, 1597px\" \/><\/p>\n<hr \/>\n<h3 class=\"p2\">MASTERCHEF 5. VE 6 ELEME ADAYLARI K\u0130MLER OLDU?<\/h3>\n<p class=\"p2\">MasterChef 5. Ve 6. Eleme adaylar\u0131 \u00c7a\u011flar ve Hakan oldu.<\/p>\n<h3 class=\"p2\">MASTERCHEF ELEME ADAYI K\u0130M OLDU?<\/h3>\n<p class=\"p2\">Haftan\u0131n 3. ve 4. eleme aday\u0131 k\u0131rm\u0131z\u0131 tak\u0131mdan Nisa ve Bar\u0131\u015f se\u00e7ildi.<\/p>\n<p><img loading=\"lazy\" decoding=\"async\" class=\"alignnone wp-image-253312 \" src=\"https:\/\/www.tgrthaber.com\/mavikadin\/wp-content\/uploads\/Ekran-Resmi-2025-10-24-05.42.19-1024x577.png\" alt=\"\" width=\"1594\" height=\"898\" title=\"\" srcset=\"https:\/\/www.tgrthaber.com\/mavikadin\/wp-content\/uploads\/Ekran-Resmi-2025-10-24-05.42.19-1024x577.png 1024w, https:\/\/www.tgrthaber.com\/mavikadin\/wp-content\/uploads\/Ekran-Resmi-2025-10-24-05.42.19-300x169.png 300w, https:\/\/www.tgrthaber.com\/mavikadin\/wp-content\/uploads\/Ekran-Resmi-2025-10-24-05.42.19-768x433.png 768w, https:\/\/www.tgrthaber.com\/mavikadin\/wp-content\/uploads\/Ekran-Resmi-2025-10-24-05.42.19-1536x865.png 1536w, https:\/\/www.tgrthaber.com\/mavikadin\/wp-content\/uploads\/Ekran-Resmi-2025-10-24-05.42.19.png 1690w\" sizes=\"(max-width: 1594px) 100vw, 1594px\" \/><\/p>\n<hr \/>\n<h3 class=\"p2\">MASTERCHEF ELEME POTASI<\/h3>\n<p class=\"p2\">Eleme adaylar\u0131\u00a0<b>Asl\u0131, S\u00fcmeyye, Nisa ve Bar\u0131\u015f, \u00c7a\u011flar, Hakan <\/b>\u00a0oldu.<\/p>\n<h3 class=\"p2\">MASTERCHEF BU HAFTANIN KAPTANLARI K\u0130MLER OLDU?<\/h3>\n<p class=\"p2\">Haftan\u0131n kaptanlar\u0131 Ayten ve Nisa se\u00e7ildi. Ayten mavi tak\u0131m, Nisa k\u0131rm\u0131z\u0131 tak\u0131m kaptan\u0131 oldu.<\/p>\n<p class=\"p2\"><strong>MAV\u0130 TAKIM<\/strong><\/p>\n<p class=\"p2\">Ayten (Kaptan)<\/p>\n<p class=\"p2\">Hakan<\/p>\n<p class=\"p2\">\u00d6zkan<\/p>\n<p class=\"p2\">\u00c7a\u011fatay<\/p>\n<p class=\"p2\">Mert<\/p>\n<p class=\"p2\">Sezer<\/p>\n<p class=\"p2\">Eyl\u00fcl<\/p>\n<p class=\"p2\">\u00c7a\u011flar<\/p>\n<p><img loading=\"lazy\" decoding=\"async\" class=\"alignnone wp-image-253313 \" src=\"https:\/\/www.tgrthaber.com\/mavikadin\/wp-content\/uploads\/Ekran-Resmi-2025-10-24-05.43.28-1024x675.png\" alt=\"\" width=\"1613\" height=\"1063\" title=\"\" srcset=\"https:\/\/www.tgrthaber.com\/mavikadin\/wp-content\/uploads\/Ekran-Resmi-2025-10-24-05.43.28-1024x675.png 1024w, https:\/\/www.tgrthaber.com\/mavikadin\/wp-content\/uploads\/Ekran-Resmi-2025-10-24-05.43.28-300x198.png 300w, https:\/\/www.tgrthaber.com\/mavikadin\/wp-content\/uploads\/Ekran-Resmi-2025-10-24-05.43.28-768x506.png 768w, https:\/\/www.tgrthaber.com\/mavikadin\/wp-content\/uploads\/Ekran-Resmi-2025-10-24-05.43.28.png 1486w\" sizes=\"(max-width: 1613px) 100vw, 1613px\" \/><\/p>\n<hr \/>\n<p class=\"p2\"><strong>KIRMIZI TAKIM<\/strong><\/p>\n<p class=\"p2\">Nisa (Kaptan)<\/p>\n<p class=\"p2\">Furkan<\/p>\n<p class=\"p2\">Gizem<\/p>\n<p class=\"p2\">S\u00fcmeyye<\/p>\n<p class=\"p2\">Ayla<\/p>\n<p class=\"p2\">Murat Can<\/p>\n<p class=\"p2\">Bar\u0131\u015f<\/p>\n<h3 class=\"p2\">MASTERCHEF ELENEN YARI\u015eMACI 18 EK\u0130M<\/h3>\n<p class=\"p2\">MasterChef&#8217;te hayallerine veda isim\u00a0<b>Cansu<\/b>\u00a0oldu.<\/p>\n<p><img loading=\"lazy\" decoding=\"async\" class=\"alignnone wp-image-253314 \" src=\"https:\/\/www.tgrthaber.com\/mavikadin\/wp-content\/uploads\/Ekran-Resmi-2025-10-24-05.47.02-1024x664.png\" alt=\"\" width=\"1672\" height=\"1084\" title=\"\" srcset=\"https:\/\/www.tgrthaber.com\/mavikadin\/wp-content\/uploads\/Ekran-Resmi-2025-10-24-05.47.02-1024x664.png 1024w, https:\/\/www.tgrthaber.com\/mavikadin\/wp-content\/uploads\/Ekran-Resmi-2025-10-24-05.47.02-300x194.png 300w, https:\/\/www.tgrthaber.com\/mavikadin\/wp-content\/uploads\/Ekran-Resmi-2025-10-24-05.47.02-768x498.png 768w, https:\/\/www.tgrthaber.com\/mavikadin\/wp-content\/uploads\/Ekran-Resmi-2025-10-24-05.47.02.png 1216w\" sizes=\"(max-width: 1672px) 100vw, 1672px\" \/><\/p>\n<hr \/>\n<h3 class=\"p2\">MASTERCHEF 2025 ANA KADRO L\u0130STES\u0130<\/h3>\n<p class=\"p2\">MasterChef T\u00fcrkiye 2025 ana kadro g\u00fcncel listesi:<\/p>\n<p class=\"p2\">MasterChef T\u00fcrkiye Ana Kadroya Giren 1. Yar\u0131\u015fmac\u0131: Furkan<\/p>\n<p class=\"p2\">MasterChef T\u00fcrkiye Ana Kadroya Giren 2. Yar\u0131\u015fmac\u0131: Eyl\u00fcl<\/p>\n<p class=\"p2\">MasterChef T\u00fcrkiye Ana Kadroya Giren 3. Yar\u0131\u015fmac\u0131: \u00c7a\u011fatay<\/p>\n<p class=\"p2\">MasterChef T\u00fcrkiye Ana Kadroya Giren 4. Yar\u0131\u015fmac\u0131: Onur<\/p>\n<p class=\"p2\">MasterChef T\u00fcrkiye Ana kadroya giren 5. Yar\u0131\u015fmac\u0131: Nisa Nur ( yedeklerden dahil oldu)<\/p>\n<p><img loading=\"lazy\" decoding=\"async\" class=\"alignnone wp-image-253315 \" src=\"https:\/\/www.tgrthaber.com\/mavikadin\/wp-content\/uploads\/Ekran-Resmi-2025-10-24-05.47.45-1024x630.png\" alt=\"\" width=\"1655\" height=\"1018\" title=\"\" srcset=\"https:\/\/www.tgrthaber.com\/mavikadin\/wp-content\/uploads\/Ekran-Resmi-2025-10-24-05.47.45-1024x630.png 1024w, https:\/\/www.tgrthaber.com\/mavikadin\/wp-content\/uploads\/Ekran-Resmi-2025-10-24-05.47.45-300x184.png 300w, https:\/\/www.tgrthaber.com\/mavikadin\/wp-content\/uploads\/Ekran-Resmi-2025-10-24-05.47.45-768x472.png 768w, https:\/\/www.tgrthaber.com\/mavikadin\/wp-content\/uploads\/Ekran-Resmi-2025-10-24-05.47.45.png 1314w\" sizes=\"(max-width: 1655px) 100vw, 1655px\" \/><\/p>\n<hr \/>\n<p class=\"p2\">MasterChef T\u00fcrkiye Ana kadroya giren 6. Yar\u0131\u015fmac\u0131: Sercan(elendi)<\/p>\n<p class=\"p2\">MasterChef T\u00fcrkiye Ana kadroya giren 7. Yar\u0131\u015fmac\u0131: Ayla<\/p>\n<p class=\"p2\">MasterChef T\u00fcrkiye Ana kadroya giren 8. Yar\u0131\u015fmac\u0131: \u0130hsan(elendi)<\/p>\n<p class=\"p2\">MasterChef T\u00fcrkiye Ana kadroya giren 9. Yar\u0131\u015fmac\u0131: Ayten<\/p>\n<p class=\"p2\">MasterChef T\u00fcrkiye Ana kadroya giren 10. Yar\u0131\u015fmac\u0131: \u00c7a\u011flar<\/p>\n<p class=\"p2\">MasterChef T\u00fcrkiye Ana kadroya giren 11. Yar\u0131\u015fmac\u0131: Sezer<\/p>\n<p class=\"p2\">MasterChef T\u00fcrkiye Ana kadroya giren 12. Yar\u0131\u015fmac\u0131: Cansu(elendi)<\/p>\n<p class=\"p2\">MasterChef T\u00fcrkiye Ana kadroya giren 13. Yar\u0131\u015fmac\u0131: \u00d6zkan<\/p>\n<p class=\"p2\">MasterChef T\u00fcrkiye Ana kadroya giren 14. yar\u0131\u015fmac\u0131: Gizem<\/p>\n<p><img loading=\"lazy\" decoding=\"async\" class=\"alignnone wp-image-253316 \" src=\"https:\/\/www.tgrthaber.com\/mavikadin\/wp-content\/uploads\/Ekran-Resmi-2025-10-24-05.47.37-1024x590.png\" alt=\"\" width=\"1725\" height=\"994\" title=\"\" srcset=\"https:\/\/www.tgrthaber.com\/mavikadin\/wp-content\/uploads\/Ekran-Resmi-2025-10-24-05.47.37-1024x590.png 1024w, https:\/\/www.tgrthaber.com\/mavikadin\/wp-content\/uploads\/Ekran-Resmi-2025-10-24-05.47.37-300x173.png 300w, https:\/\/www.tgrthaber.com\/mavikadin\/wp-content\/uploads\/Ekran-Resmi-2025-10-24-05.47.37-768x442.png 768w, https:\/\/www.tgrthaber.com\/mavikadin\/wp-content\/uploads\/Ekran-Resmi-2025-10-24-05.47.37.png 1386w\" sizes=\"(max-width: 1725px) 100vw, 1725px\" \/><\/p>\n<hr \/>\n<p class=\"p2\">MasterChef T\u00fcrkiye Ana kadroya giren 15. yar\u0131\u015fmac\u0131: \u0130rem (elendi)<\/p>\n<p class=\"p2\">MasterChef T\u00fcrkiye Ana kadroya giren 16. yar\u0131\u015fmac\u0131: Hakan<\/p>\n<p class=\"p2\">MasterChef T\u00fcrkiye Ana kadroya giren 17. yar\u0131\u015fmac\u0131: Mert ( yedeklerden dahil oldu)<\/p>\n<p class=\"p2\">MasterChef T\u00fcrkiye Ana kadroya giren 18. yar\u0131\u015fmac\u0131: S\u00fcmeyye<\/p>\n<p class=\"p2\">MasterChef T\u00fcrkiye Ana kadroya giren 19. yar\u0131\u015fmac\u0131: Bar\u0131\u015f Kaya ( yedeklerden dahil oldu)<\/p>\n<p class=\"p2\">\n","protected":false},"excerpt":{"rendered":"<p>TV8 ekranlar\u0131n\u0131n sevilerek seyredilen yar\u0131\u015fma program\u0131 MasterChef T\u00fcrkiye&#8217;de d\u00fcn \u00f6d\u00fcl oyunu oynanm\u0131\u015ft\u0131. \u015eeflerin verdi\u011fi taba\u011f\u0131 en iyi haz\u0131rlayarak \u00f6d\u00fcl\u00fcn sahibi olan yar\u0131\u015fmac\u0131 \u00c7a\u011fatay olmu\u015ftu. Bu ak\u015fam ise MasterChef&#8217;te bireysel aday belirleme oyunu oynanacak. Peki MasterChef 24 Ekim 2025 dokunulmazl\u0131k oyununu kim kazanacak? MasterChef son eleme aday\u0131 kim olacak? \u0130\u015fte merakla beklenen sorunun cevab\u0131&#8230; <\/p>\n","protected":false},"author":16,"featured_media":253316,"comment_status":"closed","ping_status":"closed","sticky":false,"template":"","format":"standard","meta":{"rank_math_lock_modified_date":false,"footnotes":""},"categories":[76],"tags":[133,2218,65052,65053,65054],"class_list":["post-253309","post","type-post","status-publish","format-standard","has-post-thumbnail","hentry","category-magazin","tag-magazin","tag-magazin-haberleri","tag-masterchef-24-ekim-2025-dokunulmazlik-oyununu-kim-kazandi","tag-masterchef-24-ekim-2025-dokunulmazlik-oyununun-kazanani","tag-masterchef-24-ekim-2025-son-eleme-adayi-kim-oldu"],"_links":{"self":[{"href":"https:\/\/www.tgrthaber.com\/mavikadin\/wp-json\/wp\/v2\/posts\/253309"}],"collection":[{"href":"https:\/\/www.tgrthaber.com\/mavikadin\/wp-json\/wp\/v2\/posts"}],"about":[{"href":"https:\/\/www.tgrthaber.com\/mavikadin\/wp-json\/wp\/v2\/types\/post"}],"author":[{"embeddable":true,"href":"https:\/\/www.tgrthaber.com\/mavikadin\/wp-json\/wp\/v2\/users\/16"}],"replies":[{"embeddable":true,"href":"https:\/\/www.tgrthaber.com\/mavikadin\/wp-json\/wp\/v2\/comments?post=253309"}],"version-history":[{"count":3,"href":"https:\/\/www.tgrthaber.com\/mavikadin\/wp-json\/wp\/v2\/posts\/253309\/revisions"}],"predecessor-version":[{"id":253907,"href":"https:\/\/www.tgrthaber.com\/mavikadin\/wp-json\/wp\/v2\/posts\/253309\/revisions\/253907"}],"wp:featuredmedia":[{"embeddable":true,"href":"https:\/\/www.tgrthaber.com\/mavikadin\/wp-json\/wp\/v2\/media\/253316"}],"wp:attachment":[{"href":"https:\/\/www.tgrthaber.com\/mavikadin\/wp-json\/wp\/v2\/media?parent=253309"}],"wp:term":[{"taxonomy":"category","embeddable":true,"href":"https:\/\/www.tgrthaber.com\/mavikadin\/wp-json\/wp\/v2\/categories?post=253309"},{"taxonomy":"post_tag","embeddable":true,"href":"https:\/\/www.tgrthaber.com\/mavikadin\/wp-json\/wp\/v2\/tags?post=253309"}],"curies":[{"name":"wp","href":"https:\/\/api.w.org\/{rel}","templated":true}]}}