{"id":253331,"date":"2025-10-24T07:16:43","date_gmt":"2025-10-24T04:16:43","guid":{"rendered":"https:\/\/www.tgrthaber.com\/mavikadin\/?p=253331"},"modified":"2025-10-24T21:24:27","modified_gmt":"2025-10-24T18:24:27","slug":"masterchefte-7-mehmetten-unutulmaz-sezen-aksu-pilavi-hikayesi-sosyal-medya-bunu-konusuyor","status":"publish","type":"post","link":"https:\/\/www.tgrthaber.com\/mavikadin\/masterchefte-7-mehmetten-unutulmaz-sezen-aksu-pilavi-hikayesi-sosyal-medya-bunu-konusuyor\/","title":{"rendered":"MasterChef\u2019te 7 Mehmet\u2019ten unutulmaz Sezen Aksu pilav\u0131 hikayesi! Sosyal medya bunu konu\u015fuyor"},"content":{"rendered":"<p>TV8 ekranlar\u0131n\u0131n sevilerek seyredilen yar\u0131\u015fma program\u0131 MasterChef T\u00fcrkiye&#8217;nin bu ak\u015fam yer alan konuk \u015fefleri aras\u0131nda Mehmet Akda\u011f bulunuyor. Aslen Antalyal\u0131 olan Mehmet Akda\u011f Akdeniz mutfa\u011f\u0131yla d\u00fcnyada da tan\u0131nan \u00f6nemli \u015fefler aras\u0131nda. Bu ak\u015fam yar\u0131\u015fmac\u0131lardan istedi\u011fi yemek kendi restoran\u0131nda uzun s\u00fcredir men\u00fcs\u00fcnde yer alan Sezen Aksu pilav\u0131 oldu. MasterChef 7 Mehmet&#8217;in unutulmaz Sezen pilav\u0131 hikayesinin tamam\u0131n\u0131 detayl\u0131ca sizler i\u00e7in \u00f6\u011frendik.<\/p>\n<h3 class=\"p1\"><b>MASTERCHEF&#8217;TE 7 MEHMET&#8217;TEN UNUTULMAZ SEZEN AKSU P\u0130LAVI H\u0130KAYES\u0130 <\/b><b><\/b><\/h3>\n<p>MasterChef&#8217;in bu ak\u015famki konu\u011fu olan Mehmet Akda\u011f&#8217;\u0131n programa gelmesiyle birlikte hayat\u0131 da merak edildi. Akdeniz mutfa\u011f\u0131n\u0131n d\u00fcnya \u00e7a\u011f\u0131nda \u00fcn salm\u0131\u015f bir \u015fefi olan Mehmet Akda\u011f 7 Mehmet restoran\u0131n\u0131n 3. ku\u015fak temsilcisi. Bu ak\u015fam yar\u0131\u015fmac\u0131lardan istedi\u011fi yemek Sezen pilav\u0131 oldu. Yar\u0131\u015fmada <a href=\"https:\/\/www.tgrthaber.com\/mavikadin\/sezen-aksu-son-haliyle-sasirtti-sirri-sureyya-onderin-olumunden-sonra-yikildi\/\">Sezen Aksu<\/a> pilav\u0131n\u0131n hikayesini anlatan Mehmet Akda\u011f, 7 Mehmet isimli kitab\u0131 olan ve ge\u00e7en sene d\u00fcnyan\u0131n en iyi restoran kitab\u0131 se\u00e7ilen bu kitab\u0131nda hikayeyi detayl\u0131ca \u015f\u00f6yle anlatm\u0131\u015ft\u0131r:<\/p>\n<p><img loading=\"lazy\" decoding=\"async\" class=\"alignnone wp-image-253332 \" src=\"https:\/\/www.tgrthaber.com\/mavikadin\/wp-content\/uploads\/Ekran-Resmi-2025-10-24-07.04.28-1024x616.png\" alt=\"\" width=\"1601\" height=\"963\" title=\"\" srcset=\"https:\/\/www.tgrthaber.com\/mavikadin\/wp-content\/uploads\/Ekran-Resmi-2025-10-24-07.04.28-1024x616.png 1024w, https:\/\/www.tgrthaber.com\/mavikadin\/wp-content\/uploads\/Ekran-Resmi-2025-10-24-07.04.28-300x180.png 300w, https:\/\/www.tgrthaber.com\/mavikadin\/wp-content\/uploads\/Ekran-Resmi-2025-10-24-07.04.28-768x462.png 768w, https:\/\/www.tgrthaber.com\/mavikadin\/wp-content\/uploads\/Ekran-Resmi-2025-10-24-07.04.28-1536x924.png 1536w, https:\/\/www.tgrthaber.com\/mavikadin\/wp-content\/uploads\/Ekran-Resmi-2025-10-24-07.04.28-2048x1232.png 2048w\" sizes=\"(max-width: 1601px) 100vw, 1601px\" \/><\/p>\n<hr \/>\n<p>\u201cSezen Aksu, Alt\u0131n Portakal Film Festivali zaman\u0131nda Antalya\u2019da oldu\u011fu bir gece, sahneden sonra gece yar\u0131s\u0131 ekibiyle solu\u011fu 7 Mehmet\u2019te alm\u0131\u015f. O zaman restoran babam\u0131n sorumlulu\u011funda. Sezen Han\u0131m garsona 7 Mehmet\u2019in i\u00e7 pilav\u0131n\u0131 \u00e7ok sevdi\u011fini ve sipari\u015f vermek istedi\u011fini s\u00f6ylemi\u015f.<\/p>\n<p><img loading=\"lazy\" decoding=\"async\" class=\"alignnone wp-image-253333 \" src=\"https:\/\/www.tgrthaber.com\/mavikadin\/wp-content\/uploads\/Ekran-Resmi-2025-10-24-07.05.54-1024x572.png\" alt=\"\" width=\"1615\" height=\"902\" title=\"\" srcset=\"https:\/\/www.tgrthaber.com\/mavikadin\/wp-content\/uploads\/Ekran-Resmi-2025-10-24-07.05.54-1024x572.png 1024w, https:\/\/www.tgrthaber.com\/mavikadin\/wp-content\/uploads\/Ekran-Resmi-2025-10-24-07.05.54-300x168.png 300w, https:\/\/www.tgrthaber.com\/mavikadin\/wp-content\/uploads\/Ekran-Resmi-2025-10-24-07.05.54-768x429.png 768w, https:\/\/www.tgrthaber.com\/mavikadin\/wp-content\/uploads\/Ekran-Resmi-2025-10-24-07.05.54.png 1182w\" sizes=\"(max-width: 1615px) 100vw, 1615px\" \/><\/p>\n<hr \/>\n<p class=\"p1\">O saatte i\u00e7 pilav olmad\u0131\u011f\u0131ndan ve haz\u0131rl\u0131\u011f\u0131 da iki saat s\u00fcrece\u011finden babam Sezen Han\u0131m\u2019a bizim bulgurla haz\u0131rlad\u0131\u011f\u0131m\u0131z, i\u00e7 pilav malzemelerini and\u0131ran malzemeler i\u00e7eren pilav\u0131m\u0131z\u0131 haz\u0131rlamay\u0131 \u00f6nermi\u015f. \u00d6nce mezeler gitmi\u015f masaya, ard\u0131ndan s\u0131caklar, bizim bol malzemeli bulgur pilav\u0131m\u0131z derken final kabak tatl\u0131s\u0131yla olmu\u015f!<\/p>\n<p><img loading=\"lazy\" decoding=\"async\" class=\"alignnone wp-image-253334 \" src=\"https:\/\/www.tgrthaber.com\/mavikadin\/wp-content\/uploads\/Ekran-Resmi-2025-10-24-07.04.42-1024x599.png\" alt=\"\" width=\"1739\" height=\"1017\" title=\"\" srcset=\"https:\/\/www.tgrthaber.com\/mavikadin\/wp-content\/uploads\/Ekran-Resmi-2025-10-24-07.04.42-1024x599.png 1024w, https:\/\/www.tgrthaber.com\/mavikadin\/wp-content\/uploads\/Ekran-Resmi-2025-10-24-07.04.42-300x176.png 300w, https:\/\/www.tgrthaber.com\/mavikadin\/wp-content\/uploads\/Ekran-Resmi-2025-10-24-07.04.42-768x449.png 768w, https:\/\/www.tgrthaber.com\/mavikadin\/wp-content\/uploads\/Ekran-Resmi-2025-10-24-07.04.42-1536x899.png 1536w, https:\/\/www.tgrthaber.com\/mavikadin\/wp-content\/uploads\/Ekran-Resmi-2025-10-24-07.04.42-2048x1198.png 2048w\" sizes=\"(max-width: 1739px) 100vw, 1739px\" \/><\/p>\n<hr \/>\n<p class=\"p1\">Kahveler i\u00e7ilirken Sezen Han\u0131m bulgur pilav\u0131n\u0131 \u00e7ok be\u011fendi\u011fini ve haz\u0131rlayan ustayla tan\u0131\u015fmak istedi\u011fini s\u00f6ylemi\u015f garsona. Babam masaya gitti\u011finde Sezen Han\u0131m, pilava olan hayranl\u0131\u011f\u0131n\u0131 g\u00f6stermek i\u00e7in, biraz da esprili mizac\u0131n\u0131n da verdi\u011fi kuvvetle, \u2018Evlen benimle\u2019 demi\u015f babama. Babam, \u2018Ben evliyim\u2019 yan\u0131t\u0131n\u0131 verince de \u2018Gel dost olal\u0131m\u2019 demi\u015f bu sefer. Babam da<br \/>\ngeri kal\u0131r m\u0131?<\/p>\n<p><img loading=\"lazy\" decoding=\"async\" class=\"alignnone wp-image-253335 \" src=\"https:\/\/www.tgrthaber.com\/mavikadin\/wp-content\/uploads\/Ekran-Resmi-2025-10-24-07.04.34-1024x605.png\" alt=\"\" width=\"1647\" height=\"973\" title=\"\" srcset=\"https:\/\/www.tgrthaber.com\/mavikadin\/wp-content\/uploads\/Ekran-Resmi-2025-10-24-07.04.34-1024x605.png 1024w, https:\/\/www.tgrthaber.com\/mavikadin\/wp-content\/uploads\/Ekran-Resmi-2025-10-24-07.04.34-300x177.png 300w, https:\/\/www.tgrthaber.com\/mavikadin\/wp-content\/uploads\/Ekran-Resmi-2025-10-24-07.04.34-768x454.png 768w, https:\/\/www.tgrthaber.com\/mavikadin\/wp-content\/uploads\/Ekran-Resmi-2025-10-24-07.04.34-1536x908.png 1536w, https:\/\/www.tgrthaber.com\/mavikadin\/wp-content\/uploads\/Ekran-Resmi-2025-10-24-07.04.34-2048x1211.png 2048w\" sizes=\"(max-width: 1647px) 100vw, 1647px\" \/><\/p>\n<hr \/>\n<p class=\"p1\">\u2018Ama benim dostum da var Sezen Han\u0131m\u2019 demi\u015f ve tatl\u0131 at\u0131\u015fmalar\u0131n ya\u015fand\u0131\u011f\u0131 keyifli sohbetin sonunda Sezen Aksu, \u2018Ger\u00e7ekten bu pilav \u00e7ok lezzetli, bir ad\u0131 var m\u0131?\u2019 diye sorunca babam \u2018Yok\u2019 deyince, \u2018Sezen pilav\u0131 olsun mu?\u2019 diyerek, pilav\u0131n ad\u0131n\u0131 koymu\u015f.<\/p>\n<p><img loading=\"lazy\" decoding=\"async\" class=\"alignnone wp-image-253336 \" src=\"https:\/\/www.tgrthaber.com\/mavikadin\/wp-content\/uploads\/Ekran-Resmi-2025-10-24-07.10.19-1024x570.png\" alt=\"\" width=\"1590\" height=\"885\" title=\"\" srcset=\"https:\/\/www.tgrthaber.com\/mavikadin\/wp-content\/uploads\/Ekran-Resmi-2025-10-24-07.10.19-1024x570.png 1024w, https:\/\/www.tgrthaber.com\/mavikadin\/wp-content\/uploads\/Ekran-Resmi-2025-10-24-07.10.19-300x167.png 300w, https:\/\/www.tgrthaber.com\/mavikadin\/wp-content\/uploads\/Ekran-Resmi-2025-10-24-07.10.19-768x428.png 768w, https:\/\/www.tgrthaber.com\/mavikadin\/wp-content\/uploads\/Ekran-Resmi-2025-10-24-07.10.19.png 1386w\" sizes=\"(max-width: 1590px) 100vw, 1590px\" \/><\/p>\n<hr \/>\n<p class=\"p1\">\u0130\u015fin komi\u011fi, bir restoranda bir \u00fcnl\u00fcyle an\u0131lan bir yemek servis edilince m\u00fcdavimimiz olan ba\u015fka \u00fcnl\u00fclerden de espriyle kar\u0131\u015f\u0131k, \u2018Ben de \u015f\u00f6yle bir yemek severim. Benim ad\u0131mla an\u0131lacak bir et yeme\u011fi yapar m\u0131s\u0131n\u0131z?\u2019 gibi talepler oldu ve oluyor.\u201d<\/p>\n<p><img loading=\"lazy\" decoding=\"async\" class=\"alignnone wp-image-253326 \" src=\"https:\/\/www.tgrthaber.com\/mavikadin\/wp-content\/uploads\/Ekran-Resmi-2025-10-24-06.23.48-1024x632.png\" alt=\"\" width=\"1651\" height=\"1019\" title=\"\" srcset=\"https:\/\/www.tgrthaber.com\/mavikadin\/wp-content\/uploads\/Ekran-Resmi-2025-10-24-06.23.48-1024x632.png 1024w, https:\/\/www.tgrthaber.com\/mavikadin\/wp-content\/uploads\/Ekran-Resmi-2025-10-24-06.23.48-300x185.png 300w, https:\/\/www.tgrthaber.com\/mavikadin\/wp-content\/uploads\/Ekran-Resmi-2025-10-24-06.23.48-768x474.png 768w, https:\/\/www.tgrthaber.com\/mavikadin\/wp-content\/uploads\/Ekran-Resmi-2025-10-24-06.23.48.png 1404w\" sizes=\"(max-width: 1651px) 100vw, 1651px\" \/><\/p>\n<hr \/>\n<h3>SOSYAL MEDYA SEZEN AKSU P\u0130LAVINI KONU\u015eUYOR<\/h3>\n<p>MasterChef T\u00fcrkiye&#8217;ye bu ak\u015fam konuk olan Mehmet Akda\u011f&#8217;\u0131n Sezen Aksu pilav\u0131 ile ilgili anlatt\u0131\u011f\u0131 hikaye, daha \u00f6nce kitab\u0131n\u0131 okuyanlar\u0131n da a\u015fina ald\u0131\u011f\u0131 Sezen pilav\u0131 hikayesi sonras\u0131 sosyal medyadan yorum ya\u011fd\u0131. Sosyal medya kullan\u0131c\u0131lar\u0131, &#8216; Sezen ablam konu\u015fturmu\u015f espirilerini&#8217;, &#8216;Tad\u0131n\u0131 a\u015f\u0131r\u0131 merak ettim&#8217;, &#8216;Minik ser\u00e7eye g\u00fcveniyorum, tats\u0131z bir \u015fey sevmez&#8217; \u015feklinde yorumlarda bulundu.<\/p>\n","protected":false},"excerpt":{"rendered":"<p>TV8 ekranlar\u0131n\u0131n sevilen program\u0131 MasterChef T\u00fcrkiye&#8217;de bu ak\u015fam Mehmet Akda\u011f var. Konuk \u015fefin programda bahsetti\u011fi Sezen Aksu pilav\u0131 hikayesi herkesin dikkatini \u00e7ekti. Sezen Aksu&#8217;nun 7 Mehmet restoran\u0131na gidi\u015fi ve pilav hikayesi merak edildi. \u0130\u015fte MasterChef 7 Mehmet&#8217;in Sezen Aksu pilav\u0131 hikayesi&#8230;<\/p>\n","protected":false},"author":16,"featured_media":253337,"comment_status":"closed","ping_status":"closed","sticky":false,"template":"","format":"standard","meta":{"rank_math_lock_modified_date":false,"footnotes":""},"categories":[76],"tags":[133,2218,65058,65059,65060],"class_list":["post-253331","post","type-post","status-publish","format-standard","has-post-thumbnail","hentry","category-magazin","tag-magazin","tag-magazin-haberleri","tag-masterchef-7-mehmet-sezen-aksu-pilavi","tag-masterchef-7-mehmet-sezen-aksu-pilavi-hskayesi","tag-masterchef-mehmet-akdag-sezen-aksu-pilavi"],"_links":{"self":[{"href":"https:\/\/www.tgrthaber.com\/mavikadin\/wp-json\/wp\/v2\/posts\/253331"}],"collection":[{"href":"https:\/\/www.tgrthaber.com\/mavikadin\/wp-json\/wp\/v2\/posts"}],"about":[{"href":"https:\/\/www.tgrthaber.com\/mavikadin\/wp-json\/wp\/v2\/types\/post"}],"author":[{"embeddable":true,"href":"https:\/\/www.tgrthaber.com\/mavikadin\/wp-json\/wp\/v2\/users\/16"}],"replies":[{"embeddable":true,"href":"https:\/\/www.tgrthaber.com\/mavikadin\/wp-json\/wp\/v2\/comments?post=253331"}],"version-history":[{"count":1,"href":"https:\/\/www.tgrthaber.com\/mavikadin\/wp-json\/wp\/v2\/posts\/253331\/revisions"}],"predecessor-version":[{"id":253338,"href":"https:\/\/www.tgrthaber.com\/mavikadin\/wp-json\/wp\/v2\/posts\/253331\/revisions\/253338"}],"wp:featuredmedia":[{"embeddable":true,"href":"https:\/\/www.tgrthaber.com\/mavikadin\/wp-json\/wp\/v2\/media\/253337"}],"wp:attachment":[{"href":"https:\/\/www.tgrthaber.com\/mavikadin\/wp-json\/wp\/v2\/media?parent=253331"}],"wp:term":[{"taxonomy":"category","embeddable":true,"href":"https:\/\/www.tgrthaber.com\/mavikadin\/wp-json\/wp\/v2\/categories?post=253331"},{"taxonomy":"post_tag","embeddable":true,"href":"https:\/\/www.tgrthaber.com\/mavikadin\/wp-json\/wp\/v2\/tags?post=253331"}],"curies":[{"name":"wp","href":"https:\/\/api.w.org\/{rel}","templated":true}]}}