{"id":253339,"date":"2025-10-24T07:53:10","date_gmt":"2025-10-24T04:53:10","guid":{"rendered":"https:\/\/www.tgrthaber.com\/mavikadin\/?p=253339"},"modified":"2025-10-24T07:53:11","modified_gmt":"2025-10-24T04:53:11","slug":"masterchef-baris-survivora-mi-katilacak-ifsa-oldu-sosyal-medyadan-yorum-yagiyor","status":"publish","type":"post","link":"https:\/\/www.tgrthaber.com\/mavikadin\/masterchef-baris-survivora-mi-katilacak-ifsa-oldu-sosyal-medyadan-yorum-yagiyor\/","title":{"rendered":"MasterChef Bar\u0131\u015f Survivor&#8217;a m\u0131 kat\u0131lacak? \u0130f\u015fa oldu, sosyal medyadan yorum ya\u011f\u0131yor"},"content":{"rendered":"<p>Her sezon oldu\u011fu gibi bu y\u0131l da MasterChef&#8217;in final yapmas\u0131n\u0131n hemen ard\u0131ndan Survivor yeni sezonu ba\u015flayacak. Birbirinden yetenekli yar\u0131\u015fmac\u0131lar\u0131n yer ald\u0131\u011f\u0131 MasterChef&#8217;te bu sezonun \u015fampiyonunun kim olaca\u011f\u0131 da daha \u015fimdiden merak edilip ara\u015ft\u0131r\u0131lmaya ba\u015fland\u0131. D\u00fcn ak\u015fam \u00f6d\u00fcl oyununun oynand\u0131\u011f\u0131 programda bu ak\u015fam bireysel aday belirleme oyunu oynanacak ve bir ki\u015fi daha ad\u0131n\u0131 eleme potas\u0131na yazd\u0131racak. Yar\u0131n ak\u015fam veda gecesi ya\u015fanacak olan programda sosyal medyada ortaya at\u0131lan bir iddia kafalar\u0131 fena kar\u0131\u015ft\u0131rd\u0131. Eleme potas\u0131nda da bulunan Bar\u0131\u015f&#8217;\u0131n Survivor&#8217;a kat\u0131laca\u011f\u0131 s\u00f6ylentileri g\u00fcndeme bomba gibi d\u00fc\u015ft\u00fc. Fit v\u00fccudu ve azimli duru\u015fu\u00a0 ile dikkatleri\u00a0 Bar\u0131\u015f&#8217;\u0131n Survivor&#8217;a kat\u0131l\u0131p kat\u0131lmayaca\u011f\u0131 ve bu hafta elenen isim olup olmayaca\u011f\u0131 merak ediliyor. \u0130\u015fte detaylar&#8230;<\/p>\n<h3>MASTERCHEF BARI\u015e SURV\u0130VOR&#8217;A MI KATILACAK?<\/h3>\n<p>TV8 ekranlar\u0131n\u0131n sevilen yar\u0131\u015fma program\u0131 <a href=\"https:\/\/www.tgrthaber.com\/mavikadin\/masterchefte-7-mehmetten-unutulmaz-sezen-aksu-pilavi-hikayesi-sosyal-medya-bunu-konusuyor\/?p=4\">MasterChef<\/a> T\u00fcrkiye&#8217;nin sonlanmas\u0131yla birlikte Survivor ba\u015flayacak. Survivor sevenler bu y\u0131lki yar\u0131\u015fmac\u0131lar\u0131n kimler olaca\u011f\u0131n\u0131 heyecanla takip ederken sosyal medyada ortaya at\u0131lan bir iddia dikkat \u00e7ekti.<\/p>\n<p><img loading=\"lazy\" decoding=\"async\" class=\"alignnone wp-image-253340 \" src=\"https:\/\/www.tgrthaber.com\/mavikadin\/wp-content\/uploads\/Ekran-Resmi-2025-10-24-07.40.07-1024x607.png\" alt=\"\" width=\"1631\" height=\"967\" title=\"\" srcset=\"https:\/\/www.tgrthaber.com\/mavikadin\/wp-content\/uploads\/Ekran-Resmi-2025-10-24-07.40.07-1024x607.png 1024w, https:\/\/www.tgrthaber.com\/mavikadin\/wp-content\/uploads\/Ekran-Resmi-2025-10-24-07.40.07-300x178.png 300w, https:\/\/www.tgrthaber.com\/mavikadin\/wp-content\/uploads\/Ekran-Resmi-2025-10-24-07.40.07-768x455.png 768w, https:\/\/www.tgrthaber.com\/mavikadin\/wp-content\/uploads\/Ekran-Resmi-2025-10-24-07.40.07.png 1346w\" sizes=\"(max-width: 1631px) 100vw, 1631px\" \/><\/p>\n<hr \/>\n<p><a href=\"https:\/\/www.tgrthaber.com\/mavikadin\/masterchef-yarismacilarinin-restoranlari-iste-imza-lezzetleriyle-one-cikan-o-mekanlar\/\">MasterChef<\/a>&#8216;in atarl\u0131 yar\u0131\u015fmac\u0131s\u0131 olarak kabul edilen Bar\u0131\u015f Kaya&#8217;n\u0131n Survivor&#8217;a kat\u0131laca\u011f\u0131 iddialar\u0131 g\u00fcndemde! Hatta \u00f6yleki bu hafta eleme potas\u0131nda olan yar\u0131\u015fmac\u0131n\u0131n elenece\u011fi bile g\u00f6sterilen iddialar aras\u0131nda. Peki MasterChef Bar\u0131\u015f Kaya Survivor&#8217;a kat\u0131lacak m\u0131? Yap\u0131m ekibinden ve Bar\u0131\u015f&#8217;tan gelen kesinle\u015fmi\u015f bir bilg yok. Detayla netle\u015ftik\u00e7e haberimize eklenecektir.<\/p>\n<p><img loading=\"lazy\" decoding=\"async\" class=\"alignnone wp-image-253341 \" src=\"https:\/\/www.tgrthaber.com\/mavikadin\/wp-content\/uploads\/Ekran-Resmi-2025-10-24-07.38.18.png\" alt=\"\" width=\"1616\" height=\"860\" title=\"\" srcset=\"https:\/\/www.tgrthaber.com\/mavikadin\/wp-content\/uploads\/Ekran-Resmi-2025-10-24-07.38.18.png 1372w, https:\/\/www.tgrthaber.com\/mavikadin\/wp-content\/uploads\/Ekran-Resmi-2025-10-24-07.38.18-300x160.png 300w, https:\/\/www.tgrthaber.com\/mavikadin\/wp-content\/uploads\/Ekran-Resmi-2025-10-24-07.38.18-1024x545.png 1024w, https:\/\/www.tgrthaber.com\/mavikadin\/wp-content\/uploads\/Ekran-Resmi-2025-10-24-07.38.18-768x409.png 768w\" sizes=\"(max-width: 1616px) 100vw, 1616px\" \/><\/p>\n<hr \/>\n<h3>MASTERCHEF 2025 BARI\u015e KAYA K\u0130MD\u0130R KA\u00c7 YA\u015eINDA?<\/h3>\n<p class=\"p1\">MasterChef\u2019in dikkat \u00e7eken yar\u0131\u015fmac\u0131lar\u0131ndan biri olan Bar\u0131\u015f Kaya 30 ya\u015f\u0131ndad\u0131r. \u0130stanbul Bah\u00e7elievler\u2019de oturan Bar\u0131\u015f, mutfak disiplini ve tabaklardaki titiz sunumu ile dikkat \u00e7ekiyor. A la Carte a\u015f\u00e7\u0131s\u0131 olan yar\u0131\u015fmac\u0131 teknik anlamdaki ba\u015far\u0131s\u0131 ile dikkat \u00e7ekmektedir.<\/p>\n<p><img loading=\"lazy\" decoding=\"async\" class=\"alignnone wp-image-253342 \" src=\"https:\/\/www.tgrthaber.com\/mavikadin\/wp-content\/uploads\/Ekran-Resmi-2025-10-24-07.38.48-1024x686.png\" alt=\"\" width=\"1629\" height=\"1091\" title=\"\" srcset=\"https:\/\/www.tgrthaber.com\/mavikadin\/wp-content\/uploads\/Ekran-Resmi-2025-10-24-07.38.48-1024x686.png 1024w, https:\/\/www.tgrthaber.com\/mavikadin\/wp-content\/uploads\/Ekran-Resmi-2025-10-24-07.38.48-300x201.png 300w, https:\/\/www.tgrthaber.com\/mavikadin\/wp-content\/uploads\/Ekran-Resmi-2025-10-24-07.38.48-768x514.png 768w, https:\/\/www.tgrthaber.com\/mavikadin\/wp-content\/uploads\/Ekran-Resmi-2025-10-24-07.38.48.png 1478w\" sizes=\"(max-width: 1629px) 100vw, 1629px\" \/><\/p>\n<hr \/>\n<p class=\"p1\">MasterChef 2. Etab\u0131nda en iyi testi kitab\u0131n\u0131 yaparak \u00fc\u00e7l\u00fc d\u00fcellolar\u0131 ba\u015far\u0131yla tamamlam\u0131\u015ft\u0131r. MasterChef\u2019e yedek kadrosundan giren Bar\u0131\u015f dobra a\u00e7\u0131klamalar\u0131, kararl\u0131 ve azimli duru\u015fu ile dikkat \u00e7ekmektedir.<\/p>\n<h3>SOSYAL MEDYADAN YORUM YA\u011eIYOR<\/h3>\n<p>Bar\u0131\u015f&#8217;\u0131n Survivor&#8217;a kat\u0131lacak olma iddialar\u0131 sosyal medyay\u0131 da hareketlendirdi. Baz\u0131 kullan\u0131c\u0131lar, &#8216;Hayatta orabn\u0131n stresine dayanamaz&#8217;, &#8216;Burda bile \u00f6fkeleniyorsun oras\u0131n\u0131 d\u00fc\u015f\u00fcnemedim&#8217;, &#8216;Bence kendine bunu yapmamal\u0131s\u0131n&#8217; \u015feklinde yorumlar ya\u011fd\u0131r\u0131rken baz\u0131lar\u0131 ise, &#8216;Bence harika bir fikir umar\u0131m haber ger\u00e7ektir&#8217; , &#8216;Sportif oldu\u011fu zaten belli ya\u015f\u0131 da gen\u00e7 neden olmas\u0131n&#8217; \u015feklinde yorumlar ya\u011fd\u0131rd\u0131.<\/p>\n<p><img loading=\"lazy\" decoding=\"async\" class=\"alignnone wp-image-253345 \" src=\"https:\/\/www.tgrthaber.com\/mavikadin\/wp-content\/uploads\/Ekran-Resmi-2025-10-24-07.51.54-1024x644.png\" alt=\"\" width=\"1604\" height=\"1009\" title=\"\" srcset=\"https:\/\/www.tgrthaber.com\/mavikadin\/wp-content\/uploads\/Ekran-Resmi-2025-10-24-07.51.54-1024x644.png 1024w, https:\/\/www.tgrthaber.com\/mavikadin\/wp-content\/uploads\/Ekran-Resmi-2025-10-24-07.51.54-300x189.png 300w, https:\/\/www.tgrthaber.com\/mavikadin\/wp-content\/uploads\/Ekran-Resmi-2025-10-24-07.51.54-768x483.png 768w, https:\/\/www.tgrthaber.com\/mavikadin\/wp-content\/uploads\/Ekran-Resmi-2025-10-24-07.51.54.png 1422w\" sizes=\"(max-width: 1604px) 100vw, 1604px\" \/><\/p>\n<hr \/>\n<h3 class=\"p1\">MASTERCHEF 2025 ANA KADRO L\u0130STES\u0130<\/h3>\n<p class=\"p1\">MasterChef T\u00fcrkiye 2025 ana kadro g\u00fcncel listesi:<\/p>\n<p class=\"p1\">MasterChef T\u00fcrkiye Ana Kadroya Giren 1. Yar\u0131\u015fmac\u0131: Furkan<\/p>\n<p class=\"p1\">MasterChef T\u00fcrkiye Ana Kadroya Giren 2. Yar\u0131\u015fmac\u0131: Eyl\u00fcl<\/p>\n<p class=\"p1\">MasterChef T\u00fcrkiye Ana Kadroya Giren 3. Yar\u0131\u015fmac\u0131: \u00c7a\u011fatay<\/p>\n<p class=\"p1\">MasterChef T\u00fcrkiye Ana Kadroya Giren 4. Yar\u0131\u015fmac\u0131: Onur<\/p>\n<p class=\"p1\">MasterChef T\u00fcrkiye Ana kadroya giren 5. Yar\u0131\u015fmac\u0131: Nisa Nur ( yedeklerden dahil oldu)<\/p>\n<p class=\"p1\"><img loading=\"lazy\" decoding=\"async\" class=\"alignnone wp-image-253310 \" src=\"https:\/\/www.tgrthaber.com\/mavikadin\/wp-content\/uploads\/Ekran-Resmi-2025-10-24-05.42.10.png\" alt=\"\" width=\"1603\" height=\"919\" title=\"\" srcset=\"https:\/\/www.tgrthaber.com\/mavikadin\/wp-content\/uploads\/Ekran-Resmi-2025-10-24-05.42.10.png 1556w, https:\/\/www.tgrthaber.com\/mavikadin\/wp-content\/uploads\/Ekran-Resmi-2025-10-24-05.42.10-300x172.png 300w, https:\/\/www.tgrthaber.com\/mavikadin\/wp-content\/uploads\/Ekran-Resmi-2025-10-24-05.42.10-1024x587.png 1024w, https:\/\/www.tgrthaber.com\/mavikadin\/wp-content\/uploads\/Ekran-Resmi-2025-10-24-05.42.10-768x440.png 768w, https:\/\/www.tgrthaber.com\/mavikadin\/wp-content\/uploads\/Ekran-Resmi-2025-10-24-05.42.10-1536x881.png 1536w\" sizes=\"(max-width: 1603px) 100vw, 1603px\" \/><\/p>\n<hr \/>\n<p class=\"p1\">MasterChef T\u00fcrkiye Ana kadroya giren 6. Yar\u0131\u015fmac\u0131: Sercan(elendi)<\/p>\n<p class=\"p1\">MasterChef T\u00fcrkiye Ana kadroya giren 7. Yar\u0131\u015fmac\u0131: Ayla<\/p>\n<p class=\"p1\">MasterChef T\u00fcrkiye Ana kadroya giren 8. Yar\u0131\u015fmac\u0131: \u0130hsan(elendi)<\/p>\n<p class=\"p1\">MasterChef T\u00fcrkiye Ana kadroya giren 9. Yar\u0131\u015fmac\u0131: Ayten<\/p>\n<p class=\"p1\">MasterChef T\u00fcrkiye Ana kadroya giren 10. Yar\u0131\u015fmac\u0131: \u00c7a\u011flar<\/p>\n<p class=\"p1\">MasterChef T\u00fcrkiye Ana kadroya giren 11. Yar\u0131\u015fmac\u0131: Sezer<\/p>\n<p class=\"p1\">MasterChef T\u00fcrkiye Ana kadroya giren 12. Yar\u0131\u015fmac\u0131: Cansu(elendi)<\/p>\n<p class=\"p1\">MasterChef T\u00fcrkiye Ana kadroya giren 13. Yar\u0131\u015fmac\u0131: \u00d6zkan<\/p>\n<p><img loading=\"lazy\" decoding=\"async\" class=\"alignnone wp-image-253315 \" src=\"https:\/\/www.tgrthaber.com\/mavikadin\/wp-content\/uploads\/Ekran-Resmi-2025-10-24-05.47.45-1024x630.png\" alt=\"\" width=\"1673\" height=\"1029\" title=\"\" srcset=\"https:\/\/www.tgrthaber.com\/mavikadin\/wp-content\/uploads\/Ekran-Resmi-2025-10-24-05.47.45-1024x630.png 1024w, https:\/\/www.tgrthaber.com\/mavikadin\/wp-content\/uploads\/Ekran-Resmi-2025-10-24-05.47.45-300x184.png 300w, https:\/\/www.tgrthaber.com\/mavikadin\/wp-content\/uploads\/Ekran-Resmi-2025-10-24-05.47.45-768x472.png 768w, https:\/\/www.tgrthaber.com\/mavikadin\/wp-content\/uploads\/Ekran-Resmi-2025-10-24-05.47.45.png 1314w\" sizes=\"(max-width: 1673px) 100vw, 1673px\" \/><\/p>\n<hr \/>\n<p class=\"p1\">MasterChef T\u00fcrkiye Ana kadroya giren 14. yar\u0131\u015fmac\u0131: Gizem<\/p>\n<p class=\"p1\">MasterChef T\u00fcrkiye Ana kadroya giren 15. yar\u0131\u015fmac\u0131: \u0130rem (elendi)<\/p>\n<p class=\"p1\">MasterChef T\u00fcrkiye Ana kadroya giren 16. yar\u0131\u015fmac\u0131: Hakan<\/p>\n<p class=\"p1\">MasterChef T\u00fcrkiye Ana kadroya giren 17. yar\u0131\u015fmac\u0131: Mert ( yedeklerden dahil oldu)<\/p>\n<p><img loading=\"lazy\" decoding=\"async\" class=\"alignnone wp-image-253343 \" src=\"https:\/\/www.tgrthaber.com\/mavikadin\/wp-content\/uploads\/Ekran-Resmi-2025-10-24-07.43.16-1024x558.png\" alt=\"\" width=\"1630\" height=\"888\" title=\"\" srcset=\"https:\/\/www.tgrthaber.com\/mavikadin\/wp-content\/uploads\/Ekran-Resmi-2025-10-24-07.43.16-1024x558.png 1024w, https:\/\/www.tgrthaber.com\/mavikadin\/wp-content\/uploads\/Ekran-Resmi-2025-10-24-07.43.16-300x163.png 300w, https:\/\/www.tgrthaber.com\/mavikadin\/wp-content\/uploads\/Ekran-Resmi-2025-10-24-07.43.16-768x418.png 768w, https:\/\/www.tgrthaber.com\/mavikadin\/wp-content\/uploads\/Ekran-Resmi-2025-10-24-07.43.16-1536x837.png 1536w, https:\/\/www.tgrthaber.com\/mavikadin\/wp-content\/uploads\/Ekran-Resmi-2025-10-24-07.43.16-2048x1116.png 2048w\" sizes=\"(max-width: 1630px) 100vw, 1630px\" \/><\/p>\n<hr \/>\n<p class=\"p1\">MasterChef T\u00fcrkiye Ana kadroya giren 18. yar\u0131\u015fmac\u0131: S\u00fcmeyye<\/p>\n<p class=\"p1\">MasterChef T\u00fcrkiye Ana kadroya giren 19. yar\u0131\u015fmac\u0131: Bar\u0131\u015f Kaya ( yedeklerden dahil oldu)<\/p>\n<p class=\"p1\">\n<p class=\"p1\">\n","protected":false},"excerpt":{"rendered":"<p>TV8 ekranlar\u0131n\u0131n sevilen program\u0131 MasterChef&#8217;in dikkat \u00e7eken yar\u0131\u015fmac\u0131lar\u0131ndan biri olan Bar\u0131\u015f Kaya hakk\u0131ndaki iddia sosyal medyay\u0131 sallad\u0131. MasterChef&#8217;in final yapmas\u0131n\u0131n hemen ard\u0131ndan ba\u015flayacak olan Survivor&#8217;a, kat\u0131lacak oldu\u011fu iddia edilen Bar\u0131\u015f&#8217;a sosyal medyadan yorum ya\u011fd\u0131. Peki MasterChef Bar\u0131\u015f Kaya ger\u00e7ekten Survivor&#8217;a m\u0131 kat\u0131lacak? \u0130\u015fte cevab\u0131&#8230; <\/p>\n","protected":false},"author":16,"featured_media":253344,"comment_status":"closed","ping_status":"closed","sticky":false,"template":"","format":"standard","meta":{"rank_math_lock_modified_date":false,"footnotes":""},"categories":[76],"tags":[133,2218,65063,65061,65062],"class_list":["post-253339","post","type-post","status-publish","format-standard","has-post-thumbnail","hentry","category-magazin","tag-magazin","tag-magazin-haberleri","tag-masterchef-baris-kaya-kimdir","tag-masterchef-baris-survivor-a-mi-katilacak","tag-masterfchef-baris-kaya-survivor"],"_links":{"self":[{"href":"https:\/\/www.tgrthaber.com\/mavikadin\/wp-json\/wp\/v2\/posts\/253339"}],"collection":[{"href":"https:\/\/www.tgrthaber.com\/mavikadin\/wp-json\/wp\/v2\/posts"}],"about":[{"href":"https:\/\/www.tgrthaber.com\/mavikadin\/wp-json\/wp\/v2\/types\/post"}],"author":[{"embeddable":true,"href":"https:\/\/www.tgrthaber.com\/mavikadin\/wp-json\/wp\/v2\/users\/16"}],"replies":[{"embeddable":true,"href":"https:\/\/www.tgrthaber.com\/mavikadin\/wp-json\/wp\/v2\/comments?post=253339"}],"version-history":[{"count":1,"href":"https:\/\/www.tgrthaber.com\/mavikadin\/wp-json\/wp\/v2\/posts\/253339\/revisions"}],"predecessor-version":[{"id":253346,"href":"https:\/\/www.tgrthaber.com\/mavikadin\/wp-json\/wp\/v2\/posts\/253339\/revisions\/253346"}],"wp:featuredmedia":[{"embeddable":true,"href":"https:\/\/www.tgrthaber.com\/mavikadin\/wp-json\/wp\/v2\/media\/253344"}],"wp:attachment":[{"href":"https:\/\/www.tgrthaber.com\/mavikadin\/wp-json\/wp\/v2\/media?parent=253339"}],"wp:term":[{"taxonomy":"category","embeddable":true,"href":"https:\/\/www.tgrthaber.com\/mavikadin\/wp-json\/wp\/v2\/categories?post=253339"},{"taxonomy":"post_tag","embeddable":true,"href":"https:\/\/www.tgrthaber.com\/mavikadin\/wp-json\/wp\/v2\/tags?post=253339"}],"curies":[{"name":"wp","href":"https:\/\/api.w.org\/{rel}","templated":true}]}}