{"id":253347,"date":"2025-10-24T08:26:16","date_gmt":"2025-10-24T05:26:16","guid":{"rendered":"https:\/\/www.tgrthaber.com\/mavikadin\/?p=253347"},"modified":"2025-10-24T08:26:16","modified_gmt":"2025-10-24T05:26:16","slug":"masterchefte-tum-puf-noktasi-verildi-artik-kimse-pastaneden-almayacak-cocugunuzun-dogum-gunlerinin-yildizi-olacak","status":"publish","type":"post","link":"https:\/\/www.tgrthaber.com\/mavikadin\/masterchefte-tum-puf-noktasi-verildi-artik-kimse-pastaneden-almayacak-cocugunuzun-dogum-gunlerinin-yildizi-olacak\/","title":{"rendered":"MasterChef&#8217;te t\u00fcm p\u00fcf noktas\u0131 verildi, art\u0131k kimse pastaneden almayacak! \u00c7ocu\u011funuzun do\u011fum g\u00fcnlerinin y\u0131ld\u0131z\u0131 olacak"},"content":{"rendered":"<p>Ekranlar\u0131n sevilerek seyredilen yar\u0131\u015fma program\u0131 <a href=\"https:\/\/www.tgrthaber.com\/mavikadin\/masterchef-baris-ve-sezer-arasinda-tansiyon-yukseldi-seyirci-ayaga-kalkti-artik-yeter-senden-nefret-ediyoruz\/\">MasterChef<\/a> T\u00fcrkiye&#8217;de yap\u0131ld\u0131ktan sonra tarifi en \u00e7ok merak edilen lezzetlerden biri de meyveli tartolet oldu. Pastanelerin y\u0131ld\u0131z\u0131 olan bu tarifin yap\u0131l\u0131\u015f\u0131 asl\u0131nda olduk\u00e7a kolaym\u0131\u015f. Yap\u0131m\u0131n\u0131 \u00f6\u011frendikten sonra bir daha asla pastaneden almak istemeyece\u011finiz bu \u015fahane tatl\u0131 \u00e7ocu\u011funuzun do\u011fum g\u00fcnlerinin de vazge\u00e7ilmezi olacak. \u0130\u015fte detaylar&#8230;<\/p>\n<h3>MASTERCHEF&#8217;TE T\u00dcM P\u00dcF NOKTASI VER\u0130LD\u0130, ARTIK K\u0130MSE PASTANEDEN ALMAYACAK<\/h3>\n<p><strong>MASTERCHEF MEYVEL\u0130 TARTOLET TAR\u0130F\u0130:<\/strong><\/p>\n<p class=\"p1\"><strong>Malzemeler<\/strong><\/p>\n<p class=\"p1\">Tart Hamuru<\/p>\n<p class=\"p1\">\u2022125 g tereya\u011f\u0131 (oda s\u0131cakl\u0131\u011f\u0131nda)<\/p>\n<p class=\"p1\">\u202275 g pudra \u015fekeri<\/p>\n<p class=\"p1\">\u20221 adet yumurta<\/p>\n<p class=\"p1\">\u20221 paket vanilin<\/p>\n<p><img loading=\"lazy\" decoding=\"async\" class=\"alignnone wp-image-253348 \" src=\"https:\/\/www.tgrthaber.com\/mavikadin\/wp-content\/uploads\/Ekran-Resmi-2025-10-24-08.16.28-1024x662.png\" alt=\"\" width=\"1638\" height=\"1059\" title=\"\" srcset=\"https:\/\/www.tgrthaber.com\/mavikadin\/wp-content\/uploads\/Ekran-Resmi-2025-10-24-08.16.28-1024x662.png 1024w, https:\/\/www.tgrthaber.com\/mavikadin\/wp-content\/uploads\/Ekran-Resmi-2025-10-24-08.16.28-300x194.png 300w, https:\/\/www.tgrthaber.com\/mavikadin\/wp-content\/uploads\/Ekran-Resmi-2025-10-24-08.16.28-768x496.png 768w, https:\/\/www.tgrthaber.com\/mavikadin\/wp-content\/uploads\/Ekran-Resmi-2025-10-24-08.16.28-1536x992.png 1536w, https:\/\/www.tgrthaber.com\/mavikadin\/wp-content\/uploads\/Ekran-Resmi-2025-10-24-08.16.28.png 1588w\" sizes=\"(max-width: 1638px) 100vw, 1638px\" \/><\/p>\n<hr \/>\n<p class=\"p1\">\u20221 tutam tuz<\/p>\n<p class=\"p1\">\u2022250 g un<\/p>\n<p class=\"p1\">Kremas\u0131 (Pastac\u0131 Kremas\u0131):<\/p>\n<p class=\"p1\">\u2022500 ml s\u00fct<\/p>\n<p class=\"p1\">\u20221 adet yumurta + 1 yumurta sar\u0131s\u0131<\/p>\n<p class=\"p1\">\u2022100 g toz \u015feker<\/p>\n<p class=\"p1\">\u202240 g m\u0131s\u0131r ni\u015fastas\u0131<\/p>\n<p><img loading=\"lazy\" decoding=\"async\" class=\"alignnone wp-image-253349 \" src=\"https:\/\/www.tgrthaber.com\/mavikadin\/wp-content\/uploads\/Ekran-Resmi-2025-10-24-08.16.10-1024x565.png\" alt=\"\" width=\"1597\" height=\"881\" title=\"\" srcset=\"https:\/\/www.tgrthaber.com\/mavikadin\/wp-content\/uploads\/Ekran-Resmi-2025-10-24-08.16.10-1024x565.png 1024w, https:\/\/www.tgrthaber.com\/mavikadin\/wp-content\/uploads\/Ekran-Resmi-2025-10-24-08.16.10-300x166.png 300w, https:\/\/www.tgrthaber.com\/mavikadin\/wp-content\/uploads\/Ekran-Resmi-2025-10-24-08.16.10-768x424.png 768w, https:\/\/www.tgrthaber.com\/mavikadin\/wp-content\/uploads\/Ekran-Resmi-2025-10-24-08.16.10-1536x847.png 1536w, https:\/\/www.tgrthaber.com\/mavikadin\/wp-content\/uploads\/Ekran-Resmi-2025-10-24-08.16.10-2048x1130.png 2048w\" sizes=\"(max-width: 1597px) 100vw, 1597px\" \/><\/p>\n<hr \/>\n<p class=\"p1\">\u20221 yemek ka\u015f\u0131\u011f\u0131 tereya\u011f\u0131<\/p>\n<p class=\"p1\">\u20221 paket vanilin (veya 1 tatl\u0131 ka\u015f\u0131\u011f\u0131 vanilya \u00f6z\u00fct\u00fc)<\/p>\n<p class=\"p1\"><strong>Meyve \u00dczeri \u0130\u00e7in:<\/strong><\/p>\n<p class=\"p1\">\u2022\u00c7ilek, kivi, muz, mandalina, b\u00f6\u011f\u00fcrtlen, yaban mersini vb.<\/p>\n<p class=\"p1\">Parlak Jel<\/p>\n<p class=\"p1\">\u2022 1 su barda\u011f\u0131 su (200 ml)<\/p>\n<p><img loading=\"lazy\" decoding=\"async\" class=\"alignnone wp-image-253350 \" src=\"https:\/\/www.tgrthaber.com\/mavikadin\/wp-content\/uploads\/Ekran-Resmi-2025-10-24-08.15.50.png\" alt=\"\" width=\"1607\" height=\"1058\" title=\"\" srcset=\"https:\/\/www.tgrthaber.com\/mavikadin\/wp-content\/uploads\/Ekran-Resmi-2025-10-24-08.15.50.png 1574w, https:\/\/www.tgrthaber.com\/mavikadin\/wp-content\/uploads\/Ekran-Resmi-2025-10-24-08.15.50-300x197.png 300w, https:\/\/www.tgrthaber.com\/mavikadin\/wp-content\/uploads\/Ekran-Resmi-2025-10-24-08.15.50-1024x674.png 1024w, https:\/\/www.tgrthaber.com\/mavikadin\/wp-content\/uploads\/Ekran-Resmi-2025-10-24-08.15.50-768x505.png 768w, https:\/\/www.tgrthaber.com\/mavikadin\/wp-content\/uploads\/Ekran-Resmi-2025-10-24-08.15.50-1536x1011.png 1536w\" sizes=\"(max-width: 1607px) 100vw, 1607px\" \/><\/p>\n<hr \/>\n<p class=\"p1\">\u2022 2 yemek ka\u015f\u0131\u011f\u0131 toz \u015feker<\/p>\n<p class=\"p1\">\u2022 1 tatl\u0131 ka\u015f\u0131\u011f\u0131 limon suyu<\/p>\n<p class=\"p1\">\u2022 1 yemek ka\u015f\u0131\u011f\u0131 ni\u015fasta (m\u0131s\u0131r veya bu\u011fday)<\/p>\n<p class=\"p1\"><strong>\u2022 \u0130ste\u011fe ba\u011fl\u0131<\/strong>: birka\u00e7 damla jelatin (vegan de\u011filse) veya \u00bd tatl\u0131 ka\u015f\u0131\u011f\u0131 agar agar (vegan versiyonu i\u00e7in)<\/p>\n<p><img loading=\"lazy\" decoding=\"async\" class=\"alignnone wp-image-253351 \" src=\"https:\/\/www.tgrthaber.com\/mavikadin\/wp-content\/uploads\/Ekran-Resmi-2025-10-24-08.16.10-1-1024x565.png\" alt=\"\" width=\"1626\" height=\"897\" title=\"\" srcset=\"https:\/\/www.tgrthaber.com\/mavikadin\/wp-content\/uploads\/Ekran-Resmi-2025-10-24-08.16.10-1-1024x565.png 1024w, https:\/\/www.tgrthaber.com\/mavikadin\/wp-content\/uploads\/Ekran-Resmi-2025-10-24-08.16.10-1-300x166.png 300w, https:\/\/www.tgrthaber.com\/mavikadin\/wp-content\/uploads\/Ekran-Resmi-2025-10-24-08.16.10-1-768x424.png 768w, https:\/\/www.tgrthaber.com\/mavikadin\/wp-content\/uploads\/Ekran-Resmi-2025-10-24-08.16.10-1-1536x847.png 1536w, https:\/\/www.tgrthaber.com\/mavikadin\/wp-content\/uploads\/Ekran-Resmi-2025-10-24-08.16.10-1-2048x1130.png 2048w\" sizes=\"(max-width: 1626px) 100vw, 1626px\" \/><\/p>\n<hr \/>\n<h3>HAZIRLANI\u015eI:<\/h3>\n<p class=\"p1\">Tereya\u011f\u0131, pudra \u015fekeri, tuz ve vanilini mikserle kar\u0131\u015ft\u0131r\u0131n. Yumurtay\u0131 ekleyip, kar\u0131\u015ft\u0131r\u0131n. Unu eleyerek ekleyin, ele yap\u0131\u015fmayan bir hamur yo\u011furun.<\/p>\n<p class=\"p1\">Stre\u00e7 filme sar\u0131p 30 dk buzdolab\u0131nda dinlendirin. Tart\u00f6let kal\u0131plar\u0131n\u0131 ya\u011flay\u0131p hamuru ince a\u00e7\u0131n ve kal\u0131plara yerle\u015ftirin.<\/p>\n<p class=\"p1\">\u00c7atal ile taban\u0131na delikler a\u00e7\u0131n. 180\u00b0C \u00f6nceden \u0131s\u0131t\u0131lm\u0131\u015f f\u0131r\u0131nda 15\u201318 dakika kadar alt\u0131n rengi olana kadar pi\u015firin.<\/p>\n<p class=\"p1\">S\u00fct\u00fc tencereye al\u0131n, vanilini ekleyin ve \u0131l\u0131t\u0131n. Ayr\u0131 bir kapta yumurta, \u015feker ve ni\u015fastay\u0131 \u00e7\u0131rp\u0131n.<\/p>\n<p><img loading=\"lazy\" decoding=\"async\" class=\"alignnone wp-image-253352 \" src=\"https:\/\/www.tgrthaber.com\/mavikadin\/wp-content\/uploads\/Ekran-Resmi-2025-10-24-08.20.34-1024x543.png\" alt=\"\" width=\"1742\" height=\"924\" title=\"\" srcset=\"https:\/\/www.tgrthaber.com\/mavikadin\/wp-content\/uploads\/Ekran-Resmi-2025-10-24-08.20.34-1024x543.png 1024w, https:\/\/www.tgrthaber.com\/mavikadin\/wp-content\/uploads\/Ekran-Resmi-2025-10-24-08.20.34-300x159.png 300w, https:\/\/www.tgrthaber.com\/mavikadin\/wp-content\/uploads\/Ekran-Resmi-2025-10-24-08.20.34-768x407.png 768w, https:\/\/www.tgrthaber.com\/mavikadin\/wp-content\/uploads\/Ekran-Resmi-2025-10-24-08.20.34-1536x814.png 1536w, https:\/\/www.tgrthaber.com\/mavikadin\/wp-content\/uploads\/Ekran-Resmi-2025-10-24-08.20.34.png 1788w\" sizes=\"(max-width: 1742px) 100vw, 1742px\" \/><\/p>\n<hr \/>\n<p class=\"p1\">Il\u0131k s\u00fct\u00fc azar azar bu kar\u0131\u015f\u0131ma ekleyin. Kar\u0131\u015f\u0131m\u0131 tekrar tencereye al\u0131n, orta ate\u015fte kar\u0131\u015ft\u0131rarak koyula\u015ft\u0131r\u0131n.<\/p>\n<p class=\"p1\">K\u0131vam al\u0131nca tereya\u011f\u0131n\u0131 ekleyin ve kar\u0131\u015ft\u0131r\u0131n. \u00dczerine temas edecek \u015fekilde stre\u00e7 film kapat\u0131n ve so\u011fumaya b\u0131rak\u0131n.<\/p>\n<p class=\"p1\">K\u00fc\u00e7\u00fck bir tencerede su, \u015feker, ni\u015fasta ve limon suyunu kar\u0131\u015ft\u0131r\u0131n. S\u00fcrekli kar\u0131\u015ft\u0131rarak kaynat\u0131n, \u015feffaf ve parlak k\u0131vam al\u0131nca ocaktan al\u0131n.<\/p>\n<p class=\"p1\">Jelatin kullanacaksan (iste\u011fe ba\u011fl\u0131), s\u0131cak jelin i\u00e7ine ekleyin ve eritin.<\/p>\n<p><img loading=\"lazy\" decoding=\"async\" class=\"alignnone wp-image-253353 \" src=\"https:\/\/www.tgrthaber.com\/mavikadin\/wp-content\/uploads\/Ekran-Resmi-2025-10-24-08.20.41-1024x684.png\" alt=\"\" width=\"1609\" height=\"1075\" title=\"\" srcset=\"https:\/\/www.tgrthaber.com\/mavikadin\/wp-content\/uploads\/Ekran-Resmi-2025-10-24-08.20.41-1024x684.png 1024w, https:\/\/www.tgrthaber.com\/mavikadin\/wp-content\/uploads\/Ekran-Resmi-2025-10-24-08.20.41-300x200.png 300w, https:\/\/www.tgrthaber.com\/mavikadin\/wp-content\/uploads\/Ekran-Resmi-2025-10-24-08.20.41-768x513.png 768w, https:\/\/www.tgrthaber.com\/mavikadin\/wp-content\/uploads\/Ekran-Resmi-2025-10-24-08.20.41-1536x1026.png 1536w, https:\/\/www.tgrthaber.com\/mavikadin\/wp-content\/uploads\/Ekran-Resmi-2025-10-24-08.20.41.png 1814w\" sizes=\"(max-width: 1609px) 100vw, 1609px\" \/><\/p>\n<hr \/>\n<p class=\"p1\">Hafif \u0131l\u0131nd\u0131ktan sonra meyvelerin \u00fczerine s\u00fcr\u00fclecek hale gelir. So\u011fuyan tart tabanlar\u0131na pastac\u0131 kremas\u0131 doldurun.\u00dczerine dilimlenmi\u015f meyveleri d\u00fczenli \u015fekilde dizin.<\/p>\n<p class=\"p1\">.Il\u0131k (s\u0131cak de\u011fil!) jeli f\u0131r\u00e7a yard\u0131m\u0131yla meyvelerin \u00fczerine s\u00fcr\u00fcn. Bu, pastanelerdeki parlak g\u00f6r\u00fcn\u00fcm\u00fc ve taze kalmay\u0131 sa\u011flar.<\/p>\n<p class=\"p1\">Buzdolab\u0131nda 1\u20132 saat dinlendirin. Afiyet olsun.<\/p>\n<h3 class=\"p1\">TARTOLET HANG\u0130 MEYVELERDEN YAPILIR?<\/h3>\n<p class=\"p1\">Asl\u0131nda bunun kesin bir cevab\u0131 yoktur. Hangi meyveleri seviyorsan\u0131z tatl\u0131n\u0131z\u0131n \u00fczerine o meyvelerden koyabilirsiniz. Fakat bu tatl\u0131n\u0131n \u00fczerine hangi meyvelerin yak\u0131\u015faca\u011f\u0131n\u0131 sorarsan\u0131z \u00c7ilek, kivi, yaban mersini, muz, b\u00f6\u011f\u00fcrtlen veya frambuaz\u00a0gibi taze meyveler \u00e7ok yak\u0131\u015facakt\u0131r.<\/p>\n<p><img loading=\"lazy\" decoding=\"async\" class=\"alignnone wp-image-253354 \" src=\"https:\/\/www.tgrthaber.com\/mavikadin\/wp-content\/uploads\/Ekran-Resmi-2025-10-24-08.22.21-1024x768.png\" alt=\"\" width=\"1597\" height=\"1198\" title=\"\" srcset=\"https:\/\/www.tgrthaber.com\/mavikadin\/wp-content\/uploads\/Ekran-Resmi-2025-10-24-08.22.21-1024x768.png 1024w, https:\/\/www.tgrthaber.com\/mavikadin\/wp-content\/uploads\/Ekran-Resmi-2025-10-24-08.22.21-300x225.png 300w, https:\/\/www.tgrthaber.com\/mavikadin\/wp-content\/uploads\/Ekran-Resmi-2025-10-24-08.22.21-768x576.png 768w, https:\/\/www.tgrthaber.com\/mavikadin\/wp-content\/uploads\/Ekran-Resmi-2025-10-24-08.22.21.png 1472w\" sizes=\"(max-width: 1597px) 100vw, 1597px\" \/><\/p>\n<hr \/>\n<h3 class=\"p1\">TARTOLET KABARMAMASI \u0130\u00c7\u0130N NE YAPILMALI?<\/h3>\n<p class=\"p1\">Tartolet yap\u0131m\u0131 asl\u0131nda olduk\u00e7a basit g\u00f6r\u00fcn\u00fcr. Fakat her tarifte oldu\u011fu gibi dikkat edilmesi gereken p\u00fcf noktalar yap\u0131m\u0131nda olduk\u00e7a \u00f6nem ta\u015f\u0131r. Tartoleti yapt\u0131ktan sonra hamurun kabarmamas\u0131 i\u00e7in taban\u0131na \u00e7atalla delikler a\u00e7\u0131p ya\u011fl\u0131 ka\u011f\u0131t serin. \u00dczerine herhangi bir bakliyat koyarsan\u0131z \u00f6rne\u011fin nohut bu hamurun kabarmas\u0131n\u0131 \u00f6nleyecektir.<\/p>\n","protected":false},"excerpt":{"rendered":"<p>TV8&#8217;in heyecanla izlenen fenomen yemek yar\u0131\u015fmas\u0131 program\u0131 MasterChef T\u00fcrkiye&#8217;de her ak\u015fam birbirinden lezzetli tarifler veriliyor. MasterChef&#8217;te yap\u0131ld\u0131ktan sonra tarifi en \u00e7ok ara\u015ft\u0131r\u0131lan lezzetlerden biri de meyveli tartolet tarifi oldu. Peki MasterChef meyveli tartolet nas\u0131l yap\u0131l\u0131r, p\u00fcf noktalar\u0131 neler? \u0130\u015fte detaylar&#8230;<\/p>\n","protected":false},"author":16,"featured_media":253355,"comment_status":"closed","ping_status":"closed","sticky":false,"template":"","format":"standard","meta":{"rank_math_lock_modified_date":false,"footnotes":""},"categories":[191],"tags":[65064,65065,2842,355,3411],"class_list":["post-253347","post","type-post","status-publish","format-standard","has-post-thumbnail","hentry","category-yemek-tarifleri","tag-masterchef-tartolet-nasil-yapilir","tag-masterchef-tartolet-tarifi","tag-masterchef-yemek-tarifleri","tag-yemek","tag-yemek-tarifleri"],"_links":{"self":[{"href":"https:\/\/www.tgrthaber.com\/mavikadin\/wp-json\/wp\/v2\/posts\/253347"}],"collection":[{"href":"https:\/\/www.tgrthaber.com\/mavikadin\/wp-json\/wp\/v2\/posts"}],"about":[{"href":"https:\/\/www.tgrthaber.com\/mavikadin\/wp-json\/wp\/v2\/types\/post"}],"author":[{"embeddable":true,"href":"https:\/\/www.tgrthaber.com\/mavikadin\/wp-json\/wp\/v2\/users\/16"}],"replies":[{"embeddable":true,"href":"https:\/\/www.tgrthaber.com\/mavikadin\/wp-json\/wp\/v2\/comments?post=253347"}],"version-history":[{"count":1,"href":"https:\/\/www.tgrthaber.com\/mavikadin\/wp-json\/wp\/v2\/posts\/253347\/revisions"}],"predecessor-version":[{"id":253356,"href":"https:\/\/www.tgrthaber.com\/mavikadin\/wp-json\/wp\/v2\/posts\/253347\/revisions\/253356"}],"wp:featuredmedia":[{"embeddable":true,"href":"https:\/\/www.tgrthaber.com\/mavikadin\/wp-json\/wp\/v2\/media\/253355"}],"wp:attachment":[{"href":"https:\/\/www.tgrthaber.com\/mavikadin\/wp-json\/wp\/v2\/media?parent=253347"}],"wp:term":[{"taxonomy":"category","embeddable":true,"href":"https:\/\/www.tgrthaber.com\/mavikadin\/wp-json\/wp\/v2\/categories?post=253347"},{"taxonomy":"post_tag","embeddable":true,"href":"https:\/\/www.tgrthaber.com\/mavikadin\/wp-json\/wp\/v2\/tags?post=253347"}],"curies":[{"name":"wp","href":"https:\/\/api.w.org\/{rel}","templated":true}]}}