{"id":253364,"date":"2025-10-24T09:06:45","date_gmt":"2025-10-24T06:06:45","guid":{"rendered":"https:\/\/www.tgrthaber.com\/mavikadin\/?p=253364"},"modified":"2025-10-24T09:06:45","modified_gmt":"2025-10-24T06:06:45","slug":"oyuncu-ertan-sabandan-oyunculugun-zorluklari-hakkinda-ilginc-aciklamalar-maden-iscisi-miyim","status":"publish","type":"post","link":"https:\/\/www.tgrthaber.com\/mavikadin\/oyuncu-ertan-sabandan-oyunculugun-zorluklari-hakkinda-ilginc-aciklamalar-maden-iscisi-miyim\/","title":{"rendered":"Oyuncu Ertan Saban\u2019dan oyunculu\u011fun zorluklar\u0131 hakk\u0131nda ilgin\u00e7 a\u00e7\u0131klamalar! \u201cMaden i\u015f\u00e7isi miyim?\u201d"},"content":{"rendered":"<p>Oyuncu <a href=\"https:\/\/www.tgrthaber.com\/mavikadin\/ertan-saban-ve-dilan-cicek-deniz-ayni-projede-persona-dizisi-cekimlere-basladi\/\">Ertan Saban<\/a> oyunculuk \u00fczerine samimi a\u00e7\u0131klamalarda bulundu. TRT 1\u2019de Sal\u0131 ak\u015famlar\u0131 ekrana gelen Mehmed Fatihler Sultan\u0131 dizisinde Vlad karakterini oynayan Ertan Saban oyunculu\u011fun zorluklar\u0131 \u00fczerine g\u00fcl\u00fcmseten s\u00f6zler s\u00f6yledi.<\/p>\n<h3>ERTAN SABAN SAM\u0130M\u0130 CEVABIYLA BE\u011eEN\u0130 TOPLADI<\/h3>\n<p><a href=\"https:\/\/www.tgrthaber.com\/mavikadin\/ertan-sabanin-partneri-dilan-cicek-deniz-oldu-guzel-oyuncu-itiraf-dizisinde-rol-alacak\/\">Ertan Saban<\/a> muhabirlerin \u201cBu i\u015fin zorluklar\u0131 ne?\u201d sorusu i\u00e7in \u201cMaden i\u015f\u00e7isi miyim? Doktorluk, askerlik daha zor\u2026 Biz sevdi\u011fimiz i\u015ften r\u0131zk\u0131m\u0131z\u0131 \u00e7\u0131kar\u0131yoruz. O y\u00fczden \u015fik\u00e2yet etmek bize d\u00fc\u015fmez.\u201d yan\u0131t\u0131n\u0131 verdi.<br \/>\nSosyal medyada gelen yorumlar \u015f\u00f6yle:<\/p>\n<p>\u201cNe kadar g\u00fczel bir cevap m\u00fctevazilik m\u00fcthi\u015f unuttu\u011fumuz de\u011ferleri duyunca \u00e7ok mutlu oluyoruz\u201d<br \/>\n\u201cHelal olsun, \u00e7ok az insan bu d\u00fcr\u00fcstl\u00fck ve bilin\u00e7le ifade ediyor ger\u00e7ekten\u201d<\/p>\n<div style=\"width: 640px;\" class=\"wp-video\"><!--[if lt IE 9]><script>document.createElement('video');<\/script><![endif]-->\n<video class=\"wp-video-shortcode\" id=\"video-253364-1\" width=\"640\" height=\"603\" preload=\"metadata\" controls=\"controls\"><source type=\"video\/mp4\" src=\"https:\/\/www.tgrthaber.com\/mavikadin\/wp-content\/uploads\/tpCLpJk5JtQTYcg3.mp4?_=1\" \/><a href=\"https:\/\/www.tgrthaber.com\/mavikadin\/wp-content\/uploads\/tpCLpJk5JtQTYcg3.mp4\">https:\/\/www.tgrthaber.com\/mavikadin\/wp-content\/uploads\/tpCLpJk5JtQTYcg3.mp4<\/a><\/video><\/div>\n<hr \/>\n<h3>ERTAN SABAN K\u0130MD\u0130R?<\/h3>\n<p>Ertan Saban 4 Aral\u0131k 1977\u2019de \u00dcsk\u00fcp\u2019te d\u00fcnyaya geldi. T\u00fcrk as\u0131ll\u0131 Makedon oyuncu Makedonya Devlet Konservatuvar\u0131 Tiyatro B\u00f6l\u00fcm\u00fc&#8217;nden mezun olduktan sonra, uzun s\u00fcre Makedonya T\u00fcrk Tiyatrosu&#8217;nda sahne ald\u0131. T\u00fcrkiye&#8217;deki ilk \u00f6nemli \u00e7\u0131k\u0131\u015f\u0131n\u0131 2003 y\u0131l\u0131nda Sultan Makam\u0131 dizisiyle ger\u00e7ekle\u015ftirdi. Ard\u0131ndan, Elveda Rumeli dizisinde Aleks karakteriyle geni\u015f bir kitleye ula\u015ft\u0131. Kariyeri boyunca G\u00f6lgesizler, Ba\u015fka Semtin \u00c7ocuklar\u0131 ve Limonata gibi filmlerde \u00f6nemli roller \u00fcstlendi. Ayr\u0131ca, Kurtlar Vadisi Pusu ve Gelsin Hayat Bildi\u011fi Gibi gibi dizilerde de izleyici kar\u015f\u0131s\u0131na \u00e7\u0131kt\u0131.<\/p>\n<p><img loading=\"lazy\" decoding=\"async\" class=\"aligncenter size-full wp-image-253366\" src=\"https:\/\/www.tgrthaber.com\/mavikadin\/wp-content\/uploads\/Ertan-Saban-1-1.png\" alt=\"\" width=\"1208\" height=\"680\" title=\"\" srcset=\"https:\/\/www.tgrthaber.com\/mavikadin\/wp-content\/uploads\/Ertan-Saban-1-1.png 1208w, https:\/\/www.tgrthaber.com\/mavikadin\/wp-content\/uploads\/Ertan-Saban-1-1-300x169.png 300w, https:\/\/www.tgrthaber.com\/mavikadin\/wp-content\/uploads\/Ertan-Saban-1-1-1024x576.png 1024w, https:\/\/www.tgrthaber.com\/mavikadin\/wp-content\/uploads\/Ertan-Saban-1-1-768x432.png 768w\" sizes=\"(max-width: 1208px) 100vw, 1208px\" \/><\/p>\n<hr \/>\n<p><strong>Filmografisi<\/strong><\/p>\n<p>2001 Vo svetot na bajkite MRT 1<br \/>\n2003 Sultan Makam\u0131 Palya\u00e7o Refik Kanal D<br \/>\n2004 Azize Levent TRT 1<br \/>\n2005 Savc\u0131n\u0131n Kar\u0131s\u0131 Dursun atv<br \/>\n2006-2007 Sa\u011f\u0131r Oda Nogayhan K\u0131r\u0131ml\u0131 Kanal D<br \/>\n2007-2009 Elveda Rumeli Aleksander Makedonski atv<br \/>\n2010 K\u0131l\u0131\u00e7 G\u00fcn\u00fc Sava\u015f K\u0131z\u0131ltan<br \/>\n2011 Bir Kad\u0131n Tan\u0131d\u0131m Umut \u00c7elebi TNT<br \/>\nKarakol Komiser Re\u015fat Show TV<br \/>\n2012-2013 Sakarya F\u0131rat Teo TRT 1<br \/>\n2013 G\u00f6r\u00fc\u015f G\u00fcn\u00fc Kad\u0131nlar\u0131 Hayalet Ertan FOX<br \/>\n2014 Hatas\u0131z Kul Olmaz Ferit Has atv<br \/>\n2015 Mutlu Ol Yeter Bab\u00fcr<\/p>\n<p><img loading=\"lazy\" decoding=\"async\" class=\"aligncenter size-full wp-image-253367\" src=\"https:\/\/www.tgrthaber.com\/mavikadin\/wp-content\/uploads\/Ertan-Saban-2-1.png\" alt=\"\" width=\"1208\" height=\"680\" title=\"\" srcset=\"https:\/\/www.tgrthaber.com\/mavikadin\/wp-content\/uploads\/Ertan-Saban-2-1.png 1208w, https:\/\/www.tgrthaber.com\/mavikadin\/wp-content\/uploads\/Ertan-Saban-2-1-300x169.png 300w, https:\/\/www.tgrthaber.com\/mavikadin\/wp-content\/uploads\/Ertan-Saban-2-1-1024x576.png 1024w, https:\/\/www.tgrthaber.com\/mavikadin\/wp-content\/uploads\/Ertan-Saban-2-1-768x432.png 768w\" sizes=\"(max-width: 1208px) 100vw, 1208px\" \/><\/p>\n<hr \/>\n<p>2015-2016 B\u00fcy\u00fck S\u00fcrg\u00fcn Kafkasya \u00d6mer TRT 1<br \/>\nKurtlar Vadisi Pusu[2] G\u00f6lge Kanal D<br \/>\n2015 Burada Laf \u00c7ok Kendisi CNN T\u00fcrk<br \/>\n2018 Mehmed: Bir Cihan Fatihi Konstantinos Paleologos Kanal D<br \/>\n2019 Avlu O\u011fuz Okan Star TV<br \/>\n2020 Gel Dese A\u015fk Barlas Pusat atv<br \/>\n2022 Son Nefesime Kadar Vedat Kulo\u011flu FOX<br \/>\n2022-2023 Gelsin Hayat Bildi\u011fi Gibi Sadi Payasl\u0131 \/ Emin G\u00fcng\u00f6ren Show TV<br \/>\n2024 K\u00f6t\u00fc Kan Kartal Karao\u011flu NOW<br \/>\n2025 Deha Karahan Do\u011fan Show TV<br \/>\n2025-g\u00fcn\u00fcm\u00fcz Mehmed: Fetihler Sultan\u0131 III. Vlad TRT 1<\/p>\n<p><img loading=\"lazy\" decoding=\"async\" class=\"aligncenter size-full wp-image-186093\" src=\"https:\/\/www.tgrthaber.com\/mavikadin\/wp-content\/uploads\/haber-gorselleri-fotoshop-2025-06-02T112521.175.jpg\" alt=\"Ertan Saban\u2019\u0131n partneri Dilan \u00c7i\u00e7ek Deniz oldu! G\u00fczel oyuncu \u0130tiraf dizisinde rol alacak\" width=\"1600\" height=\"900\" title=\"\" srcset=\"https:\/\/www.tgrthaber.com\/mavikadin\/wp-content\/uploads\/haber-gorselleri-fotoshop-2025-06-02T112521.175.jpg 1600w, https:\/\/www.tgrthaber.com\/mavikadin\/wp-content\/uploads\/haber-gorselleri-fotoshop-2025-06-02T112521.175-300x169.jpg 300w, https:\/\/www.tgrthaber.com\/mavikadin\/wp-content\/uploads\/haber-gorselleri-fotoshop-2025-06-02T112521.175-1024x576.jpg 1024w, https:\/\/www.tgrthaber.com\/mavikadin\/wp-content\/uploads\/haber-gorselleri-fotoshop-2025-06-02T112521.175-768x432.jpg 768w, https:\/\/www.tgrthaber.com\/mavikadin\/wp-content\/uploads\/haber-gorselleri-fotoshop-2025-06-02T112521.175-1536x864.jpg 1536w\" sizes=\"(max-width: 1600px) 100vw, 1600px\" \/><\/p>\n<hr \/>\n<p><strong>\u0130nternet<\/strong><\/p>\n<p>Y\u0131l Yap\u0131m Rol Platform<br \/>\n2021 \u015eeref Bey Luran Exxen<br \/>\n2022 Yakamoz S-245 Umut Sancakl\u0131 Netflix<br \/>\n2023 D\u00fcnya Bu GA\u0130N<br \/>\nAkif Robert Frew tabii<br \/>\nYak\u0131nda Fer \u015eadi Ulusoy GA\u0130N<br \/>\nYak\u0131nda \u0130tiraf tabii<br \/>\n2025 Persona Yi\u011fit Da\u011fl\u0131 tabii<\/p>\n<p><img loading=\"lazy\" decoding=\"async\" class=\"aligncenter size-full wp-image-253368\" src=\"https:\/\/www.tgrthaber.com\/mavikadin\/wp-content\/uploads\/Ertan-Saban-3-1.png\" alt=\"\" width=\"1208\" height=\"680\" title=\"\" srcset=\"https:\/\/www.tgrthaber.com\/mavikadin\/wp-content\/uploads\/Ertan-Saban-3-1.png 1208w, https:\/\/www.tgrthaber.com\/mavikadin\/wp-content\/uploads\/Ertan-Saban-3-1-300x169.png 300w, https:\/\/www.tgrthaber.com\/mavikadin\/wp-content\/uploads\/Ertan-Saban-3-1-1024x576.png 1024w, https:\/\/www.tgrthaber.com\/mavikadin\/wp-content\/uploads\/Ertan-Saban-3-1-768x432.png 768w\" sizes=\"(max-width: 1208px) 100vw, 1208px\" \/><\/p>\n<hr \/>\n<p><strong>Sinema<\/strong><\/p>\n<p>2003 Kako los son \u0130van<br \/>\n2004 Kako ubiv svetec Bojan<br \/>\n2005 Kontakt \u015eampiyon<br \/>\n2006 The Net<br \/>\n2008 Ba\u015fka Semtin \u00c7ocuklar\u0131 G\u00fcrdal<br \/>\n2009 G\u00f6lgesizler Cennet&#8217;in o\u011flu<br \/>\n2010 Hayde Bre Osman<br \/>\n2013 Benimle Oynar M\u0131s\u0131n? Muzo<br \/>\nBalkan Is Not Dead Mustafa Kemal Atat\u00fcrk<br \/>\n2015 Limonata Sakip<br \/>\n2019 \u00c7i\u00e7ero Henry Wellington<br \/>\n2020 Ac\u0131 Kiraz Stoka<br \/>\n2023 Kad\u0131nlara Mahsus<br \/>\n2024 Barda 2 Kadir<br \/>\n2024 Bir Cumhuriyet \u015eark\u0131s\u0131 Mustafa Kemal Atat\u00fcrk<\/p>\n","protected":false},"excerpt":{"rendered":"<p>Mehmed Fatihler Sultan\u0131 dizisinde Vlad karakterini oynayan Ertan Saban, \u201cBu i\u015fin zorluklar\u0131 ne?\u201d sorusu hakk\u0131nda dikkat \u00e7eken cevaplar verdi. A\u00e7\u0131klamalar\u0131yla sosyal medyada be\u011feni toplayan \u00fcnl\u00fc isim k\u0131sa s\u00fcrede g\u00fcndem oldu.<\/p>\n","protected":false},"author":5,"featured_media":253369,"comment_status":"closed","ping_status":"closed","sticky":false,"template":"","format":"standard","meta":{"rank_math_lock_modified_date":false,"footnotes":""},"categories":[76],"tags":[13654,133,65066],"class_list":["post-253364","post","type-post","status-publish","format-standard","has-post-thumbnail","hentry","category-magazin","tag-ertan-saban","tag-magazin","tag-mehmed-fatihler-sultani"],"_links":{"self":[{"href":"https:\/\/www.tgrthaber.com\/mavikadin\/wp-json\/wp\/v2\/posts\/253364"}],"collection":[{"href":"https:\/\/www.tgrthaber.com\/mavikadin\/wp-json\/wp\/v2\/posts"}],"about":[{"href":"https:\/\/www.tgrthaber.com\/mavikadin\/wp-json\/wp\/v2\/types\/post"}],"author":[{"embeddable":true,"href":"https:\/\/www.tgrthaber.com\/mavikadin\/wp-json\/wp\/v2\/users\/5"}],"replies":[{"embeddable":true,"href":"https:\/\/www.tgrthaber.com\/mavikadin\/wp-json\/wp\/v2\/comments?post=253364"}],"version-history":[{"count":2,"href":"https:\/\/www.tgrthaber.com\/mavikadin\/wp-json\/wp\/v2\/posts\/253364\/revisions"}],"predecessor-version":[{"id":253371,"href":"https:\/\/www.tgrthaber.com\/mavikadin\/wp-json\/wp\/v2\/posts\/253364\/revisions\/253371"}],"wp:featuredmedia":[{"embeddable":true,"href":"https:\/\/www.tgrthaber.com\/mavikadin\/wp-json\/wp\/v2\/media\/253369"}],"wp:attachment":[{"href":"https:\/\/www.tgrthaber.com\/mavikadin\/wp-json\/wp\/v2\/media?parent=253364"}],"wp:term":[{"taxonomy":"category","embeddable":true,"href":"https:\/\/www.tgrthaber.com\/mavikadin\/wp-json\/wp\/v2\/categories?post=253364"},{"taxonomy":"post_tag","embeddable":true,"href":"https:\/\/www.tgrthaber.com\/mavikadin\/wp-json\/wp\/v2\/tags?post=253364"}],"curies":[{"name":"wp","href":"https:\/\/api.w.org\/{rel}","templated":true}]}}