{"id":265061,"date":"2025-11-19T14:43:39","date_gmt":"2025-11-19T11:43:39","guid":{"rendered":"https:\/\/www.tgrthaber.com\/mavikadin\/?p=265061"},"modified":"2025-11-19T22:34:53","modified_gmt":"2025-11-19T19:34:53","slug":"masterchefte-yarismacilara-ter-dokturen-tabak-danilo-sefin-riso-all-salto-lezzeti-potadakileri-ters-kose-etti","status":"publish","type":"post","link":"https:\/\/www.tgrthaber.com\/mavikadin\/masterchefte-yarismacilara-ter-dokturen-tabak-danilo-sefin-riso-all-salto-lezzeti-potadakileri-ters-kose-etti\/","title":{"rendered":"MasterChef\u2019te yar\u0131\u015fmac\u0131lara ter d\u00f6kt\u00fcren tabak! Danilo \u015eef&#8217;in Riso all Salto lezzeti potadakileri ters k\u00f6\u015fe etti"},"content":{"rendered":"<p class=\"p1\">MasterChef T\u00fcrkiye\u2019de 19 Kas\u0131m 2025 \u00e7ar\u015famba ak\u015fam\u0131 eleme heyecan\u0131 ya\u015fand\u0131. \u015eefler ikinci turda Danilo Zanna&#8217;n\u0131n \u0130talyan mutfa\u011f\u0131ndan \u00f6zel bir tarif olan &#8220;riso al salto&#8221; haz\u0131rlamalar\u0131n\u0131 istedi. 19 Kas\u0131m gecesinde \u00d6zkan, Eyl\u00fcl, Hakan ve Muratcan taba\u011f\u0131 en iyi \u015fekilde haz\u0131rlayabilmek i\u00e7in k\u0131yas\u0131ya m\u00fccadele etti. \u0130zleyiciler ise Danillo \u015fefin Riso All Salto taba\u011f\u0131n\u0131n nas\u0131l haz\u0131rland\u0131\u011f\u0131n\u0131 merak etti. Peki <a href=\"https:\/\/www.tgrthaber.com\/mavikadin\/masterchef-ozkan-ve-sezer-tartismasi-sosyal-medyayi-salladi-indir-elini-hayirdir-kavgasina-izleyiciden-yorum-yagmuru\/\">MasterChef<\/a> Riso All Salto nas\u0131l yap\u0131l\u0131r? \u0130\u015fte detaylar..<\/p>\n<h3>MASTERCHEF&#8217;TE YARI\u015eMACILARA TER D\u00d6KT\u00dcREN TABAK! DAN\u0130LLO \u015eEF\u0130N R\u0130SO ALL SALTO LEZZET\u0130 YARI\u015eMACILARI TERS K\u00d6\u015eE YAPTI<\/h3>\n<p class=\"p1\">Milano civar\u0131nda ba\u015fyap\u0131t olarak de\u011ferlendirilen bir yemektir. \u0130sraf\u0131 \u00f6nlemeye y\u00f6nelik olan bu tarif asl\u0131nda \u00e7\u00f6z\u00fcm odakl\u0131 bir yemektir. Bir g\u00fcn \u00f6nceden kalan risottoyu de\u011ferlendirmek i\u00e7in yap\u0131lan bu yeme\u011fin d\u0131\u015f\u0131 \u00e7\u0131t\u0131r \u00e7\u0131t\u0131r i\u00e7i ise yumu\u015fac\u0131k ve kremams\u0131 bir yap\u0131ya sahiptir.<span class=\"Apple-converted-space\">\u00a0<\/span><\/p>\n<p><img loading=\"lazy\" decoding=\"async\" class=\"alignnone wp-image-265066 size-large\" src=\"https:\/\/www.tgrthaber.com\/mavikadin\/wp-content\/uploads\/Ekran-Resmi-2025-11-19-14.38.24-1024x635.png\" alt=\"\" width=\"1024\" height=\"635\" title=\"\" srcset=\"https:\/\/www.tgrthaber.com\/mavikadin\/wp-content\/uploads\/Ekran-Resmi-2025-11-19-14.38.24-1024x635.png 1024w, https:\/\/www.tgrthaber.com\/mavikadin\/wp-content\/uploads\/Ekran-Resmi-2025-11-19-14.38.24-300x186.png 300w, https:\/\/www.tgrthaber.com\/mavikadin\/wp-content\/uploads\/Ekran-Resmi-2025-11-19-14.38.24-768x476.png 768w, https:\/\/www.tgrthaber.com\/mavikadin\/wp-content\/uploads\/Ekran-Resmi-2025-11-19-14.38.24-1536x952.png 1536w, https:\/\/www.tgrthaber.com\/mavikadin\/wp-content\/uploads\/Ekran-Resmi-2025-11-19-14.38.24.png 1646w\" sizes=\"(max-width: 1024px) 100vw, 1024px\" \/><\/p>\n<hr \/>\n<p class=\"p1\">Bu tarifin temel malzemeleri bir g\u00fcn \u00f6nceki g\u00fcnden kalan<span class=\"Apple-converted-space\">\u00a0 <\/span>risotto, biraz tereya\u011f\u0131 veya zeytinya\u011f\u0131 ve iste\u011fe ba\u011fl\u0131 olarak sert \u0130talyan peyniridir. Riso all saltonun en belirgin \u00f6zelli\u011fi i\u00e7inde yo\u011fun safran kullan\u0131lmas\u0131d\u0131r.<\/p>\n<p><img loading=\"lazy\" decoding=\"async\" class=\"alignnone wp-image-265067 size-large\" src=\"https:\/\/www.tgrthaber.com\/mavikadin\/wp-content\/uploads\/Ekran-Resmi-2025-11-19-14.38.29-1024x662.png\" alt=\"\" width=\"1024\" height=\"662\" title=\"\" srcset=\"https:\/\/www.tgrthaber.com\/mavikadin\/wp-content\/uploads\/Ekran-Resmi-2025-11-19-14.38.29-1024x662.png 1024w, https:\/\/www.tgrthaber.com\/mavikadin\/wp-content\/uploads\/Ekran-Resmi-2025-11-19-14.38.29-300x194.png 300w, https:\/\/www.tgrthaber.com\/mavikadin\/wp-content\/uploads\/Ekran-Resmi-2025-11-19-14.38.29-768x497.png 768w, https:\/\/www.tgrthaber.com\/mavikadin\/wp-content\/uploads\/Ekran-Resmi-2025-11-19-14.38.29-1536x993.png 1536w, https:\/\/www.tgrthaber.com\/mavikadin\/wp-content\/uploads\/Ekran-Resmi-2025-11-19-14.38.29.png 1556w\" sizes=\"(max-width: 1024px) 100vw, 1024px\" \/><\/p>\n<hr \/>\n<p class=\"p1\">Bunun yan\u0131 s\u0131ra kullan\u0131lan tereya\u011f\u0131da \u00e7ok \u00f6nemlidir. Tereya\u011f\u0131 k\u0131zartma i\u015fleminde olduk\u00e7a ba\u015far\u0131l\u0131 bir sonu\u00e7 vermektedir. Dilerseniz ya\u011f olarak zeytinya\u011f\u0131 da kullanabilirsiniz. Fakat tereya\u011f\u0131 bamba\u015fka bir lezzet katmaktad\u0131r. \u0130talyan restoranlar\u0131nda bu yemek ba\u015flang\u0131\u00e7 yeme\u011fi ya da yan yemek olarak de\u011ferlendirilmektedir.<\/p>\n<p><img loading=\"lazy\" decoding=\"async\" class=\"alignnone wp-image-265068 size-large\" src=\"https:\/\/www.tgrthaber.com\/mavikadin\/wp-content\/uploads\/Ekran-Resmi-2025-11-19-14.38.47-1024x669.png\" alt=\"\" width=\"1024\" height=\"669\" title=\"\" srcset=\"https:\/\/www.tgrthaber.com\/mavikadin\/wp-content\/uploads\/Ekran-Resmi-2025-11-19-14.38.47-1024x669.png 1024w, https:\/\/www.tgrthaber.com\/mavikadin\/wp-content\/uploads\/Ekran-Resmi-2025-11-19-14.38.47-300x196.png 300w, https:\/\/www.tgrthaber.com\/mavikadin\/wp-content\/uploads\/Ekran-Resmi-2025-11-19-14.38.47-768x502.png 768w, https:\/\/www.tgrthaber.com\/mavikadin\/wp-content\/uploads\/Ekran-Resmi-2025-11-19-14.38.47-1536x1004.png 1536w, https:\/\/www.tgrthaber.com\/mavikadin\/wp-content\/uploads\/Ekran-Resmi-2025-11-19-14.38.47.png 1634w\" sizes=\"(max-width: 1024px) 100vw, 1024px\" \/><\/p>\n<hr \/>\n<h3 class=\"p1\">MASTERCHEF DOKUNULMAZLI\u011eI K\u0130M KAZANDI?<\/h3>\n<p class=\"p1\">Haftan\u0131n ikinci dokunulmazl\u0131k oyununu kazanan k\u0131rm\u0131z\u0131 tak\u0131m oldu.<\/p>\n<p><img loading=\"lazy\" decoding=\"async\" class=\"alignnone wp-image-264979 size-large\" src=\"https:\/\/www.tgrthaber.com\/mavikadin\/wp-content\/uploads\/Ekran-Resmi-2025-11-19-13.05.11-1024x565.png\" alt=\"\" width=\"1024\" height=\"565\" title=\"\" srcset=\"https:\/\/www.tgrthaber.com\/mavikadin\/wp-content\/uploads\/Ekran-Resmi-2025-11-19-13.05.11-1024x565.png 1024w, https:\/\/www.tgrthaber.com\/mavikadin\/wp-content\/uploads\/Ekran-Resmi-2025-11-19-13.05.11-300x166.png 300w, https:\/\/www.tgrthaber.com\/mavikadin\/wp-content\/uploads\/Ekran-Resmi-2025-11-19-13.05.11-768x424.png 768w, https:\/\/www.tgrthaber.com\/mavikadin\/wp-content\/uploads\/Ekran-Resmi-2025-11-19-13.05.11.png 1442w\" sizes=\"(max-width: 1024px) 100vw, 1024px\" \/><\/p>\n<hr \/>\n<h3 class=\"p1\">MASTERCHEF ELEME ADAYI K\u0130M OLDU?<\/h3>\n<p class=\"p1\">MasterChef T\u00fcrkiye 2025\u2019te g\u00fcn\u00fcn eleme adaylar\u0131<b>\u00a0Eyl\u00fcl ve Hakan oldu.<\/b><b><\/b><\/p>\n<p><img loading=\"lazy\" decoding=\"async\" class=\"alignnone wp-image-264980 size-large\" src=\"https:\/\/www.tgrthaber.com\/mavikadin\/wp-content\/uploads\/Ekran-Resmi-2025-11-19-13.05.16-1024x573.png\" alt=\"\" width=\"1024\" height=\"573\" title=\"\" srcset=\"https:\/\/www.tgrthaber.com\/mavikadin\/wp-content\/uploads\/Ekran-Resmi-2025-11-19-13.05.16-1024x573.png 1024w, https:\/\/www.tgrthaber.com\/mavikadin\/wp-content\/uploads\/Ekran-Resmi-2025-11-19-13.05.16-300x168.png 300w, https:\/\/www.tgrthaber.com\/mavikadin\/wp-content\/uploads\/Ekran-Resmi-2025-11-19-13.05.16-768x430.png 768w, https:\/\/www.tgrthaber.com\/mavikadin\/wp-content\/uploads\/Ekran-Resmi-2025-11-19-13.05.16.png 1412w\" sizes=\"(max-width: 1024px) 100vw, 1024px\" \/><\/p>\n<hr \/>\n<h3 class=\"p1\">MASTERCHEF ELEME POTASI<\/h3>\n<p class=\"p1\">Haftan\u0131n ilk\u00a0eleme adaylar\u0131 k\u0131rm\u0131z\u0131 tak\u0131mdan\u00a0<b>Murat Can, \u00d6zkan<\/b>\u00a0oldu. 3. ve 4. eleme adaylar\u0131\u00a0<b>Eyl\u00fcl ve Hakan<\/b>\u00a0oldu.<\/p>\n<p><img loading=\"lazy\" decoding=\"async\" class=\"alignnone wp-image-264978 size-full\" src=\"https:\/\/www.tgrthaber.com\/mavikadin\/wp-content\/uploads\/Ekran-Resmi-2025-11-19-13.06.20.png\" alt=\"\" width=\"982\" height=\"660\" title=\"\" srcset=\"https:\/\/www.tgrthaber.com\/mavikadin\/wp-content\/uploads\/Ekran-Resmi-2025-11-19-13.06.20.png 982w, https:\/\/www.tgrthaber.com\/mavikadin\/wp-content\/uploads\/Ekran-Resmi-2025-11-19-13.06.20-300x202.png 300w, https:\/\/www.tgrthaber.com\/mavikadin\/wp-content\/uploads\/Ekran-Resmi-2025-11-19-13.06.20-768x516.png 768w\" sizes=\"(max-width: 982px) 100vw, 982px\" \/><\/p>\n<hr \/>\n<h3 class=\"p1\">MASTERCHEF 2025 ANA KADRO L\u0130STES\u0130<\/h3>\n<p class=\"p1\">MasterChef T\u00fcrkiye 2025 ana kadro g\u00fcncel listesi:<\/p>\n<p class=\"p1\">MasterChef T\u00fcrkiye Ana Kadroya Giren 1. Yar\u0131\u015fmac\u0131: Furkan<\/p>\n<p class=\"p1\">MasterChef T\u00fcrkiye Ana Kadroya Giren 2. Yar\u0131\u015fmac\u0131: Eyl\u00fcl<\/p>\n<p class=\"p1\">MasterChef T\u00fcrkiye Ana Kadroya Giren 3. Yar\u0131\u015fmac\u0131: \u00c7a\u011fatay<\/p>\n<p class=\"p1\">MasterChef T\u00fcrkiye Ana Kadroya Giren 4. Yar\u0131\u015fmac\u0131: Onur<\/p>\n<p class=\"p1\">MasterChef T\u00fcrkiye Ana kadroya giren 5. Yar\u0131\u015fmac\u0131: Nisa Nur ( ELEND\u0130)<\/p>\n<p class=\"p1\">MasterChef T\u00fcrkiye Ana kadroya giren 6. Yar\u0131\u015fmac\u0131: Sercan(elendi)<\/p>\n<p class=\"p1\">MasterChef T\u00fcrkiye Ana kadroya giren 7. Yar\u0131\u015fmac\u0131: Ayla<\/p>\n<p><img loading=\"lazy\" decoding=\"async\" class=\"alignnone wp-image-264984 size-full\" src=\"https:\/\/www.tgrthaber.com\/mavikadin\/wp-content\/uploads\/Ekran-Resmi-2025-11-19-13.06.30.png\" alt=\"\" width=\"1000\" height=\"666\" title=\"\" srcset=\"https:\/\/www.tgrthaber.com\/mavikadin\/wp-content\/uploads\/Ekran-Resmi-2025-11-19-13.06.30.png 1000w, https:\/\/www.tgrthaber.com\/mavikadin\/wp-content\/uploads\/Ekran-Resmi-2025-11-19-13.06.30-300x200.png 300w, https:\/\/www.tgrthaber.com\/mavikadin\/wp-content\/uploads\/Ekran-Resmi-2025-11-19-13.06.30-768x511.png 768w\" sizes=\"(max-width: 1000px) 100vw, 1000px\" \/><\/p>\n<hr \/>\n<p class=\"p1\">MasterChef T\u00fcrkiye Ana kadroya giren 8. Yar\u0131\u015fmac\u0131: \u0130hsan(elendi)<\/p>\n<p class=\"p1\">MasterChef T\u00fcrkiye Ana kadroya giren 9. Yar\u0131\u015fmac\u0131: Ayten<\/p>\n<p class=\"p1\">MasterChef T\u00fcrkiye Ana kadroya giren 10. Yar\u0131\u015fmac\u0131: \u00c7a\u011flar<\/p>\n<p class=\"p1\">MasterChef T\u00fcrkiye Ana kadroya giren 11. Yar\u0131\u015fmac\u0131: Sezer<\/p>\n<p class=\"p1\">MasterChef T\u00fcrkiye Ana kadroya giren 12. Yar\u0131\u015fmac\u0131: Cansu(elendi)<\/p>\n<p class=\"p1\">MasterChef T\u00fcrkiye Ana kadroya giren 13. Yar\u0131\u015fmac\u0131: \u00d6zkan<\/p>\n<p><img loading=\"lazy\" decoding=\"async\" class=\"alignnone wp-image-264993 \" src=\"https:\/\/www.tgrthaber.com\/mavikadin\/wp-content\/uploads\/MasterChef-19-Kasim-2025-kim-elendi-kim-gitti-MasterChef-en-son-elenen-yarismaci-kim.jpg\" alt=\"\" width=\"1600\" height=\"900\" title=\"\" srcset=\"https:\/\/www.tgrthaber.com\/mavikadin\/wp-content\/uploads\/MasterChef-19-Kasim-2025-kim-elendi-kim-gitti-MasterChef-en-son-elenen-yarismaci-kim.jpg 1600w, https:\/\/www.tgrthaber.com\/mavikadin\/wp-content\/uploads\/MasterChef-19-Kasim-2025-kim-elendi-kim-gitti-MasterChef-en-son-elenen-yarismaci-kim-300x169.jpg 300w, https:\/\/www.tgrthaber.com\/mavikadin\/wp-content\/uploads\/MasterChef-19-Kasim-2025-kim-elendi-kim-gitti-MasterChef-en-son-elenen-yarismaci-kim-1024x576.jpg 1024w, https:\/\/www.tgrthaber.com\/mavikadin\/wp-content\/uploads\/MasterChef-19-Kasim-2025-kim-elendi-kim-gitti-MasterChef-en-son-elenen-yarismaci-kim-768x432.jpg 768w, https:\/\/www.tgrthaber.com\/mavikadin\/wp-content\/uploads\/MasterChef-19-Kasim-2025-kim-elendi-kim-gitti-MasterChef-en-son-elenen-yarismaci-kim-1536x864.jpg 1536w\" sizes=\"(max-width: 1600px) 100vw, 1600px\" \/><\/p>\n<hr \/>\n<p class=\"p1\">MasterChef T\u00fcrkiye Ana kadroya giren 14. yar\u0131\u015fmac\u0131: Gizem<\/p>\n<p class=\"p1\">MasterChef T\u00fcrkiye Ana kadroya giren 15. yar\u0131\u015fmac\u0131: \u0130rem (elendi)<\/p>\n<p class=\"p1\">MasterChef T\u00fcrkiye Ana kadroya giren 16. yar\u0131\u015fmac\u0131: Hakan<\/p>\n<p class=\"p1\">MasterChef T\u00fcrkiye Ana kadroya giren 17. yar\u0131\u015fmac\u0131: Mert ( yedeklerden dahil oldu)<\/p>\n<p class=\"p1\">MasterChef T\u00fcrkiye Ana kadroya giren 18. yar\u0131\u015fmac\u0131: S\u00fcmeyye<\/p>\n<p class=\"p1\">MasterChef T\u00fcrkiye Ana kadroya giren 19. yar\u0131\u015fmac\u0131: Bar\u0131\u015f Kaya ( yedeklerden dahil oldu)<\/p>\n","protected":false},"excerpt":{"rendered":"<p>MasterChef T\u00fcrkiye&#8217;nin eleme gecesinde yar\u0131\u015fmac\u0131lara adeta ter d\u00f6kt\u00fcren bir tabak sunuldu. Danillo Zanna&#8217;nin me\u015fhur Riso All Salto yeme\u011fini yapan yar\u0131\u015fmac\u0131lar bu sefer ters k\u00f6\u015fe oldu. \u0130zleyiciler de merakla izlenen program sonras\u0131 MasterChef Danillo&#8217;nun \u015fef taba\u011f\u0131 riso all salto nas\u0131l yap\u0131l\u0131r? sorusunun cevab\u0131n\u0131 ara\u015ft\u0131rmaya ba\u015flad\u0131. \u0130\u015fte detaylar&#8230;  <\/p>\n","protected":false},"author":16,"featured_media":265071,"comment_status":"closed","ping_status":"closed","sticky":false,"template":"","format":"standard","meta":{"rank_math_lock_modified_date":false,"footnotes":""},"categories":[191],"tags":[66688,66687,355,3411],"class_list":["post-265061","post","type-post","status-publish","format-standard","has-post-thumbnail","hentry","category-yemek-tarifleri","tag-danillo-zanna-riso-all-santo-nasil-yapilir","tag-masterchef-danillo-zanna-riso-all-santo-tarifi","tag-yemek","tag-yemek-tarifleri"],"_links":{"self":[{"href":"https:\/\/www.tgrthaber.com\/mavikadin\/wp-json\/wp\/v2\/posts\/265061"}],"collection":[{"href":"https:\/\/www.tgrthaber.com\/mavikadin\/wp-json\/wp\/v2\/posts"}],"about":[{"href":"https:\/\/www.tgrthaber.com\/mavikadin\/wp-json\/wp\/v2\/types\/post"}],"author":[{"embeddable":true,"href":"https:\/\/www.tgrthaber.com\/mavikadin\/wp-json\/wp\/v2\/users\/16"}],"replies":[{"embeddable":true,"href":"https:\/\/www.tgrthaber.com\/mavikadin\/wp-json\/wp\/v2\/comments?post=265061"}],"version-history":[{"count":3,"href":"https:\/\/www.tgrthaber.com\/mavikadin\/wp-json\/wp\/v2\/posts\/265061\/revisions"}],"predecessor-version":[{"id":265075,"href":"https:\/\/www.tgrthaber.com\/mavikadin\/wp-json\/wp\/v2\/posts\/265061\/revisions\/265075"}],"wp:featuredmedia":[{"embeddable":true,"href":"https:\/\/www.tgrthaber.com\/mavikadin\/wp-json\/wp\/v2\/media\/265071"}],"wp:attachment":[{"href":"https:\/\/www.tgrthaber.com\/mavikadin\/wp-json\/wp\/v2\/media?parent=265061"}],"wp:term":[{"taxonomy":"category","embeddable":true,"href":"https:\/\/www.tgrthaber.com\/mavikadin\/wp-json\/wp\/v2\/categories?post=265061"},{"taxonomy":"post_tag","embeddable":true,"href":"https:\/\/www.tgrthaber.com\/mavikadin\/wp-json\/wp\/v2\/tags?post=265061"}],"curies":[{"name":"wp","href":"https:\/\/api.w.org\/{rel}","templated":true}]}}