{"id":265468,"date":"2025-11-20T14:22:18","date_gmt":"2025-11-20T11:22:18","guid":{"rendered":"https:\/\/www.tgrthaber.com\/mavikadin\/?p=265468"},"modified":"2025-11-20T14:22:18","modified_gmt":"2025-11-20T11:22:18","slug":"masterchef-konugu-italyan-elena-clemente-kimdir-masterchef-italya-istanbul-baskonsolosu-elana-clemente-hayati-ve-kariyeri-arastiriliyor","status":"publish","type":"post","link":"https:\/\/www.tgrthaber.com\/mavikadin\/masterchef-konugu-italyan-elena-clemente-kimdir-masterchef-italya-istanbul-baskonsolosu-elana-clemente-hayati-ve-kariyeri-arastiriliyor\/","title":{"rendered":"MasterChef konu\u011fu \u0130talyan Elena Clemente kimdir? MasterChef\u00a0\u0130talya \u0130stanbul Ba\u015fkonsolosu Elana Clemente hayat\u0131 ve kariyeri ara\u015ft\u0131r\u0131l\u0131yor"},"content":{"rendered":"<p class=\"p1\">MasterChef T\u00fcrkiye yeni b\u00f6l\u00fcm\u00fc ile heyecanla devam ediyor. MasterChef\u2019in bu ak\u015fam ekrana gelen b\u00f6l\u00fcm\u00fcnde<span class=\"Apple-converted-space\">\u00a0 <\/span>\u0130talya, \u0130stanbul Ba\u015fkonsolosu Elana Clemente konuk olacak. D\u00fcnya \u0130talyan Mutfa\u011f\u0131 haftas\u0131 olmas\u0131 sebebiyle yar\u0131\u015fmac\u0131lar bu ak\u015fam \u0130talya&#8217;ya mutfa\u011f\u0131na \u00f6zg\u00fc birbirinden \u00e7e\u015fitli yemekleri haz\u0131rlayacak ve dokunulmazl\u0131k kazanabilmek i\u00e7in m\u00fccadele edecek. \u0130talya ba\u015fkonsolosu Elena Clemente\u2019nin MasterChef\u2019e konuk olmas\u0131yla birlikte hayat\u0131 da merak edilip ara\u015ft\u0131r\u0131lmaya ba\u015fland\u0131. Peki MasterChef \u0130talya \u0130stanbul ba\u015fkonsolosu Elena Clemente kimdir? Hayat\u0131 ve kariyerine dair merak edilenler i\u00e7eri\u011fimizde\u2026<\/p>\n<h3>MASTERCHEF KONU\u011eU \u0130TALYAN ELENA CLEMENTE K\u0130MD\u0130R? \u0130\u015eTE \u0130TALYA BA\u015eKONSOLOSU ELENA CLEMENTE HAYATI VE KAR\u0130YER\u0130<\/h3>\n<p class=\"p1\"><a href=\"https:\/\/www.tgrthaber.com\/mavikadin\/masterchef-eleme-potasindaki-ozkandan-soke-eden-veda-konusmasi-meslegimle-geldim-meslegimle-giderim\/\">MasterChef<\/a> T\u00fcrkiye\u2019nin bu ak\u015famki konu\u011fu \u0130talya Mutfa\u011f\u0131 haftas\u0131 omas\u0131 nedeniyle \u0130talyan Ba\u015fkonsolosu Elena Clemente oldu. \u0130zleyiciler Eleena Clemente\u2019nin hayat\u0131n\u0131 ve kariyerini ara\u015ft\u0131rmaya ba\u015flad\u0131. \u0130\u015fte \u0130talyan ba\u015fkonsolosunun hayat\u0131na dair merak edilenler\u2026<\/p>\n<p><img loading=\"lazy\" decoding=\"async\" class=\"alignnone wp-image-265470 size-large\" src=\"https:\/\/www.tgrthaber.com\/mavikadin\/wp-content\/uploads\/Ekran-Resmi-2025-11-20-14.11.46-1024x640.png\" alt=\"\" width=\"1024\" height=\"640\" title=\"\" srcset=\"https:\/\/www.tgrthaber.com\/mavikadin\/wp-content\/uploads\/Ekran-Resmi-2025-11-20-14.11.46-1024x640.png 1024w, https:\/\/www.tgrthaber.com\/mavikadin\/wp-content\/uploads\/Ekran-Resmi-2025-11-20-14.11.46-300x188.png 300w, https:\/\/www.tgrthaber.com\/mavikadin\/wp-content\/uploads\/Ekran-Resmi-2025-11-20-14.11.46-768x480.png 768w, https:\/\/www.tgrthaber.com\/mavikadin\/wp-content\/uploads\/Ekran-Resmi-2025-11-20-14.11.46.png 1238w\" sizes=\"(max-width: 1024px) 100vw, 1024px\" \/><\/p>\n<hr \/>\n<p class=\"p1\">\u0130talya Ba\u015fkonsolosu Elena Clemente 1975 y\u0131l\u0131nda Pordenone&#8217;de d\u00fcnyaya gelmi\u015ftir. Buenos Aires, Kabil, Kud\u00fcs ve Farnesina gibi pek \u00e7ok yerde g\u00f6rev yapan Elena Trieste \u00dcniversitesi&#8217;nin uluslararas\u0131 ve diplomatik bilimler b\u00f6l\u00fcm\u00fcnden mezun olmu\u015ftur.<\/p>\n<p><img loading=\"lazy\" decoding=\"async\" class=\"alignnone wp-image-265471 size-full\" src=\"https:\/\/www.tgrthaber.com\/mavikadin\/wp-content\/uploads\/Ekran-Resmi-2025-11-20-14.11.57.png\" alt=\"\" width=\"1004\" height=\"604\" title=\"\" srcset=\"https:\/\/www.tgrthaber.com\/mavikadin\/wp-content\/uploads\/Ekran-Resmi-2025-11-20-14.11.57.png 1004w, https:\/\/www.tgrthaber.com\/mavikadin\/wp-content\/uploads\/Ekran-Resmi-2025-11-20-14.11.57-300x180.png 300w, https:\/\/www.tgrthaber.com\/mavikadin\/wp-content\/uploads\/Ekran-Resmi-2025-11-20-14.11.57-768x462.png 768w\" sizes=\"(max-width: 1004px) 100vw, 1004px\" \/><\/p>\n<hr \/>\n<p>2002 y\u0131l\u0131nda diplomatik kariyerine ba\u015flayan ismin ilk g\u00f6rev yeri Buenos Aires olmu\u015ftur. 2008 y\u0131l\u0131nda Arjantin ofisinde Konsolosluk g\u00f6revini y\u00fcr\u00fcten isim<span class=\"Apple-converted-space\">\u00a0 <\/span>2010&#8217;da Kabil&#8217;e birinci sekreter olarak atanm\u0131\u015f ve bu g\u00f6revinden ayr\u0131lm\u0131\u015ft\u0131r.<\/p>\n<p><img loading=\"lazy\" decoding=\"async\" class=\"alignnone wp-image-265472 size-full\" src=\"https:\/\/www.tgrthaber.com\/mavikadin\/wp-content\/uploads\/Ekran-Resmi-2025-11-20-14.12.14.png\" alt=\"\" width=\"986\" height=\"608\" title=\"\" srcset=\"https:\/\/www.tgrthaber.com\/mavikadin\/wp-content\/uploads\/Ekran-Resmi-2025-11-20-14.12.14.png 986w, https:\/\/www.tgrthaber.com\/mavikadin\/wp-content\/uploads\/Ekran-Resmi-2025-11-20-14.12.14-300x185.png 300w, https:\/\/www.tgrthaber.com\/mavikadin\/wp-content\/uploads\/Ekran-Resmi-2025-11-20-14.12.14-768x474.png 768w\" sizes=\"(max-width: 986px) 100vw, 986px\" \/><\/p>\n<hr \/>\n<p class=\"p1\">2012 y\u0131l\u0131nda Kud\u00fcs Ba\u015fkonsoloslu\u011fu&#8217;nda bulunan isim 2013 y\u0131l\u0131nda Konsolosluk g\u00f6revlerine onaylanm\u0131\u015ft\u0131r.<span class=\"Apple-converted-space\">\u00a0 <\/span>2016 y\u0131l\u0131nda Farnesina&#8217;ya geri d\u00f6nenen Elena Clemente Siyasi ve G\u00fcvenlik \u0130\u015fleri Genel M\u00fcd\u00fcr\u00fc&#8217;ne rapor vermi\u015ftir.\u00a0 Ba\u015far\u0131l\u0131 kariyeri ile dikkat \u00e7eken isim \u0130talya\u2019n\u0131n istanbul ba\u015fkonsolosu olarak g\u00f6revini devam ettirmektedir.<\/p>\n<p><img loading=\"lazy\" decoding=\"async\" class=\"alignnone wp-image-265475 size-full\" src=\"https:\/\/www.tgrthaber.com\/mavikadin\/wp-content\/uploads\/Ekran-Resmi-2025-11-20-14.17.51.png\" alt=\"\" width=\"986\" height=\"576\" title=\"\" srcset=\"https:\/\/www.tgrthaber.com\/mavikadin\/wp-content\/uploads\/Ekran-Resmi-2025-11-20-14.17.51.png 986w, https:\/\/www.tgrthaber.com\/mavikadin\/wp-content\/uploads\/Ekran-Resmi-2025-11-20-14.17.51-300x175.png 300w, https:\/\/www.tgrthaber.com\/mavikadin\/wp-content\/uploads\/Ekran-Resmi-2025-11-20-14.17.51-768x449.png 768w\" sizes=\"(max-width: 986px) 100vw, 986px\" \/><\/p>\n<hr \/>\n<h3 class=\"p1\">MASTERCHEF 19 KASIM 2025 K\u0130M ELEND\u0130 K\u0130M G\u0130TT\u0130?<\/h3>\n<p class=\"p1\">MasterChef 19 Kas\u0131m 2025 elenen isim Eyl\u00fcl Azra Soysal oldu.<\/p>\n<p><img loading=\"lazy\" decoding=\"async\" class=\"alignnone wp-image-265473 size-full\" src=\"https:\/\/www.tgrthaber.com\/mavikadin\/wp-content\/uploads\/Ekran-Resmi-2025-11-20-00.03.29.png\" alt=\"\" width=\"1048\" height=\"824\" title=\"\" srcset=\"https:\/\/www.tgrthaber.com\/mavikadin\/wp-content\/uploads\/Ekran-Resmi-2025-11-20-00.03.29.png 1048w, https:\/\/www.tgrthaber.com\/mavikadin\/wp-content\/uploads\/Ekran-Resmi-2025-11-20-00.03.29-300x236.png 300w, https:\/\/www.tgrthaber.com\/mavikadin\/wp-content\/uploads\/Ekran-Resmi-2025-11-20-00.03.29-1024x805.png 1024w, https:\/\/www.tgrthaber.com\/mavikadin\/wp-content\/uploads\/Ekran-Resmi-2025-11-20-00.03.29-768x604.png 768w\" sizes=\"(max-width: 1048px) 100vw, 1048px\" \/><\/p>\n<hr \/>\n<h3 class=\"p1\">MASTERCHEF 2025 ANA KADRO L\u0130STES\u0130<\/h3>\n<p class=\"p1\">MasterChef T\u00fcrkiye 2025 ana kadro g\u00fcncel listesi:<\/p>\n<p class=\"p1\">MasterChef T\u00fcrkiye Ana Kadroya Giren 1. Yar\u0131\u015fmac\u0131: Furkan<\/p>\n<p class=\"p1\">MasterChef T\u00fcrkiye Ana Kadroya Giren 2. Yar\u0131\u015fmac\u0131: Eyl\u00fcl(elendi)<\/p>\n<p class=\"p1\">MasterChef T\u00fcrkiye Ana Kadroya Giren 3. Yar\u0131\u015fmac\u0131: \u00c7a\u011fatay<\/p>\n<p class=\"p1\">MasterChef T\u00fcrkiye Ana Kadroya Giren 4. Yar\u0131\u015fmac\u0131: Onur<\/p>\n<p class=\"p1\">MasterChef T\u00fcrkiye Ana kadroya giren 5. Yar\u0131\u015fmac\u0131: Nisa Nur ( ELEND\u0130)<\/p>\n<p class=\"p1\">MasterChef T\u00fcrkiye Ana kadroya giren 6. Yar\u0131\u015fmac\u0131: Sercan(elendi)<\/p>\n<p class=\"p1\">MasterChef T\u00fcrkiye Ana kadroya giren 7. Yar\u0131\u015fmac\u0131: Ayla<\/p>\n<p><img loading=\"lazy\" decoding=\"async\" class=\"alignnone wp-image-265451 size-full\" src=\"https:\/\/www.tgrthaber.com\/mavikadin\/wp-content\/uploads\/Ekran-Resmi-2025-11-19-13.06.25-3.png\" alt=\"\" width=\"1008\" height=\"674\" title=\"\" srcset=\"https:\/\/www.tgrthaber.com\/mavikadin\/wp-content\/uploads\/Ekran-Resmi-2025-11-19-13.06.25-3.png 1008w, https:\/\/www.tgrthaber.com\/mavikadin\/wp-content\/uploads\/Ekran-Resmi-2025-11-19-13.06.25-3-300x201.png 300w, https:\/\/www.tgrthaber.com\/mavikadin\/wp-content\/uploads\/Ekran-Resmi-2025-11-19-13.06.25-3-768x514.png 768w\" sizes=\"(max-width: 1008px) 100vw, 1008px\" \/><\/p>\n<hr \/>\n<p class=\"p1\">MasterChef T\u00fcrkiye Ana kadroya giren 8. Yar\u0131\u015fmac\u0131: \u0130hsan(elendi)<\/p>\n<p class=\"p1\">MasterChef T\u00fcrkiye Ana kadroya giren 9. Yar\u0131\u015fmac\u0131: Ayten<\/p>\n<p class=\"p1\">MasterChef T\u00fcrkiye Ana kadroya giren 10. Yar\u0131\u015fmac\u0131: \u00c7a\u011flar<\/p>\n<p class=\"p1\">MasterChef T\u00fcrkiye Ana kadroya giren 11. Yar\u0131\u015fmac\u0131: Sezer<\/p>\n<p class=\"p1\">MasterChef T\u00fcrkiye Ana kadroya giren 12. Yar\u0131\u015fmac\u0131: Cansu(elendi)<\/p>\n<p class=\"p1\">MasterChef T\u00fcrkiye Ana kadroya giren 13. Yar\u0131\u015fmac\u0131: \u00d6zkan<\/p>\n<p class=\"p1\">MasterChef T\u00fcrkiye Ana kadroya giren 14. yar\u0131\u015fmac\u0131: Gizem<\/p>\n<p><img loading=\"lazy\" decoding=\"async\" class=\"alignnone wp-image-265466 size-large\" src=\"https:\/\/www.tgrthaber.com\/mavikadin\/wp-content\/uploads\/MasterChef-20-Kasim-2025-dokunulmazlik-oyununu-kim-kazandi-MasterChef-eleme-adaylari-kimler-oldu-1024x576.jpg\" alt=\"\" width=\"1024\" height=\"576\" title=\"\" srcset=\"https:\/\/www.tgrthaber.com\/mavikadin\/wp-content\/uploads\/MasterChef-20-Kasim-2025-dokunulmazlik-oyununu-kim-kazandi-MasterChef-eleme-adaylari-kimler-oldu-1024x576.jpg 1024w, https:\/\/www.tgrthaber.com\/mavikadin\/wp-content\/uploads\/MasterChef-20-Kasim-2025-dokunulmazlik-oyununu-kim-kazandi-MasterChef-eleme-adaylari-kimler-oldu-300x169.jpg 300w, https:\/\/www.tgrthaber.com\/mavikadin\/wp-content\/uploads\/MasterChef-20-Kasim-2025-dokunulmazlik-oyununu-kim-kazandi-MasterChef-eleme-adaylari-kimler-oldu-768x432.jpg 768w, https:\/\/www.tgrthaber.com\/mavikadin\/wp-content\/uploads\/MasterChef-20-Kasim-2025-dokunulmazlik-oyununu-kim-kazandi-MasterChef-eleme-adaylari-kimler-oldu-1536x864.jpg 1536w, https:\/\/www.tgrthaber.com\/mavikadin\/wp-content\/uploads\/MasterChef-20-Kasim-2025-dokunulmazlik-oyununu-kim-kazandi-MasterChef-eleme-adaylari-kimler-oldu.jpg 1600w\" sizes=\"(max-width: 1024px) 100vw, 1024px\" \/><\/p>\n<hr \/>\n<p class=\"p1\">MasterChef T\u00fcrkiye Ana kadroya giren 15. yar\u0131\u015fmac\u0131: \u0130rem (elendi)<\/p>\n<p class=\"p1\">MasterChef T\u00fcrkiye Ana kadroya giren 16. yar\u0131\u015fmac\u0131: Hakan<\/p>\n<p class=\"p1\">MasterChef T\u00fcrkiye Ana kadroya giren 17. yar\u0131\u015fmac\u0131: Mert ( yedeklerden dahil oldu)<\/p>\n<p class=\"p1\">MasterChef T\u00fcrkiye Ana kadroya giren 18. yar\u0131\u015fmac\u0131: S\u00fcmeyye<\/p>\n<p class=\"p1\">MasterChef T\u00fcrkiye Ana kadroya giren 19. yar\u0131\u015fmac\u0131: Bar\u0131\u015f Kaya ( yedeklerden dahil oldu)<\/p>\n","protected":false},"excerpt":{"rendered":"<p>MasterChef T\u00fcrkiye&#8217;nin bu ak\u015famki konu\u011fu \u0130talya ba\u015fkonsolosu Elena Clemente oldu. \u0130talyan mutfa\u011f\u0131 haftas\u0131 olmas\u0131 sebebiyle programa konuk olan Elena Clemente&#8217;nin hayat\u0131 merak edildi. Peki MasterChef konu\u011fu \u0130talyan Elena Clemente kimdir? \u0130\u015fte MasterChef\u00a0\u0130talya \u0130stanbul Ba\u015fkonsolosu Elana Clemente hayat\u0131 ve kariyerine dair merak edilenler&#8230; <\/p>\n","protected":false},"author":16,"featured_media":265476,"comment_status":"closed","ping_status":"closed","sticky":false,"template":"","format":"standard","meta":{"rank_math_lock_modified_date":false,"footnotes":""},"categories":[491],"tags":[3374,26982,66752,66751],"class_list":["post-265468","post","type-post","status-publish","format-standard","has-post-thumbnail","hentry","category-biyografi","tag-biyografi","tag-masterchef-haberleri","tag-masterchef-italya-istanbul-baskonsolosu-elana-clemente-hayati","tag-masterchef-konugu-italyan-elena-clemente-kimdir"],"_links":{"self":[{"href":"https:\/\/www.tgrthaber.com\/mavikadin\/wp-json\/wp\/v2\/posts\/265468"}],"collection":[{"href":"https:\/\/www.tgrthaber.com\/mavikadin\/wp-json\/wp\/v2\/posts"}],"about":[{"href":"https:\/\/www.tgrthaber.com\/mavikadin\/wp-json\/wp\/v2\/types\/post"}],"author":[{"embeddable":true,"href":"https:\/\/www.tgrthaber.com\/mavikadin\/wp-json\/wp\/v2\/users\/16"}],"replies":[{"embeddable":true,"href":"https:\/\/www.tgrthaber.com\/mavikadin\/wp-json\/wp\/v2\/comments?post=265468"}],"version-history":[{"count":2,"href":"https:\/\/www.tgrthaber.com\/mavikadin\/wp-json\/wp\/v2\/posts\/265468\/revisions"}],"predecessor-version":[{"id":265478,"href":"https:\/\/www.tgrthaber.com\/mavikadin\/wp-json\/wp\/v2\/posts\/265468\/revisions\/265478"}],"wp:featuredmedia":[{"embeddable":true,"href":"https:\/\/www.tgrthaber.com\/mavikadin\/wp-json\/wp\/v2\/media\/265476"}],"wp:attachment":[{"href":"https:\/\/www.tgrthaber.com\/mavikadin\/wp-json\/wp\/v2\/media?parent=265468"}],"wp:term":[{"taxonomy":"category","embeddable":true,"href":"https:\/\/www.tgrthaber.com\/mavikadin\/wp-json\/wp\/v2\/categories?post=265468"},{"taxonomy":"post_tag","embeddable":true,"href":"https:\/\/www.tgrthaber.com\/mavikadin\/wp-json\/wp\/v2\/tags?post=265468"}],"curies":[{"name":"wp","href":"https:\/\/api.w.org\/{rel}","templated":true}]}}