{"id":270466,"date":"2025-12-03T11:03:13","date_gmt":"2025-12-03T08:03:13","guid":{"rendered":"https:\/\/www.tgrthaber.com\/mavikadin\/?p=270466"},"modified":"2025-12-03T11:03:13","modified_gmt":"2025-12-03T08:03:13","slug":"kral-kaybederse-ne-zaman-final-yapiyor-kral-kaybederse-finalinde-ne-olacak","status":"publish","type":"post","link":"https:\/\/www.tgrthaber.com\/mavikadin\/kral-kaybederse-ne-zaman-final-yapiyor-kral-kaybederse-finalinde-ne-olacak\/","title":{"rendered":"Kral Kaybederse ne zaman final yap\u0131yor? Kral Kaybederse finalinde ne olacak?"},"content":{"rendered":"<p>Kral Kaybederse yay\u0131nlad\u0131\u011f\u0131 her b\u00f6l\u00fcmle izleyicisini ekran ba\u015f\u0131na kilitlemi\u015f ve geni\u015f bir izleyici kitlesi olu\u015fturmu\u015ftu. Ancak son zamanlarda dizinin reytinglerinde ya\u015fanan d\u00fc\u015fme &#8216;Kral Kaybederse final mi yapacak?&#8217;, sorusunu da beraberinde getirdi. \u00d6zellkle Kenan&#8217;\u0131n \u00e7\u00f6k\u00fc\u015f ya\u015fad\u0131\u011f\u0131 sahneler, ili\u015fkilerde olan k\u0131r\u0131lmalar ve dramatik sahnelerin fazla olmas\u0131ndan kaynakl\u0131 oldu\u011fu d\u00fc\u015f\u00fcn\u00fclen dizi, final beklentisini de fazlas\u0131yla y\u00fckseltti. Daha sonra ise t\u00fcm g\u00f6zler Star TV&#8217;den gelen a\u00e7\u0131klamaya \u00e7evrildi. Peki Kral Kaybederse de final karar\u0131 ger\u00e7ekten verildi mi? Kral Kayberse ne zaman final yapacak, final sahnesi nas\u0131l olacak? \u0130\u015fte detaylar&#8230;<\/p>\n<h3>KRAL KAYBEDERSE NE ZAMAN F\u0130NAL YAPIYOR?<\/h3>\n<p>Star TV ekranlar\u0131nda her Sal\u0131 yeni b\u00f6l\u00fcm\u00fc yay\u0131nlanan Kral Kaybederse dizisine dair merak edilen final tarihi sonunda netle\u015fti. Dizinin yap\u0131m ekibi ve kanal\u0131n duyurusuna g\u00f6re Kral Kayberse dizisi 9 Aral\u0131k 2025 Sal\u0131 ak\u015fam\u0131 Star TV ekranlar\u0131nda yay\u0131nlanacak son b\u00f6l\u00fcmle final yapacak.<\/p>\n<p><img loading=\"lazy\" decoding=\"async\" class=\"alignnone wp-image-270506\" src=\"https:\/\/www.tgrthaber.com\/mavikadin\/wp-content\/uploads\/1082-300x179.webp\" alt=\"\" width=\"1208\" height=\"720\" title=\"\" srcset=\"https:\/\/www.tgrthaber.com\/mavikadin\/wp-content\/uploads\/1082-300x179.webp 300w, https:\/\/www.tgrthaber.com\/mavikadin\/wp-content\/uploads\/1082-768x458.webp 768w, https:\/\/www.tgrthaber.com\/mavikadin\/wp-content\/uploads\/1082.webp 1000w\" sizes=\"(max-width: 1208px) 100vw, 1208px\" \/><\/p>\n<hr \/>\n<p>Son haftalarda fragmanlarda da g\u00f6r\u00fclen finale son b\u00f6l\u00fcmler ibaresi de bu s\u00fcrece gidildi\u011fini g\u00f6sterir olmu\u015ftu. Kral Kaybederse dizisi hem hikayesiyle hem de karakterleriyle geni\u015f bir izleyici kitlesi olu\u015fturmu\u015ftu.<\/p>\n<p><img loading=\"lazy\" decoding=\"async\" class=\"alignnone wp-image-270503\" src=\"https:\/\/www.tgrthaber.com\/mavikadin\/wp-content\/uploads\/kral-kaybederse-bitiyor-mu-final-ne-zaman-son-bolum-icin-tarih-aciklandi-1752380_202512030902_20251203090246_1-300x179.webp\" alt=\"\" width=\"1208\" height=\"719\" title=\"\" srcset=\"https:\/\/www.tgrthaber.com\/mavikadin\/wp-content\/uploads\/kral-kaybederse-bitiyor-mu-final-ne-zaman-son-bolum-icin-tarih-aciklandi-1752380_202512030902_20251203090246_1-300x179.webp 300w, https:\/\/www.tgrthaber.com\/mavikadin\/wp-content\/uploads\/kral-kaybederse-bitiyor-mu-final-ne-zaman-son-bolum-icin-tarih-aciklandi-1752380_202512030902_20251203090246_1-1024x610.webp 1024w, https:\/\/www.tgrthaber.com\/mavikadin\/wp-content\/uploads\/kral-kaybederse-bitiyor-mu-final-ne-zaman-son-bolum-icin-tarih-aciklandi-1752380_202512030902_20251203090246_1-768x457.webp 768w, https:\/\/www.tgrthaber.com\/mavikadin\/wp-content\/uploads\/kral-kaybederse-bitiyor-mu-final-ne-zaman-son-bolum-icin-tarih-aciklandi-1752380_202512030902_20251203090246_1.webp 1280w\" sizes=\"(max-width: 1208px) 100vw, 1208px\" \/><\/p>\n<hr \/>\n<p>Fakat son d\u00f6nemlerde Halit Ergen\u00e7&#8217;in oynad\u0131\u011f\u0131 Kenan Baran&#8217;\u0131n ya\u015fad\u0131\u011f\u0131 g\u00fc\u00e7 kayb\u0131, \u00f6zel hayat\u0131nda ya\u015fad\u0131\u011f\u0131 \u00e7alkant\u0131lar ve ili\u015fkilerindeki giderek b\u00fcy\u00fcyen sertle\u015fme, <a href=\"https:\/\/www.tgrthaber.com\/mavikadin\/kral-kaybederse-dizisinde-sok-ayrilik-gokce-bahadirin-vedasi-sosyal-medyayi-salladi\/\">Kral Kaybederse<\/a> dizisini finale s\u00fcr\u00fckleyen sebepler odu.<\/p>\n<p><img loading=\"lazy\" decoding=\"async\" class=\"alignnone wp-image-270502\" src=\"https:\/\/www.tgrthaber.com\/mavikadin\/wp-content\/uploads\/GsbN3FoXUAABY4K-1-scaled-1-300x169.jpg\" alt=\"\" width=\"1208\" height=\"680\" title=\"\" srcset=\"https:\/\/www.tgrthaber.com\/mavikadin\/wp-content\/uploads\/GsbN3FoXUAABY4K-1-scaled-1-300x169.jpg 300w, https:\/\/www.tgrthaber.com\/mavikadin\/wp-content\/uploads\/GsbN3FoXUAABY4K-1-scaled-1-1024x576.jpg 1024w, https:\/\/www.tgrthaber.com\/mavikadin\/wp-content\/uploads\/GsbN3FoXUAABY4K-1-scaled-1-768x432.jpg 768w, https:\/\/www.tgrthaber.com\/mavikadin\/wp-content\/uploads\/GsbN3FoXUAABY4K-1-scaled-1-1536x864.jpg 1536w, https:\/\/www.tgrthaber.com\/mavikadin\/wp-content\/uploads\/GsbN3FoXUAABY4K-1-scaled-1-2048x1152.jpg 2048w\" sizes=\"(max-width: 1208px) 100vw, 1208px\" \/><\/p>\n<hr \/>\n<h3>KRAL KAYBEDERSE F\u0130NAL\u0130NDE NE OLACAK?<\/h3>\n<p>Herkesin merak etti\u011fi bir di\u011fer detay ise Kral Kaybederse dizisinin nas\u0131l bir final yapaca\u011f\u0131. &#8216;Kral aybederse finalinde ne olacak?2 sorusu g\u00fcnlerdir takip\u00e7ilerin en \u00e7ok merak etti\u011fi ba\u015fl\u0131klar aras\u0131nda yer al\u0131yor.<\/p>\n<p><img loading=\"lazy\" decoding=\"async\" class=\"alignnone wp-image-270507\" src=\"https:\/\/www.tgrthaber.com\/mavikadin\/wp-content\/uploads\/kral-kaybederse-bitiyor-mu-final-ne-zaman-son-bolum-icin-tarih-aciklandi-1752380_20251203090246-300x169.webp\" alt=\"\" width=\"1208\" height=\"680\" title=\"\" srcset=\"https:\/\/www.tgrthaber.com\/mavikadin\/wp-content\/uploads\/kral-kaybederse-bitiyor-mu-final-ne-zaman-son-bolum-icin-tarih-aciklandi-1752380_20251203090246-300x169.webp 300w, https:\/\/www.tgrthaber.com\/mavikadin\/wp-content\/uploads\/kral-kaybederse-bitiyor-mu-final-ne-zaman-son-bolum-icin-tarih-aciklandi-1752380_20251203090246-1024x576.webp 1024w, https:\/\/www.tgrthaber.com\/mavikadin\/wp-content\/uploads\/kral-kaybederse-bitiyor-mu-final-ne-zaman-son-bolum-icin-tarih-aciklandi-1752380_20251203090246-768x432.webp 768w, https:\/\/www.tgrthaber.com\/mavikadin\/wp-content\/uploads\/kral-kaybederse-bitiyor-mu-final-ne-zaman-son-bolum-icin-tarih-aciklandi-1752380_20251203090246.webp 1280w\" sizes=\"(max-width: 1208px) 100vw, 1208px\" \/><\/p>\n<hr \/>\n<p>Kral Kaybederse finalinde b\u00fcy\u00fck bir hesapla\u015fman\u0131n ya\u015fanaca\u011f\u0131 d\u00fc\u015f\u00fcn\u00fcl\u00fcyor. Kenan&#8217;\u0131n kontrol\u00fcnde olan olaylar\u0131n tek tek da\u011f\u0131laca\u011f\u0131 bir final izleyiciyi son defa ekran ba\u015f\u0131na kilitleyebilir.<\/p>\n<p><img loading=\"lazy\" decoding=\"async\" class=\"alignnone wp-image-270504\" src=\"https:\/\/www.tgrthaber.com\/mavikadin\/wp-content\/uploads\/692f1ff0610533a05f3a5d63-300x173.webp\" alt=\"\" width=\"1208\" height=\"695\" title=\"\" srcset=\"https:\/\/www.tgrthaber.com\/mavikadin\/wp-content\/uploads\/692f1ff0610533a05f3a5d63-300x173.webp 300w, https:\/\/www.tgrthaber.com\/mavikadin\/wp-content\/uploads\/692f1ff0610533a05f3a5d63.webp 730w\" sizes=\"(max-width: 1208px) 100vw, 1208px\" \/><\/p>\n<hr \/>\n<p>Son sahnelerde ya\u015fanan psikolojik \u00e7\u00f6k\u00fc\u015f, Kenan&#8217;\u0131n ge\u00e7mi\u015fiyle hesapla\u015fmas\u0131 ve hisstti\u011fi yaln\u0131zl\u0131k, son sahnede kendi i\u00e7 d\u00fcnyas\u0131yla b\u00fcy\u00fck bir hesapla\u015fma ya\u015fayaca\u011f\u0131n\u0131n sinyalini verdi. G\u00fclseren Buday\u0131c\u0131o\u011flu2nun hkayeleri d\u00fc\u015f\u00fcn\u00fcld\u00fc\u011f\u00fc zaman ise Kral Kaybderse finalinde, kral\u0131n neden kaybetti\u011fi izleyiciye sonuna kadar hissettirilecek gibi g\u00f6r\u00fcn\u00fcyor.<\/p>\n<p><img loading=\"lazy\" decoding=\"async\" class=\"alignnone wp-image-270505\" src=\"https:\/\/www.tgrthaber.com\/mavikadin\/wp-content\/uploads\/kral-kaybederse-veda-hazirliginda-final-tarihi-resmen-aciklandi-1752382_20251203090835-300x169.webp\" alt=\"\" width=\"1208\" height=\"680\" title=\"\" srcset=\"https:\/\/www.tgrthaber.com\/mavikadin\/wp-content\/uploads\/kral-kaybederse-veda-hazirliginda-final-tarihi-resmen-aciklandi-1752382_20251203090835-300x169.webp 300w, https:\/\/www.tgrthaber.com\/mavikadin\/wp-content\/uploads\/kral-kaybederse-veda-hazirliginda-final-tarihi-resmen-aciklandi-1752382_20251203090835-1024x576.webp 1024w, https:\/\/www.tgrthaber.com\/mavikadin\/wp-content\/uploads\/kral-kaybederse-veda-hazirliginda-final-tarihi-resmen-aciklandi-1752382_20251203090835-768x432.webp 768w, https:\/\/www.tgrthaber.com\/mavikadin\/wp-content\/uploads\/kral-kaybederse-veda-hazirliginda-final-tarihi-resmen-aciklandi-1752382_20251203090835.webp 1280w\" sizes=\"(max-width: 1208px) 100vw, 1208px\" \/><\/p>\n<hr \/>\n<p>\u015eimdi Kral Kaybederse takip\u00e7ileri g\u00f6z\u00fcn\u00fc 9 Aral\u0131k Sal\u0131 g\u00fcn\u00fcne \u00e7evirmi\u015f durumda. <a href=\"https:\/\/www.tgrthaber.com\/mavikadin\/final-yapmasi-beklenen-kral-kaybederse-dizisine-yeni-2-oyuncu-doktor-gulser-ve-asistani-tuna-geliyor\/\">Kral Kaybederse<\/a> final sahnesiyle son defa 9 Aral\u0131k Sal\u0131 20:00&#8217;de Star TV ekranlar\u0131nda olacak.<\/p>\n","protected":false},"excerpt":{"rendered":"<p>Son zamanlarda Star TV ekranlar\u0131nda f\u0131rt\u0131nalar estiren Kral Kaybederse dizisi h\u0131zl\u0131 bir d\u00fc\u015f\u00fc\u015f ya\u015fam\u0131\u015ft\u0131. Bunun \u00fczerine dizi takip\u00e7ileri &#8216;Kral Kaybederse final mi yapacak?&#8217;, &#8216;Kral Kaybederse finali ne zaman?&#8217; ve &#8216;Dizinin finalinde ne olacak, hikaye nas\u0131l bitecek?&#8217; tarz\u0131nda sorular\u0131 h\u0131zla merak etmeye ba\u015flad\u0131. \u0130\u015fte Kral Kaybederse dizisine dair merak edilen detaylar&#8230;<\/p>\n","protected":false},"author":35,"featured_media":270492,"comment_status":"closed","ping_status":"closed","sticky":false,"template":"","format":"standard","meta":{"rank_math_lock_modified_date":false,"footnotes":""},"categories":[602],"tags":[3602,67503,67501,67502,38012],"class_list":["post-270466","post","type-post","status-publish","format-standard","has-post-thumbnail","hentry","category-diziler","tag-diziler","tag-kral-kaybederse-final-mi-yapacak","tag-kral-kaybederse-final-sahnesi","tag-kral-kaybederse-ne-zaman-final-yapiyor","tag-star-tv"],"_links":{"self":[{"href":"https:\/\/www.tgrthaber.com\/mavikadin\/wp-json\/wp\/v2\/posts\/270466"}],"collection":[{"href":"https:\/\/www.tgrthaber.com\/mavikadin\/wp-json\/wp\/v2\/posts"}],"about":[{"href":"https:\/\/www.tgrthaber.com\/mavikadin\/wp-json\/wp\/v2\/types\/post"}],"author":[{"embeddable":true,"href":"https:\/\/www.tgrthaber.com\/mavikadin\/wp-json\/wp\/v2\/users\/35"}],"replies":[{"embeddable":true,"href":"https:\/\/www.tgrthaber.com\/mavikadin\/wp-json\/wp\/v2\/comments?post=270466"}],"version-history":[{"count":2,"href":"https:\/\/www.tgrthaber.com\/mavikadin\/wp-json\/wp\/v2\/posts\/270466\/revisions"}],"predecessor-version":[{"id":270511,"href":"https:\/\/www.tgrthaber.com\/mavikadin\/wp-json\/wp\/v2\/posts\/270466\/revisions\/270511"}],"wp:featuredmedia":[{"embeddable":true,"href":"https:\/\/www.tgrthaber.com\/mavikadin\/wp-json\/wp\/v2\/media\/270492"}],"wp:attachment":[{"href":"https:\/\/www.tgrthaber.com\/mavikadin\/wp-json\/wp\/v2\/media?parent=270466"}],"wp:term":[{"taxonomy":"category","embeddable":true,"href":"https:\/\/www.tgrthaber.com\/mavikadin\/wp-json\/wp\/v2\/categories?post=270466"},{"taxonomy":"post_tag","embeddable":true,"href":"https:\/\/www.tgrthaber.com\/mavikadin\/wp-json\/wp\/v2\/tags?post=270466"}],"curies":[{"name":"wp","href":"https:\/\/api.w.org\/{rel}","templated":true}]}}