{"id":271971,"date":"2025-12-06T20:49:30","date_gmt":"2025-12-06T17:49:30","guid":{"rendered":"https:\/\/www.tgrthaber.com\/mavikadin\/?p=271971"},"modified":"2025-12-06T20:49:30","modified_gmt":"2025-12-06T17:49:30","slug":"bahar-61-bolum-fragmani-yayinlandi-hastanede-buyuk-patlama-evren-olecek-mi","status":"publish","type":"post","link":"https:\/\/www.tgrthaber.com\/mavikadin\/bahar-61-bolum-fragmani-yayinlandi-hastanede-buyuk-patlama-evren-olecek-mi\/","title":{"rendered":"Bahar 61. b\u00f6l\u00fcm fragman\u0131 yay\u0131nland\u0131! Hastanede b\u00fcy\u00fck patlama! Evren \u00f6lecek mi?"},"content":{"rendered":"<p class=\"p1\">SHOW TV ekranlar\u0131n\u0131n sevilen yap\u0131m\u0131 Bahar yay\u0131n ak\u0131\u015f\u0131nda bir s\u00fcrprizle g\u00fcndeme gelmi\u015fti. Her Sal\u0131 ak\u015fam\u0131 ekrana gelen dizinin yay\u0131n g\u00fcn\u00fc de\u011fi\u015fmi\u015f ve 7 Aral\u0131k Pazar g\u00fcn\u00fcyle birlikte art\u0131k dizinin yay\u0131n ak\u0131\u015f\u0131 pazar olarak de\u011fi\u015ftirilmi\u015fti. Bahar\u2019\u0131n Pazar g\u00fcn\u00fc yay\u0131nlanacak olan 61. B\u00f6l\u00fcm fragman\u0131 merak konusu olmu\u015ftu. \u0130zleyiciler Bahar 61. B\u00f6l\u00fcm fragman\u0131 yay\u0131nland\u0131 m\u0131? sorusunun cevab\u0131n\u0131 merak ediyor. Bahar\u2019\u0131n yeni b\u00f6l\u00fcm fragman\u0131 yay\u0131nland\u0131. Bahar 61. yeni b\u00f6l\u00fcm\u00fcnde hastanedeki patlama anlar\u0131 fragmana damga vurdu. \u0130\u015fte detaylar\u2026<\/p>\n<h3 class=\"p2\"><b>BAHAR D\u0130Z\u0130S\u0130 61. B\u00d6L\u00dcM FRAGMANI YAYINLANDI! HASTANEDE B\u00dcY\u00dcK PATLAMA HERKES TEHL\u0130KEDE!\u00a0<\/b><\/h3>\n<p class=\"p1\">Ekranlar\u0131n sevilen dizisi <a href=\"https:\/\/www.tgrthaber.com\/mavikadin\/bahar-dizisinin-yayin-gunu-degisti-artik-sali-gunleri-ekranda-olmayacak\/\">Bahar<\/a> yeni sezonuyla bomba gibi devam ediyor. Rengin&#8217;in beyninde t\u00fcm\u00f6r oldu\u011funu \u00f6\u011frenen Bahar onun yan\u0131nda olarak ona destek olmaya \u00e7al\u0131\u015f\u0131yor.<\/p>\n<p><img loading=\"lazy\" decoding=\"async\" class=\"alignnone wp-image-271973 size-large\" src=\"https:\/\/www.tgrthaber.com\/mavikadin\/wp-content\/uploads\/Ekran-Resmi-2025-12-06-20.37.37-1024x637.png\" alt=\"\" width=\"1024\" height=\"637\" title=\"\" srcset=\"https:\/\/www.tgrthaber.com\/mavikadin\/wp-content\/uploads\/Ekran-Resmi-2025-12-06-20.37.37-1024x637.png 1024w, https:\/\/www.tgrthaber.com\/mavikadin\/wp-content\/uploads\/Ekran-Resmi-2025-12-06-20.37.37-300x187.png 300w, https:\/\/www.tgrthaber.com\/mavikadin\/wp-content\/uploads\/Ekran-Resmi-2025-12-06-20.37.37-768x477.png 768w, https:\/\/www.tgrthaber.com\/mavikadin\/wp-content\/uploads\/Ekran-Resmi-2025-12-06-20.37.37.png 1454w\" sizes=\"(max-width: 1024px) 100vw, 1024px\" \/><\/p>\n<hr \/>\n<p class=\"p1\">\u0130\u00e7inde bomba olan bir ki\u015fi ameliyathaneye al\u0131n\u0131yor ve ameliyat s\u0131ras\u0131nda bomba patl\u0131yor. Evren \u00f6lecek mi? Hastanede kimler \u00f6lecek? sorusu ak\u0131llarda yer ederken, Bahar&#8217;\u0131n yeni b\u00f6l\u00fcm\u00fc heyecanla bekleniyor.<\/p>\n<div style=\"width: 640px;\" class=\"wp-video\"><!--[if lt IE 9]><script>document.createElement('video');<\/script><![endif]-->\n<video class=\"wp-video-shortcode\" id=\"video-271971-1\" width=\"640\" height=\"361\" preload=\"metadata\" controls=\"controls\"><source type=\"video\/mp4\" src=\"https:\/\/www.tgrthaber.com\/mavikadin\/wp-content\/uploads\/bahar-2.mp4?_=1\" \/><a href=\"https:\/\/www.tgrthaber.com\/mavikadin\/wp-content\/uploads\/bahar-2.mp4\">https:\/\/www.tgrthaber.com\/mavikadin\/wp-content\/uploads\/bahar-2.mp4<\/a><\/video><\/div>\n<h3 class=\"p2\"><b>BAHAR D\u0130Z\u0130S\u0130 YEN\u0130 B\u00d6L\u00dcM\u00dc NE ZAMAN YAYINLANACAK?\u00a0<\/b><\/h3>\n<p class=\"p1\">Baar dizisinin yay\u0131n ak\u0131\u015f\u0131 de\u011fi\u015fti. Haftai\u00e7i sal\u0131 g\u00fcnleri saat 20:00&#8217;da ekrana gelen dizi yay\u0131n ak\u0131\u015f\u0131 de\u011fi\u015ferek Pazar g\u00fcn\u00fcne al\u0131nd\u0131. Bahar dizisi 7 Aral\u0131k 2025 tarihi itibariyle Pazar ak\u015famlar\u0131 saat 20: 00&#8217;da ba\u015flayacak.<\/p>\n<p><img loading=\"lazy\" decoding=\"async\" class=\"alignnone wp-image-271974 size-large\" src=\"https:\/\/www.tgrthaber.com\/mavikadin\/wp-content\/uploads\/Ekran-Resmi-2025-12-06-20.37.48-1024x608.png\" alt=\"\" width=\"1024\" height=\"608\" title=\"\" srcset=\"https:\/\/www.tgrthaber.com\/mavikadin\/wp-content\/uploads\/Ekran-Resmi-2025-12-06-20.37.48-1024x608.png 1024w, https:\/\/www.tgrthaber.com\/mavikadin\/wp-content\/uploads\/Ekran-Resmi-2025-12-06-20.37.48-300x178.png 300w, https:\/\/www.tgrthaber.com\/mavikadin\/wp-content\/uploads\/Ekran-Resmi-2025-12-06-20.37.48-768x456.png 768w, https:\/\/www.tgrthaber.com\/mavikadin\/wp-content\/uploads\/Ekran-Resmi-2025-12-06-20.37.48-1536x912.png 1536w, https:\/\/www.tgrthaber.com\/mavikadin\/wp-content\/uploads\/Ekran-Resmi-2025-12-06-20.37.48.png 1566w\" sizes=\"(max-width: 1024px) 100vw, 1024px\" \/><\/p>\n<hr \/>\n<h3 class=\"p2\"><b>BAHAR D\u0130Z\u0130S\u0130 OYUNCU KADROSUNDA K\u0130MLER VAR?\u00a0<\/b><\/h3>\n<ul class=\"ul1\">\n<li class=\"li1\"><b>Demet Evgar<\/b> (Bahar Yavuzo\u011flu)<\/li>\n<li class=\"li1\"><b>Bu\u011fra G\u00fclsoy<\/b> (Evren Yalk\u0131n)<\/li>\n<li class=\"li1\"><b>Ecem \u00d6zkaya<\/b> (Rengin \u00c7evik)<\/li>\n<li class=\"li1\"><b>Hatice Aslan<\/b> (Nevra Yavuzo\u011flu)<\/li>\n<\/ul>\n<p><img loading=\"lazy\" decoding=\"async\" class=\"alignnone wp-image-271975 size-large\" src=\"https:\/\/www.tgrthaber.com\/mavikadin\/wp-content\/uploads\/Ekran-Resmi-2025-12-06-20.38.21-1024x579.png\" alt=\"\" width=\"1024\" height=\"579\" title=\"\" srcset=\"https:\/\/www.tgrthaber.com\/mavikadin\/wp-content\/uploads\/Ekran-Resmi-2025-12-06-20.38.21-1024x579.png 1024w, https:\/\/www.tgrthaber.com\/mavikadin\/wp-content\/uploads\/Ekran-Resmi-2025-12-06-20.38.21-300x170.png 300w, https:\/\/www.tgrthaber.com\/mavikadin\/wp-content\/uploads\/Ekran-Resmi-2025-12-06-20.38.21-768x434.png 768w, https:\/\/www.tgrthaber.com\/mavikadin\/wp-content\/uploads\/Ekran-Resmi-2025-12-06-20.38.21-1536x869.png 1536w, https:\/\/www.tgrthaber.com\/mavikadin\/wp-content\/uploads\/Ekran-Resmi-2025-12-06-20.38.21.png 1588w\" sizes=\"(max-width: 1024px) 100vw, 1024px\" \/><\/p>\n<hr \/>\n<ul class=\"ul1\">\n<li class=\"li1\"><b>Elit Anda\u00e7 \u00c7am<\/b> (\u00c7a\u011fla Sert)<\/li>\n<li class=\"li1\"><b>F\u00fcsun Demirel<\/b> (G\u00fcl\u00e7i\u00e7ek \u00d6zden)<\/li>\n<li class=\"li1\"><b>Demirhan Demircio\u011flu<\/b> (Aziz Uras Yavuzo\u011flu)<\/li>\n<li class=\"li1\"><b>Nil Sude Albayrak<\/b> (Seren)<\/li>\n<li class=\"li1\"><b>Alisa Sezen Sever<\/b> (Umay Yavuzo\u011flu)<\/li>\n<\/ul>\n<p><img loading=\"lazy\" decoding=\"async\" class=\"alignnone wp-image-271977 size-large\" src=\"https:\/\/www.tgrthaber.com\/mavikadin\/wp-content\/uploads\/Ekran-Resmi-2025-12-06-20.38.02-1024x579.png\" alt=\"\" width=\"1024\" height=\"579\" title=\"\" srcset=\"https:\/\/www.tgrthaber.com\/mavikadin\/wp-content\/uploads\/Ekran-Resmi-2025-12-06-20.38.02-1024x579.png 1024w, https:\/\/www.tgrthaber.com\/mavikadin\/wp-content\/uploads\/Ekran-Resmi-2025-12-06-20.38.02-300x170.png 300w, https:\/\/www.tgrthaber.com\/mavikadin\/wp-content\/uploads\/Ekran-Resmi-2025-12-06-20.38.02-768x434.png 768w, https:\/\/www.tgrthaber.com\/mavikadin\/wp-content\/uploads\/Ekran-Resmi-2025-12-06-20.38.02-1536x868.png 1536w, https:\/\/www.tgrthaber.com\/mavikadin\/wp-content\/uploads\/Ekran-Resmi-2025-12-06-20.38.02.png 1592w\" sizes=\"(max-width: 1024px) 100vw, 1024px\" \/><\/p>\n<hr \/>\n<p class=\"p1\"><b>Mert Turak<\/b> (Harun &#8211; Beyin cerrah\u0131)<\/p>\n<ul class=\"ul1\">\n<li class=\"li1\"><b>Hayal K\u00f6seo\u011flu<\/b> (Maral)<\/li>\n<li class=\"li1\"><b>B\u00fc\u015fra Pekin<\/b> (S\u00fcreyya &#8211; Ba\u015fhekim)<\/li>\n<li class=\"li1\"><b>El\u00e7in Afacan<\/b> (Eylem)<\/li>\n<\/ul>\n<p><img loading=\"lazy\" decoding=\"async\" class=\"alignnone wp-image-271979 size-large\" src=\"https:\/\/www.tgrthaber.com\/mavikadin\/wp-content\/uploads\/Ekran-Resmi-2025-12-06-20.43.16-1024x594.png\" alt=\"\" width=\"1024\" height=\"594\" title=\"\" srcset=\"https:\/\/www.tgrthaber.com\/mavikadin\/wp-content\/uploads\/Ekran-Resmi-2025-12-06-20.43.16-1024x594.png 1024w, https:\/\/www.tgrthaber.com\/mavikadin\/wp-content\/uploads\/Ekran-Resmi-2025-12-06-20.43.16-300x174.png 300w, https:\/\/www.tgrthaber.com\/mavikadin\/wp-content\/uploads\/Ekran-Resmi-2025-12-06-20.43.16-768x445.png 768w, https:\/\/www.tgrthaber.com\/mavikadin\/wp-content\/uploads\/Ekran-Resmi-2025-12-06-20.43.16.png 1028w\" sizes=\"(max-width: 1024px) 100vw, 1024px\" \/><\/p>\n<hr \/>\n<ul class=\"ul1\">\n<li class=\"li1\"><b>Dorukcan Sar\u0131duman<\/b> (Suphi &#8211; Asistan doktor)<\/li>\n<li class=\"li1\"><b>\u00d6yk\u00fc Su Okur<\/b> (G\u00fcl &#8211; Asistan doktor)<\/li>\n<\/ul>\n<p><img loading=\"lazy\" decoding=\"async\" class=\"alignnone wp-image-271978 size-full\" src=\"https:\/\/www.tgrthaber.com\/mavikadin\/wp-content\/uploads\/Ekran-Resmi-2025-12-06-20.42.14.png\" alt=\"\" width=\"1016\" height=\"608\" title=\"\" srcset=\"https:\/\/www.tgrthaber.com\/mavikadin\/wp-content\/uploads\/Ekran-Resmi-2025-12-06-20.42.14.png 1016w, https:\/\/www.tgrthaber.com\/mavikadin\/wp-content\/uploads\/Ekran-Resmi-2025-12-06-20.42.14-300x180.png 300w, https:\/\/www.tgrthaber.com\/mavikadin\/wp-content\/uploads\/Ekran-Resmi-2025-12-06-20.42.14-768x460.png 768w\" sizes=\"(max-width: 1016px) 100vw, 1016px\" \/><\/p>\n<hr \/>\n<h3 class=\"p2\"><b>BAHAR \u00d6NCEK\u0130 B\u00d6L\u00dcMDE NELER OLDU?<\/b><\/h3>\n<p class=\"p1\">Bahar, Naz\u2019\u0131n kaybetti\u011fi bebe\u011fe dair ger\u00e7e\u011fi \u00f6\u011frenir. Bunu Evren\u2019e s\u00f6yleyince Evren\u2019den bekledi\u011fi tepkiyi alamaz. Bahar, Evren i\u00e7in endi\u015felenirken, Harun devreye girer ve ona ba\u015fkalar\u0131n\u0131n hayat\u0131n\u0131 de\u011fi\u015ftirme \u00e7abas\u0131nda olurken nerede durmas\u0131 gerekti\u011fini hat\u0131rlat\u0131r.<\/p>\n","protected":false},"excerpt":{"rendered":"<p>SHOW TV ekranlar\u0131n\u0131n sevilen dizisi Bahar&#8217;in 61. b\u00f6l\u00fcm fragman\u0131 yay\u0131nland\u0131. Dizinin yeni b\u00f6l\u00fcm fragman\u0131nda hastanede ya\u015fanan patlama dikkat \u00e7ekti. Hastanede Evren ve Bahar tehlike alt\u0131nda! Peki beyninde t\u00fcm\u00f6r tespit edilen Rengin \u00f6lecek mi? \u0130\u015fte merak edilen fragmanda dikkat \u00e7eken sahneler&#8230; <\/p>\n","protected":false},"author":16,"featured_media":271981,"comment_status":"closed","ping_status":"closed","sticky":false,"template":"","format":"standard","meta":{"rank_math_lock_modified_date":false,"footnotes":""},"categories":[602],"tags":[67717,67716,32159,2628],"class_list":["post-271971","post","type-post","status-publish","format-standard","has-post-thumbnail","hentry","category-diziler","tag-bahar-dizisi-61-bolum-evren-olecek-mi","tag-bahar-dizisi-61-bolum-fragmani","tag-dizi","tag-dizi-haberleri"],"_links":{"self":[{"href":"https:\/\/www.tgrthaber.com\/mavikadin\/wp-json\/wp\/v2\/posts\/271971"}],"collection":[{"href":"https:\/\/www.tgrthaber.com\/mavikadin\/wp-json\/wp\/v2\/posts"}],"about":[{"href":"https:\/\/www.tgrthaber.com\/mavikadin\/wp-json\/wp\/v2\/types\/post"}],"author":[{"embeddable":true,"href":"https:\/\/www.tgrthaber.com\/mavikadin\/wp-json\/wp\/v2\/users\/16"}],"replies":[{"embeddable":true,"href":"https:\/\/www.tgrthaber.com\/mavikadin\/wp-json\/wp\/v2\/comments?post=271971"}],"version-history":[{"count":2,"href":"https:\/\/www.tgrthaber.com\/mavikadin\/wp-json\/wp\/v2\/posts\/271971\/revisions"}],"predecessor-version":[{"id":271982,"href":"https:\/\/www.tgrthaber.com\/mavikadin\/wp-json\/wp\/v2\/posts\/271971\/revisions\/271982"}],"wp:featuredmedia":[{"embeddable":true,"href":"https:\/\/www.tgrthaber.com\/mavikadin\/wp-json\/wp\/v2\/media\/271981"}],"wp:attachment":[{"href":"https:\/\/www.tgrthaber.com\/mavikadin\/wp-json\/wp\/v2\/media?parent=271971"}],"wp:term":[{"taxonomy":"category","embeddable":true,"href":"https:\/\/www.tgrthaber.com\/mavikadin\/wp-json\/wp\/v2\/categories?post=271971"},{"taxonomy":"post_tag","embeddable":true,"href":"https:\/\/www.tgrthaber.com\/mavikadin\/wp-json\/wp\/v2\/tags?post=271971"}],"curies":[{"name":"wp","href":"https:\/\/api.w.org\/{rel}","templated":true}]}}