{"id":272031,"date":"2025-12-07T10:10:02","date_gmt":"2025-12-07T07:10:02","guid":{"rendered":"https:\/\/www.tgrthaber.com\/mavikadin\/?p=272031"},"modified":"2025-12-07T10:10:03","modified_gmt":"2025-12-07T07:10:03","slug":"carpinti-dizisi-bitti-mi-carpinti-final-mi-yapti","status":"publish","type":"post","link":"https:\/\/www.tgrthaber.com\/mavikadin\/carpinti-dizisi-bitti-mi-carpinti-final-mi-yapti\/","title":{"rendered":"\u00c7arp\u0131nt\u0131 dizisi bitti mi? \u00c7arp\u0131nt\u0131 final mi yapt\u0131?"},"content":{"rendered":"<p>\u00c7arp\u0131nt\u0131 dizisinin yeni b\u00f6l\u00fcm\u00fc merakla beklenirken, final karar\u0131 almas\u0131yla dikkatler \u00fczerine \u00e7ekildi. \u00d6zellikle de arama motorlar\u0131nda dizi hakk\u0131nda merak edilenler ara\u015ft\u0131r\u0131lmaya ba\u015fland\u0131. Peki, \u00c7arp\u0131nt\u0131 dizisi bitti mi? \u00c7arp\u0131nt\u0131 final mi yapt\u0131? sorular\u0131n\u0131 sizin i\u00e7in ara\u015ft\u0131rd\u0131k. \u0130\u015fte detaylar\u2026<\/p>\n<h3>\u00c7ARPINTI D\u0130Z\u0130S\u0130 B\u0130TT\u0130 M\u0130?<\/h3>\n<p>Star TV\u2019nin dizilerinden biri olan \u00c7arp\u0131nt\u0131, final karar\u0131yla g\u00fcndem oldu. Reytinglerde istenilenin alt\u0131na kalmas\u0131yla ekranlara veda edecek. 7 Aral\u0131k Pazar g\u00fcn\u00fc yay\u0131nlanacak olan \u00c7arp\u0131nt\u0131 dizisi, bitti mi? Final mi? gibi sorularla g\u00fcndem oldu.<\/p>\n<p><img loading=\"lazy\" decoding=\"async\" class=\"alignnone size-full wp-image-272082\" src=\"https:\/\/www.tgrthaber.com\/mavikadin\/wp-content\/uploads\/carpinti-7.jpg\" alt=\"\u00c7arp\u0131nt\u0131 dizisi bitti mi? \u00c7arp\u0131nt\u0131 final mi yapt\u0131?\" width=\"1208\" height=\"680\" title=\"\" srcset=\"https:\/\/www.tgrthaber.com\/mavikadin\/wp-content\/uploads\/carpinti-7.jpg 1208w, https:\/\/www.tgrthaber.com\/mavikadin\/wp-content\/uploads\/carpinti-7-300x169.jpg 300w, https:\/\/www.tgrthaber.com\/mavikadin\/wp-content\/uploads\/carpinti-7-1024x576.jpg 1024w, https:\/\/www.tgrthaber.com\/mavikadin\/wp-content\/uploads\/carpinti-7-768x432.jpg 768w\" sizes=\"(max-width: 1208px) 100vw, 1208px\" \/><\/p>\n<p>&nbsp;<\/p>\n<p>Birbirinden ba\u015far\u0131l\u0131 isimlerin kadroda yer almas\u0131yla dikkat \u00e7eken \u00c7arp\u0131nt\u0131, 7 Aral\u0131k Pazar ak\u015fam\u0131 yeni b\u00f6l\u00fcm sonras\u0131 ekranlardaki yay\u0131n hayat\u0131 bitecek. Yani bu ak\u015fam yay\u0131nlanacak olan b\u00f6l\u00fcm final b\u00f6l\u00fcm\u00fc olacak.<\/p>\n<p><img loading=\"lazy\" decoding=\"async\" class=\"alignnone size-full wp-image-272081\" src=\"https:\/\/www.tgrthaber.com\/mavikadin\/wp-content\/uploads\/carpinti-6-1.jpg\" alt=\"\u00c7arp\u0131nt\u0131 dizisi bitti mi? \u00c7arp\u0131nt\u0131 final mi yapt\u0131?\" width=\"1208\" height=\"680\" title=\"\" srcset=\"https:\/\/www.tgrthaber.com\/mavikadin\/wp-content\/uploads\/carpinti-6-1.jpg 1208w, https:\/\/www.tgrthaber.com\/mavikadin\/wp-content\/uploads\/carpinti-6-1-300x169.jpg 300w, https:\/\/www.tgrthaber.com\/mavikadin\/wp-content\/uploads\/carpinti-6-1-1024x576.jpg 1024w, https:\/\/www.tgrthaber.com\/mavikadin\/wp-content\/uploads\/carpinti-6-1-768x432.jpg 768w\" sizes=\"(max-width: 1208px) 100vw, 1208px\" \/><\/p>\n<hr \/>\n<p>Sevilen dizilerden biri olan \u00c7arp\u0131nt\u0131, reytinglerde istenilen ba\u015far\u0131y\u0131 kazanamamas\u0131 sonucu dizi biti\u015f karar\u0131 alm\u0131\u015f. Kanal ve yap\u0131m ekibinin karar\u0131yla dizinin \u00e7ekimlerinden zarar edilmemesi i\u00e7in \u00c7arp\u0131nt\u0131 dizisi bitiyor.<\/p>\n<h3><img loading=\"lazy\" decoding=\"async\" class=\"alignnone size-full wp-image-272080\" src=\"https:\/\/www.tgrthaber.com\/mavikadin\/wp-content\/uploads\/carpinti-5.jpg\" alt=\"\u00c7arp\u0131nt\u0131 dizisi bitti mi? \u00c7arp\u0131nt\u0131 final mi yapt\u0131?\" width=\"1208\" height=\"680\" title=\"\" srcset=\"https:\/\/www.tgrthaber.com\/mavikadin\/wp-content\/uploads\/carpinti-5.jpg 1208w, https:\/\/www.tgrthaber.com\/mavikadin\/wp-content\/uploads\/carpinti-5-300x169.jpg 300w, https:\/\/www.tgrthaber.com\/mavikadin\/wp-content\/uploads\/carpinti-5-1024x576.jpg 1024w, https:\/\/www.tgrthaber.com\/mavikadin\/wp-content\/uploads\/carpinti-5-768x432.jpg 768w\" sizes=\"(max-width: 1208px) 100vw, 1208px\" \/><\/h3>\n<hr \/>\n<h3>\u00c7ARPINTI F\u0130NAL M\u0130 YAPTI?<\/h3>\n<p><a href=\"https:\/\/www.tgrthaber.com\/mavikadin\/carpinti-11-bolumde-reyhan-gercekte-kizinin-olmadigini-ogrenecek-mi-reyhanin-halitle-is-birligi-ortaya-cikacak-mi\/\">\u00c7arp\u0131nt\u0131 dizisi<\/a> i\u00e7in final mi? sorular\u0131 ara\u015ft\u0131r\u0131lmaya ba\u015fland\u0131. Son zamanlarda reytinglerdeki kayb\u0131n\u0131n ard\u0131ndan resmen final yapma karar\u0131 alan dizi totalde \u00fcst \u00fcste d\u00fc\u015f\u00fck reytingler almas\u0131yla beraber final konu\u015fmas\u0131 ka\u00e7\u0131n\u0131lmaz oldu.<\/p>\n<p><img loading=\"lazy\" decoding=\"async\" class=\"alignnone size-full wp-image-272079\" src=\"https:\/\/www.tgrthaber.com\/mavikadin\/wp-content\/uploads\/carpinti-4-1.jpg\" alt=\"\u00c7arp\u0131nt\u0131 dizisi bitti mi? \u00c7arp\u0131nt\u0131 final mi yapt\u0131?\" width=\"1208\" height=\"680\" title=\"\" srcset=\"https:\/\/www.tgrthaber.com\/mavikadin\/wp-content\/uploads\/carpinti-4-1.jpg 1208w, https:\/\/www.tgrthaber.com\/mavikadin\/wp-content\/uploads\/carpinti-4-1-300x169.jpg 300w, https:\/\/www.tgrthaber.com\/mavikadin\/wp-content\/uploads\/carpinti-4-1-1024x576.jpg 1024w, https:\/\/www.tgrthaber.com\/mavikadin\/wp-content\/uploads\/carpinti-4-1-768x432.jpg 768w\" sizes=\"(max-width: 1208px) 100vw, 1208px\" \/><\/p>\n<hr \/>\n<p>Yay\u0131n g\u00fcn\u00fcnde beklenilenin alt\u0131nda kalmas\u0131yla dikkat \u00e7eken \u00c7arp\u0131nt\u0131 dizisi, final kararlar\u0131yla g\u00fcndem oldu. \u00c7arp\u0131nt\u0131, kalp yetmezli\u011fi ile m\u00fccadele eden ve yapay kalp cihaz\u0131yla hayatta kalmaya \u00e7al\u0131\u015fan bir k\u0131z\u0131n hikayesini konu al\u0131yor. Birbirinden ba\u015far\u0131l\u0131 isimlerin kadroda yer almas\u0131yla ilk b\u00f6l\u00fcmleriyle dikkat \u00e7ekmi\u015fti.<\/p>\n<p><img loading=\"lazy\" decoding=\"async\" class=\"alignnone size-full wp-image-272078\" src=\"https:\/\/www.tgrthaber.com\/mavikadin\/wp-content\/uploads\/carpinti-3.jpg\" alt=\"\u00c7arp\u0131nt\u0131 dizisi bitti mi? \u00c7arp\u0131nt\u0131 final mi yapt\u0131?\" width=\"1208\" height=\"680\" title=\"\" srcset=\"https:\/\/www.tgrthaber.com\/mavikadin\/wp-content\/uploads\/carpinti-3.jpg 1208w, https:\/\/www.tgrthaber.com\/mavikadin\/wp-content\/uploads\/carpinti-3-300x169.jpg 300w, https:\/\/www.tgrthaber.com\/mavikadin\/wp-content\/uploads\/carpinti-3-1024x576.jpg 1024w, https:\/\/www.tgrthaber.com\/mavikadin\/wp-content\/uploads\/carpinti-3-768x432.jpg 768w\" sizes=\"(max-width: 1208px) 100vw, 1208px\" \/><\/p>\n<hr \/>\n<p>Melike\u2019nin vefat\u0131yla yeni bir kalbi olan Asl\u0131\u2019n\u0131n sadece kalbi de\u011fil hayat\u0131 bamba\u015fka bir yere gitmesiyle dizi de olaylardan pe\u015f pe\u015fe ya\u015fanmaya ba\u015fland\u0131. Asl\u0131\u2019n\u0131n ya\u015fam\u0131nda k\u00f6kl\u00fc de\u011fi\u015fikliklere neden olan olaylar izleyiciye aktar\u0131l\u0131yordu.<\/p>\n<p><img loading=\"lazy\" decoding=\"async\" class=\"alignnone size-full wp-image-272077\" src=\"https:\/\/www.tgrthaber.com\/mavikadin\/wp-content\/uploads\/carpinti-2-1.jpg\" alt=\"\u00c7arp\u0131nt\u0131 dizisi bitti mi? \u00c7arp\u0131nt\u0131 final mi yapt\u0131?\" width=\"1208\" height=\"680\" title=\"\" srcset=\"https:\/\/www.tgrthaber.com\/mavikadin\/wp-content\/uploads\/carpinti-2-1.jpg 1208w, https:\/\/www.tgrthaber.com\/mavikadin\/wp-content\/uploads\/carpinti-2-1-300x169.jpg 300w, https:\/\/www.tgrthaber.com\/mavikadin\/wp-content\/uploads\/carpinti-2-1-1024x576.jpg 1024w, https:\/\/www.tgrthaber.com\/mavikadin\/wp-content\/uploads\/carpinti-2-1-768x432.jpg 768w\" sizes=\"(max-width: 1208px) 100vw, 1208px\" \/><\/p>\n<hr \/>\n<p>\u0130zleyicinin dikkatini ilk ba\u015flarda \u00e7ekerken \u015fimdilerde istenilen reytinglerin alt\u0131nda kald\u0131. Son kez bu ak\u015fam ekranlara gelecek olan \u00c7arp\u0131nt\u0131, 7 Aral\u0131k 2025 g\u00fcn\u00fc Star TV ekranlar\u0131na veda edecek.<\/p>\n","protected":false},"excerpt":{"rendered":"<p>Star TV\u2019nin dizilerinden biri olan \u00c7arp\u0131nt\u0131, final karar\u0131yla g\u00fcndem oldu. Arama motorlar\u0131nda konu hakk\u0131nda merak edilenler ara\u015ft\u0131r\u0131l\u0131rken \u201c\u00c7arp\u0131nt\u0131 dizisi bitti mi? \u00c7arp\u0131nt\u0131 final mi yapt\u0131?\u201d gibi sorular ara\u015ft\u0131r\u0131lmaya ba\u015fland\u0131. \u0130\u015fte detaylar\u2026<\/p>\n","protected":false},"author":34,"featured_media":272076,"comment_status":"closed","ping_status":"closed","sticky":false,"template":"","format":"standard","meta":{"rank_math_lock_modified_date":false,"footnotes":""},"categories":[602],"tags":[23108,66018,32159,2628],"class_list":["post-272031","post","type-post","status-publish","format-standard","has-post-thumbnail","hentry","category-diziler","tag-carpinti-dizisi","tag-carpinti-final","tag-dizi","tag-dizi-haberleri"],"_links":{"self":[{"href":"https:\/\/www.tgrthaber.com\/mavikadin\/wp-json\/wp\/v2\/posts\/272031"}],"collection":[{"href":"https:\/\/www.tgrthaber.com\/mavikadin\/wp-json\/wp\/v2\/posts"}],"about":[{"href":"https:\/\/www.tgrthaber.com\/mavikadin\/wp-json\/wp\/v2\/types\/post"}],"author":[{"embeddable":true,"href":"https:\/\/www.tgrthaber.com\/mavikadin\/wp-json\/wp\/v2\/users\/34"}],"replies":[{"embeddable":true,"href":"https:\/\/www.tgrthaber.com\/mavikadin\/wp-json\/wp\/v2\/comments?post=272031"}],"version-history":[{"count":2,"href":"https:\/\/www.tgrthaber.com\/mavikadin\/wp-json\/wp\/v2\/posts\/272031\/revisions"}],"predecessor-version":[{"id":272084,"href":"https:\/\/www.tgrthaber.com\/mavikadin\/wp-json\/wp\/v2\/posts\/272031\/revisions\/272084"}],"wp:featuredmedia":[{"embeddable":true,"href":"https:\/\/www.tgrthaber.com\/mavikadin\/wp-json\/wp\/v2\/media\/272076"}],"wp:attachment":[{"href":"https:\/\/www.tgrthaber.com\/mavikadin\/wp-json\/wp\/v2\/media?parent=272031"}],"wp:term":[{"taxonomy":"category","embeddable":true,"href":"https:\/\/www.tgrthaber.com\/mavikadin\/wp-json\/wp\/v2\/categories?post=272031"},{"taxonomy":"post_tag","embeddable":true,"href":"https:\/\/www.tgrthaber.com\/mavikadin\/wp-json\/wp\/v2\/tags?post=272031"}],"curies":[{"name":"wp","href":"https:\/\/api.w.org\/{rel}","templated":true}]}}