{"id":272143,"date":"2025-12-07T12:37:06","date_gmt":"2025-12-07T09:37:06","guid":{"rendered":"https:\/\/www.tgrthaber.com\/mavikadin\/?p=272143"},"modified":"2025-12-07T12:37:06","modified_gmt":"2025-12-07T09:37:06","slug":"acelya-akkoyunun-abisi-demokan-akkoyun-kimdir-demokan-akkoyun-kac-yasinda-nereli","status":"publish","type":"post","link":"https:\/\/www.tgrthaber.com\/mavikadin\/acelya-akkoyunun-abisi-demokan-akkoyun-kimdir-demokan-akkoyun-kac-yasinda-nereli\/","title":{"rendered":"A\u00e7elya Akkoyun\u2019un abisi Demokan Akkoyun kimdir? Demokan Akkoyun ka\u00e7 ya\u015f\u0131nda nereli?"},"content":{"rendered":"<p>\u00dcnl\u00fc oyuncu A\u00e7elya Akkoyun\u2019un abisi Demokan Akkoyun hayat\u0131n\u0131 kaybetti. Bir\u00e7ok ki\u015fi de arama motorlar\u0131n da Demokan Akkoyun\u2019un kim oldu\u011funu ara\u015ft\u0131rmaya ba\u015flad\u0131. Peki, A\u00e7elya Akkoyun\u2019un abisi Demokan Akkoyun kimdir? Demokan Akkoyun ka\u00e7 ya\u015f\u0131nda? sorular\u0131n\u0131 sizin i\u00e7in ara\u015ft\u0131rd\u0131k. \u0130\u015fte detaylar\u2026<\/p>\n<h3>A\u00c7ELYA AKKOYUN\u2019UN AB\u0130S\u0130 DEMOKAN AKKOYUN K\u0130MD\u0130R?<\/h3>\n<p>\u00dcnl\u00fc oyuncu A\u00e7elya Akkoyun, ac\u0131 bir haberle magazin g\u00fcndemine geldi. \u00dcnl\u00fc isim a\u011fabeyi Demokan Akkoyun, hayat\u0131n\u0131 kaybetti. Bu ac\u0131 haber sonras\u0131 pek \u00e7ok ki\u015fi Demokan Akkoyun\u2019u merak ederek ara\u015ft\u0131rmaya ba\u015flad\u0131.<\/p>\n<p><img loading=\"lazy\" decoding=\"async\" class=\"alignnone size-full wp-image-272163\" src=\"https:\/\/www.tgrthaber.com\/mavikadin\/wp-content\/uploads\/demokan-akkoyun-5.jpg\" alt=\"A\u00e7elya Akkoyun\u2019un abisi Demokan Akkoyun kimdir? Demokan Akkoyun ka\u00e7 ya\u015f\u0131nda nereli?\" width=\"1208\" height=\"680\" title=\"\" srcset=\"https:\/\/www.tgrthaber.com\/mavikadin\/wp-content\/uploads\/demokan-akkoyun-5.jpg 1208w, https:\/\/www.tgrthaber.com\/mavikadin\/wp-content\/uploads\/demokan-akkoyun-5-300x169.jpg 300w, https:\/\/www.tgrthaber.com\/mavikadin\/wp-content\/uploads\/demokan-akkoyun-5-1024x576.jpg 1024w, https:\/\/www.tgrthaber.com\/mavikadin\/wp-content\/uploads\/demokan-akkoyun-5-768x432.jpg 768w\" sizes=\"(max-width: 1208px) 100vw, 1208px\" \/><\/p>\n<hr \/>\n<p>A\u00e7elya Akkoyun\u2019un abisi olarak bilinen Demokan Akkoyun, \u0130stanbul\u2019da ya\u015famaktad\u0131r. Emlak i\u015fiyle u\u011fra\u015fan Demokan Akkoyun, sekt\u00f6rde herkes taraf\u0131ndan tan\u0131nan ki\u015filer aras\u0131nda yer al\u0131yor. E\u011fitimini Askeri Lise de yapt\u0131\u011f\u0131 bilinen Demokan Akkoyun, daha sonra Bo\u011fazi\u00e7i \u00dcniversitesi\u2019nde \u0130\u015fletme B\u00f6l\u00fcm\u00fc\u2019n\u00fc bitirmi\u015ftir.<\/p>\n<h3><img loading=\"lazy\" decoding=\"async\" class=\"alignnone size-full wp-image-272159\" src=\"https:\/\/www.tgrthaber.com\/mavikadin\/wp-content\/uploads\/demokan-akkoyun-1.jpg\" alt=\"A\u00e7elya Akkoyun\u2019un abisi Demokan Akkoyun kimdir? Demokan Akkoyun ka\u00e7 ya\u015f\u0131nda nereli?\" width=\"1208\" height=\"680\" title=\"\" srcset=\"https:\/\/www.tgrthaber.com\/mavikadin\/wp-content\/uploads\/demokan-akkoyun-1.jpg 1208w, https:\/\/www.tgrthaber.com\/mavikadin\/wp-content\/uploads\/demokan-akkoyun-1-300x169.jpg 300w, https:\/\/www.tgrthaber.com\/mavikadin\/wp-content\/uploads\/demokan-akkoyun-1-1024x576.jpg 1024w, https:\/\/www.tgrthaber.com\/mavikadin\/wp-content\/uploads\/demokan-akkoyun-1-768x432.jpg 768w\" sizes=\"(max-width: 1208px) 100vw, 1208px\" \/><\/h3>\n<hr \/>\n<h3>DEMOKAN AKKOYUN KA\u00c7 YA\u015eINDA NEREL\u0130?<\/h3>\n<p>Demokan Akkoyun\u2019un ka\u00e7 ya\u015f\u0131nda oldu\u011fu da merak edilerek ara\u015ft\u0131r\u0131l\u0131yor. Demokan Akkoyun hakk\u0131nda kamuoyun da yazan herhangi bir bilgiye ula\u015f\u0131lmam\u0131\u015ft\u0131r. Ancak Demokan Akkoyun\u2019un 45&#8217;li ya da 50\u2019li ya\u015flar\u0131nda oldu\u011fu d\u00fc\u015f\u00fcn\u00fclmektedir.<\/p>\n<p><img loading=\"lazy\" decoding=\"async\" class=\"alignnone size-full wp-image-272161\" src=\"https:\/\/www.tgrthaber.com\/mavikadin\/wp-content\/uploads\/demokan-akkoyun-3.jpg\" alt=\"A\u00e7elya Akkoyun\u2019un abisi Demokan Akkoyun kimdir? Demokan Akkoyun ka\u00e7 ya\u015f\u0131nda nereli?\" width=\"1208\" height=\"680\" title=\"\" srcset=\"https:\/\/www.tgrthaber.com\/mavikadin\/wp-content\/uploads\/demokan-akkoyun-3.jpg 1208w, https:\/\/www.tgrthaber.com\/mavikadin\/wp-content\/uploads\/demokan-akkoyun-3-300x169.jpg 300w, https:\/\/www.tgrthaber.com\/mavikadin\/wp-content\/uploads\/demokan-akkoyun-3-1024x576.jpg 1024w, https:\/\/www.tgrthaber.com\/mavikadin\/wp-content\/uploads\/demokan-akkoyun-3-768x432.jpg 768w\" sizes=\"(max-width: 1208px) 100vw, 1208px\" \/><\/p>\n<hr \/>\n<p>Demokan Akkoyun\u2019un aslen Adanal\u0131 oldu\u011fu kamuoyunda yazan bilgiler aras\u0131nda yer al\u0131yor. Ancak Demokan Akkoyun hakk\u0131nda kamuoyunda yazan detayl\u0131 bir a\u00e7\u0131klama yoktur. A\u00e7elya Akkoyun\u2019un abisi olan Demokan Akkoyun\u2019un vefat haberi kamuoyunda dikkat \u00e7ekmi\u015ftir.<\/p>\n<p><img loading=\"lazy\" decoding=\"async\" class=\"alignnone size-full wp-image-272160\" src=\"https:\/\/www.tgrthaber.com\/mavikadin\/wp-content\/uploads\/demokan-akkoyun-2.jpg\" alt=\"A\u00e7elya Akkoyun\u2019un abisi Demokan Akkoyun kimdir? Demokan Akkoyun ka\u00e7 ya\u015f\u0131nda nereli?\" width=\"1208\" height=\"680\" title=\"\" srcset=\"https:\/\/www.tgrthaber.com\/mavikadin\/wp-content\/uploads\/demokan-akkoyun-2.jpg 1208w, https:\/\/www.tgrthaber.com\/mavikadin\/wp-content\/uploads\/demokan-akkoyun-2-300x169.jpg 300w, https:\/\/www.tgrthaber.com\/mavikadin\/wp-content\/uploads\/demokan-akkoyun-2-1024x576.jpg 1024w, https:\/\/www.tgrthaber.com\/mavikadin\/wp-content\/uploads\/demokan-akkoyun-2-768x432.jpg 768w\" sizes=\"(max-width: 1208px) 100vw, 1208px\" \/><\/p>\n<hr \/>\n<p>\u00dcnl\u00fc oyuncu <a href=\"https:\/\/www.tgrthaber.com\/mavikadin\/acelya-akkoyunun-abisi-neden-oldu-demokan-akkoyun-kimdir\/\">A\u00e7elya Akkoyun<\/a>\u2019un abisi Demokan Akkoyun\u2019un neden vefat etti\u011fi de merakla ara\u015ft\u0131r\u0131l\u0131yor ancak konu hakk\u0131nda kamuoyunda detayl\u0131 bir bilgi bulunmamaktad\u0131r. A\u00e7elya Akkoyun\u2019un kendi sosyal medya hesab\u0131ndan payla\u015fm\u0131\u015f oldu\u011fu haberle g\u00fcndem oldu.<\/p>\n<p><img loading=\"lazy\" decoding=\"async\" class=\"alignnone size-full wp-image-272164\" src=\"https:\/\/www.tgrthaber.com\/mavikadin\/wp-content\/uploads\/demokan-akkoyun-6.jpg\" alt=\"A\u00e7elya Akkoyun\u2019un abisi Demokan Akkoyun kimdir? Demokan Akkoyun ka\u00e7 ya\u015f\u0131nda nereli?\" width=\"1208\" height=\"680\" title=\"\" srcset=\"https:\/\/www.tgrthaber.com\/mavikadin\/wp-content\/uploads\/demokan-akkoyun-6.jpg 1208w, https:\/\/www.tgrthaber.com\/mavikadin\/wp-content\/uploads\/demokan-akkoyun-6-300x169.jpg 300w, https:\/\/www.tgrthaber.com\/mavikadin\/wp-content\/uploads\/demokan-akkoyun-6-1024x576.jpg 1024w, https:\/\/www.tgrthaber.com\/mavikadin\/wp-content\/uploads\/demokan-akkoyun-6-768x432.jpg 768w\" sizes=\"(max-width: 1208px) 100vw, 1208px\" \/><\/p>\n<hr \/>\n<p>Demokan Akkoyun\u2019un vefat haberini sosyal medya hesab\u0131ndan duyurmas\u0131yla \u00e7ok say\u0131da hayran\u0131 ve seveni A\u00e7elya Akkoyun\u2019un yan\u0131nda olduklar\u0131n\u0131 ifade etti. Oyuncu A\u00e7elya Akkoyun\u2019un sosyal medyas\u0131ndan duygu dolu ifadeleri payla\u015fmas\u0131 herkesi duyguland\u0131rd\u0131.<\/p>\n<p><img loading=\"lazy\" decoding=\"async\" class=\"alignnone size-full wp-image-272162\" src=\"https:\/\/www.tgrthaber.com\/mavikadin\/wp-content\/uploads\/demokan-akkoyun-4.jpg\" alt=\"A\u00e7elya Akkoyun\u2019un abisi Demokan Akkoyun kimdir? Demokan Akkoyun ka\u00e7 ya\u015f\u0131nda nereli?\" width=\"1208\" height=\"680\" title=\"\" srcset=\"https:\/\/www.tgrthaber.com\/mavikadin\/wp-content\/uploads\/demokan-akkoyun-4.jpg 1208w, https:\/\/www.tgrthaber.com\/mavikadin\/wp-content\/uploads\/demokan-akkoyun-4-300x169.jpg 300w, https:\/\/www.tgrthaber.com\/mavikadin\/wp-content\/uploads\/demokan-akkoyun-4-1024x576.jpg 1024w, https:\/\/www.tgrthaber.com\/mavikadin\/wp-content\/uploads\/demokan-akkoyun-4-768x432.jpg 768w\" sizes=\"(max-width: 1208px) 100vw, 1208px\" \/><\/p>\n<hr \/>\n<p>Televizyon ekranlar\u0131n\u0131n sevilen isimleri aras\u0131nda yer alan A\u00e7elya Akkoyun, anne ve babas\u0131n\u0131n kayb\u0131n\u0131n ard\u0131ndan abisini de kaybetmesi sanat\u00e7\u0131 da derin bir h\u00fczne neden oldu.<\/p>\n","protected":false},"excerpt":{"rendered":"<p>Televizyon ekranlar\u0131ndan tan\u0131nan A\u00e7elya Akkoyun, ac\u0131 haberle y\u0131k\u0131ld\u0131. \u00dcnl\u00fc ismin abisi Demokan Akkoyun, hayat\u0131n\u0131 kaybetti. A\u00e7elya Akkoyun\u2019un abisinin vefat\u0131n\u0131n ard\u0131ndan Demokan Akkoyun merak edildi. Peki, A\u00e7elya Akkoyun\u2019un abisi Demokan Akkoyun kimdir? Demokan Akkoyun ka\u00e7 ya\u015f\u0131nda? \u0130\u015fte detaylar\u2026<\/p>\n","protected":false},"author":34,"featured_media":272165,"comment_status":"closed","ping_status":"closed","sticky":false,"template":"","format":"standard","meta":{"rank_math_lock_modified_date":false,"footnotes":""},"categories":[491],"tags":[17028,67743,3374,67738,133],"class_list":["post-272143","post","type-post","status-publish","format-standard","has-post-thumbnail","hentry","category-biyografi","tag-acelya-akkoyun","tag-acelya-akkoyunun-abisi","tag-biyografi","tag-demokan-akkoyun","tag-magazin"],"_links":{"self":[{"href":"https:\/\/www.tgrthaber.com\/mavikadin\/wp-json\/wp\/v2\/posts\/272143"}],"collection":[{"href":"https:\/\/www.tgrthaber.com\/mavikadin\/wp-json\/wp\/v2\/posts"}],"about":[{"href":"https:\/\/www.tgrthaber.com\/mavikadin\/wp-json\/wp\/v2\/types\/post"}],"author":[{"embeddable":true,"href":"https:\/\/www.tgrthaber.com\/mavikadin\/wp-json\/wp\/v2\/users\/34"}],"replies":[{"embeddable":true,"href":"https:\/\/www.tgrthaber.com\/mavikadin\/wp-json\/wp\/v2\/comments?post=272143"}],"version-history":[{"count":2,"href":"https:\/\/www.tgrthaber.com\/mavikadin\/wp-json\/wp\/v2\/posts\/272143\/revisions"}],"predecessor-version":[{"id":272167,"href":"https:\/\/www.tgrthaber.com\/mavikadin\/wp-json\/wp\/v2\/posts\/272143\/revisions\/272167"}],"wp:featuredmedia":[{"embeddable":true,"href":"https:\/\/www.tgrthaber.com\/mavikadin\/wp-json\/wp\/v2\/media\/272165"}],"wp:attachment":[{"href":"https:\/\/www.tgrthaber.com\/mavikadin\/wp-json\/wp\/v2\/media?parent=272143"}],"wp:term":[{"taxonomy":"category","embeddable":true,"href":"https:\/\/www.tgrthaber.com\/mavikadin\/wp-json\/wp\/v2\/categories?post=272143"},{"taxonomy":"post_tag","embeddable":true,"href":"https:\/\/www.tgrthaber.com\/mavikadin\/wp-json\/wp\/v2\/tags?post=272143"}],"curies":[{"name":"wp","href":"https:\/\/api.w.org\/{rel}","templated":true}]}}