{"id":272171,"date":"2025-12-07T13:20:06","date_gmt":"2025-12-07T10:20:06","guid":{"rendered":"https:\/\/www.tgrthaber.com\/mavikadin\/?p=272171"},"modified":"2025-12-07T13:20:06","modified_gmt":"2025-12-07T10:20:06","slug":"murat-cemcirin-yogun-bakim-gunlerinde-ahmet-kuralin-tavri-sosyal-medyaya-damga-vurdu","status":"publish","type":"post","link":"https:\/\/www.tgrthaber.com\/mavikadin\/murat-cemcirin-yogun-bakim-gunlerinde-ahmet-kuralin-tavri-sosyal-medyaya-damga-vurdu\/","title":{"rendered":"Murat Cemcir&#8217;in yo\u011fun bak\u0131m g\u00fcnlerinde Ahmet Kural&#8217;\u0131n tavr\u0131 sosyal medyaya damga vurdu!"},"content":{"rendered":"<p>\u00dcnl\u00fc oyuncu Murat Cemcir&#8217;in evinde aniden rahats\u0131zlanarak, hastanede yo\u011fun bak\u0131ma al\u0131nmas\u0131 herkesi \u00e7ok fazla \u00fczm\u00fc\u015f ve geni\u015f yank\u0131 uyand\u0131rm\u0131\u015ft\u0131. Ancak bu s\u00fcre\u00e7te g\u00f6zler en fazla Ahmet Kural&#8217;a kilitlendi. Cemcir&#8217;in bu kritik d\u00f6neminde dahi sessizli\u011fini koruyan Ahmet Kural&#8217;\u0131n bu tavr\u0131 sosyal medyada resmen \u015fa\u015fk\u0131nl\u0131k olu\u015fturdu. \u0130\u015fin dahas\u0131, gelen kulis bilgileri de adeta \u015foke etti. Ahmet Kural&#8217;\u0131n Cemcir sorular\u0131ndan ka\u00e7mak i\u00e7in telefonunu kapatt\u0131\u011f\u0131 s\u00f6yleniyor. \u0130\u015fte detaylar&#8230;<\/p>\n<h3>MURAT CEMC\u0130R&#8217;\u0130N YO\u011eUN BAKIM G\u00dcNLER\u0130NDE AHMET KURAL&#8217;IN TAVRI SOSYAL MEDYAYA DAMGA VURDU<\/h3>\n<p>Ge\u00e7en hafta evde aniden rahats\u0131zlanan Murat Cemcir&#8217;in tetkiklerinde i\u00e7 kanama tespit edilmi\u015f ve Murat Cemcir&#8217;in hastal\u0131\u011f\u0131 g\u00fcnlerce konu\u015fulmu\u015ftu. \u00dcnl\u00fc oyuncu 5 g\u00fcn boyunca yo\u011fun bak\u0131mda yatt\u0131.<\/p>\n<p><img loading=\"lazy\" decoding=\"async\" class=\"alignnone wp-image-272184\" src=\"https:\/\/www.tgrthaber.com\/mavikadin\/wp-content\/uploads\/a367efdaahmetkuralmuratcemcirgqturkiyekameraarkasi_760940617110_1280x720-300x168.jpg\" alt=\"\" width=\"1208\" height=\"678\" title=\"\" srcset=\"https:\/\/www.tgrthaber.com\/mavikadin\/wp-content\/uploads\/a367efdaahmetkuralmuratcemcirgqturkiyekameraarkasi_760940617110_1280x720-300x168.jpg 300w, https:\/\/www.tgrthaber.com\/mavikadin\/wp-content\/uploads\/a367efdaahmetkuralmuratcemcirgqturkiyekameraarkasi_760940617110_1280x720-768x431.jpg 768w, https:\/\/www.tgrthaber.com\/mavikadin\/wp-content\/uploads\/a367efdaahmetkuralmuratcemcirgqturkiyekameraarkasi_760940617110_1280x720.jpg 900w\" sizes=\"(max-width: 1208px) 100vw, 1208px\" \/><\/p>\n<hr \/>\n<p>Kanaman\u0131n kontrol alt\u0131na al\u0131nmas\u0131 sonucu \u00fcnl\u00fc oyuncu Murat Cemcir, hastanenin normal odas\u0131na al\u0131nd\u0131. Bu s\u00fcre\u00e7te Cemcir&#8217;i s\u0131k s\u0131k ziyaret eden yak\u0131n dostlar\u0131 d\u0131\u015f\u0131nda ksik kalan bir isim oluk\u00e7a dikkat \u00e7ekti.<\/p>\n<p><img loading=\"lazy\" decoding=\"async\" class=\"alignnone wp-image-272196\" src=\"https:\/\/www.tgrthaber.com\/mavikadin\/wp-content\/uploads\/E3dg4_1710353013_9174-300x169.webp\" alt=\"\" width=\"1208\" height=\"680\" title=\"\" srcset=\"https:\/\/www.tgrthaber.com\/mavikadin\/wp-content\/uploads\/E3dg4_1710353013_9174-300x169.webp 300w, https:\/\/www.tgrthaber.com\/mavikadin\/wp-content\/uploads\/E3dg4_1710353013_9174-1024x576.webp 1024w, https:\/\/www.tgrthaber.com\/mavikadin\/wp-content\/uploads\/E3dg4_1710353013_9174-768x432.webp 768w, https:\/\/www.tgrthaber.com\/mavikadin\/wp-content\/uploads\/E3dg4_1710353013_9174.webp 1280w\" sizes=\"(max-width: 1208px) 100vw, 1208px\" \/><\/p>\n<hr \/>\n<p>Bir d\u00f6nemin efsane ikilisi Ahmet Kural ve Murat Cemcir&#8217;in k\u00fcsl\u00fc\u011f\u00fc, bu kritik s\u00fcre\u00e7te daha bir g\u00f6r\u00fcn\u00fcr oldu. Ahmet Kural, Murat Cemcir&#8217;in sa\u011fl\u0131k s\u00fcrecinde sessizli\u011fini tamamen korudu.<\/p>\n<p><img loading=\"lazy\" decoding=\"async\" class=\"alignnone wp-image-272189\" src=\"https:\/\/www.tgrthaber.com\/mavikadin\/wp-content\/uploads\/5c8d96a645d2a09e009ab481-300x165.webp\" alt=\"\" width=\"1208\" height=\"663\" title=\"\" srcset=\"https:\/\/www.tgrthaber.com\/mavikadin\/wp-content\/uploads\/5c8d96a645d2a09e009ab481-300x165.webp 300w, https:\/\/www.tgrthaber.com\/mavikadin\/wp-content\/uploads\/5c8d96a645d2a09e009ab481-768x422.webp 768w, https:\/\/www.tgrthaber.com\/mavikadin\/wp-content\/uploads\/5c8d96a645d2a09e009ab481.webp 869w\" sizes=\"(max-width: 1208px) 100vw, 1208px\" \/><\/p>\n<hr \/>\n<h3>MURAT \u00c7OK K\u00d6T\u00dcYD\u00dc D\u0130YENLERE RA\u011eMEN AHMET KURAL GELMED\u0130<\/h3>\n<p><a href=\"https:\/\/www.tgrthaber.com\/mavikadin\/murat-cemcir-evli-mi-murat-cemcir-esi-kim\/\">Murat Cemcir<\/a>&#8216;in yak\u0131n dostlar\u0131ndan gelen bilgiler ise \u00e7ok fazla \u015fa\u015f\u0131rtt\u0131. Gelen bilgilere g\u00f6re, Cemcir, ilk g\u00fcnlerde konu\u015fmakta dahi zorlan\u0131yordu. Kural ise bu durumda bile Murat Cemcir&#8217;i ziyaret etmemi\u015fti.<\/p>\n<p><img loading=\"lazy\" decoding=\"async\" class=\"alignnone wp-image-272174\" src=\"https:\/\/www.tgrthaber.com\/mavikadin\/wp-content\/uploads\/B6-lqxnIQAAI69t-300x225.jpg\" alt=\"\" width=\"1208\" height=\"906\" title=\"\" srcset=\"https:\/\/www.tgrthaber.com\/mavikadin\/wp-content\/uploads\/B6-lqxnIQAAI69t-300x225.jpg 300w, https:\/\/www.tgrthaber.com\/mavikadin\/wp-content\/uploads\/B6-lqxnIQAAI69t-1024x768.jpg 1024w, https:\/\/www.tgrthaber.com\/mavikadin\/wp-content\/uploads\/B6-lqxnIQAAI69t-768x576.jpg 768w, https:\/\/www.tgrthaber.com\/mavikadin\/wp-content\/uploads\/B6-lqxnIQAAI69t.jpg 1136w\" sizes=\"(max-width: 1208px) 100vw, 1208px\" \/><\/p>\n<hr \/>\n<p>M\u00fcge Da\u011f\u0131stanl\u0131&#8217;n\u0131n yazd\u0131\u011f\u0131 k\u00f6\u015fesinde ise Ahmet Kural&#8217;\u0131n gelen sorulardan ka\u00e7mak i\u00e7in telefonunu kapatt\u0131\u011f\u0131 iddia edildi. Sosyal medyay\u0131 kar\u0131\u015ft\u0131ran bu durum sonras\u0131 &#8216;Bunca y\u0131ll\u0131k dostlu\u011fun sonu b\u00f6yle mi olacakt\u0131&#8217; yorumlar\u0131 pe\u015f pe\u015fe geldi.<\/p>\n<p><img loading=\"lazy\" decoding=\"async\" class=\"alignnone wp-image-272194\" src=\"https:\/\/www.tgrthaber.com\/mavikadin\/wp-content\/uploads\/murat_cemcir_ahmet_kural_1-300x169.jpg\" alt=\"\" width=\"1208\" height=\"680\" title=\"\" srcset=\"https:\/\/www.tgrthaber.com\/mavikadin\/wp-content\/uploads\/murat_cemcir_ahmet_kural_1-300x169.jpg 300w, https:\/\/www.tgrthaber.com\/mavikadin\/wp-content\/uploads\/murat_cemcir_ahmet_kural_1-1024x576.jpg 1024w, https:\/\/www.tgrthaber.com\/mavikadin\/wp-content\/uploads\/murat_cemcir_ahmet_kural_1-768x432.jpg 768w, https:\/\/www.tgrthaber.com\/mavikadin\/wp-content\/uploads\/murat_cemcir_ahmet_kural_1.jpg 1280w\" sizes=\"(max-width: 1208px) 100vw, 1208px\" \/><\/p>\n<hr \/>\n<h3>CEMC\u0130R&#8217;DEN AHMET KURAL A\u00c7IKLAMASI<\/h3>\n<p>Ahmet Kural ve Murat Cemcir, son olarak 2020 y\u0131l\u0131nda vizyona giren Baba Paras\u0131 ile g\u00fcndeme gelmi\u015fti. O tarihten sonra aralar\u0131nda ticari olarak anla\u015fmazl\u0131k ya\u015fand\u0131\u011f\u0131 s\u00f6ylenmi\u015fti. Ba\u015far\u0131l\u0131 oyuncu Murat Cemcir ise bu konuya a\u00e7\u0131kl\u0131k getirmi\u015f ve &#8216;Ticari sorun yok. K\u0131rg\u0131nl\u0131k de\u011fil, b\u0131kk\u0131nl\u0131k&#8217; a\u00e7\u0131klamas\u0131n\u0131 yapm\u0131\u015ft\u0131. Bu a\u00e7\u0131klamalar bug\u00fcn Ahmet Kural taraf\u0131nda ya\u015fanan vefas\u0131zl\u0131k tart\u0131\u015fmalar\u0131n\u0131 ise alevlendiren detay oldu.<\/p>\n<p><img loading=\"lazy\" decoding=\"async\" class=\"alignnone wp-image-272183\" src=\"https:\/\/www.tgrthaber.com\/mavikadin\/wp-content\/uploads\/cemcir-1png-DStBa3dgY0Gf0HDgVNXZsA-300x159.webp\" alt=\"\" width=\"1208\" height=\"642\" title=\"\" srcset=\"https:\/\/www.tgrthaber.com\/mavikadin\/wp-content\/uploads\/cemcir-1png-DStBa3dgY0Gf0HDgVNXZsA-300x159.webp 300w, https:\/\/www.tgrthaber.com\/mavikadin\/wp-content\/uploads\/cemcir-1png-DStBa3dgY0Gf0HDgVNXZsA-1024x544.webp 1024w, https:\/\/www.tgrthaber.com\/mavikadin\/wp-content\/uploads\/cemcir-1png-DStBa3dgY0Gf0HDgVNXZsA-768x408.webp 768w, https:\/\/www.tgrthaber.com\/mavikadin\/wp-content\/uploads\/cemcir-1png-DStBa3dgY0Gf0HDgVNXZsA.webp 1270w\" sizes=\"(max-width: 1208px) 100vw, 1208px\" \/><\/p>\n<hr \/>\n<p>Murat Cemcir&#8217;in ya\u015fam sava\u015f\u0131 verdi\u011fi d\u00f6nemlerde <a href=\"https:\/\/www.tgrthaber.com\/mavikadin\/murat-cemcir-ile-ahmet-kural-neden-kustu\/\">Ahmet Kural<\/a>&#8216;\u0131n bu tavr\u0131 magazin sayfalar\u0131nda ve sosyal medyada uzun s\u00fcre konu\u015fulacak gibi duruyor. Ahmet Kural&#8217;\u0131n ise bir a\u00e7\u0131klama yap\u0131p yapmayaca\u011f\u0131 merak konusu.<\/p>\n","protected":false},"excerpt":{"rendered":"<p>Murat Cemcir&#8217;in kritik yo\u011fun bak\u0131m g\u00fcnlerdinde \u015fa\u015f\u0131rtan sessizlik bir d\u00f6nem yedikleri i\u00e7tikleri ayr\u0131 gitmeyen Ahmet Kural&#8217;dan geldi. Cemcir, \u00f6l\u00fcm kal\u0131m sava\u015f\u0131 verirken, Ahmet Kural&#8217;\u0131n tavr\u0131 sosyal medyan\u0131n g\u00fcndemine oturdu. \u0130\u015fte detaylar&#8230;<\/p>\n","protected":false},"author":35,"featured_media":272192,"comment_status":"closed","ping_status":"closed","sticky":false,"template":"","format":"standard","meta":{"rank_math_lock_modified_date":false,"footnotes":""},"categories":[76],"tags":[4543,133,2218,7050,67745],"class_list":["post-272171","post","type-post","status-publish","format-standard","has-post-thumbnail","hentry","category-magazin","tag-ahmet-kural","tag-magazin","tag-magazin-haberleri","tag-murat-cemcir","tag-murat-cemcir-yogun-bakim"],"_links":{"self":[{"href":"https:\/\/www.tgrthaber.com\/mavikadin\/wp-json\/wp\/v2\/posts\/272171"}],"collection":[{"href":"https:\/\/www.tgrthaber.com\/mavikadin\/wp-json\/wp\/v2\/posts"}],"about":[{"href":"https:\/\/www.tgrthaber.com\/mavikadin\/wp-json\/wp\/v2\/types\/post"}],"author":[{"embeddable":true,"href":"https:\/\/www.tgrthaber.com\/mavikadin\/wp-json\/wp\/v2\/users\/35"}],"replies":[{"embeddable":true,"href":"https:\/\/www.tgrthaber.com\/mavikadin\/wp-json\/wp\/v2\/comments?post=272171"}],"version-history":[{"count":2,"href":"https:\/\/www.tgrthaber.com\/mavikadin\/wp-json\/wp\/v2\/posts\/272171\/revisions"}],"predecessor-version":[{"id":272199,"href":"https:\/\/www.tgrthaber.com\/mavikadin\/wp-json\/wp\/v2\/posts\/272171\/revisions\/272199"}],"wp:featuredmedia":[{"embeddable":true,"href":"https:\/\/www.tgrthaber.com\/mavikadin\/wp-json\/wp\/v2\/media\/272192"}],"wp:attachment":[{"href":"https:\/\/www.tgrthaber.com\/mavikadin\/wp-json\/wp\/v2\/media?parent=272171"}],"wp:term":[{"taxonomy":"category","embeddable":true,"href":"https:\/\/www.tgrthaber.com\/mavikadin\/wp-json\/wp\/v2\/categories?post=272171"},{"taxonomy":"post_tag","embeddable":true,"href":"https:\/\/www.tgrthaber.com\/mavikadin\/wp-json\/wp\/v2\/tags?post=272171"}],"curies":[{"name":"wp","href":"https:\/\/api.w.org\/{rel}","templated":true}]}}