{"id":272200,"date":"2025-12-07T13:56:25","date_gmt":"2025-12-07T10:56:25","guid":{"rendered":"https:\/\/www.tgrthaber.com\/mavikadin\/?p=272200"},"modified":"2025-12-07T14:17:58","modified_gmt":"2025-12-07T11:17:58","slug":"fahriye-evcenin-yeni-projesi-belli-oldu-ugultulu-tepelerden-teklif-geldi","status":"publish","type":"post","link":"https:\/\/www.tgrthaber.com\/mavikadin\/fahriye-evcenin-yeni-projesi-belli-oldu-ugultulu-tepelerden-teklif-geldi\/","title":{"rendered":"Fahriye Evcen\u2019in yeni projesi belli oldu! U\u011fultulu Tepeler\u2019den teklif geldi"},"content":{"rendered":"<p><a href=\"https:\/\/www.tgrthaber.com\/mavikadin\/burak-ozcivitin-kurulus-osman-dizisinden-neden-ayrildi-fahriye-evcen-3-kez-hamile-mi\/\">Fahriye Evcen<\/a>\u2019in merakla beklenen yeni projesi netlik kazanmaya ba\u015flad\u0131. \u00dcnl\u00fc oyuncu, son olarak 2021 y\u0131l\u0131nda Alparslan: B\u00fcy\u00fck Sel\u00e7uklu dizisinde kamera kar\u015f\u0131s\u0131na ge\u00e7mi\u015fti. Eyl\u00fcl sezonu i\u00e7in planlanan Afet Bamba\u015fka Biri dizisinin iptal olmas\u0131 sonras\u0131 Bozda\u011f Film, Evcen\u2019e yeni ve iddial\u0131 bir proje i\u00e7in teklif g\u00f6t\u00fcrd\u00fc.<\/p>\n<h3>U\u011eULTULU TEPELER\u2019DEN NEH\u0130R ROL\u00dc EVCEN\u2019E TEKL\u0130F ED\u0130LD\u0130<\/h3>\n<p>Evcen\u2019e teklif edilen proje, Emily Bront\u00eb\u2019nin klasik roman\u0131ndan ekrana uyarlanan U\u011fultulu Tepeler dizisi. Senaryo \u00e7al\u0131\u015fmalar\u0131 devam eden projede, iki farkl\u0131 televizyon kanal\u0131yla g\u00f6r\u00fc\u015fmeler y\u00fcr\u00fct\u00fcld\u00fc. Her \u015fey planland\u0131\u011f\u0131 gibi giderse dizinin ocak ortas\u0131nda sete \u00e7\u0131kmas\u0131 bekleniyor.<\/p>\n<p><img loading=\"lazy\" decoding=\"async\" class=\"aligncenter size-full wp-image-272207\" src=\"https:\/\/www.tgrthaber.com\/mavikadin\/wp-content\/uploads\/Fahriye-Evcen-1-1.png\" alt=\"\" width=\"1208\" height=\"680\" title=\"\" srcset=\"https:\/\/www.tgrthaber.com\/mavikadin\/wp-content\/uploads\/Fahriye-Evcen-1-1.png 1208w, https:\/\/www.tgrthaber.com\/mavikadin\/wp-content\/uploads\/Fahriye-Evcen-1-1-300x169.png 300w, https:\/\/www.tgrthaber.com\/mavikadin\/wp-content\/uploads\/Fahriye-Evcen-1-1-1024x576.png 1024w, https:\/\/www.tgrthaber.com\/mavikadin\/wp-content\/uploads\/Fahriye-Evcen-1-1-768x432.png 768w\" sizes=\"(max-width: 1208px) 100vw, 1208px\" \/><\/p>\n<hr \/>\n<p>Dizinin d\u00f6nem veya g\u00fcn\u00fcm\u00fczde ge\u00e7ecek iki ayr\u0131 versiyonu \u00fczerinde \u00e7al\u0131\u015f\u0131ld\u0131\u011f\u0131 belirtilirken, y\u00f6netmen koltu\u011funda Cemal \u015ean\u2019\u0131n oturaca\u011f\u0131 a\u00e7\u0131kland\u0131. Evcen\u2019e Nehir rol\u00fc teklif edildi. Romandan uyarlanan hikaye, evlatl\u0131k olarak bir aileye giren Heathcliff\u2019in \u00fcvey karde\u015fi Catherine\u2019e duydu\u011fu kar\u015f\u0131l\u0131ks\u0131z a\u015fkla ba\u015fl\u0131yor ve Heathcliff\u2019in b\u00fcy\u00fck ve sars\u0131c\u0131 bir intikam plan\u0131yla devam ediyor.<\/p>\n<h3>FAHR\u0130YE EVCEN K\u0130MD\u0130R?<\/h3>\n<p><a href=\"https:\/\/www.tgrthaber.com\/mavikadin\/fahriye-evcen-katildigi-bir-davette-gosterdigi-fotografla-gundem-oldu\/\">Fahriye Evcen<\/a>, 4 Haziran 1986 tarihinde Almanya&#8217;n\u0131n Solingen \u015fehrinde do\u011fmu\u015f, T\u00fcrk oyuncu ve modeldir. Ailesi, Evcen hen\u00fcz k\u00fc\u00e7\u00fck ya\u015flardayken T\u00fcrkiye\u2019ye ta\u015f\u0131nm\u0131\u015f ve \u0130stanbul\u2019a yerle\u015fmi\u015ftir. \u0130stanbul \u00dcniversitesi, Edebiyat Fak\u00fcltesi, Alman Dili ve Edebiyat\u0131 b\u00f6l\u00fcm\u00fc mezunu olan Evcen, oyunculuk kariyerine ad\u0131m atmadan \u00f6nce model olarak da \u00e7al\u0131\u015ft\u0131.<\/p>\n<p><img loading=\"lazy\" decoding=\"async\" class=\"aligncenter size-full wp-image-272220\" src=\"https:\/\/www.tgrthaber.com\/mavikadin\/wp-content\/uploads\/Fahriye-Evcen-3-1.png\" alt=\"\" width=\"1208\" height=\"680\" title=\"\" srcset=\"https:\/\/www.tgrthaber.com\/mavikadin\/wp-content\/uploads\/Fahriye-Evcen-3-1.png 1208w, https:\/\/www.tgrthaber.com\/mavikadin\/wp-content\/uploads\/Fahriye-Evcen-3-1-300x169.png 300w, https:\/\/www.tgrthaber.com\/mavikadin\/wp-content\/uploads\/Fahriye-Evcen-3-1-1024x576.png 1024w, https:\/\/www.tgrthaber.com\/mavikadin\/wp-content\/uploads\/Fahriye-Evcen-3-1-768x432.png 768w\" sizes=\"(max-width: 1208px) 100vw, 1208px\" \/><\/p>\n<hr \/>\n<p>2005 y\u0131l\u0131nda &#8220;Kalk Gidelim&#8221; adl\u0131 dizinin deneme \u00e7ekimlerine kat\u0131larak oyunculuk d\u00fcnyas\u0131na ilk ad\u0131m\u0131n\u0131 atm\u0131\u015f olsa da, as\u0131l \u00e7\u0131k\u0131\u015f\u0131n\u0131 2007 y\u0131l\u0131nda &#8220;Asla Unutma&#8221; adl\u0131 dizisiyle ger\u00e7ekle\u015ftirdi. Bu projede g\u00f6sterdi\u011fi performans, onu k\u0131sa s\u00fcrede tan\u0131nan bir oyuncu haline getirdi. Fahriye Evcen, &#8220;\u00c7al\u0131ku\u015fu&#8221;, &#8220;Yaprak D\u00f6k\u00fcm\u00fc&#8221; ve &#8220;\u00d6lene Kadar&#8221; gibi projelerdeki performanslar\u0131yla b\u00fcy\u00fck be\u011feni toplad\u0131.<\/p>\n<p><img loading=\"lazy\" decoding=\"async\" class=\"aligncenter size-full wp-image-257932\" src=\"https:\/\/www.tgrthaber.com\/mavikadin\/wp-content\/uploads\/fahriye-evcen-5.png\" alt=\"\" width=\"1208\" height=\"680\" title=\"\" srcset=\"https:\/\/www.tgrthaber.com\/mavikadin\/wp-content\/uploads\/fahriye-evcen-5.png 1208w, https:\/\/www.tgrthaber.com\/mavikadin\/wp-content\/uploads\/fahriye-evcen-5-300x169.png 300w, https:\/\/www.tgrthaber.com\/mavikadin\/wp-content\/uploads\/fahriye-evcen-5-1024x576.png 1024w, https:\/\/www.tgrthaber.com\/mavikadin\/wp-content\/uploads\/fahriye-evcen-5-768x432.png 768w\" sizes=\"(max-width: 1208px) 100vw, 1208px\" \/><\/p>\n<hr \/>\n<p>En \u00e7ok tan\u0131nan ve sevilen projelerinden biri, &#8220;K\u00f6sem Sultan&#8221; dizisindeki K\u00f6sem Sultan rol\u00fcd\u00fcr. Ayr\u0131ca &#8220;Alparslan: B\u00fcy\u00fck Sel\u00e7uklu&#8221; dizisinde de izleyicilerle bulu\u015fan Evcen, hem d\u00f6nemin hem de g\u00fcn\u00fcm\u00fcz projelerinde ba\u015far\u0131l\u0131 performanslar sergileyerek geni\u015f bir hayran kitlesi olu\u015fturmu\u015ftur. Evcen, ayn\u0131 zamanda bir\u00e7ok reklam filminde de yer alm\u0131\u015ft\u0131r.<\/p>\n<p><img loading=\"lazy\" decoding=\"async\" class=\"aligncenter size-full wp-image-272230\" src=\"https:\/\/www.tgrthaber.com\/mavikadin\/wp-content\/uploads\/Fahriye-Evcen-5-1.png\" alt=\"\" width=\"1208\" height=\"680\" title=\"\" srcset=\"https:\/\/www.tgrthaber.com\/mavikadin\/wp-content\/uploads\/Fahriye-Evcen-5-1.png 1208w, https:\/\/www.tgrthaber.com\/mavikadin\/wp-content\/uploads\/Fahriye-Evcen-5-1-300x169.png 300w, https:\/\/www.tgrthaber.com\/mavikadin\/wp-content\/uploads\/Fahriye-Evcen-5-1-1024x576.png 1024w, https:\/\/www.tgrthaber.com\/mavikadin\/wp-content\/uploads\/Fahriye-Evcen-5-1-768x432.png 768w\" sizes=\"(max-width: 1208px) 100vw, 1208px\" \/><\/p>\n<hr \/>\n<p>Fahriye Evcen, 2017 y\u0131l\u0131nda \u00fcnl\u00fc oyuncu Burak \u00d6z\u00e7ivit ile evlenmi\u015f ve \u00e7iftin 2019 y\u0131l\u0131nda bir o\u011flu d\u00fcnyaya gelmi\u015ftir. Evcen\u2019in hem \u00f6zel hayat\u0131 hem de kariyeri, T\u00fcrk magazin g\u00fcndeminin s\u00fcrekli oda\u011f\u0131nda olmu\u015ftur.<\/p>\n<p><img loading=\"lazy\" decoding=\"async\" class=\"aligncenter size-full wp-image-257936\" src=\"https:\/\/www.tgrthaber.com\/mavikadin\/wp-content\/uploads\/fahriye-evcen-3.png\" alt=\"\" width=\"1208\" height=\"680\" title=\"\" srcset=\"https:\/\/www.tgrthaber.com\/mavikadin\/wp-content\/uploads\/fahriye-evcen-3.png 1208w, https:\/\/www.tgrthaber.com\/mavikadin\/wp-content\/uploads\/fahriye-evcen-3-300x169.png 300w, https:\/\/www.tgrthaber.com\/mavikadin\/wp-content\/uploads\/fahriye-evcen-3-1024x576.png 1024w, https:\/\/www.tgrthaber.com\/mavikadin\/wp-content\/uploads\/fahriye-evcen-3-768x432.png 768w\" sizes=\"(max-width: 1208px) 100vw, 1208px\" \/><\/p>\n<hr \/>\n<p>Oyunculuk tarz\u0131yla dikkat \u00e7eken Evcen, her projede farkl\u0131 karakterlere hayat vermesiyle tan\u0131n\u0131r. G\u00fczel ve zarif duru\u015funun yan\u0131 s\u0131ra, yetenekli bir oyuncu olarak da takdir edilmektedir. \u015eu an ise yeni projeleriyle izleyicileriyle bulu\u015fmak \u00fczere haz\u0131rl\u0131klar yapmaktad\u0131r.<\/p>\n","protected":false},"excerpt":{"rendered":"<p>\u00dcnl\u00fc oyuncu Fahriye Evcen\u2019in yeni projesi belli oldu. Bozda\u011f Film\u2019in yeni dizisi U\u011fultulu Tepeler\u2019den teklif gelen Evcen projenin detaylar\u0131 hakk\u0131nda hen\u00fcz bilgi vermedi. \u00dcnl\u00fc oyuncu, son olarak 2021 y\u0131l\u0131nda Alparslan: B\u00fcy\u00fck Sel\u00e7uklu dizisinde kamera kar\u015f\u0131s\u0131na ge\u00e7mi\u015fti.<\/p>\n","protected":false},"author":5,"featured_media":272206,"comment_status":"closed","ping_status":"closed","sticky":false,"template":"","format":"standard","meta":{"rank_math_lock_modified_date":false,"footnotes":""},"categories":[76],"tags":[2153,67746],"class_list":["post-272200","post","type-post","status-publish","format-standard","has-post-thumbnail","hentry","category-magazin","tag-fahriye-evcen","tag-ugultulu-tepeler"],"_links":{"self":[{"href":"https:\/\/www.tgrthaber.com\/mavikadin\/wp-json\/wp\/v2\/posts\/272200"}],"collection":[{"href":"https:\/\/www.tgrthaber.com\/mavikadin\/wp-json\/wp\/v2\/posts"}],"about":[{"href":"https:\/\/www.tgrthaber.com\/mavikadin\/wp-json\/wp\/v2\/types\/post"}],"author":[{"embeddable":true,"href":"https:\/\/www.tgrthaber.com\/mavikadin\/wp-json\/wp\/v2\/users\/5"}],"replies":[{"embeddable":true,"href":"https:\/\/www.tgrthaber.com\/mavikadin\/wp-json\/wp\/v2\/comments?post=272200"}],"version-history":[{"count":3,"href":"https:\/\/www.tgrthaber.com\/mavikadin\/wp-json\/wp\/v2\/posts\/272200\/revisions"}],"predecessor-version":[{"id":272232,"href":"https:\/\/www.tgrthaber.com\/mavikadin\/wp-json\/wp\/v2\/posts\/272200\/revisions\/272232"}],"wp:featuredmedia":[{"embeddable":true,"href":"https:\/\/www.tgrthaber.com\/mavikadin\/wp-json\/wp\/v2\/media\/272206"}],"wp:attachment":[{"href":"https:\/\/www.tgrthaber.com\/mavikadin\/wp-json\/wp\/v2\/media?parent=272200"}],"wp:term":[{"taxonomy":"category","embeddable":true,"href":"https:\/\/www.tgrthaber.com\/mavikadin\/wp-json\/wp\/v2\/categories?post=272200"},{"taxonomy":"post_tag","embeddable":true,"href":"https:\/\/www.tgrthaber.com\/mavikadin\/wp-json\/wp\/v2\/tags?post=272200"}],"curies":[{"name":"wp","href":"https:\/\/api.w.org\/{rel}","templated":true}]}}